{"id":5273,"date":"2025-11-12T19:30:41","date_gmt":"2025-11-13T01:30:41","guid":{"rendered":"https:\/\/elcardinal.com\/?p=5273"},"modified":"2025-11-12T19:30:41","modified_gmt":"2025-11-13T01:30:41","slug":"legisladores-autorizan-al-municipio-de-san-salvador-contratar-dos-financiamientos","status":"publish","type":"post","link":"https:\/\/elcardinal.com\/?p=5273","title":{"rendered":"Legisladores autorizan al municipio de San Salvador contratar dos financiamientos"},"content":{"rendered":"<p>Redacci\u00f3n<\/p>\n<p><span style=\"font-weight: 400;\">En sesi\u00f3n ordinaria, diputadas y diputados integrantes de la <\/span><b>LXVI Legislatura<\/b><span style=\"font-weight: 400;\"> aprobaron con 25 votos a favor, cero en contra y cero abstenciones, el dictamen que autoriza al municipio de San Salvador a gestionar y contratar con la instituci\u00f3n financiera o de cr\u00e9dito integrante del Sistema Financiero Mexicano que ofrezca las mejores condiciones del mercado, un financiamiento de largo plazo hasta por un monto de 8 millones 180 mil 942.45 pesos, con fuente de pago del Fondo de Aportaciones para la Infraestructura Social Municipal y las Demarcaciones Territoriales del Distrito Federal, emitido por la primera Comisi\u00f3n Permanente de Hacienda y Presupuesto.<\/span><\/p>\n<p><span style=\"font-weight: 400;\">La legisladora <\/span><b>Cynthia Citlali Delgado Mendoza<\/b><span style=\"font-weight: 400;\"> (Morena) precis\u00f3 que el destino del financiamiento ser\u00e1 la realizaci\u00f3n de inversiones p\u00fablicas productivas comprendidas en los rubros de agua potable, alcantarillado, drenaje, urbanizaci\u00f3n, electrificaci\u00f3n rural y de las colonias que m\u00e1s lo necesiten, as\u00ed como infraestructura b\u00e1sica en los sectores de salud y educaci\u00f3n.<\/span><\/p>\n<p><span style=\"font-weight: 400;\">Tambi\u00e9n aprobaron con 26 votos a favor, cero en contra y cero abstenciones, el<\/span> <span style=\"font-weight: 400;\">dictamen que autoriza al municipio de San Salvador a gestionar y contratar con la instituci\u00f3n financiera o de cr\u00e9dito integrante del Sistema Financiero Mexicano que ofrezca las mejores condiciones de mercado, un financiamiento de largo plazo hasta por 12 millones 200 mil pesos, con fuente de pago del Fondo General de Participaciones y\/o Fondo de Fomento Municipal, emitido por la primera Comisi\u00f3n Permanente\u00a0 de Hacienda y Presupuesto.<\/span><\/p>\n<p><span style=\"font-weight: 400;\">La diputada <\/span><b>Diana Rangel Z\u00fa\u00f1iga<\/b><span style=\"font-weight: 400;\"> (Morena) explic\u00f3 que el destino del financiamiento ser\u00e1 la realizaci\u00f3n de inversiones p\u00fablicas productivas comprendidas en el programa de inversi\u00f3n que fue presentado por el municipio ante el Congreso del Estado de Hidalgo.<\/span><\/p>\n<p><b>Acuerdos econ\u00f3micos<\/b><\/p>\n<p><b>Condonaciones para el pago de servicios de agua y luz<\/b><\/p>\n<p><span style=\"font-weight: 400;\">Por otro lado, aprobaron con 25 votos a favor, cero en contra y cero abstenciones, el acuerdo econ\u00f3mico que exhorta a la Comisi\u00f3n Federal de Electricidad (CFE) y a distintos municipios que se vieron afectados por las lluvias at\u00edpicas originadas por el hurac\u00e1n <\/span><i><span style=\"font-weight: 400;\">Priscilla<\/span><\/i><span style=\"font-weight: 400;\">, a que apliquen condonaciones, reducciones y o facilidades de pago en los servicios de suministro de energ\u00eda el\u00e9ctrica y agua potable, emitido por la primera Comisi\u00f3n Permanente de Hacienda y Presupuesto.<\/span><\/p>\n<p><span style=\"font-weight: 400;\">La diputada<\/span><b> Claudia Lilia Luna Islas <\/b><span style=\"font-weight: 400;\">(PAN), una de las y los promoventes del acuerdo, record\u00f3 que esta crisis, m\u00e1s all\u00e1 de sus efectos materiales, impacta directamente en los derechos humanos de las personas, especialmente en su derecho a una vida digna, al acceso al agua, salud y seguridad.<\/span><\/p>\n<p><b>Elaboraci\u00f3n y registro de reglamentos internos<\/b><\/p>\n<p><span style=\"font-weight: 400;\">Tambi\u00e9n aprobaron con 22 votos a favor, cero en contra y cero abstenciones, el acuerdo econ\u00f3mico que exhorta a los 45 ayuntamientos con poblaci\u00f3n ind\u00edgena a brindar apoyo en la elaboraci\u00f3n y registro de los reglamentos internos que las comunidades soliciten, emitido por la primera Comisi\u00f3n Permanente para el Desarrollo Integral de Pueblos y Comunidades Ind\u00edgenas y Afromexicanas.<\/span><\/p>\n<p><span style=\"font-weight: 400;\">La legisladora <\/span><b>Cynthia Citlali Delgado Mendoza<\/b><span style=\"font-weight: 400;\"> (Morena), promovente del acuerdo, record\u00f3 que esta propuesta fomenta la autonom\u00eda de los pueblos y su libre determinaci\u00f3n, respetando los preceptos establecidos en la Constituci\u00f3n mexicana, la del estado y los tratados internacionales en materia de derechos humanos.<\/span><\/p>\n<p><b>Restablecimiento del servicio de energ\u00eda<\/b><\/p>\n<p><span style=\"font-weight: 400;\">Asimismo, aprobaron de manera urgente con 22 votos a favor, cero en contra y cero abstenciones, el acuerdo econ\u00f3mico que exhorta a la CFE a realizar las acciones necesarias para restablecer el servicio de energ\u00eda el\u00e9ctrica en las comunidades de la Sierra Otom\u00ed-Tepehua que todav\u00eda no cuentan con el suministro regular, promovido por la diputada <\/span><b>Yarabi Gonz\u00e1lez Mart\u00ednez<\/b><span style=\"font-weight: 400;\"> (Morena).<\/span><\/p>\n<p><b>Iniciativas<\/b><\/p>\n<p><b>Derechos de las mujeres rurales<\/b><\/p>\n<p><span style=\"font-weight: 400;\">Las diputadas y el diputado <\/span><b>Diana Rangel Z\u00fa\u00f1iga<\/b><span style=\"font-weight: 400;\">, <\/span><b>Mar\u00eda del Rosario Guerrero Mart\u00ednez<\/b><span style=\"font-weight: 400;\">, <\/span><b>Tania Er\u00e9ndira Meza Escorza<\/b><span style=\"font-weight: 400;\">, <\/span><b>Arturo G\u00f3mez Canales<\/b><span style=\"font-weight: 400;\"> (Morena) y <\/span><b>Rosalba Mart\u00ednez Olivares<\/b><span style=\"font-weight: 400;\"> (PVEM) presentaron la iniciativa que reforma la Ley de Desarrollo Agr\u00edcola Sustentable para el Estado de Hidalgo, con el objetivo de reconocer, garantizar y promover los derechos de las mujeres rurales mediante la implementaci\u00f3n de acciones afirmativas, medidas de inclusi\u00f3n, participaci\u00f3n ciudadana, acceso a financiamiento, formaci\u00f3n de capacidades y erradicaci\u00f3n de la violencia y discriminaci\u00f3n.<\/span><\/p>\n<p><b>Construcci\u00f3n de una cultura lectora m\u00e1s s\u00f3lida<\/b><\/p>\n<p><span style=\"font-weight: 400;\">El legislador <\/span><b>Francisco Javier T\u00e9llez S\u00e1nchez<\/b><span style=\"font-weight: 400;\"> (PT) propuso la iniciativa que modifica la Ley de Fomento para la Lectura y el Libro del Estado de Hidalgo, con la finalidad de fortalecer la participaci\u00f3n organizada de la sociedad en la construcci\u00f3n de una cultura lectora m\u00e1s s\u00f3lida y cercana a las comunidades.<\/span><\/p>\n<p><b>Creaci\u00f3n de Centros de Atenci\u00f3n y Acompa\u00f1amiento Infantil<\/b><\/p>\n<p><span style=\"font-weight: 400;\">La diputada <\/span><b>Claudia Lilia Luna Islas<\/b><span style=\"font-weight: 400;\"> (PAN) detall\u00f3 la iniciativa que reforma la Ley de los Trabajadores al Servicio de los Gobiernos Estatal y Municipales, as\u00ed como de los Organismos Descentralizados del Estado de Hidalgo, con el prop\u00f3sito de establecer la obligaci\u00f3n de las instituciones p\u00fablicas de propiciar la creaci\u00f3n de Centros de Atenci\u00f3n y Acompa\u00f1amiento Infantil destinados a hijas e hijos de las personas trabajadoras al servicio de los gobiernos estatal, municipales y organismos descentralizados, con el prop\u00f3sito de facilitar la conciliaci\u00f3n entre la vida laboral y familiar.<\/span><\/p>\n<p><b>Derecho a la salud mental<\/b><\/p>\n<p><span style=\"font-weight: 400;\">La legisladora <\/span><b>Karla Perales Arrieta<\/b><span style=\"font-weight: 400;\"> y el legislador <\/span><b>Carlos Alejandro Alc\u00e1ntara Carbajal<\/b><span style=\"font-weight: 400;\"> (MC) presentaron la iniciativa que reforma la Ley de Salud Mental y Prevenci\u00f3n del Suicidio para el Estado de Hidalgo, con el fin de fortalecer el ejercicio efectivo del derecho a la salud mental, garantizando que la atenci\u00f3n psicol\u00f3gica y psiqui\u00e1trica no quede limitada por barreras geogr\u00e1ficas, econ\u00f3micas o de disponibilidad de especialistas.<\/span><\/p>\n<p><b>Neutralidad pol\u00edtica de fuerzas armadas y cuerpos de seguridad<\/b><\/p>\n<p><span style=\"font-weight: 400;\">El diputado <\/span><b>Jos\u00e9 Luis Rodr\u00edguez Higareda<\/b><span style=\"font-weight: 400;\"> (Morena) propuso la iniciativa que modifica la Constituci\u00f3n Pol\u00edtica del Estado de Hidalgo, con la finalidad de establecer un marco jur\u00eddico que garantice la neutralidad pol\u00edtica de las fuerzas armadas y de los cuerpos de seguridad p\u00fablica, mediante la homologaci\u00f3n de los plazos de separaci\u00f3n del cargo que deben observar las personas en servicio activo que aspiren a un puesto de elecci\u00f3n popular.<\/span><\/p>\n<p><b>Promoci\u00f3n de las nuevas masculinidades<\/b><\/p>\n<p><span style=\"font-weight: 400;\">Las y los legisladores <\/span><b>Tania Er\u00e9ndira Meza Escorza<\/b><span style=\"font-weight: 400;\">, <\/span><b>Jos\u00e9 Luis Rodr\u00edguez Higareda<\/b><span style=\"font-weight: 400;\">, <\/span><b>Diana Rangel Z\u00fa\u00f1iga<\/b><span style=\"font-weight: 400;\"> (Morena) y<\/span><b> Carlos Alejandro Alc\u00e1ntara Carbajal<\/b><span style=\"font-weight: 400;\"> (MC), detallaron la iniciativa que reforma la Ley de Acceso de las Mujeres a una Vida Libre de Violencia para impulsar programas de capacitaci\u00f3n, sensibilizaci\u00f3n, formaci\u00f3n y actualizaci\u00f3n, dirigidos a personas servidoras p\u00fablicas del g\u00e9nero masculino, personal docente, administrativo, estudiantado y sectores sociales, que promuevan las nuevas masculinidades.<\/span><\/p>\n<p><b>Atenci\u00f3n m\u00e9dica integral para adultos mayores<\/b><\/p>\n<p><span style=\"font-weight: 400;\">Las y los diputados <\/span><b>Juana Olivia Alarc\u00f3n Rivera<\/b><span style=\"font-weight: 400;\">, <\/span><b>M\u00f3nica Leanett Reyes Mart\u00ednez<\/b><span style=\"font-weight: 400;\"> (Nueva Alianza), <\/span><b>Jos\u00e9 Luis Rodr\u00edguez Higareda<\/b><span style=\"font-weight: 400;\">, <\/span><b>Yarabi Gonz\u00e1lez Mart\u00ednez<\/b><span style=\"font-weight: 400;\">, <\/span><b>Andr\u00e9s Vel\u00e1zquez V\u00e1zquez<\/b><span style=\"font-weight: 400;\">, <\/span><b>Juli\u00e1n Nochebuena Hern\u00e1ndez<\/b><span style=\"font-weight: 400;\"> y <\/span><b>Aldo Meza Hern\u00e1ndez<\/b><span style=\"font-weight: 400;\"> (Morena) presentaron la iniciativa que reforma la Ley de los Derechos de las Personas Adultas Mayores del Estado de Hidalgo, con el prop\u00f3sito de fortalecer el marco jur\u00eddico estatal en materia de salud, reconociendo la necesidad de una atenci\u00f3n m\u00e1s completa, coordinada y especializada para dicho sector.<\/span><\/p>\n<p><b>Facultades de ayuntamientos sobre residuos s\u00f3lidos<\/b><\/p>\n<p><span style=\"font-weight: 400;\">El legislador <\/span><b>Marco Antonio Mendoza Bustamante<\/b><span style=\"font-weight: 400;\"> (PRI) propuso la iniciativa que reforma la Ley de Prevenci\u00f3n y Gesti\u00f3n Integral de Residuos del Estado de Hidalgo, la cual busca integrar varias facultades de los ayuntamientos, entre las que se encuentran: formular programas para la prevenci\u00f3n y gesti\u00f3n integral de los residuos s\u00f3lidos urbanos; expedir los reglamentos y dem\u00e1s disposiciones jur\u00eddico-administrativas en materia de gesti\u00f3n integral de residuos; capacitar a los servidores p\u00fablicos que intervienen en la prestaci\u00f3n del servicio p\u00fablico de limpia, recolecci\u00f3n, traslado, tratamiento y disposici\u00f3n final; as\u00ed como difundir entre la poblaci\u00f3n pr\u00e1cticas de separaci\u00f3n, reutilizaci\u00f3n y reciclaje.<\/span><\/p>\n<p><b>Equidad de g\u00e9nero en directivas del Congreso<\/b><\/p>\n<p><span style=\"font-weight: 400;\">La legisladora <\/span><b>Cynthia Citlali Delgado Mendoza<\/b><span style=\"font-weight: 400;\"> (Morena) present\u00f3 la iniciativa que reforma la Ley Org\u00e1nica del Poder Legislativo del Estado de Hidalgo, con el fin de implementar la paridad y equidad en la integraci\u00f3n de la directiva del Congreso del Estado de Hidalgo.<\/span><\/p>\n<p><b>Medidas de protecci\u00f3n familiar inmediata<\/b><\/p>\n<p><span style=\"font-weight: 400;\">Las y los diputados <\/span><b>Hilda Miranda Miranda<\/b><span style=\"font-weight: 400;\">, <\/span><b>Alma Rosa El\u00edas Paso<\/b><span style=\"font-weight: 400;\">, <\/span><b>Lizbeth lra\u00eds Ordaz Islas<\/b><span style=\"font-weight: 400;\">, <\/span><b>Paloma Barrag\u00e1n Santos<\/b><span style=\"font-weight: 400;\">, <\/span><b>Andr\u00e9s Vel\u00e1zquez V\u00e1zquez<\/b><span style=\"font-weight: 400;\">, <\/span><b>Juan Pablo Escalante Urb\u00e1n<\/b><span style=\"font-weight: 400;\">, <\/span><b>Miguel \u00c1ngel Moreno Zamora<\/b><span style=\"font-weight: 400;\">, <\/span><b>Arturo G\u00f3mez Canales<\/b><span style=\"font-weight: 400;\"> (Morena), <\/span><b>Jorge Arg\u00fcelles Salazar<\/b><span style=\"font-weight: 400;\"> y <\/span><b>Jos\u00e9 Mar\u00eda Alejandro P\u00e9rez Ram\u00edrez<\/b><span style=\"font-weight: 400;\"> (Nueva Alianza) propusieron la iniciativa que modifica la Ley para la Familia del Estado de Hidalgo, a fin de incorporar medidas de protecci\u00f3n familiar inmediata en situaciones de violencia familiar.<\/span><\/p>\n<p><b>Actualizaci\u00f3n del concepto de farmacodependencia<\/b><\/p>\n<p><span style=\"font-weight: 400;\">Las y los legisladores <\/span><b>Paloma Barrag\u00e1n Santos<\/b><span style=\"font-weight: 400;\">, <\/span><b>Miguel \u00c1ngel Moreno Zamora<\/b><span style=\"font-weight: 400;\">, <\/span><b>Hilda Miranda Miranda<\/b><span style=\"font-weight: 400;\">, <\/span><b>Lizbeth lra\u00eds Ordaz Islas<\/b><span style=\"font-weight: 400;\">, <\/span><b>Arturo G\u00f3mez Canales<\/b><span style=\"font-weight: 400;\">, <\/span><b>Juan Pablo Escalante Urb\u00e1n<\/b><span style=\"font-weight: 400;\">, <\/span><b>Alma Rosa El\u00edas Paso<\/b><span style=\"font-weight: 400;\">, <\/span><b>Andr\u00e9s Vel\u00e1zquez V\u00e1zquez<\/b><span style=\"font-weight: 400;\"> (Morena), <\/span><b>Jorge Arg\u00fcelles Salazar<\/b><span style=\"font-weight: 400;\"> y <\/span><b>Jos\u00e9 Mar\u00eda Alejandro P\u00e9rez Ram\u00edrez<\/b><span style=\"font-weight: 400;\"> (Nueva Alianza) detallaron la iniciativa que reforma la Ley de Salud para el Estado de Hidalgo, con el objetivo de fortalecer el marco jur\u00eddico, mediante la actualizaci\u00f3n del concepto de farmacodependencia por el de adicciones para ampliar su cobertura hacia diversas conductas de riesgo que afectan a la poblaci\u00f3n.<\/span><\/p>\n<p><b>Reconocimiento de la insuficiencia renal cr\u00f3nica como discapacidad<\/b><\/p>\n<p><span style=\"font-weight: 400;\">El diputado <\/span><b>Aldo Meza Hern\u00e1ndez<\/b><span style=\"font-weight: 400;\"> (Morena) present\u00f3 la iniciativa que reforma la Ley General para la Inclusi\u00f3n de las Personas con Discapacidad, con la finalidad de reconocer como discapacidad a la insuficiencia renal cr\u00f3nica y garantizar el acceso de personas con esta enfermedad al Sistema Nacional de Apoyos y Servicios.<\/span><\/p>\n<p><b>Asuntos generales<\/b><\/p>\n<p><b>Concientizaci\u00f3n para evitar que motociclistas circulen por banquetas<\/b><\/p>\n<p><span style=\"font-weight: 400;\">Las y los diputados <\/span><b>Juan Pablo Escalante Urb\u00e1n<\/b><span style=\"font-weight: 400;\">, <\/span><b>Miguel \u00c1ngel Moreno Zamora<\/b><span style=\"font-weight: 400;\">, <\/span><b>Arturo G\u00f3mez Canales<\/b><span style=\"font-weight: 400;\">, <\/span><b>Andr\u00e9s Vel\u00e1zquez V\u00e1zquez<\/b><span style=\"font-weight: 400;\">, <\/span><b>Hilda Miranda Miranda<\/b><span style=\"font-weight: 400;\">, <\/span><b>Lizbeth lra\u00eds Ordaz Islas<\/b><span style=\"font-weight: 400;\">, <\/span><b>Alma Rosa El\u00edas Paso<\/b><span style=\"font-weight: 400;\">, <\/span><b>Paloma Barrag\u00e1n Santos<\/b><span style=\"font-weight: 400;\"> (Morena), <\/span><b>Jorge Arg\u00fcelles Salazar<\/b><span style=\"font-weight: 400;\"> y <\/span><b>Jos\u00e9 Mar\u00eda Alejandro P\u00e9rez Ram\u00edrez<\/b><span style=\"font-weight: 400;\"> (Nueva Alianza) propusieron el acuerdo econ\u00f3mico que exhorta al comisario de la Secretar\u00eda de Seguridad P\u00fablica del Estado de Hidalgo y a los 84 ayuntamientos a reforzar las acciones de vigilancia, prevenci\u00f3n y concientizaci\u00f3n para evitar que motociclistas circulen por ciclov\u00edas y banquetas, como medida de seguridad vial para prevenir accidentes y el n\u00famero de muertes por atropellamiento.<\/span><\/p>\n<p>&nbsp;<\/p>\n<p><b>Violencia y falta de oportunidades para j\u00f3venes<\/b><\/p>\n<p><span style=\"font-weight: 400;\">La legisladora <\/span><b>Johana Montcerrat Hern\u00e1ndez P\u00e9rez<\/b><span style=\"font-weight: 400;\"> (PRI) lament\u00f3 que Hidalgo est\u00e9 viviendo una ola de violencia \u201cque no podemos ni debemos seguir normalizando. En estos \u00faltimos meses hemos sido testigos de hechos que reflejan el dolor, la desesperanza y la descomposici\u00f3n social que enfrentan nuestras comunidades. La facilidad con la que hoy nuestras juventudes acceden a las drogas nos habla de un problema mucho m\u00e1s profundo\u201d.<\/span><\/p>\n","protected":false},"excerpt":{"rendered":"<p>Redacci\u00f3n En sesi\u00f3n ordinaria, diputadas y diputados integrantes de la LXVI Legislatura aprobaron con 25 votos a favor, cero en contra y cero abstenciones, el dictamen que autoriza al municipio de San Salvador a gestionar y contratar con la instituci\u00f3n financiera o de cr\u00e9dito integrante del Sistema Financiero Mexicano que ofrezca las mejores condiciones del<\/p>\n","protected":false},"author":2,"featured_media":5274,"comment_status":"open","ping_status":"open","sticky":false,"template":"","format":"standard","meta":{"footnotes":""},"categories":[31,44,39],"tags":[],"class_list":{"0":"post-5273","1":"post","2":"type-post","3":"status-publish","4":"format-standard","5":"has-post-thumbnail","7":"category-hidalgo","8":"category-minuto-a-minuto","9":"category-politica"},"yoast_head":"<!-- This site is optimized with the Yoast SEO plugin v26.1.1 - https:\/\/yoast.com\/wordpress\/plugins\/seo\/ -->\n<title>Legisladores autorizan al municipio de San Salvador contratar dos financiamientos - El Cardinal<\/title>\n<meta name=\"robots\" content=\"index, follow, max-snippet:-1, max-image-preview:large, max-video-preview:-1\" \/>\n<link rel=\"canonical\" href=\"https:\/\/elcardinal.com\/?p=5273\" \/>\n<meta property=\"og:locale\" content=\"es_MX\" \/>\n<meta property=\"og:type\" content=\"article\" \/>\n<meta property=\"og:title\" content=\"Legisladores autorizan al municipio de San Salvador contratar dos financiamientos - El Cardinal\" \/>\n<meta property=\"og:description\" content=\"Redacci\u00f3n En sesi\u00f3n ordinaria, diputadas y diputados integrantes de la LXVI Legislatura aprobaron con 25 votos a favor, cero en contra y cero abstenciones, el dictamen que autoriza al municipio de San Salvador a gestionar y contratar con la instituci\u00f3n financiera o de cr\u00e9dito integrante del Sistema Financiero Mexicano que ofrezca las mejores condiciones del\" \/>\n<meta property=\"og:url\" content=\"https:\/\/elcardinal.com\/?p=5273\" \/>\n<meta property=\"og:site_name\" content=\"El Cardinal\" \/>\n<meta property=\"article:publisher\" content=\"https:\/\/www.facebook.com\/profile.php?id=100063093107011\" \/>\n<meta property=\"article:published_time\" content=\"2025-11-13T01:30:41+00:00\" \/>\n<meta property=\"og:image\" content=\"https:\/\/elcardinal.com\/wp-content\/uploads\/2025\/11\/Sesion-12.11.2025-ordinaria-3.jpg\" \/>\n\t<meta property=\"og:image:width\" content=\"2400\" \/>\n\t<meta property=\"og:image:height\" content=\"1600\" \/>\n\t<meta property=\"og:image:type\" content=\"image\/jpeg\" \/>\n<meta name=\"author\" content=\"Antonio Alcaraz\" \/>\n<meta name=\"twitter:card\" content=\"summary_large_image\" \/>\n<meta name=\"twitter:creator\" content=\"@ElCardinal_Mx\" \/>\n<meta name=\"twitter:site\" content=\"@ElCardinal_Mx\" \/>\n<meta name=\"twitter:label1\" content=\"Escrito por\" \/>\n\t<meta name=\"twitter:data1\" content=\"Antonio Alcaraz\" \/>\n\t<meta name=\"twitter:label2\" content=\"Tiempo de lectura\" \/>\n\t<meta name=\"twitter:data2\" content=\"8 minutos\" \/>\n<script type=\"application\/ld+json\" class=\"yoast-schema-graph\">{\"@context\":\"https:\/\/schema.org\",\"@graph\":[{\"@type\":\"Article\",\"@id\":\"https:\/\/elcardinal.com\/?p=5273#article\",\"isPartOf\":{\"@id\":\"https:\/\/elcardinal.com\/?p=5273\"},\"author\":{\"name\":\"Antonio Alcaraz\",\"@id\":\"https:\/\/elcardinal.com\/#\/schema\/person\/3c352ec0a33987fe275c0e8a2ea69f8b\"},\"headline\":\"Legisladores autorizan al municipio de San Salvador contratar dos financiamientos\",\"datePublished\":\"2025-11-13T01:30:41+00:00\",\"mainEntityOfPage\":{\"@id\":\"https:\/\/elcardinal.com\/?p=5273\"},\"wordCount\":1903,\"commentCount\":0,\"publisher\":{\"@id\":\"https:\/\/elcardinal.com\/#organization\"},\"image\":{\"@id\":\"https:\/\/elcardinal.com\/?p=5273#primaryimage\"},\"thumbnailUrl\":\"https:\/\/elcardinal.com\/wp-content\/uploads\/2025\/11\/Sesion-12.11.2025-ordinaria-3.jpg\",\"articleSection\":[\"Hidalgo\",\"Minuto a Minuto\",\"Pol\u00edtica\"],\"inLanguage\":\"es\",\"potentialAction\":[{\"@type\":\"CommentAction\",\"name\":\"Comment\",\"target\":[\"https:\/\/elcardinal.com\/?p=5273#respond\"]}]},{\"@type\":\"WebPage\",\"@id\":\"https:\/\/elcardinal.com\/?p=5273\",\"url\":\"https:\/\/elcardinal.com\/?p=5273\",\"name\":\"Legisladores autorizan al municipio de San Salvador contratar dos financiamientos - El Cardinal\",\"isPartOf\":{\"@id\":\"https:\/\/elcardinal.com\/#website\"},\"primaryImageOfPage\":{\"@id\":\"https:\/\/elcardinal.com\/?p=5273#primaryimage\"},\"image\":{\"@id\":\"https:\/\/elcardinal.com\/?p=5273#primaryimage\"},\"thumbnailUrl\":\"https:\/\/elcardinal.com\/wp-content\/uploads\/2025\/11\/Sesion-12.11.2025-ordinaria-3.jpg\",\"datePublished\":\"2025-11-13T01:30:41+00:00\",\"breadcrumb\":{\"@id\":\"https:\/\/elcardinal.com\/?p=5273#breadcrumb\"},\"inLanguage\":\"es\",\"potentialAction\":[{\"@type\":\"ReadAction\",\"target\":[\"https:\/\/elcardinal.com\/?p=5273\"]}]},{\"@type\":\"ImageObject\",\"inLanguage\":\"es\",\"@id\":\"https:\/\/elcardinal.com\/?p=5273#primaryimage\",\"url\":\"https:\/\/elcardinal.com\/wp-content\/uploads\/2025\/11\/Sesion-12.11.2025-ordinaria-3.jpg\",\"contentUrl\":\"https:\/\/elcardinal.com\/wp-content\/uploads\/2025\/11\/Sesion-12.11.2025-ordinaria-3.jpg\",\"width\":2400,\"height\":1600,\"caption\":\"CONGRESO_HIDALGO\"},{\"@type\":\"BreadcrumbList\",\"@id\":\"https:\/\/elcardinal.com\/?p=5273#breadcrumb\",\"itemListElement\":[{\"@type\":\"ListItem\",\"position\":1,\"name\":\"Inicio\",\"item\":\"https:\/\/elcardinal.com\/\"},{\"@type\":\"ListItem\",\"position\":2,\"name\":\"Legisladores autorizan al municipio de San Salvador contratar dos financiamientos\"}]},{\"@type\":\"WebSite\",\"@id\":\"https:\/\/elcardinal.com\/#website\",\"url\":\"https:\/\/elcardinal.com\/\",\"name\":\"El Cardinal\",\"description\":\"Periodismo honesto, con valor, sentido humano, a veces sarc\u00e1stico y divertido.\",\"publisher\":{\"@id\":\"https:\/\/elcardinal.com\/#organization\"},\"alternateName\":\"El Cardinal Noticias\",\"potentialAction\":[{\"@type\":\"SearchAction\",\"target\":{\"@type\":\"EntryPoint\",\"urlTemplate\":\"https:\/\/elcardinal.com\/?s={search_term_string}\"},\"query-input\":{\"@type\":\"PropertyValueSpecification\",\"valueRequired\":true,\"valueName\":\"search_term_string\"}}],\"inLanguage\":\"es\"},{\"@type\":\"Organization\",\"@id\":\"https:\/\/elcardinal.com\/#organization\",\"name\":\"El Cardinal\",\"url\":\"https:\/\/elcardinal.com\/\",\"logo\":{\"@type\":\"ImageObject\",\"inLanguage\":\"es\",\"@id\":\"https:\/\/elcardinal.com\/#\/schema\/logo\/image\/\",\"url\":\"https:\/\/elcardinal.com\/wp-content\/uploads\/2025\/04\/LOGO-EL-CARDINAL-Periodismo-con-valor.png\",\"contentUrl\":\"https:\/\/elcardinal.com\/wp-content\/uploads\/2025\/04\/LOGO-EL-CARDINAL-Periodismo-con-valor.png\",\"width\":755,\"height\":636,\"caption\":\"El Cardinal\"},\"image\":{\"@id\":\"https:\/\/elcardinal.com\/#\/schema\/logo\/image\/\"},\"sameAs\":[\"https:\/\/www.facebook.com\/profile.php?id=100063093107011\",\"https:\/\/x.com\/ElCardinal_Mx\"]},{\"@type\":\"Person\",\"@id\":\"https:\/\/elcardinal.com\/#\/schema\/person\/3c352ec0a33987fe275c0e8a2ea69f8b\",\"name\":\"Antonio Alcaraz\",\"image\":{\"@type\":\"ImageObject\",\"inLanguage\":\"es\",\"@id\":\"https:\/\/elcardinal.com\/#\/schema\/person\/image\/\",\"url\":\"https:\/\/elcardinal.com\/wp-content\/uploads\/2025\/05\/cropped-TONO-96x96.jpg\",\"contentUrl\":\"https:\/\/elcardinal.com\/wp-content\/uploads\/2025\/05\/cropped-TONO-96x96.jpg\",\"caption\":\"Antonio Alcaraz\"},\"url\":\"https:\/\/elcardinal.com\/?author=2\"}]}<\/script>\n<!-- \/ Yoast SEO plugin. -->","yoast_head_json":{"title":"Legisladores autorizan al municipio de San Salvador contratar dos financiamientos - El Cardinal","robots":{"index":"index","follow":"follow","max-snippet":"max-snippet:-1","max-image-preview":"max-image-preview:large","max-video-preview":"max-video-preview:-1"},"canonical":"https:\/\/elcardinal.com\/?p=5273","og_locale":"es_MX","og_type":"article","og_title":"Legisladores autorizan al municipio de San Salvador contratar dos financiamientos - El Cardinal","og_description":"Redacci\u00f3n En sesi\u00f3n ordinaria, diputadas y diputados integrantes de la LXVI Legislatura aprobaron con 25 votos a favor, cero en contra y cero abstenciones, el dictamen que autoriza al municipio de San Salvador a gestionar y contratar con la instituci\u00f3n financiera o de cr\u00e9dito integrante del Sistema Financiero Mexicano que ofrezca las mejores condiciones del","og_url":"https:\/\/elcardinal.com\/?p=5273","og_site_name":"El Cardinal","article_publisher":"https:\/\/www.facebook.com\/profile.php?id=100063093107011","article_published_time":"2025-11-13T01:30:41+00:00","og_image":[{"width":2400,"height":1600,"url":"https:\/\/elcardinal.com\/wp-content\/uploads\/2025\/11\/Sesion-12.11.2025-ordinaria-3.jpg","type":"image\/jpeg"}],"author":"Antonio Alcaraz","twitter_card":"summary_large_image","twitter_creator":"@ElCardinal_Mx","twitter_site":"@ElCardinal_Mx","twitter_misc":{"Escrito por":"Antonio Alcaraz","Tiempo de lectura":"8 minutos"},"schema":{"@context":"https:\/\/schema.org","@graph":[{"@type":"Article","@id":"https:\/\/elcardinal.com\/?p=5273#article","isPartOf":{"@id":"https:\/\/elcardinal.com\/?p=5273"},"author":{"name":"Antonio Alcaraz","@id":"https:\/\/elcardinal.com\/#\/schema\/person\/3c352ec0a33987fe275c0e8a2ea69f8b"},"headline":"Legisladores autorizan al municipio de San Salvador contratar dos financiamientos","datePublished":"2025-11-13T01:30:41+00:00","mainEntityOfPage":{"@id":"https:\/\/elcardinal.com\/?p=5273"},"wordCount":1903,"commentCount":0,"publisher":{"@id":"https:\/\/elcardinal.com\/#organization"},"image":{"@id":"https:\/\/elcardinal.com\/?p=5273#primaryimage"},"thumbnailUrl":"https:\/\/elcardinal.com\/wp-content\/uploads\/2025\/11\/Sesion-12.11.2025-ordinaria-3.jpg","articleSection":["Hidalgo","Minuto a Minuto","Pol\u00edtica"],"inLanguage":"es","potentialAction":[{"@type":"CommentAction","name":"Comment","target":["https:\/\/elcardinal.com\/?p=5273#respond"]}]},{"@type":"WebPage","@id":"https:\/\/elcardinal.com\/?p=5273","url":"https:\/\/elcardinal.com\/?p=5273","name":"Legisladores autorizan al municipio de San Salvador contratar dos financiamientos - El Cardinal","isPartOf":{"@id":"https:\/\/elcardinal.com\/#website"},"primaryImageOfPage":{"@id":"https:\/\/elcardinal.com\/?p=5273#primaryimage"},"image":{"@id":"https:\/\/elcardinal.com\/?p=5273#primaryimage"},"thumbnailUrl":"https:\/\/elcardinal.com\/wp-content\/uploads\/2025\/11\/Sesion-12.11.2025-ordinaria-3.jpg","datePublished":"2025-11-13T01:30:41+00:00","breadcrumb":{"@id":"https:\/\/elcardinal.com\/?p=5273#breadcrumb"},"inLanguage":"es","potentialAction":[{"@type":"ReadAction","target":["https:\/\/elcardinal.com\/?p=5273"]}]},{"@type":"ImageObject","inLanguage":"es","@id":"https:\/\/elcardinal.com\/?p=5273#primaryimage","url":"https:\/\/elcardinal.com\/wp-content\/uploads\/2025\/11\/Sesion-12.11.2025-ordinaria-3.jpg","contentUrl":"https:\/\/elcardinal.com\/wp-content\/uploads\/2025\/11\/Sesion-12.11.2025-ordinaria-3.jpg","width":2400,"height":1600,"caption":"CONGRESO_HIDALGO"},{"@type":"BreadcrumbList","@id":"https:\/\/elcardinal.com\/?p=5273#breadcrumb","itemListElement":[{"@type":"ListItem","position":1,"name":"Inicio","item":"https:\/\/elcardinal.com\/"},{"@type":"ListItem","position":2,"name":"Legisladores autorizan al municipio de San Salvador contratar dos financiamientos"}]},{"@type":"WebSite","@id":"https:\/\/elcardinal.com\/#website","url":"https:\/\/elcardinal.com\/","name":"El Cardinal","description":"Periodismo honesto, con valor, sentido humano, a veces sarc\u00e1stico y divertido.","publisher":{"@id":"https:\/\/elcardinal.com\/#organization"},"alternateName":"El Cardinal Noticias","potentialAction":[{"@type":"SearchAction","target":{"@type":"EntryPoint","urlTemplate":"https:\/\/elcardinal.com\/?s={search_term_string}"},"query-input":{"@type":"PropertyValueSpecification","valueRequired":true,"valueName":"search_term_string"}}],"inLanguage":"es"},{"@type":"Organization","@id":"https:\/\/elcardinal.com\/#organization","name":"El Cardinal","url":"https:\/\/elcardinal.com\/","logo":{"@type":"ImageObject","inLanguage":"es","@id":"https:\/\/elcardinal.com\/#\/schema\/logo\/image\/","url":"https:\/\/elcardinal.com\/wp-content\/uploads\/2025\/04\/LOGO-EL-CARDINAL-Periodismo-con-valor.png","contentUrl":"https:\/\/elcardinal.com\/wp-content\/uploads\/2025\/04\/LOGO-EL-CARDINAL-Periodismo-con-valor.png","width":755,"height":636,"caption":"El Cardinal"},"image":{"@id":"https:\/\/elcardinal.com\/#\/schema\/logo\/image\/"},"sameAs":["https:\/\/www.facebook.com\/profile.php?id=100063093107011","https:\/\/x.com\/ElCardinal_Mx"]},{"@type":"Person","@id":"https:\/\/elcardinal.com\/#\/schema\/person\/3c352ec0a33987fe275c0e8a2ea69f8b","name":"Antonio Alcaraz","image":{"@type":"ImageObject","inLanguage":"es","@id":"https:\/\/elcardinal.com\/#\/schema\/person\/image\/","url":"https:\/\/elcardinal.com\/wp-content\/uploads\/2025\/05\/cropped-TONO-96x96.jpg","contentUrl":"https:\/\/elcardinal.com\/wp-content\/uploads\/2025\/05\/cropped-TONO-96x96.jpg","caption":"Antonio Alcaraz"},"url":"https:\/\/elcardinal.com\/?author=2"}]}},"_links":{"self":[{"href":"https:\/\/elcardinal.com\/index.php?rest_route=\/wp\/v2\/posts\/5273","targetHints":{"allow":["GET"]}}],"collection":[{"href":"https:\/\/elcardinal.com\/index.php?rest_route=\/wp\/v2\/posts"}],"about":[{"href":"https:\/\/elcardinal.com\/index.php?rest_route=\/wp\/v2\/types\/post"}],"author":[{"embeddable":true,"href":"https:\/\/elcardinal.com\/index.php?rest_route=\/wp\/v2\/users\/2"}],"replies":[{"embeddable":true,"href":"https:\/\/elcardinal.com\/index.php?rest_route=%2Fwp%2Fv2%2Fcomments&post=5273"}],"version-history":[{"count":1,"href":"https:\/\/elcardinal.com\/index.php?rest_route=\/wp\/v2\/posts\/5273\/revisions"}],"predecessor-version":[{"id":5275,"href":"https:\/\/elcardinal.com\/index.php?rest_route=\/wp\/v2\/posts\/5273\/revisions\/5275"}],"wp:featuredmedia":[{"embeddable":true,"href":"https:\/\/elcardinal.com\/index.php?rest_route=\/wp\/v2\/media\/5274"}],"wp:attachment":[{"href":"https:\/\/elcardinal.com\/index.php?rest_route=%2Fwp%2Fv2%2Fmedia&parent=5273"}],"wp:term":[{"taxonomy":"category","embeddable":true,"href":"https:\/\/elcardinal.com\/index.php?rest_route=%2Fwp%2Fv2%2Fcategories&post=5273"},{"taxonomy":"post_tag","embeddable":true,"href":"https:\/\/elcardinal.com\/index.php?rest_route=%2Fwp%2Fv2%2Ftags&post=5273"}],"curies":[{"name":"wp","href":"https:\/\/api.w.org\/{rel}","templated":true}]}}