{"id":5287,"date":"2025-11-19T19:03:53","date_gmt":"2025-11-20T01:03:53","guid":{"rendered":"https:\/\/elcardinal.com\/?p=5287"},"modified":"2025-11-19T19:03:53","modified_gmt":"2025-11-20T01:03:53","slug":"congreso-de-hidalgo-reconoce-a-escritores-hidalguenses-con-concurso-de-cuento-y-poesia","status":"publish","type":"post","link":"https:\/\/elcardinal.com\/?p=5287","title":{"rendered":"Congreso de Hidalgo reconoce a escritores hidalguenses con Concurso de Cuento y Poes\u00eda"},"content":{"rendered":"<p>Redacci\u00f3n<\/p>\n<p><span style=\"font-weight: 400;\">El <\/span><b>Congreso del Estado Libre y Soberano de Hidalgo<\/b><span style=\"font-weight: 400;\"> entreg\u00f3 reconocimientos a los ganadores del primer Concurso de Cuento y Poes\u00eda \u201cFrancisco de Terrazas\u201d, as\u00ed como a la doctora <\/span><b>Beatriz Saavedra Gast\u00e9lum<\/b><span style=\"font-weight: 400;\">.<\/span><\/p>\n<p><span style=\"font-weight: 400;\">El diputado <\/span><b>Andr\u00e9s Vel\u00e1zquez V\u00e1zquez<\/b><span style=\"font-weight: 400;\">, presidente de la Junta de Gobierno, celebr\u00f3 la palabra como herramienta de transformaci\u00f3n. \u201cLa poes\u00eda y el cuento tambi\u00e9n son una forma de hacer pol\u00edtica, porque cuestionan, abrazan y mueven conciencias. En esta Legislatura de la Transformaci\u00f3n sabemos que no hay cambio sin cultura, sin memoria, sin cr\u00edtica y sin arte\u201d.<\/span><\/p>\n<p><span style=\"font-weight: 400;\">El legislador <\/span><b>Marco Antonio Mendoza Bustamante<\/b><span style=\"font-weight: 400;\">, presidente de la Comisi\u00f3n de Asuntos Internacionales y organizador de la actividad, anunci\u00f3 que el pr\u00f3ximo concurso llevar\u00e1 el nombre de la galardonada. Adem\u00e1s, felicit\u00f3 a los ganadores de la primera edici\u00f3n: \u201cque esta sea la primera de muchas y que permita a los escritores hidalguenses ver su nombre plasmado, que se atrevan a seguir participando en concursos y traer para Hidalgo esos premios que nos llenan de orgullo.<\/span><\/p>\n<p><span style=\"font-weight: 400;\">Al recibir este honor,<\/span><b> Beatriz Saavedra Gast\u00e9lum<\/b><span style=\"font-weight: 400;\">, escritora, acad\u00e9mica, investigadora, conferencista y poeta mexicana, mencion\u00f3: \u201cno puedo sino pensar que la literatura, la poes\u00eda y el pensamiento han sido mi forma de libertad, una rebeli\u00f3n luminosa contra el silencio, la indiferencia y el olvido. Las mujeres hemos tenido que luchar, tocar y tirar puertas para ser escuchadas y le\u00eddas. Vivimos en un mundo que clama por ser escuchado, pero al que pocos prestan o\u00eddo\u201d.<\/span><\/p>\n<p><span style=\"font-weight: 400;\">El diputado <\/span><b>Miguel \u00c1ngel Moreno Zamora<\/b><span style=\"font-weight: 400;\">, presidente de la directiva de noviembre, elogi\u00f3 el reconocimiento a la trayectoria \u201cde una mujer cuya vocaci\u00f3n literaria tiene la disciplina intelectual y compromiso con la promoci\u00f3n de la cultura\u201d.<\/span><\/p>\n<p><b>Mar\u00eda Luisa Hern\u00e1ndez Hidalgo<\/b><span style=\"font-weight: 400;\">, presidenta de la Asociaci\u00f3n Hidalguense de Escritores, detall\u00f3 que \u201ccon letras hemos podido constatar que amamos a nuestro estado, nuestra tierra y su cultura; asimismo, nos amamos a nosotros y a trav\u00e9s de ello de la historia podemos ir poniendo nuestro granito de arena para que nuestras letras queden aqu\u00ed, sigan reproduci\u00e9ndose y puedan alcanzar lugares que no hab\u00edamos pensado\u201d.<\/span><\/p>\n<p><span style=\"font-weight: 400;\">En el evento tambi\u00e9n estuvieron presentes los ganadores del concurso Jessica L\u00f3pez Ram\u00edrez, (primer lugar); Roberto Sanabria Rojas (segundo lugar) e Irving Jes\u00fas Hern\u00e1ndez Carvajal, (tercero); as\u00ed como diputadas y diputados integrantes de la <\/span><b>LXVI Legislatura<\/b><span style=\"font-weight: 400;\">, adem\u00e1s de directoras y directores generales del Congreso.<\/span><\/p>\n","protected":false},"excerpt":{"rendered":"<p>Redacci\u00f3n El Congreso del Estado Libre y Soberano de Hidalgo entreg\u00f3 reconocimientos a los ganadores del primer Concurso de Cuento y Poes\u00eda \u201cFrancisco de Terrazas\u201d, as\u00ed como a la doctora Beatriz Saavedra Gast\u00e9lum. El diputado Andr\u00e9s Vel\u00e1zquez V\u00e1zquez, presidente de la Junta de Gobierno, celebr\u00f3 la palabra como herramienta de transformaci\u00f3n. \u201cLa poes\u00eda y el<\/p>\n","protected":false},"author":2,"featured_media":5288,"comment_status":"open","ping_status":"open","sticky":false,"template":"","format":"standard","meta":{"footnotes":""},"categories":[31,44,39],"tags":[],"class_list":{"0":"post-5287","1":"post","2":"type-post","3":"status-publish","4":"format-standard","5":"has-post-thumbnail","7":"category-hidalgo","8":"category-minuto-a-minuto","9":"category-politica"},"yoast_head":"<!-- This site is optimized with the Yoast SEO plugin v26.1.1 - https:\/\/yoast.com\/wordpress\/plugins\/seo\/ -->\n<title>Congreso de Hidalgo reconoce a escritores hidalguenses con Concurso de Cuento y Poes\u00eda - El Cardinal<\/title>\n<meta name=\"robots\" content=\"index, follow, max-snippet:-1, max-image-preview:large, max-video-preview:-1\" \/>\n<link rel=\"canonical\" href=\"https:\/\/elcardinal.com\/?p=5287\" \/>\n<meta property=\"og:locale\" content=\"es_MX\" \/>\n<meta property=\"og:type\" content=\"article\" \/>\n<meta property=\"og:title\" content=\"Congreso de Hidalgo reconoce a escritores hidalguenses con Concurso de Cuento y Poes\u00eda - El Cardinal\" \/>\n<meta property=\"og:description\" content=\"Redacci\u00f3n El Congreso del Estado Libre y Soberano de Hidalgo entreg\u00f3 reconocimientos a los ganadores del primer Concurso de Cuento y Poes\u00eda \u201cFrancisco de Terrazas\u201d, as\u00ed como a la doctora Beatriz Saavedra Gast\u00e9lum. El diputado Andr\u00e9s Vel\u00e1zquez V\u00e1zquez, presidente de la Junta de Gobierno, celebr\u00f3 la palabra como herramienta de transformaci\u00f3n. \u201cLa poes\u00eda y el\" \/>\n<meta property=\"og:url\" content=\"https:\/\/elcardinal.com\/?p=5287\" \/>\n<meta property=\"og:site_name\" content=\"El Cardinal\" \/>\n<meta property=\"article:publisher\" content=\"https:\/\/www.facebook.com\/profile.php?id=100063093107011\" \/>\n<meta property=\"article:published_time\" content=\"2025-11-20T01:03:53+00:00\" \/>\n<meta property=\"og:image\" content=\"https:\/\/elcardinal.com\/wp-content\/uploads\/2025\/11\/19.11.2025-1er.-concurso-de-cuento-y-poesia-6.jpg\" \/>\n\t<meta property=\"og:image:width\" content=\"2400\" \/>\n\t<meta property=\"og:image:height\" content=\"1600\" \/>\n\t<meta property=\"og:image:type\" content=\"image\/jpeg\" \/>\n<meta name=\"author\" content=\"Antonio Alcaraz\" \/>\n<meta name=\"twitter:card\" content=\"summary_large_image\" \/>\n<meta name=\"twitter:creator\" content=\"@ElCardinal_Mx\" \/>\n<meta name=\"twitter:site\" content=\"@ElCardinal_Mx\" \/>\n<meta name=\"twitter:label1\" content=\"Escrito por\" \/>\n\t<meta name=\"twitter:data1\" content=\"Antonio Alcaraz\" \/>\n\t<meta name=\"twitter:label2\" content=\"Tiempo de lectura\" \/>\n\t<meta name=\"twitter:data2\" content=\"2 minutos\" \/>\n<script type=\"application\/ld+json\" class=\"yoast-schema-graph\">{\"@context\":\"https:\/\/schema.org\",\"@graph\":[{\"@type\":\"Article\",\"@id\":\"https:\/\/elcardinal.com\/?p=5287#article\",\"isPartOf\":{\"@id\":\"https:\/\/elcardinal.com\/?p=5287\"},\"author\":{\"name\":\"Antonio Alcaraz\",\"@id\":\"https:\/\/elcardinal.com\/#\/schema\/person\/3c352ec0a33987fe275c0e8a2ea69f8b\"},\"headline\":\"Congreso de Hidalgo reconoce a escritores hidalguenses con Concurso de Cuento y Poes\u00eda\",\"datePublished\":\"2025-11-20T01:03:53+00:00\",\"mainEntityOfPage\":{\"@id\":\"https:\/\/elcardinal.com\/?p=5287\"},\"wordCount\":432,\"commentCount\":0,\"publisher\":{\"@id\":\"https:\/\/elcardinal.com\/#organization\"},\"image\":{\"@id\":\"https:\/\/elcardinal.com\/?p=5287#primaryimage\"},\"thumbnailUrl\":\"https:\/\/elcardinal.com\/wp-content\/uploads\/2025\/11\/19.11.2025-1er.-concurso-de-cuento-y-poesia-6.jpg\",\"articleSection\":[\"Hidalgo\",\"Minuto a Minuto\",\"Pol\u00edtica\"],\"inLanguage\":\"es\",\"potentialAction\":[{\"@type\":\"CommentAction\",\"name\":\"Comment\",\"target\":[\"https:\/\/elcardinal.com\/?p=5287#respond\"]}]},{\"@type\":\"WebPage\",\"@id\":\"https:\/\/elcardinal.com\/?p=5287\",\"url\":\"https:\/\/elcardinal.com\/?p=5287\",\"name\":\"Congreso de Hidalgo reconoce a escritores hidalguenses con Concurso de Cuento y Poes\u00eda - El Cardinal\",\"isPartOf\":{\"@id\":\"https:\/\/elcardinal.com\/#website\"},\"primaryImageOfPage\":{\"@id\":\"https:\/\/elcardinal.com\/?p=5287#primaryimage\"},\"image\":{\"@id\":\"https:\/\/elcardinal.com\/?p=5287#primaryimage\"},\"thumbnailUrl\":\"https:\/\/elcardinal.com\/wp-content\/uploads\/2025\/11\/19.11.2025-1er.-concurso-de-cuento-y-poesia-6.jpg\",\"datePublished\":\"2025-11-20T01:03:53+00:00\",\"breadcrumb\":{\"@id\":\"https:\/\/elcardinal.com\/?p=5287#breadcrumb\"},\"inLanguage\":\"es\",\"potentialAction\":[{\"@type\":\"ReadAction\",\"target\":[\"https:\/\/elcardinal.com\/?p=5287\"]}]},{\"@type\":\"ImageObject\",\"inLanguage\":\"es\",\"@id\":\"https:\/\/elcardinal.com\/?p=5287#primaryimage\",\"url\":\"https:\/\/elcardinal.com\/wp-content\/uploads\/2025\/11\/19.11.2025-1er.-concurso-de-cuento-y-poesia-6.jpg\",\"contentUrl\":\"https:\/\/elcardinal.com\/wp-content\/uploads\/2025\/11\/19.11.2025-1er.-concurso-de-cuento-y-poesia-6.jpg\",\"width\":2400,\"height\":1600,\"caption\":\"CONGRESO_HIDALGO\"},{\"@type\":\"BreadcrumbList\",\"@id\":\"https:\/\/elcardinal.com\/?p=5287#breadcrumb\",\"itemListElement\":[{\"@type\":\"ListItem\",\"position\":1,\"name\":\"Inicio\",\"item\":\"https:\/\/elcardinal.com\/\"},{\"@type\":\"ListItem\",\"position\":2,\"name\":\"Congreso de Hidalgo reconoce a escritores hidalguenses con Concurso de Cuento y Poes\u00eda\"}]},{\"@type\":\"WebSite\",\"@id\":\"https:\/\/elcardinal.com\/#website\",\"url\":\"https:\/\/elcardinal.com\/\",\"name\":\"El Cardinal\",\"description\":\"Periodismo honesto, con valor, sentido humano, a veces sarc\u00e1stico y divertido.\",\"publisher\":{\"@id\":\"https:\/\/elcardinal.com\/#organization\"},\"alternateName\":\"El Cardinal Noticias\",\"potentialAction\":[{\"@type\":\"SearchAction\",\"target\":{\"@type\":\"EntryPoint\",\"urlTemplate\":\"https:\/\/elcardinal.com\/?s={search_term_string}\"},\"query-input\":{\"@type\":\"PropertyValueSpecification\",\"valueRequired\":true,\"valueName\":\"search_term_string\"}}],\"inLanguage\":\"es\"},{\"@type\":\"Organization\",\"@id\":\"https:\/\/elcardinal.com\/#organization\",\"name\":\"El Cardinal\",\"url\":\"https:\/\/elcardinal.com\/\",\"logo\":{\"@type\":\"ImageObject\",\"inLanguage\":\"es\",\"@id\":\"https:\/\/elcardinal.com\/#\/schema\/logo\/image\/\",\"url\":\"https:\/\/elcardinal.com\/wp-content\/uploads\/2025\/04\/LOGO-EL-CARDINAL-Periodismo-con-valor.png\",\"contentUrl\":\"https:\/\/elcardinal.com\/wp-content\/uploads\/2025\/04\/LOGO-EL-CARDINAL-Periodismo-con-valor.png\",\"width\":755,\"height\":636,\"caption\":\"El Cardinal\"},\"image\":{\"@id\":\"https:\/\/elcardinal.com\/#\/schema\/logo\/image\/\"},\"sameAs\":[\"https:\/\/www.facebook.com\/profile.php?id=100063093107011\",\"https:\/\/x.com\/ElCardinal_Mx\"]},{\"@type\":\"Person\",\"@id\":\"https:\/\/elcardinal.com\/#\/schema\/person\/3c352ec0a33987fe275c0e8a2ea69f8b\",\"name\":\"Antonio Alcaraz\",\"image\":{\"@type\":\"ImageObject\",\"inLanguage\":\"es\",\"@id\":\"https:\/\/elcardinal.com\/#\/schema\/person\/image\/\",\"url\":\"https:\/\/elcardinal.com\/wp-content\/uploads\/2025\/05\/cropped-TONO-96x96.jpg\",\"contentUrl\":\"https:\/\/elcardinal.com\/wp-content\/uploads\/2025\/05\/cropped-TONO-96x96.jpg\",\"caption\":\"Antonio Alcaraz\"},\"url\":\"https:\/\/elcardinal.com\/?author=2\"}]}<\/script>\n<!-- \/ Yoast SEO plugin. -->","yoast_head_json":{"title":"Congreso de Hidalgo reconoce a escritores hidalguenses con Concurso de Cuento y Poes\u00eda - El Cardinal","robots":{"index":"index","follow":"follow","max-snippet":"max-snippet:-1","max-image-preview":"max-image-preview:large","max-video-preview":"max-video-preview:-1"},"canonical":"https:\/\/elcardinal.com\/?p=5287","og_locale":"es_MX","og_type":"article","og_title":"Congreso de Hidalgo reconoce a escritores hidalguenses con Concurso de Cuento y Poes\u00eda - El Cardinal","og_description":"Redacci\u00f3n El Congreso del Estado Libre y Soberano de Hidalgo entreg\u00f3 reconocimientos a los ganadores del primer Concurso de Cuento y Poes\u00eda \u201cFrancisco de Terrazas\u201d, as\u00ed como a la doctora Beatriz Saavedra Gast\u00e9lum. El diputado Andr\u00e9s Vel\u00e1zquez V\u00e1zquez, presidente de la Junta de Gobierno, celebr\u00f3 la palabra como herramienta de transformaci\u00f3n. \u201cLa poes\u00eda y el","og_url":"https:\/\/elcardinal.com\/?p=5287","og_site_name":"El Cardinal","article_publisher":"https:\/\/www.facebook.com\/profile.php?id=100063093107011","article_published_time":"2025-11-20T01:03:53+00:00","og_image":[{"width":2400,"height":1600,"url":"https:\/\/elcardinal.com\/wp-content\/uploads\/2025\/11\/19.11.2025-1er.-concurso-de-cuento-y-poesia-6.jpg","type":"image\/jpeg"}],"author":"Antonio Alcaraz","twitter_card":"summary_large_image","twitter_creator":"@ElCardinal_Mx","twitter_site":"@ElCardinal_Mx","twitter_misc":{"Escrito por":"Antonio Alcaraz","Tiempo de lectura":"2 minutos"},"schema":{"@context":"https:\/\/schema.org","@graph":[{"@type":"Article","@id":"https:\/\/elcardinal.com\/?p=5287#article","isPartOf":{"@id":"https:\/\/elcardinal.com\/?p=5287"},"author":{"name":"Antonio Alcaraz","@id":"https:\/\/elcardinal.com\/#\/schema\/person\/3c352ec0a33987fe275c0e8a2ea69f8b"},"headline":"Congreso de Hidalgo reconoce a escritores hidalguenses con Concurso de Cuento y Poes\u00eda","datePublished":"2025-11-20T01:03:53+00:00","mainEntityOfPage":{"@id":"https:\/\/elcardinal.com\/?p=5287"},"wordCount":432,"commentCount":0,"publisher":{"@id":"https:\/\/elcardinal.com\/#organization"},"image":{"@id":"https:\/\/elcardinal.com\/?p=5287#primaryimage"},"thumbnailUrl":"https:\/\/elcardinal.com\/wp-content\/uploads\/2025\/11\/19.11.2025-1er.-concurso-de-cuento-y-poesia-6.jpg","articleSection":["Hidalgo","Minuto a Minuto","Pol\u00edtica"],"inLanguage":"es","potentialAction":[{"@type":"CommentAction","name":"Comment","target":["https:\/\/elcardinal.com\/?p=5287#respond"]}]},{"@type":"WebPage","@id":"https:\/\/elcardinal.com\/?p=5287","url":"https:\/\/elcardinal.com\/?p=5287","name":"Congreso de Hidalgo reconoce a escritores hidalguenses con Concurso de Cuento y Poes\u00eda - El Cardinal","isPartOf":{"@id":"https:\/\/elcardinal.com\/#website"},"primaryImageOfPage":{"@id":"https:\/\/elcardinal.com\/?p=5287#primaryimage"},"image":{"@id":"https:\/\/elcardinal.com\/?p=5287#primaryimage"},"thumbnailUrl":"https:\/\/elcardinal.com\/wp-content\/uploads\/2025\/11\/19.11.2025-1er.-concurso-de-cuento-y-poesia-6.jpg","datePublished":"2025-11-20T01:03:53+00:00","breadcrumb":{"@id":"https:\/\/elcardinal.com\/?p=5287#breadcrumb"},"inLanguage":"es","potentialAction":[{"@type":"ReadAction","target":["https:\/\/elcardinal.com\/?p=5287"]}]},{"@type":"ImageObject","inLanguage":"es","@id":"https:\/\/elcardinal.com\/?p=5287#primaryimage","url":"https:\/\/elcardinal.com\/wp-content\/uploads\/2025\/11\/19.11.2025-1er.-concurso-de-cuento-y-poesia-6.jpg","contentUrl":"https:\/\/elcardinal.com\/wp-content\/uploads\/2025\/11\/19.11.2025-1er.-concurso-de-cuento-y-poesia-6.jpg","width":2400,"height":1600,"caption":"CONGRESO_HIDALGO"},{"@type":"BreadcrumbList","@id":"https:\/\/elcardinal.com\/?p=5287#breadcrumb","itemListElement":[{"@type":"ListItem","position":1,"name":"Inicio","item":"https:\/\/elcardinal.com\/"},{"@type":"ListItem","position":2,"name":"Congreso de Hidalgo reconoce a escritores hidalguenses con Concurso de Cuento y Poes\u00eda"}]},{"@type":"WebSite","@id":"https:\/\/elcardinal.com\/#website","url":"https:\/\/elcardinal.com\/","name":"El Cardinal","description":"Periodismo honesto, con valor, sentido humano, a veces sarc\u00e1stico y divertido.","publisher":{"@id":"https:\/\/elcardinal.com\/#organization"},"alternateName":"El Cardinal Noticias","potentialAction":[{"@type":"SearchAction","target":{"@type":"EntryPoint","urlTemplate":"https:\/\/elcardinal.com\/?s={search_term_string}"},"query-input":{"@type":"PropertyValueSpecification","valueRequired":true,"valueName":"search_term_string"}}],"inLanguage":"es"},{"@type":"Organization","@id":"https:\/\/elcardinal.com\/#organization","name":"El Cardinal","url":"https:\/\/elcardinal.com\/","logo":{"@type":"ImageObject","inLanguage":"es","@id":"https:\/\/elcardinal.com\/#\/schema\/logo\/image\/","url":"https:\/\/elcardinal.com\/wp-content\/uploads\/2025\/04\/LOGO-EL-CARDINAL-Periodismo-con-valor.png","contentUrl":"https:\/\/elcardinal.com\/wp-content\/uploads\/2025\/04\/LOGO-EL-CARDINAL-Periodismo-con-valor.png","width":755,"height":636,"caption":"El Cardinal"},"image":{"@id":"https:\/\/elcardinal.com\/#\/schema\/logo\/image\/"},"sameAs":["https:\/\/www.facebook.com\/profile.php?id=100063093107011","https:\/\/x.com\/ElCardinal_Mx"]},{"@type":"Person","@id":"https:\/\/elcardinal.com\/#\/schema\/person\/3c352ec0a33987fe275c0e8a2ea69f8b","name":"Antonio Alcaraz","image":{"@type":"ImageObject","inLanguage":"es","@id":"https:\/\/elcardinal.com\/#\/schema\/person\/image\/","url":"https:\/\/elcardinal.com\/wp-content\/uploads\/2025\/05\/cropped-TONO-96x96.jpg","contentUrl":"https:\/\/elcardinal.com\/wp-content\/uploads\/2025\/05\/cropped-TONO-96x96.jpg","caption":"Antonio Alcaraz"},"url":"https:\/\/elcardinal.com\/?author=2"}]}},"_links":{"self":[{"href":"https:\/\/elcardinal.com\/index.php?rest_route=\/wp\/v2\/posts\/5287","targetHints":{"allow":["GET"]}}],"collection":[{"href":"https:\/\/elcardinal.com\/index.php?rest_route=\/wp\/v2\/posts"}],"about":[{"href":"https:\/\/elcardinal.com\/index.php?rest_route=\/wp\/v2\/types\/post"}],"author":[{"embeddable":true,"href":"https:\/\/elcardinal.com\/index.php?rest_route=\/wp\/v2\/users\/2"}],"replies":[{"embeddable":true,"href":"https:\/\/elcardinal.com\/index.php?rest_route=%2Fwp%2Fv2%2Fcomments&post=5287"}],"version-history":[{"count":1,"href":"https:\/\/elcardinal.com\/index.php?rest_route=\/wp\/v2\/posts\/5287\/revisions"}],"predecessor-version":[{"id":5289,"href":"https:\/\/elcardinal.com\/index.php?rest_route=\/wp\/v2\/posts\/5287\/revisions\/5289"}],"wp:featuredmedia":[{"embeddable":true,"href":"https:\/\/elcardinal.com\/index.php?rest_route=\/wp\/v2\/media\/5288"}],"wp:attachment":[{"href":"https:\/\/elcardinal.com\/index.php?rest_route=%2Fwp%2Fv2%2Fmedia&parent=5287"}],"wp:term":[{"taxonomy":"category","embeddable":true,"href":"https:\/\/elcardinal.com\/index.php?rest_route=%2Fwp%2Fv2%2Fcategories&post=5287"},{"taxonomy":"post_tag","embeddable":true,"href":"https:\/\/elcardinal.com\/index.php?rest_route=%2Fwp%2Fv2%2Ftags&post=5287"}],"curies":[{"name":"wp","href":"https:\/\/api.w.org\/{rel}","templated":true}]}}