{"id":5290,"date":"2025-11-19T19:11:18","date_gmt":"2025-11-20T01:11:18","guid":{"rendered":"https:\/\/elcardinal.com\/?p=5290"},"modified":"2025-11-19T19:11:18","modified_gmt":"2025-11-20T01:11:18","slug":"miguel-tello-comparece-ante-el-congreso-de-hidalgo-resalta-avances-para-el-estado","status":"publish","type":"post","link":"https:\/\/elcardinal.com\/?p=5290","title":{"rendered":"Miguel Tello comparece ante el Congreso de Hidalgo; resalta avances para el estado"},"content":{"rendered":"<p>&nbsp;<\/p>\n<p><span style=\"font-weight: 400;\">En sesi\u00f3n ordinaria, el titular de la Unidad de Planeaci\u00f3n y Prospectiva, <\/span><b>Miguel \u00c1ngel Tello Vargas <\/b><span style=\"font-weight: 400;\">compareci\u00f3 ante el <\/span><b>Congreso del Estado Libre y Soberano de<\/b> <b>Hidalgo<\/b><span style=\"font-weight: 400;\">, como parte del procedimiento relativo al tercer informe del estado que guardan los diversos ramos de la administraci\u00f3n p\u00fablica encabezada por el gobernador <\/span><b>Julio Menchaca Salazar<\/b><span style=\"font-weight: 400;\">.<\/span><\/p>\n<p><span style=\"font-weight: 400;\">En su mensaje, el presidente de la Junta de Gobierno, <\/span><b>Andr\u00e9s Vel\u00e1zquez V\u00e1zquez <\/b><span style=\"font-weight: 400;\">reconoci\u00f3 el trabajo del funcionario encabezado al frente de la unidad, \u201cinstancia rectora del proceso de planeaci\u00f3n del desarrollo estatal, encargada de formular, dar seguimiento y evaluar el rumbo que toma Hidalgo, a trav\u00e9s del Plan Estatal de Desarrollo y los programas que de \u00e9l derivan, con enfoque estrat\u00e9gico, sostenible y de bienestar para los hidalguenses\u201d.<\/span><\/p>\n<p><span style=\"font-weight: 400;\">En su discurso, el titular mencion\u00f3 que \u201cplanear en Hidalgo significa construir valor p\u00fablico, generar confianza, fortalecer tejido social y hacer que cada decisi\u00f3n de gobierno se traduzca en justicia y esperanza para nuestra gente. Durante muchos a\u00f1os, la planeaci\u00f3n fue entendida como un proceso t\u00e9cnico y distante, atrapado en estructuras r\u00edgidas y jer\u00e1rquicas. Ese modelo dio orden, pero tambi\u00e9n limit\u00f3 la capacidad del estado para responder a las nuevas demandas ciudadanas\u201d.<\/span><\/p>\n<p><span style=\"font-weight: 400;\">Dentro de los logros m\u00e1s destacados, el funcionario inform\u00f3 los siguientes:<\/span><\/p>\n<ul>\n<li style=\"font-weight: 400;\" aria-level=\"1\"><span style=\"font-weight: 400;\">La formulaci\u00f3n de 15 programas sectoriales de desarrollo.<\/span><\/li>\n<li style=\"font-weight: 400;\" aria-level=\"1\"><span style=\"font-weight: 400;\">La elaboraci\u00f3n de 65 programas institucionales de desarrollo.<\/span><\/li>\n<li style=\"font-weight: 400;\" aria-level=\"1\"><span style=\"font-weight: 400;\">La realizaci\u00f3n y publicaci\u00f3n de 437 instrumentos de planeaci\u00f3n.<\/span><\/li>\n<li style=\"font-weight: 400;\" aria-level=\"1\"><span style=\"font-weight: 400;\">El fortalecimiento de los Comit\u00e9s de Planeaci\u00f3n para el Desarrollo Municipal (Copladem), que permitieron recopilar m\u00e1s de 39 mil propuestas ciudadanas.<\/span><\/li>\n<li style=\"font-weight: 400;\" aria-level=\"1\"><span style=\"font-weight: 400;\">El saneamiento integral del r\u00edo Tula, en atenci\u00f3n a las prioridades de desarrollo regional.<\/span><\/li>\n<li style=\"font-weight: 400;\" aria-level=\"1\"><span style=\"font-weight: 400;\">En materia de simplificaci\u00f3n y digitalizaci\u00f3n, la intervenci\u00f3n de 340 tr\u00e1mites.<\/span><\/li>\n<li style=\"font-weight: 400;\" aria-level=\"1\"><span style=\"font-weight: 400;\">El Sistema de Evaluaci\u00f3n y Seguimiento monitorea m\u00e1s de mil indicadores.<\/span><\/li>\n<li style=\"font-weight: 400;\" aria-level=\"1\"><span style=\"font-weight: 400;\">La creaci\u00f3n de los 84 planes municipales de desarrollo y la actualizaci\u00f3n del Plan Estatal.<\/span><\/li>\n<li style=\"font-weight: 400;\" aria-level=\"1\"><span style=\"font-weight: 400;\">A trav\u00e9s del Consejo de Ciencia, Tecnolog\u00eda e Innovaci\u00f3n de Hidalgo (Citnova), la inversi\u00f3n de 25 millones de pesos en 113 becas de posgrado y 10 millones para 42 proyectos de innovaci\u00f3n.<\/span><\/li>\n<\/ul>\n<p>&nbsp;<\/p>\n<p><span style=\"font-weight: 400;\">En sesi\u00f3n de preguntas y respuestas, la diputada <\/span><b>Rosalba Mart\u00ednez Olivares<\/b><span style=\"font-weight: 400;\"> (PVEM) cuesti\u00f3n qu\u00e9 criterios t\u00e9cnicos y sociales ha definido la unidad para garantizar que cada desarrollo de vivienda social est\u00e9 correctamente ubicado, cuente con servicios esenciales y respete los planes de ordenamiento territorial y los Atlas de Riesgo, adem\u00e1s de los mecanismos concretos de seguimiento y evaluaci\u00f3n para que estas viviendas no queden como proyectos aislados o generen segregaci\u00f3n, problemas de movilidad o sobrecarga de servicios p\u00fablicos; por lo que el funcionario explic\u00f3 que cuando culmine la construcci\u00f3n en estos predios, \u201ctendremos que ir actualizando estos procesos y estos proyectos. Porque la gran mayor\u00eda de estos proyectos que son construidos, con recursos del Infonavit, har\u00e1n que las zonas alrededor cambien de forma muy r\u00e1pida\u201d.<\/span><\/p>\n<p><span style=\"font-weight: 400;\">El legislador <\/span><b>Juli\u00e1n Nochebuena Hern\u00e1ndez<\/b><span style=\"font-weight: 400;\"> (Morena) pregunt\u00f3 sobre las herramientas de an\u00e1lisis territorial, prospectivo o de priorizaci\u00f3n, si existe un mapa de desigualdades o un sistema de indicadores que gu\u00ede decisiones de inversi\u00f3n hacia las zonas con mayor rezago o una cartera de proyectos estrat\u00e9gicos de infraestructura, movilidad, desarrollo social o econ\u00f3mico, espec\u00edficamente dise\u00f1ados para la Sierra y la Huasteca.<\/span><\/p>\n<p><span style=\"font-weight: 400;\">Adem\u00e1s, cuestion\u00f3 la eficacia del concurso para seleccionar proyectos de remodelaci\u00f3n de espacios p\u00fablicos a trav\u00e9s de redes sociales; por lo que el funcionario record\u00f3 que en el 2023 se realiz\u00f3 un Consejo de Planeaci\u00f3n para el Desarrollo Regional, el cual se recibieron una gran cantidad de proyectos que se requer\u00edan en la Huasteca y la Sierra; por otro lado, el titular comparti\u00f3 que en la Consulta Ciudadana Digital, las comunidades fueron tomadas en cuenta, \u201cse organizaron y entre todos solicitaron ser visibilizados\u201d.<\/span><\/p>\n<p><span style=\"font-weight: 400;\">El diputado <\/span><b>Marco Antonio Mendoza Bustamante<\/b><span style=\"font-weight: 400;\"> (PRI) solicit\u00f3 informaci\u00f3n sobre c\u00f3mo la planeaci\u00f3n impacta la vida de las y los hidalguenses, cu\u00e1ntas evaluaciones se realizaron y cu\u00e1ntas modificaciones se realizaron a las pol\u00edticas p\u00fablicas, por lo que el funcionario asegur\u00f3 que Ley de Planeaci\u00f3n y Perspectiva y Org\u00e1nica permite a la unidad involucrarse en los procesos de planeaci\u00f3n conducentes y \u201chemos estado involucrados en las distintas regiones del estado y en los distintos sectores buscando coordinarnos para los proyectos estrat\u00e9gicos del gobierno de M\u00e9xico\u201d.<\/span><\/p>\n<p><span style=\"font-weight: 400;\">El legislador pidi\u00f3 conocer m\u00e1s a fondo el trabajo t\u00e9cnico que hay detr\u00e1s de cada obra, por lo que el titular asever\u00f3 que el proceso en el que se involucra la Unidad de Planeaci\u00f3n y Perspectiva es en la escucha, construcci\u00f3n y el planteamiento de los objetivos.<\/span><\/p>\n<p><span style=\"font-weight: 400;\">La diputada <\/span><b>Johana Montcerrat Hern\u00e1ndez P\u00e9rez<\/b><span style=\"font-weight: 400;\"> (PRI) cuestion\u00f3 los planes trazados para la zona metropolitana de Hidalgo, adem\u00e1s de la justificaci\u00f3n para que no exista cobertura real para el ordenamiento territorial, por lo que el titular explic\u00f3 que \u201csi bien no tenemos recursos para hacer todos los programas municipales de desarrollo urbano, nos hemos adaptado a las circunstancias del presupuesto preponderando los lugares donde viven la mayor\u00eda de los hidalguenses\u201d.<\/span><\/p>\n<p><span style=\"font-weight: 400;\">La legisladora tambi\u00e9n pregunt\u00f3 si plataformas como el Laboratorio de Pol\u00edticas P\u00fablicas inciden en la correcci\u00f3n de pol\u00edticas p\u00fablicas, por lo que el funcionario detall\u00f3 que en cada uno de los productos que genera el laboratorio se lleva a cabo un proceso de evaluaci\u00f3n previo \u201cpara saber d\u00f3nde estamos parados. Las consultas p\u00fablicas son procesos de evaluaci\u00f3n\u201d.<\/span><\/p>\n<p><span style=\"font-weight: 400;\">El diputado <\/span><b>Carlos Alejandro Alc\u00e1ntara Carbajal<\/b><span style=\"font-weight: 400;\"> (MC) lament\u00f3 que la unidad omitiera a las poblaciones LGBTTIQ+ en el Plan Estatal de Desarrollo 2022-2028. Sobre estrategias, metas e indicadores dirigidos a este sector, por lo que el titular record\u00f3 que el plan asegura el pleno respeto y ejercicio de los derechos humanos de la poblaci\u00f3n. \u201cMuy probablemente no sea suficiente, por lo que se llevar\u00e1 a cabo un proceso de actualizaci\u00f3n\u201d.<\/span><\/p>\n<p><span style=\"font-weight: 400;\">El legislador tambi\u00e9n cuestion\u00f3 que, en estos foros de actualizaci\u00f3n, cu\u00e1l es la estrategia a seguir para incluir a estas poblaciones, por lo que el funcionario mencion\u00f3 que llevan a cabo cuatro tipos de reuniones, entre ellas las sectoriales.<\/span><\/p>\n<p><span style=\"font-weight: 400;\">La diputada <\/span><b>Claudia Lilia Luna Islas<\/b><span style=\"font-weight: 400;\"> (PAN) pregunt\u00f3 si de las observaciones hechas en la obra p\u00fablica ha existido alguna reorientaci\u00f3n y sobre los elementos que se toman en cuenta para aplicar la inversi\u00f3n, por lo que el titular mencion\u00f3 que enviar\u00e1 dichos indicadores a la legisladora.<\/span><\/p>\n<p><span style=\"font-weight: 400;\">La legisladora tambi\u00e9n cuestion\u00f3 si la unidad participa en la planeaci\u00f3n de las obras p\u00fablicas en v\u00edas y calles de Pachuca, as\u00ed como en la distribuci\u00f3n del agua, por lo que el funcionario explic\u00f3 que \u201cnosotros no nos involucramos en ese proceso, el cual es sumamente burocr\u00e1tico\u201d.<\/span><\/p>\n<p><span style=\"font-weight: 400;\">La diputada <\/span><b>Paloma Barrag\u00e1n<\/b> <b>Santos<\/b><span style=\"font-weight: 400;\"> (Morena) solicit\u00f3 informaci\u00f3n sobre c\u00f3mo gracias a la adopci\u00f3n de decisiones basadas en evidencia cient\u00edfica, mejor\u00f3 el dise\u00f1o y evaluaci\u00f3n de los programas sociales, en espec\u00edfico, c\u00f3mo ha impactado la adopci\u00f3n de datos y el uso de la inteligencia artificial en la eficiencia gubernamental y de programas sociales, por lo que el funcionario record\u00f3 que por primera vez en nueve a\u00f1os, el estado invierte en investigaci\u00f3n: \u201chablo de las becas, el proceso de simplificaci\u00f3n, el proceso de digitalizaci\u00f3n y todav\u00eda nos faltan muchas cosas por hacer\u201d.<\/span><\/p>\n<p><span style=\"font-weight: 400;\">El legislador <\/span><b>Avelino Tovar Iglesias<\/b><span style=\"font-weight: 400;\"> (PVEM) solicit\u00f3 conocer el m\u00e9todo t\u00e9cnico y p\u00fablico que se utiliza para priorizar qu\u00e9 obras se realizan, d\u00f3nde y por qu\u00e9, por lo que el titular indic\u00f3 que primero se realiza un proceso de diagn\u00f3stico en las obras estatales y municipales. \u201cEste proceso de diagn\u00f3stico se le presenta al \u00e1rea ejecutora, la cual lleva a cabo un proceso de evaluaci\u00f3n para saber la gu\u00eda a tomar\u201d.<\/span><\/p>\n<p><span style=\"font-weight: 400;\">El diputado tambi\u00e9n cuestion\u00f3 sobre los criterios t\u00e9cnicos determinaron que las inversiones prioritarias como las nuevas instalaciones del Poder Ejecutivo, frente a proyectos regionales de alto impacto, por lo que el titular especific\u00f3 que en dicho proyecto, se hicieron distintos an\u00e1lisis de pertinencia, identificando recursos considerables e importantes, algunos tangibles e intangibles.<\/span><\/p>\n<p><span style=\"font-weight: 400;\">Finalmente, el legislador <\/span><b>Aldo Meza Hern\u00e1ndez<\/b><span style=\"font-weight: 400;\"> (Morena) pregunt\u00f3 sobre la metodolog\u00eda que ha seguido la Unidad de Planeaci\u00f3n para alinear el PED con las necesidades reales del territorio y sus regiones, adem\u00e1s de c\u00f3mo se garantiza la participaci\u00f3n social y t\u00e9cnica en este proceso y qu\u00e9 mecanismos se implementaron para asegurar que las voces de todos los sectores de la sociedad fueran escuchados y considerados, por lo que el funcionario detall\u00f3 que tambi\u00e9n se realizan foros de consulta de forma transversal en todos los sectores y regiones, \u201ca cada uno les presentamos la situaci\u00f3n actual del estado, de lo cual deriva un an\u00e1lisis de datos\u201d.<\/span><\/p>\n","protected":false},"excerpt":{"rendered":"<p>&nbsp; En sesi\u00f3n ordinaria, el titular de la Unidad de Planeaci\u00f3n y Prospectiva, Miguel \u00c1ngel Tello Vargas compareci\u00f3 ante el Congreso del Estado Libre y Soberano de Hidalgo, como parte del procedimiento relativo al tercer informe del estado que guardan los diversos ramos de la administraci\u00f3n p\u00fablica encabezada por el gobernador Julio Menchaca Salazar. En<\/p>\n","protected":false},"author":2,"featured_media":5291,"comment_status":"open","ping_status":"open","sticky":false,"template":"","format":"standard","meta":{"footnotes":""},"categories":[31,44,39],"tags":[],"class_list":{"0":"post-5290","1":"post","2":"type-post","3":"status-publish","4":"format-standard","5":"has-post-thumbnail","7":"category-hidalgo","8":"category-minuto-a-minuto","9":"category-politica"},"yoast_head":"<!-- This site is optimized with the Yoast SEO plugin v26.1.1 - https:\/\/yoast.com\/wordpress\/plugins\/seo\/ -->\n<title>Miguel Tello comparece ante el Congreso de Hidalgo; resalta avances para el estado - El Cardinal<\/title>\n<meta name=\"robots\" content=\"index, follow, max-snippet:-1, max-image-preview:large, max-video-preview:-1\" \/>\n<link rel=\"canonical\" href=\"https:\/\/elcardinal.com\/?p=5290\" \/>\n<meta property=\"og:locale\" content=\"es_MX\" \/>\n<meta property=\"og:type\" content=\"article\" \/>\n<meta property=\"og:title\" content=\"Miguel Tello comparece ante el Congreso de Hidalgo; resalta avances para el estado - El Cardinal\" \/>\n<meta property=\"og:description\" content=\"&nbsp; En sesi\u00f3n ordinaria, el titular de la Unidad de Planeaci\u00f3n y Prospectiva, Miguel \u00c1ngel Tello Vargas compareci\u00f3 ante el Congreso del Estado Libre y Soberano de Hidalgo, como parte del procedimiento relativo al tercer informe del estado que guardan los diversos ramos de la administraci\u00f3n p\u00fablica encabezada por el gobernador Julio Menchaca Salazar. En\" \/>\n<meta property=\"og:url\" content=\"https:\/\/elcardinal.com\/?p=5290\" \/>\n<meta property=\"og:site_name\" content=\"El Cardinal\" \/>\n<meta property=\"article:publisher\" content=\"https:\/\/www.facebook.com\/profile.php?id=100063093107011\" \/>\n<meta property=\"article:published_time\" content=\"2025-11-20T01:11:18+00:00\" \/>\n<meta property=\"og:image\" content=\"https:\/\/elcardinal.com\/wp-content\/uploads\/2025\/11\/Comparecencia-18.11.2025-Unidad-de-Planeacion-y-Prospectiva-52-scaled.jpg\" \/>\n\t<meta property=\"og:image:width\" content=\"2560\" \/>\n\t<meta property=\"og:image:height\" content=\"1832\" \/>\n\t<meta property=\"og:image:type\" content=\"image\/jpeg\" \/>\n<meta name=\"author\" content=\"Antonio Alcaraz\" \/>\n<meta name=\"twitter:card\" content=\"summary_large_image\" \/>\n<meta name=\"twitter:creator\" content=\"@ElCardinal_Mx\" \/>\n<meta name=\"twitter:site\" content=\"@ElCardinal_Mx\" \/>\n<meta name=\"twitter:label1\" content=\"Escrito por\" \/>\n\t<meta name=\"twitter:data1\" content=\"Antonio Alcaraz\" \/>\n\t<meta name=\"twitter:label2\" content=\"Tiempo de lectura\" \/>\n\t<meta name=\"twitter:data2\" content=\"7 minutos\" \/>\n<script type=\"application\/ld+json\" class=\"yoast-schema-graph\">{\"@context\":\"https:\/\/schema.org\",\"@graph\":[{\"@type\":\"Article\",\"@id\":\"https:\/\/elcardinal.com\/?p=5290#article\",\"isPartOf\":{\"@id\":\"https:\/\/elcardinal.com\/?p=5290\"},\"author\":{\"name\":\"Antonio Alcaraz\",\"@id\":\"https:\/\/elcardinal.com\/#\/schema\/person\/3c352ec0a33987fe275c0e8a2ea69f8b\"},\"headline\":\"Miguel Tello comparece ante el Congreso de Hidalgo; resalta avances para el estado\",\"datePublished\":\"2025-11-20T01:11:18+00:00\",\"mainEntityOfPage\":{\"@id\":\"https:\/\/elcardinal.com\/?p=5290\"},\"wordCount\":1539,\"commentCount\":0,\"publisher\":{\"@id\":\"https:\/\/elcardinal.com\/#organization\"},\"image\":{\"@id\":\"https:\/\/elcardinal.com\/?p=5290#primaryimage\"},\"thumbnailUrl\":\"https:\/\/elcardinal.com\/wp-content\/uploads\/2025\/11\/Comparecencia-18.11.2025-Unidad-de-Planeacion-y-Prospectiva-52-scaled.jpg\",\"articleSection\":[\"Hidalgo\",\"Minuto a Minuto\",\"Pol\u00edtica\"],\"inLanguage\":\"es\",\"potentialAction\":[{\"@type\":\"CommentAction\",\"name\":\"Comment\",\"target\":[\"https:\/\/elcardinal.com\/?p=5290#respond\"]}]},{\"@type\":\"WebPage\",\"@id\":\"https:\/\/elcardinal.com\/?p=5290\",\"url\":\"https:\/\/elcardinal.com\/?p=5290\",\"name\":\"Miguel Tello comparece ante el Congreso de Hidalgo; resalta avances para el estado - El Cardinal\",\"isPartOf\":{\"@id\":\"https:\/\/elcardinal.com\/#website\"},\"primaryImageOfPage\":{\"@id\":\"https:\/\/elcardinal.com\/?p=5290#primaryimage\"},\"image\":{\"@id\":\"https:\/\/elcardinal.com\/?p=5290#primaryimage\"},\"thumbnailUrl\":\"https:\/\/elcardinal.com\/wp-content\/uploads\/2025\/11\/Comparecencia-18.11.2025-Unidad-de-Planeacion-y-Prospectiva-52-scaled.jpg\",\"datePublished\":\"2025-11-20T01:11:18+00:00\",\"breadcrumb\":{\"@id\":\"https:\/\/elcardinal.com\/?p=5290#breadcrumb\"},\"inLanguage\":\"es\",\"potentialAction\":[{\"@type\":\"ReadAction\",\"target\":[\"https:\/\/elcardinal.com\/?p=5290\"]}]},{\"@type\":\"ImageObject\",\"inLanguage\":\"es\",\"@id\":\"https:\/\/elcardinal.com\/?p=5290#primaryimage\",\"url\":\"https:\/\/elcardinal.com\/wp-content\/uploads\/2025\/11\/Comparecencia-18.11.2025-Unidad-de-Planeacion-y-Prospectiva-52-scaled.jpg\",\"contentUrl\":\"https:\/\/elcardinal.com\/wp-content\/uploads\/2025\/11\/Comparecencia-18.11.2025-Unidad-de-Planeacion-y-Prospectiva-52-scaled.jpg\",\"width\":2560,\"height\":1832},{\"@type\":\"BreadcrumbList\",\"@id\":\"https:\/\/elcardinal.com\/?p=5290#breadcrumb\",\"itemListElement\":[{\"@type\":\"ListItem\",\"position\":1,\"name\":\"Inicio\",\"item\":\"https:\/\/elcardinal.com\/\"},{\"@type\":\"ListItem\",\"position\":2,\"name\":\"Miguel Tello comparece ante el Congreso de Hidalgo; resalta avances para el estado\"}]},{\"@type\":\"WebSite\",\"@id\":\"https:\/\/elcardinal.com\/#website\",\"url\":\"https:\/\/elcardinal.com\/\",\"name\":\"El Cardinal\",\"description\":\"Periodismo honesto, con valor, sentido humano, a veces sarc\u00e1stico y divertido.\",\"publisher\":{\"@id\":\"https:\/\/elcardinal.com\/#organization\"},\"alternateName\":\"El Cardinal Noticias\",\"potentialAction\":[{\"@type\":\"SearchAction\",\"target\":{\"@type\":\"EntryPoint\",\"urlTemplate\":\"https:\/\/elcardinal.com\/?s={search_term_string}\"},\"query-input\":{\"@type\":\"PropertyValueSpecification\",\"valueRequired\":true,\"valueName\":\"search_term_string\"}}],\"inLanguage\":\"es\"},{\"@type\":\"Organization\",\"@id\":\"https:\/\/elcardinal.com\/#organization\",\"name\":\"El Cardinal\",\"url\":\"https:\/\/elcardinal.com\/\",\"logo\":{\"@type\":\"ImageObject\",\"inLanguage\":\"es\",\"@id\":\"https:\/\/elcardinal.com\/#\/schema\/logo\/image\/\",\"url\":\"https:\/\/elcardinal.com\/wp-content\/uploads\/2025\/04\/LOGO-EL-CARDINAL-Periodismo-con-valor.png\",\"contentUrl\":\"https:\/\/elcardinal.com\/wp-content\/uploads\/2025\/04\/LOGO-EL-CARDINAL-Periodismo-con-valor.png\",\"width\":755,\"height\":636,\"caption\":\"El Cardinal\"},\"image\":{\"@id\":\"https:\/\/elcardinal.com\/#\/schema\/logo\/image\/\"},\"sameAs\":[\"https:\/\/www.facebook.com\/profile.php?id=100063093107011\",\"https:\/\/x.com\/ElCardinal_Mx\"]},{\"@type\":\"Person\",\"@id\":\"https:\/\/elcardinal.com\/#\/schema\/person\/3c352ec0a33987fe275c0e8a2ea69f8b\",\"name\":\"Antonio Alcaraz\",\"image\":{\"@type\":\"ImageObject\",\"inLanguage\":\"es\",\"@id\":\"https:\/\/elcardinal.com\/#\/schema\/person\/image\/\",\"url\":\"https:\/\/elcardinal.com\/wp-content\/uploads\/2025\/05\/cropped-TONO-96x96.jpg\",\"contentUrl\":\"https:\/\/elcardinal.com\/wp-content\/uploads\/2025\/05\/cropped-TONO-96x96.jpg\",\"caption\":\"Antonio Alcaraz\"},\"url\":\"https:\/\/elcardinal.com\/?author=2\"}]}<\/script>\n<!-- \/ Yoast SEO plugin. -->","yoast_head_json":{"title":"Miguel Tello comparece ante el Congreso de Hidalgo; resalta avances para el estado - El Cardinal","robots":{"index":"index","follow":"follow","max-snippet":"max-snippet:-1","max-image-preview":"max-image-preview:large","max-video-preview":"max-video-preview:-1"},"canonical":"https:\/\/elcardinal.com\/?p=5290","og_locale":"es_MX","og_type":"article","og_title":"Miguel Tello comparece ante el Congreso de Hidalgo; resalta avances para el estado - El Cardinal","og_description":"&nbsp; En sesi\u00f3n ordinaria, el titular de la Unidad de Planeaci\u00f3n y Prospectiva, Miguel \u00c1ngel Tello Vargas compareci\u00f3 ante el Congreso del Estado Libre y Soberano de Hidalgo, como parte del procedimiento relativo al tercer informe del estado que guardan los diversos ramos de la administraci\u00f3n p\u00fablica encabezada por el gobernador Julio Menchaca Salazar. En","og_url":"https:\/\/elcardinal.com\/?p=5290","og_site_name":"El Cardinal","article_publisher":"https:\/\/www.facebook.com\/profile.php?id=100063093107011","article_published_time":"2025-11-20T01:11:18+00:00","og_image":[{"width":2560,"height":1832,"url":"https:\/\/elcardinal.com\/wp-content\/uploads\/2025\/11\/Comparecencia-18.11.2025-Unidad-de-Planeacion-y-Prospectiva-52-scaled.jpg","type":"image\/jpeg"}],"author":"Antonio Alcaraz","twitter_card":"summary_large_image","twitter_creator":"@ElCardinal_Mx","twitter_site":"@ElCardinal_Mx","twitter_misc":{"Escrito por":"Antonio Alcaraz","Tiempo de lectura":"7 minutos"},"schema":{"@context":"https:\/\/schema.org","@graph":[{"@type":"Article","@id":"https:\/\/elcardinal.com\/?p=5290#article","isPartOf":{"@id":"https:\/\/elcardinal.com\/?p=5290"},"author":{"name":"Antonio Alcaraz","@id":"https:\/\/elcardinal.com\/#\/schema\/person\/3c352ec0a33987fe275c0e8a2ea69f8b"},"headline":"Miguel Tello comparece ante el Congreso de Hidalgo; resalta avances para el estado","datePublished":"2025-11-20T01:11:18+00:00","mainEntityOfPage":{"@id":"https:\/\/elcardinal.com\/?p=5290"},"wordCount":1539,"commentCount":0,"publisher":{"@id":"https:\/\/elcardinal.com\/#organization"},"image":{"@id":"https:\/\/elcardinal.com\/?p=5290#primaryimage"},"thumbnailUrl":"https:\/\/elcardinal.com\/wp-content\/uploads\/2025\/11\/Comparecencia-18.11.2025-Unidad-de-Planeacion-y-Prospectiva-52-scaled.jpg","articleSection":["Hidalgo","Minuto a Minuto","Pol\u00edtica"],"inLanguage":"es","potentialAction":[{"@type":"CommentAction","name":"Comment","target":["https:\/\/elcardinal.com\/?p=5290#respond"]}]},{"@type":"WebPage","@id":"https:\/\/elcardinal.com\/?p=5290","url":"https:\/\/elcardinal.com\/?p=5290","name":"Miguel Tello comparece ante el Congreso de Hidalgo; resalta avances para el estado - El Cardinal","isPartOf":{"@id":"https:\/\/elcardinal.com\/#website"},"primaryImageOfPage":{"@id":"https:\/\/elcardinal.com\/?p=5290#primaryimage"},"image":{"@id":"https:\/\/elcardinal.com\/?p=5290#primaryimage"},"thumbnailUrl":"https:\/\/elcardinal.com\/wp-content\/uploads\/2025\/11\/Comparecencia-18.11.2025-Unidad-de-Planeacion-y-Prospectiva-52-scaled.jpg","datePublished":"2025-11-20T01:11:18+00:00","breadcrumb":{"@id":"https:\/\/elcardinal.com\/?p=5290#breadcrumb"},"inLanguage":"es","potentialAction":[{"@type":"ReadAction","target":["https:\/\/elcardinal.com\/?p=5290"]}]},{"@type":"ImageObject","inLanguage":"es","@id":"https:\/\/elcardinal.com\/?p=5290#primaryimage","url":"https:\/\/elcardinal.com\/wp-content\/uploads\/2025\/11\/Comparecencia-18.11.2025-Unidad-de-Planeacion-y-Prospectiva-52-scaled.jpg","contentUrl":"https:\/\/elcardinal.com\/wp-content\/uploads\/2025\/11\/Comparecencia-18.11.2025-Unidad-de-Planeacion-y-Prospectiva-52-scaled.jpg","width":2560,"height":1832},{"@type":"BreadcrumbList","@id":"https:\/\/elcardinal.com\/?p=5290#breadcrumb","itemListElement":[{"@type":"ListItem","position":1,"name":"Inicio","item":"https:\/\/elcardinal.com\/"},{"@type":"ListItem","position":2,"name":"Miguel Tello comparece ante el Congreso de Hidalgo; resalta avances para el estado"}]},{"@type":"WebSite","@id":"https:\/\/elcardinal.com\/#website","url":"https:\/\/elcardinal.com\/","name":"El Cardinal","description":"Periodismo honesto, con valor, sentido humano, a veces sarc\u00e1stico y divertido.","publisher":{"@id":"https:\/\/elcardinal.com\/#organization"},"alternateName":"El Cardinal Noticias","potentialAction":[{"@type":"SearchAction","target":{"@type":"EntryPoint","urlTemplate":"https:\/\/elcardinal.com\/?s={search_term_string}"},"query-input":{"@type":"PropertyValueSpecification","valueRequired":true,"valueName":"search_term_string"}}],"inLanguage":"es"},{"@type":"Organization","@id":"https:\/\/elcardinal.com\/#organization","name":"El Cardinal","url":"https:\/\/elcardinal.com\/","logo":{"@type":"ImageObject","inLanguage":"es","@id":"https:\/\/elcardinal.com\/#\/schema\/logo\/image\/","url":"https:\/\/elcardinal.com\/wp-content\/uploads\/2025\/04\/LOGO-EL-CARDINAL-Periodismo-con-valor.png","contentUrl":"https:\/\/elcardinal.com\/wp-content\/uploads\/2025\/04\/LOGO-EL-CARDINAL-Periodismo-con-valor.png","width":755,"height":636,"caption":"El Cardinal"},"image":{"@id":"https:\/\/elcardinal.com\/#\/schema\/logo\/image\/"},"sameAs":["https:\/\/www.facebook.com\/profile.php?id=100063093107011","https:\/\/x.com\/ElCardinal_Mx"]},{"@type":"Person","@id":"https:\/\/elcardinal.com\/#\/schema\/person\/3c352ec0a33987fe275c0e8a2ea69f8b","name":"Antonio Alcaraz","image":{"@type":"ImageObject","inLanguage":"es","@id":"https:\/\/elcardinal.com\/#\/schema\/person\/image\/","url":"https:\/\/elcardinal.com\/wp-content\/uploads\/2025\/05\/cropped-TONO-96x96.jpg","contentUrl":"https:\/\/elcardinal.com\/wp-content\/uploads\/2025\/05\/cropped-TONO-96x96.jpg","caption":"Antonio Alcaraz"},"url":"https:\/\/elcardinal.com\/?author=2"}]}},"_links":{"self":[{"href":"https:\/\/elcardinal.com\/index.php?rest_route=\/wp\/v2\/posts\/5290","targetHints":{"allow":["GET"]}}],"collection":[{"href":"https:\/\/elcardinal.com\/index.php?rest_route=\/wp\/v2\/posts"}],"about":[{"href":"https:\/\/elcardinal.com\/index.php?rest_route=\/wp\/v2\/types\/post"}],"author":[{"embeddable":true,"href":"https:\/\/elcardinal.com\/index.php?rest_route=\/wp\/v2\/users\/2"}],"replies":[{"embeddable":true,"href":"https:\/\/elcardinal.com\/index.php?rest_route=%2Fwp%2Fv2%2Fcomments&post=5290"}],"version-history":[{"count":1,"href":"https:\/\/elcardinal.com\/index.php?rest_route=\/wp\/v2\/posts\/5290\/revisions"}],"predecessor-version":[{"id":5292,"href":"https:\/\/elcardinal.com\/index.php?rest_route=\/wp\/v2\/posts\/5290\/revisions\/5292"}],"wp:featuredmedia":[{"embeddable":true,"href":"https:\/\/elcardinal.com\/index.php?rest_route=\/wp\/v2\/media\/5291"}],"wp:attachment":[{"href":"https:\/\/elcardinal.com\/index.php?rest_route=%2Fwp%2Fv2%2Fmedia&parent=5290"}],"wp:term":[{"taxonomy":"category","embeddable":true,"href":"https:\/\/elcardinal.com\/index.php?rest_route=%2Fwp%2Fv2%2Fcategories&post=5290"},{"taxonomy":"post_tag","embeddable":true,"href":"https:\/\/elcardinal.com\/index.php?rest_route=%2Fwp%2Fv2%2Ftags&post=5290"}],"curies":[{"name":"wp","href":"https:\/\/api.w.org\/{rel}","templated":true}]}}