{"id":5293,"date":"2025-11-19T19:18:29","date_gmt":"2025-11-20T01:18:29","guid":{"rendered":"https:\/\/elcardinal.com\/?p=5293"},"modified":"2025-11-19T19:18:46","modified_gmt":"2025-11-20T01:18:46","slug":"realiza-prdh-taller-libertad-de-expresion-por-un-hidalgo-con-justicia-social","status":"publish","type":"post","link":"https:\/\/elcardinal.com\/?p=5293","title":{"rendered":"Realiza PRDH taller \u201cLibertad de Expresi\u00f3n por un Hidalgo con Justicia Social\u201d"},"content":{"rendered":"<p>Redacci\u00f3n<\/p>\n<p>El Partido de la Revoluci\u00f3n Democr\u00e1tica Hidalgo (PRDH) llev\u00f3 a cabo el taller \u201cLibertad de Expresi\u00f3n por un Hidalgo con Justicia Social\u201d, impartido por el acad\u00e9mico y exvocero presidencial Rub\u00e9n Aguilar Valenzuela, quien destac\u00f3 que la libertad de expresi\u00f3n es condici\u00f3n indispensable para la vida democr\u00e1tica.<\/p>\n<p>Durante su intervenci\u00f3n, Aguilar Valenzuela se\u00f1al\u00f3 que s\u00f3lo en sociedades democr\u00e1ticas existen verdaderas garant\u00edas para ejercer este derecho, pues requieren justicia social y el acceso pleno a derechos como educaci\u00f3n, salud, vivienda y seguridad.<\/p>\n<p>Alert\u00f3 sobre el contexto actual del pa\u00eds, donde se han registrado agresiones y asesinatos de periodistas, as\u00ed como pr\u00e1cticas de infiltraci\u00f3n en manifestaciones, lo que \u2014dijo\u2014 constituye una forma de represi\u00f3n. Record\u00f3 que el Estado tiene la obligaci\u00f3n constitucional de asegurar el libre acceso a la informaci\u00f3n, sin censura, intimidaci\u00f3n ni restricciones.<\/p>\n<p>\u201cEl gobierno debe garantizar el espacio para que medios, comentaristas, iglesias y ciudadan\u00eda expresen lo que quieran decir, y el poder tiene que escuchar; si no hay libertad de expresi\u00f3n, no hay democracia\u201d, afirm\u00f3.<\/p>\n<p>Aguilar Valenzuela tambi\u00e9n subray\u00f3 que gobernar es comunicar, y que un gobierno que no comunica, \u201csimplemente no existe\u201d. A\u00f1adi\u00f3 que son las y los ciudadanos quienes ensanchan el espacio de la libertad de expresi\u00f3n mediante la b\u00fasqueda activa de informaci\u00f3n. Como ejemplo, mencion\u00f3 el caso de Francia, donde se ense\u00f1an cursos sobre el uso de redes para acceder a informaci\u00f3n p\u00fablica.<\/p>\n<p>Asimismo, plante\u00f3 que, ante pr\u00e1cticas que no favorecen la libertad de expresi\u00f3n, es necesario que surjan m\u00e1s medios alternativos y locales, pues \u201centre m\u00e1s local es mejor\u201d, y llam\u00f3 a impulsar alternativas propias que contrarresten los intentos de control medi\u00e1tico.<\/p>\n<p>\u201cLa justicia social y la libertad de expresi\u00f3n deben caminar juntas\u201d: H\u00e9ctor Ch\u00e1vez Ruiz<\/p>\n<p>Al concluir el taller, el dirigente del PRDH, H\u00e9ctor Ch\u00e1vez Ruiz, destac\u00f3 la importancia de este tipo de ejercicios formativos dentro del partido, pues fortalecen su vocaci\u00f3n progresista y su compromiso con los derechos civiles y sociales.<\/p>\n<p>\u201cLa justicia social y la libertad de expresi\u00f3n deben caminar juntas. La ciudadan\u00eda solo puede participar y criticar con libertad cuando vive en un entorno seguro, con pleno acceso a sus derechos y con instituciones democr\u00e1ticas fuertes\u201d, afirm\u00f3.<\/p>\n<p>Ch\u00e1vez Ruiz reiter\u00f3 que el PRDH continuar\u00e1 impulsando actividades que promuevan la participaci\u00f3n ciudadana, el pensamiento cr\u00edtico y la defensa de la libertad de expresi\u00f3n como pilar de la democracia.<\/p>\n","protected":false},"excerpt":{"rendered":"<p>Redacci\u00f3n El Partido de la Revoluci\u00f3n Democr\u00e1tica Hidalgo (PRDH) llev\u00f3 a cabo el taller \u201cLibertad de Expresi\u00f3n por un Hidalgo con Justicia Social\u201d, impartido por el acad\u00e9mico y exvocero presidencial Rub\u00e9n Aguilar Valenzuela, quien destac\u00f3 que la libertad de expresi\u00f3n es condici\u00f3n indispensable para la vida democr\u00e1tica. Durante su intervenci\u00f3n, Aguilar Valenzuela se\u00f1al\u00f3 que s\u00f3lo<\/p>\n","protected":false},"author":2,"featured_media":5294,"comment_status":"open","ping_status":"open","sticky":false,"template":"","format":"standard","meta":{"footnotes":""},"categories":[31,32,44,39],"tags":[],"class_list":{"0":"post-5293","1":"post","2":"type-post","3":"status-publish","4":"format-standard","5":"has-post-thumbnail","7":"category-hidalgo","8":"category-metropoli","9":"category-minuto-a-minuto","10":"category-politica"},"yoast_head":"<!-- This site is optimized with the Yoast SEO plugin v26.1.1 - https:\/\/yoast.com\/wordpress\/plugins\/seo\/ -->\n<title>Realiza PRDH taller \u201cLibertad de Expresi\u00f3n por un Hidalgo con Justicia Social\u201d - El Cardinal<\/title>\n<meta name=\"robots\" content=\"index, follow, max-snippet:-1, max-image-preview:large, max-video-preview:-1\" \/>\n<link rel=\"canonical\" href=\"https:\/\/elcardinal.com\/?p=5293\" \/>\n<meta property=\"og:locale\" content=\"es_MX\" \/>\n<meta property=\"og:type\" content=\"article\" \/>\n<meta property=\"og:title\" content=\"Realiza PRDH taller \u201cLibertad de Expresi\u00f3n por un Hidalgo con Justicia Social\u201d - El Cardinal\" \/>\n<meta property=\"og:description\" content=\"Redacci\u00f3n El Partido de la Revoluci\u00f3n Democr\u00e1tica Hidalgo (PRDH) llev\u00f3 a cabo el taller \u201cLibertad de Expresi\u00f3n por un Hidalgo con Justicia Social\u201d, impartido por el acad\u00e9mico y exvocero presidencial Rub\u00e9n Aguilar Valenzuela, quien destac\u00f3 que la libertad de expresi\u00f3n es condici\u00f3n indispensable para la vida democr\u00e1tica. Durante su intervenci\u00f3n, Aguilar Valenzuela se\u00f1al\u00f3 que s\u00f3lo\" \/>\n<meta property=\"og:url\" content=\"https:\/\/elcardinal.com\/?p=5293\" \/>\n<meta property=\"og:site_name\" content=\"El Cardinal\" \/>\n<meta property=\"article:publisher\" content=\"https:\/\/www.facebook.com\/profile.php?id=100063093107011\" \/>\n<meta property=\"article:published_time\" content=\"2025-11-20T01:18:29+00:00\" \/>\n<meta property=\"article:modified_time\" content=\"2025-11-20T01:18:46+00:00\" \/>\n<meta property=\"og:image\" content=\"https:\/\/elcardinal.com\/wp-content\/uploads\/2025\/11\/WhatsApp-Image-2025-11-19-at-6.21.58-PM.jpeg\" \/>\n\t<meta property=\"og:image:width\" content=\"1280\" \/>\n\t<meta property=\"og:image:height\" content=\"960\" \/>\n\t<meta property=\"og:image:type\" content=\"image\/jpeg\" \/>\n<meta name=\"author\" content=\"Antonio Alcaraz\" \/>\n<meta name=\"twitter:card\" content=\"summary_large_image\" \/>\n<meta name=\"twitter:creator\" content=\"@ElCardinal_Mx\" \/>\n<meta name=\"twitter:site\" content=\"@ElCardinal_Mx\" \/>\n<meta name=\"twitter:label1\" content=\"Escrito por\" \/>\n\t<meta name=\"twitter:data1\" content=\"Antonio Alcaraz\" \/>\n\t<meta name=\"twitter:label2\" content=\"Tiempo de lectura\" \/>\n\t<meta name=\"twitter:data2\" content=\"2 minutos\" \/>\n<script type=\"application\/ld+json\" class=\"yoast-schema-graph\">{\"@context\":\"https:\/\/schema.org\",\"@graph\":[{\"@type\":\"Article\",\"@id\":\"https:\/\/elcardinal.com\/?p=5293#article\",\"isPartOf\":{\"@id\":\"https:\/\/elcardinal.com\/?p=5293\"},\"author\":{\"name\":\"Antonio Alcaraz\",\"@id\":\"https:\/\/elcardinal.com\/#\/schema\/person\/3c352ec0a33987fe275c0e8a2ea69f8b\"},\"headline\":\"Realiza PRDH taller \u201cLibertad de Expresi\u00f3n por un Hidalgo con Justicia Social\u201d\",\"datePublished\":\"2025-11-20T01:18:29+00:00\",\"dateModified\":\"2025-11-20T01:18:46+00:00\",\"mainEntityOfPage\":{\"@id\":\"https:\/\/elcardinal.com\/?p=5293\"},\"wordCount\":450,\"commentCount\":0,\"publisher\":{\"@id\":\"https:\/\/elcardinal.com\/#organization\"},\"image\":{\"@id\":\"https:\/\/elcardinal.com\/?p=5293#primaryimage\"},\"thumbnailUrl\":\"https:\/\/elcardinal.com\/wp-content\/uploads\/2025\/11\/WhatsApp-Image-2025-11-19-at-6.21.58-PM.jpeg\",\"articleSection\":[\"Hidalgo\",\"Metr\u00f3poli\",\"Minuto a Minuto\",\"Pol\u00edtica\"],\"inLanguage\":\"es\",\"potentialAction\":[{\"@type\":\"CommentAction\",\"name\":\"Comment\",\"target\":[\"https:\/\/elcardinal.com\/?p=5293#respond\"]}]},{\"@type\":\"WebPage\",\"@id\":\"https:\/\/elcardinal.com\/?p=5293\",\"url\":\"https:\/\/elcardinal.com\/?p=5293\",\"name\":\"Realiza PRDH taller \u201cLibertad de Expresi\u00f3n por un Hidalgo con Justicia Social\u201d - El Cardinal\",\"isPartOf\":{\"@id\":\"https:\/\/elcardinal.com\/#website\"},\"primaryImageOfPage\":{\"@id\":\"https:\/\/elcardinal.com\/?p=5293#primaryimage\"},\"image\":{\"@id\":\"https:\/\/elcardinal.com\/?p=5293#primaryimage\"},\"thumbnailUrl\":\"https:\/\/elcardinal.com\/wp-content\/uploads\/2025\/11\/WhatsApp-Image-2025-11-19-at-6.21.58-PM.jpeg\",\"datePublished\":\"2025-11-20T01:18:29+00:00\",\"dateModified\":\"2025-11-20T01:18:46+00:00\",\"breadcrumb\":{\"@id\":\"https:\/\/elcardinal.com\/?p=5293#breadcrumb\"},\"inLanguage\":\"es\",\"potentialAction\":[{\"@type\":\"ReadAction\",\"target\":[\"https:\/\/elcardinal.com\/?p=5293\"]}]},{\"@type\":\"ImageObject\",\"inLanguage\":\"es\",\"@id\":\"https:\/\/elcardinal.com\/?p=5293#primaryimage\",\"url\":\"https:\/\/elcardinal.com\/wp-content\/uploads\/2025\/11\/WhatsApp-Image-2025-11-19-at-6.21.58-PM.jpeg\",\"contentUrl\":\"https:\/\/elcardinal.com\/wp-content\/uploads\/2025\/11\/WhatsApp-Image-2025-11-19-at-6.21.58-PM.jpeg\",\"width\":1280,\"height\":960},{\"@type\":\"BreadcrumbList\",\"@id\":\"https:\/\/elcardinal.com\/?p=5293#breadcrumb\",\"itemListElement\":[{\"@type\":\"ListItem\",\"position\":1,\"name\":\"Inicio\",\"item\":\"https:\/\/elcardinal.com\/\"},{\"@type\":\"ListItem\",\"position\":2,\"name\":\"Realiza PRDH taller \u201cLibertad de Expresi\u00f3n por un Hidalgo con Justicia Social\u201d\"}]},{\"@type\":\"WebSite\",\"@id\":\"https:\/\/elcardinal.com\/#website\",\"url\":\"https:\/\/elcardinal.com\/\",\"name\":\"El Cardinal\",\"description\":\"Periodismo honesto, con valor, sentido humano, a veces sarc\u00e1stico y divertido.\",\"publisher\":{\"@id\":\"https:\/\/elcardinal.com\/#organization\"},\"alternateName\":\"El Cardinal Noticias\",\"potentialAction\":[{\"@type\":\"SearchAction\",\"target\":{\"@type\":\"EntryPoint\",\"urlTemplate\":\"https:\/\/elcardinal.com\/?s={search_term_string}\"},\"query-input\":{\"@type\":\"PropertyValueSpecification\",\"valueRequired\":true,\"valueName\":\"search_term_string\"}}],\"inLanguage\":\"es\"},{\"@type\":\"Organization\",\"@id\":\"https:\/\/elcardinal.com\/#organization\",\"name\":\"El Cardinal\",\"url\":\"https:\/\/elcardinal.com\/\",\"logo\":{\"@type\":\"ImageObject\",\"inLanguage\":\"es\",\"@id\":\"https:\/\/elcardinal.com\/#\/schema\/logo\/image\/\",\"url\":\"https:\/\/elcardinal.com\/wp-content\/uploads\/2025\/04\/LOGO-EL-CARDINAL-Periodismo-con-valor.png\",\"contentUrl\":\"https:\/\/elcardinal.com\/wp-content\/uploads\/2025\/04\/LOGO-EL-CARDINAL-Periodismo-con-valor.png\",\"width\":755,\"height\":636,\"caption\":\"El Cardinal\"},\"image\":{\"@id\":\"https:\/\/elcardinal.com\/#\/schema\/logo\/image\/\"},\"sameAs\":[\"https:\/\/www.facebook.com\/profile.php?id=100063093107011\",\"https:\/\/x.com\/ElCardinal_Mx\"]},{\"@type\":\"Person\",\"@id\":\"https:\/\/elcardinal.com\/#\/schema\/person\/3c352ec0a33987fe275c0e8a2ea69f8b\",\"name\":\"Antonio Alcaraz\",\"image\":{\"@type\":\"ImageObject\",\"inLanguage\":\"es\",\"@id\":\"https:\/\/elcardinal.com\/#\/schema\/person\/image\/\",\"url\":\"https:\/\/elcardinal.com\/wp-content\/uploads\/2025\/05\/cropped-TONO-96x96.jpg\",\"contentUrl\":\"https:\/\/elcardinal.com\/wp-content\/uploads\/2025\/05\/cropped-TONO-96x96.jpg\",\"caption\":\"Antonio Alcaraz\"},\"url\":\"https:\/\/elcardinal.com\/?author=2\"}]}<\/script>\n<!-- \/ Yoast SEO plugin. -->","yoast_head_json":{"title":"Realiza PRDH taller \u201cLibertad de Expresi\u00f3n por un Hidalgo con Justicia Social\u201d - El Cardinal","robots":{"index":"index","follow":"follow","max-snippet":"max-snippet:-1","max-image-preview":"max-image-preview:large","max-video-preview":"max-video-preview:-1"},"canonical":"https:\/\/elcardinal.com\/?p=5293","og_locale":"es_MX","og_type":"article","og_title":"Realiza PRDH taller \u201cLibertad de Expresi\u00f3n por un Hidalgo con Justicia Social\u201d - El Cardinal","og_description":"Redacci\u00f3n El Partido de la Revoluci\u00f3n Democr\u00e1tica Hidalgo (PRDH) llev\u00f3 a cabo el taller \u201cLibertad de Expresi\u00f3n por un Hidalgo con Justicia Social\u201d, impartido por el acad\u00e9mico y exvocero presidencial Rub\u00e9n Aguilar Valenzuela, quien destac\u00f3 que la libertad de expresi\u00f3n es condici\u00f3n indispensable para la vida democr\u00e1tica. Durante su intervenci\u00f3n, Aguilar Valenzuela se\u00f1al\u00f3 que s\u00f3lo","og_url":"https:\/\/elcardinal.com\/?p=5293","og_site_name":"El Cardinal","article_publisher":"https:\/\/www.facebook.com\/profile.php?id=100063093107011","article_published_time":"2025-11-20T01:18:29+00:00","article_modified_time":"2025-11-20T01:18:46+00:00","og_image":[{"width":1280,"height":960,"url":"https:\/\/elcardinal.com\/wp-content\/uploads\/2025\/11\/WhatsApp-Image-2025-11-19-at-6.21.58-PM.jpeg","type":"image\/jpeg"}],"author":"Antonio Alcaraz","twitter_card":"summary_large_image","twitter_creator":"@ElCardinal_Mx","twitter_site":"@ElCardinal_Mx","twitter_misc":{"Escrito por":"Antonio Alcaraz","Tiempo de lectura":"2 minutos"},"schema":{"@context":"https:\/\/schema.org","@graph":[{"@type":"Article","@id":"https:\/\/elcardinal.com\/?p=5293#article","isPartOf":{"@id":"https:\/\/elcardinal.com\/?p=5293"},"author":{"name":"Antonio Alcaraz","@id":"https:\/\/elcardinal.com\/#\/schema\/person\/3c352ec0a33987fe275c0e8a2ea69f8b"},"headline":"Realiza PRDH taller \u201cLibertad de Expresi\u00f3n por un Hidalgo con Justicia Social\u201d","datePublished":"2025-11-20T01:18:29+00:00","dateModified":"2025-11-20T01:18:46+00:00","mainEntityOfPage":{"@id":"https:\/\/elcardinal.com\/?p=5293"},"wordCount":450,"commentCount":0,"publisher":{"@id":"https:\/\/elcardinal.com\/#organization"},"image":{"@id":"https:\/\/elcardinal.com\/?p=5293#primaryimage"},"thumbnailUrl":"https:\/\/elcardinal.com\/wp-content\/uploads\/2025\/11\/WhatsApp-Image-2025-11-19-at-6.21.58-PM.jpeg","articleSection":["Hidalgo","Metr\u00f3poli","Minuto a Minuto","Pol\u00edtica"],"inLanguage":"es","potentialAction":[{"@type":"CommentAction","name":"Comment","target":["https:\/\/elcardinal.com\/?p=5293#respond"]}]},{"@type":"WebPage","@id":"https:\/\/elcardinal.com\/?p=5293","url":"https:\/\/elcardinal.com\/?p=5293","name":"Realiza PRDH taller \u201cLibertad de Expresi\u00f3n por un Hidalgo con Justicia Social\u201d - El Cardinal","isPartOf":{"@id":"https:\/\/elcardinal.com\/#website"},"primaryImageOfPage":{"@id":"https:\/\/elcardinal.com\/?p=5293#primaryimage"},"image":{"@id":"https:\/\/elcardinal.com\/?p=5293#primaryimage"},"thumbnailUrl":"https:\/\/elcardinal.com\/wp-content\/uploads\/2025\/11\/WhatsApp-Image-2025-11-19-at-6.21.58-PM.jpeg","datePublished":"2025-11-20T01:18:29+00:00","dateModified":"2025-11-20T01:18:46+00:00","breadcrumb":{"@id":"https:\/\/elcardinal.com\/?p=5293#breadcrumb"},"inLanguage":"es","potentialAction":[{"@type":"ReadAction","target":["https:\/\/elcardinal.com\/?p=5293"]}]},{"@type":"ImageObject","inLanguage":"es","@id":"https:\/\/elcardinal.com\/?p=5293#primaryimage","url":"https:\/\/elcardinal.com\/wp-content\/uploads\/2025\/11\/WhatsApp-Image-2025-11-19-at-6.21.58-PM.jpeg","contentUrl":"https:\/\/elcardinal.com\/wp-content\/uploads\/2025\/11\/WhatsApp-Image-2025-11-19-at-6.21.58-PM.jpeg","width":1280,"height":960},{"@type":"BreadcrumbList","@id":"https:\/\/elcardinal.com\/?p=5293#breadcrumb","itemListElement":[{"@type":"ListItem","position":1,"name":"Inicio","item":"https:\/\/elcardinal.com\/"},{"@type":"ListItem","position":2,"name":"Realiza PRDH taller \u201cLibertad de Expresi\u00f3n por un Hidalgo con Justicia Social\u201d"}]},{"@type":"WebSite","@id":"https:\/\/elcardinal.com\/#website","url":"https:\/\/elcardinal.com\/","name":"El Cardinal","description":"Periodismo honesto, con valor, sentido humano, a veces sarc\u00e1stico y divertido.","publisher":{"@id":"https:\/\/elcardinal.com\/#organization"},"alternateName":"El Cardinal Noticias","potentialAction":[{"@type":"SearchAction","target":{"@type":"EntryPoint","urlTemplate":"https:\/\/elcardinal.com\/?s={search_term_string}"},"query-input":{"@type":"PropertyValueSpecification","valueRequired":true,"valueName":"search_term_string"}}],"inLanguage":"es"},{"@type":"Organization","@id":"https:\/\/elcardinal.com\/#organization","name":"El Cardinal","url":"https:\/\/elcardinal.com\/","logo":{"@type":"ImageObject","inLanguage":"es","@id":"https:\/\/elcardinal.com\/#\/schema\/logo\/image\/","url":"https:\/\/elcardinal.com\/wp-content\/uploads\/2025\/04\/LOGO-EL-CARDINAL-Periodismo-con-valor.png","contentUrl":"https:\/\/elcardinal.com\/wp-content\/uploads\/2025\/04\/LOGO-EL-CARDINAL-Periodismo-con-valor.png","width":755,"height":636,"caption":"El Cardinal"},"image":{"@id":"https:\/\/elcardinal.com\/#\/schema\/logo\/image\/"},"sameAs":["https:\/\/www.facebook.com\/profile.php?id=100063093107011","https:\/\/x.com\/ElCardinal_Mx"]},{"@type":"Person","@id":"https:\/\/elcardinal.com\/#\/schema\/person\/3c352ec0a33987fe275c0e8a2ea69f8b","name":"Antonio Alcaraz","image":{"@type":"ImageObject","inLanguage":"es","@id":"https:\/\/elcardinal.com\/#\/schema\/person\/image\/","url":"https:\/\/elcardinal.com\/wp-content\/uploads\/2025\/05\/cropped-TONO-96x96.jpg","contentUrl":"https:\/\/elcardinal.com\/wp-content\/uploads\/2025\/05\/cropped-TONO-96x96.jpg","caption":"Antonio Alcaraz"},"url":"https:\/\/elcardinal.com\/?author=2"}]}},"_links":{"self":[{"href":"https:\/\/elcardinal.com\/index.php?rest_route=\/wp\/v2\/posts\/5293","targetHints":{"allow":["GET"]}}],"collection":[{"href":"https:\/\/elcardinal.com\/index.php?rest_route=\/wp\/v2\/posts"}],"about":[{"href":"https:\/\/elcardinal.com\/index.php?rest_route=\/wp\/v2\/types\/post"}],"author":[{"embeddable":true,"href":"https:\/\/elcardinal.com\/index.php?rest_route=\/wp\/v2\/users\/2"}],"replies":[{"embeddable":true,"href":"https:\/\/elcardinal.com\/index.php?rest_route=%2Fwp%2Fv2%2Fcomments&post=5293"}],"version-history":[{"count":1,"href":"https:\/\/elcardinal.com\/index.php?rest_route=\/wp\/v2\/posts\/5293\/revisions"}],"predecessor-version":[{"id":5295,"href":"https:\/\/elcardinal.com\/index.php?rest_route=\/wp\/v2\/posts\/5293\/revisions\/5295"}],"wp:featuredmedia":[{"embeddable":true,"href":"https:\/\/elcardinal.com\/index.php?rest_route=\/wp\/v2\/media\/5294"}],"wp:attachment":[{"href":"https:\/\/elcardinal.com\/index.php?rest_route=%2Fwp%2Fv2%2Fmedia&parent=5293"}],"wp:term":[{"taxonomy":"category","embeddable":true,"href":"https:\/\/elcardinal.com\/index.php?rest_route=%2Fwp%2Fv2%2Fcategories&post=5293"},{"taxonomy":"post_tag","embeddable":true,"href":"https:\/\/elcardinal.com\/index.php?rest_route=%2Fwp%2Fv2%2Ftags&post=5293"}],"curies":[{"name":"wp","href":"https:\/\/api.w.org\/{rel}","templated":true}]}}