{"id":5296,"date":"2025-11-20T19:37:08","date_gmt":"2025-11-21T01:37:08","guid":{"rendered":"https:\/\/elcardinal.com\/?p=5296"},"modified":"2025-11-20T19:37:08","modified_gmt":"2025-11-21T01:37:08","slug":"rinden-protesta-las-y-los-legisladores-del-11-parlamento-infantil","status":"publish","type":"post","link":"https:\/\/elcardinal.com\/?p=5296","title":{"rendered":"Rinden protesta las y los legisladores del 11 parlamento infantil"},"content":{"rendered":"<p>Redacci\u00f3n<\/p>\n<p>En un acto lleno de emoci\u00f3n y compromiso, en el Congreso del Estado Libre y Soberano de Hidalgo, tomaron protesta las ni\u00f1as y los ni\u00f1os que integran el onceavo Parlamento Infantil Hidalgo 2025, formalizando as\u00ed su participaci\u00f3n como representantes de la ni\u00f1ez hidalguense.<\/p>\n<p>La jornada inici\u00f3 con el registro en el Libro de Legisladoras y Legisladores Infantiles, donde cada participante dej\u00f3 constancia de su nombramiento y sus actividades legislativas. Posteriormente, se llev\u00f3 a cabo la toma de protesta, en la que las y los legisladores infantiles asumieron el compromiso de trabajar con responsabilidad, respeto y dedicaci\u00f3n para expresar las necesidades e inquietudes de las ni\u00f1as y ni\u00f1os de sus comunidades.<\/p>\n<p>El Parlamento Infantil qued\u00f3 integrado por 30 diputadas y diputados infantiles: 18 representantes de los distritos electorales y 12 provenientes de acciones afirmativas de Conafe, personas ind\u00edgenas y con discapacidad, garantizando as\u00ed la inclusi\u00f3n y la representaci\u00f3n de la diversidad de realidades de la infancia en el estado. Asimismo, se eligi\u00f3 a la Secretar\u00eda de Servicios Legislativos.<\/p>\n<p>Posterior a la ceremonia oficial, las y los participantes iniciaron los trabajos en sus mesas tem\u00e1ticas, donde reflexionan, deliberan y elaboran iniciativas sobre temas fundamentales para su desarrollo, como: cuido el medio ambiente y los animales, \u00bfc\u00f3mo me protejo de las adiciones?, espacios seguros para m\u00ed, uso de la tecnolog\u00eda, sociedad incluyente, \u00bfcuido mi identidad? y la modalidad de tema libre.<\/p>\n<p>El Congreso del Estado reiter\u00f3 su compromiso de seguir impulsando la participaci\u00f3n infantil como un derecho y una pr\u00e1ctica democr\u00e1tica que fortalece la formaci\u00f3n c\u00edvica.<\/p>\n","protected":false},"excerpt":{"rendered":"<p>Redacci\u00f3n En un acto lleno de emoci\u00f3n y compromiso, en el Congreso del Estado Libre y Soberano de Hidalgo, tomaron protesta las ni\u00f1as y los ni\u00f1os que integran el onceavo Parlamento Infantil Hidalgo 2025, formalizando as\u00ed su participaci\u00f3n como representantes de la ni\u00f1ez hidalguense. La jornada inici\u00f3 con el registro en el Libro de Legisladoras<\/p>\n","protected":false},"author":2,"featured_media":5297,"comment_status":"open","ping_status":"open","sticky":false,"template":"","format":"standard","meta":{"footnotes":""},"categories":[31,44,39],"tags":[],"class_list":{"0":"post-5296","1":"post","2":"type-post","3":"status-publish","4":"format-standard","5":"has-post-thumbnail","7":"category-hidalgo","8":"category-minuto-a-minuto","9":"category-politica"},"yoast_head":"<!-- This site is optimized with the Yoast SEO plugin v26.1.1 - https:\/\/yoast.com\/wordpress\/plugins\/seo\/ -->\n<title>Rinden protesta las y los legisladores del 11 parlamento infantil - El Cardinal<\/title>\n<meta name=\"robots\" content=\"index, follow, max-snippet:-1, max-image-preview:large, max-video-preview:-1\" \/>\n<link rel=\"canonical\" href=\"https:\/\/elcardinal.com\/?p=5296\" \/>\n<meta property=\"og:locale\" content=\"es_MX\" \/>\n<meta property=\"og:type\" content=\"article\" \/>\n<meta property=\"og:title\" content=\"Rinden protesta las y los legisladores del 11 parlamento infantil - El Cardinal\" \/>\n<meta property=\"og:description\" content=\"Redacci\u00f3n En un acto lleno de emoci\u00f3n y compromiso, en el Congreso del Estado Libre y Soberano de Hidalgo, tomaron protesta las ni\u00f1as y los ni\u00f1os que integran el onceavo Parlamento Infantil Hidalgo 2025, formalizando as\u00ed su participaci\u00f3n como representantes de la ni\u00f1ez hidalguense. La jornada inici\u00f3 con el registro en el Libro de Legisladoras\" \/>\n<meta property=\"og:url\" content=\"https:\/\/elcardinal.com\/?p=5296\" \/>\n<meta property=\"og:site_name\" content=\"El Cardinal\" \/>\n<meta property=\"article:publisher\" content=\"https:\/\/www.facebook.com\/profile.php?id=100063093107011\" \/>\n<meta property=\"article:published_time\" content=\"2025-11-21T01:37:08+00:00\" \/>\n<meta property=\"og:image\" content=\"https:\/\/elcardinal.com\/wp-content\/uploads\/2025\/11\/WhatsApp-Image-2025-11-20-at-1.32.22-PM.jpeg\" \/>\n\t<meta property=\"og:image:width\" content=\"1600\" \/>\n\t<meta property=\"og:image:height\" content=\"1066\" \/>\n\t<meta property=\"og:image:type\" content=\"image\/jpeg\" \/>\n<meta name=\"author\" content=\"Antonio Alcaraz\" \/>\n<meta name=\"twitter:card\" content=\"summary_large_image\" \/>\n<meta name=\"twitter:creator\" content=\"@ElCardinal_Mx\" \/>\n<meta name=\"twitter:site\" content=\"@ElCardinal_Mx\" \/>\n<meta name=\"twitter:label1\" content=\"Escrito por\" \/>\n\t<meta name=\"twitter:data1\" content=\"Antonio Alcaraz\" \/>\n\t<meta name=\"twitter:label2\" content=\"Tiempo de lectura\" \/>\n\t<meta name=\"twitter:data2\" content=\"2 minutos\" \/>\n<script type=\"application\/ld+json\" class=\"yoast-schema-graph\">{\"@context\":\"https:\/\/schema.org\",\"@graph\":[{\"@type\":\"Article\",\"@id\":\"https:\/\/elcardinal.com\/?p=5296#article\",\"isPartOf\":{\"@id\":\"https:\/\/elcardinal.com\/?p=5296\"},\"author\":{\"name\":\"Antonio Alcaraz\",\"@id\":\"https:\/\/elcardinal.com\/#\/schema\/person\/3c352ec0a33987fe275c0e8a2ea69f8b\"},\"headline\":\"Rinden protesta las y los legisladores del 11 parlamento infantil\",\"datePublished\":\"2025-11-21T01:37:08+00:00\",\"mainEntityOfPage\":{\"@id\":\"https:\/\/elcardinal.com\/?p=5296\"},\"wordCount\":280,\"commentCount\":0,\"publisher\":{\"@id\":\"https:\/\/elcardinal.com\/#organization\"},\"image\":{\"@id\":\"https:\/\/elcardinal.com\/?p=5296#primaryimage\"},\"thumbnailUrl\":\"https:\/\/elcardinal.com\/wp-content\/uploads\/2025\/11\/WhatsApp-Image-2025-11-20-at-1.32.22-PM.jpeg\",\"articleSection\":[\"Hidalgo\",\"Minuto a Minuto\",\"Pol\u00edtica\"],\"inLanguage\":\"es\",\"potentialAction\":[{\"@type\":\"CommentAction\",\"name\":\"Comment\",\"target\":[\"https:\/\/elcardinal.com\/?p=5296#respond\"]}]},{\"@type\":\"WebPage\",\"@id\":\"https:\/\/elcardinal.com\/?p=5296\",\"url\":\"https:\/\/elcardinal.com\/?p=5296\",\"name\":\"Rinden protesta las y los legisladores del 11 parlamento infantil - El Cardinal\",\"isPartOf\":{\"@id\":\"https:\/\/elcardinal.com\/#website\"},\"primaryImageOfPage\":{\"@id\":\"https:\/\/elcardinal.com\/?p=5296#primaryimage\"},\"image\":{\"@id\":\"https:\/\/elcardinal.com\/?p=5296#primaryimage\"},\"thumbnailUrl\":\"https:\/\/elcardinal.com\/wp-content\/uploads\/2025\/11\/WhatsApp-Image-2025-11-20-at-1.32.22-PM.jpeg\",\"datePublished\":\"2025-11-21T01:37:08+00:00\",\"breadcrumb\":{\"@id\":\"https:\/\/elcardinal.com\/?p=5296#breadcrumb\"},\"inLanguage\":\"es\",\"potentialAction\":[{\"@type\":\"ReadAction\",\"target\":[\"https:\/\/elcardinal.com\/?p=5296\"]}]},{\"@type\":\"ImageObject\",\"inLanguage\":\"es\",\"@id\":\"https:\/\/elcardinal.com\/?p=5296#primaryimage\",\"url\":\"https:\/\/elcardinal.com\/wp-content\/uploads\/2025\/11\/WhatsApp-Image-2025-11-20-at-1.32.22-PM.jpeg\",\"contentUrl\":\"https:\/\/elcardinal.com\/wp-content\/uploads\/2025\/11\/WhatsApp-Image-2025-11-20-at-1.32.22-PM.jpeg\",\"width\":1600,\"height\":1066},{\"@type\":\"BreadcrumbList\",\"@id\":\"https:\/\/elcardinal.com\/?p=5296#breadcrumb\",\"itemListElement\":[{\"@type\":\"ListItem\",\"position\":1,\"name\":\"Inicio\",\"item\":\"https:\/\/elcardinal.com\/\"},{\"@type\":\"ListItem\",\"position\":2,\"name\":\"Rinden protesta las y los legisladores del 11 parlamento infantil\"}]},{\"@type\":\"WebSite\",\"@id\":\"https:\/\/elcardinal.com\/#website\",\"url\":\"https:\/\/elcardinal.com\/\",\"name\":\"El Cardinal\",\"description\":\"Periodismo honesto, con valor, sentido humano, a veces sarc\u00e1stico y divertido.\",\"publisher\":{\"@id\":\"https:\/\/elcardinal.com\/#organization\"},\"alternateName\":\"El Cardinal Noticias\",\"potentialAction\":[{\"@type\":\"SearchAction\",\"target\":{\"@type\":\"EntryPoint\",\"urlTemplate\":\"https:\/\/elcardinal.com\/?s={search_term_string}\"},\"query-input\":{\"@type\":\"PropertyValueSpecification\",\"valueRequired\":true,\"valueName\":\"search_term_string\"}}],\"inLanguage\":\"es\"},{\"@type\":\"Organization\",\"@id\":\"https:\/\/elcardinal.com\/#organization\",\"name\":\"El Cardinal\",\"url\":\"https:\/\/elcardinal.com\/\",\"logo\":{\"@type\":\"ImageObject\",\"inLanguage\":\"es\",\"@id\":\"https:\/\/elcardinal.com\/#\/schema\/logo\/image\/\",\"url\":\"https:\/\/elcardinal.com\/wp-content\/uploads\/2025\/04\/LOGO-EL-CARDINAL-Periodismo-con-valor.png\",\"contentUrl\":\"https:\/\/elcardinal.com\/wp-content\/uploads\/2025\/04\/LOGO-EL-CARDINAL-Periodismo-con-valor.png\",\"width\":755,\"height\":636,\"caption\":\"El Cardinal\"},\"image\":{\"@id\":\"https:\/\/elcardinal.com\/#\/schema\/logo\/image\/\"},\"sameAs\":[\"https:\/\/www.facebook.com\/profile.php?id=100063093107011\",\"https:\/\/x.com\/ElCardinal_Mx\"]},{\"@type\":\"Person\",\"@id\":\"https:\/\/elcardinal.com\/#\/schema\/person\/3c352ec0a33987fe275c0e8a2ea69f8b\",\"name\":\"Antonio Alcaraz\",\"image\":{\"@type\":\"ImageObject\",\"inLanguage\":\"es\",\"@id\":\"https:\/\/elcardinal.com\/#\/schema\/person\/image\/\",\"url\":\"https:\/\/elcardinal.com\/wp-content\/uploads\/2025\/05\/cropped-TONO-96x96.jpg\",\"contentUrl\":\"https:\/\/elcardinal.com\/wp-content\/uploads\/2025\/05\/cropped-TONO-96x96.jpg\",\"caption\":\"Antonio Alcaraz\"},\"url\":\"https:\/\/elcardinal.com\/?author=2\"}]}<\/script>\n<!-- \/ Yoast SEO plugin. -->","yoast_head_json":{"title":"Rinden protesta las y los legisladores del 11 parlamento infantil - El Cardinal","robots":{"index":"index","follow":"follow","max-snippet":"max-snippet:-1","max-image-preview":"max-image-preview:large","max-video-preview":"max-video-preview:-1"},"canonical":"https:\/\/elcardinal.com\/?p=5296","og_locale":"es_MX","og_type":"article","og_title":"Rinden protesta las y los legisladores del 11 parlamento infantil - El Cardinal","og_description":"Redacci\u00f3n En un acto lleno de emoci\u00f3n y compromiso, en el Congreso del Estado Libre y Soberano de Hidalgo, tomaron protesta las ni\u00f1as y los ni\u00f1os que integran el onceavo Parlamento Infantil Hidalgo 2025, formalizando as\u00ed su participaci\u00f3n como representantes de la ni\u00f1ez hidalguense. La jornada inici\u00f3 con el registro en el Libro de Legisladoras","og_url":"https:\/\/elcardinal.com\/?p=5296","og_site_name":"El Cardinal","article_publisher":"https:\/\/www.facebook.com\/profile.php?id=100063093107011","article_published_time":"2025-11-21T01:37:08+00:00","og_image":[{"width":1600,"height":1066,"url":"https:\/\/elcardinal.com\/wp-content\/uploads\/2025\/11\/WhatsApp-Image-2025-11-20-at-1.32.22-PM.jpeg","type":"image\/jpeg"}],"author":"Antonio Alcaraz","twitter_card":"summary_large_image","twitter_creator":"@ElCardinal_Mx","twitter_site":"@ElCardinal_Mx","twitter_misc":{"Escrito por":"Antonio Alcaraz","Tiempo de lectura":"2 minutos"},"schema":{"@context":"https:\/\/schema.org","@graph":[{"@type":"Article","@id":"https:\/\/elcardinal.com\/?p=5296#article","isPartOf":{"@id":"https:\/\/elcardinal.com\/?p=5296"},"author":{"name":"Antonio Alcaraz","@id":"https:\/\/elcardinal.com\/#\/schema\/person\/3c352ec0a33987fe275c0e8a2ea69f8b"},"headline":"Rinden protesta las y los legisladores del 11 parlamento infantil","datePublished":"2025-11-21T01:37:08+00:00","mainEntityOfPage":{"@id":"https:\/\/elcardinal.com\/?p=5296"},"wordCount":280,"commentCount":0,"publisher":{"@id":"https:\/\/elcardinal.com\/#organization"},"image":{"@id":"https:\/\/elcardinal.com\/?p=5296#primaryimage"},"thumbnailUrl":"https:\/\/elcardinal.com\/wp-content\/uploads\/2025\/11\/WhatsApp-Image-2025-11-20-at-1.32.22-PM.jpeg","articleSection":["Hidalgo","Minuto a Minuto","Pol\u00edtica"],"inLanguage":"es","potentialAction":[{"@type":"CommentAction","name":"Comment","target":["https:\/\/elcardinal.com\/?p=5296#respond"]}]},{"@type":"WebPage","@id":"https:\/\/elcardinal.com\/?p=5296","url":"https:\/\/elcardinal.com\/?p=5296","name":"Rinden protesta las y los legisladores del 11 parlamento infantil - El Cardinal","isPartOf":{"@id":"https:\/\/elcardinal.com\/#website"},"primaryImageOfPage":{"@id":"https:\/\/elcardinal.com\/?p=5296#primaryimage"},"image":{"@id":"https:\/\/elcardinal.com\/?p=5296#primaryimage"},"thumbnailUrl":"https:\/\/elcardinal.com\/wp-content\/uploads\/2025\/11\/WhatsApp-Image-2025-11-20-at-1.32.22-PM.jpeg","datePublished":"2025-11-21T01:37:08+00:00","breadcrumb":{"@id":"https:\/\/elcardinal.com\/?p=5296#breadcrumb"},"inLanguage":"es","potentialAction":[{"@type":"ReadAction","target":["https:\/\/elcardinal.com\/?p=5296"]}]},{"@type":"ImageObject","inLanguage":"es","@id":"https:\/\/elcardinal.com\/?p=5296#primaryimage","url":"https:\/\/elcardinal.com\/wp-content\/uploads\/2025\/11\/WhatsApp-Image-2025-11-20-at-1.32.22-PM.jpeg","contentUrl":"https:\/\/elcardinal.com\/wp-content\/uploads\/2025\/11\/WhatsApp-Image-2025-11-20-at-1.32.22-PM.jpeg","width":1600,"height":1066},{"@type":"BreadcrumbList","@id":"https:\/\/elcardinal.com\/?p=5296#breadcrumb","itemListElement":[{"@type":"ListItem","position":1,"name":"Inicio","item":"https:\/\/elcardinal.com\/"},{"@type":"ListItem","position":2,"name":"Rinden protesta las y los legisladores del 11 parlamento infantil"}]},{"@type":"WebSite","@id":"https:\/\/elcardinal.com\/#website","url":"https:\/\/elcardinal.com\/","name":"El Cardinal","description":"Periodismo honesto, con valor, sentido humano, a veces sarc\u00e1stico y divertido.","publisher":{"@id":"https:\/\/elcardinal.com\/#organization"},"alternateName":"El Cardinal Noticias","potentialAction":[{"@type":"SearchAction","target":{"@type":"EntryPoint","urlTemplate":"https:\/\/elcardinal.com\/?s={search_term_string}"},"query-input":{"@type":"PropertyValueSpecification","valueRequired":true,"valueName":"search_term_string"}}],"inLanguage":"es"},{"@type":"Organization","@id":"https:\/\/elcardinal.com\/#organization","name":"El Cardinal","url":"https:\/\/elcardinal.com\/","logo":{"@type":"ImageObject","inLanguage":"es","@id":"https:\/\/elcardinal.com\/#\/schema\/logo\/image\/","url":"https:\/\/elcardinal.com\/wp-content\/uploads\/2025\/04\/LOGO-EL-CARDINAL-Periodismo-con-valor.png","contentUrl":"https:\/\/elcardinal.com\/wp-content\/uploads\/2025\/04\/LOGO-EL-CARDINAL-Periodismo-con-valor.png","width":755,"height":636,"caption":"El Cardinal"},"image":{"@id":"https:\/\/elcardinal.com\/#\/schema\/logo\/image\/"},"sameAs":["https:\/\/www.facebook.com\/profile.php?id=100063093107011","https:\/\/x.com\/ElCardinal_Mx"]},{"@type":"Person","@id":"https:\/\/elcardinal.com\/#\/schema\/person\/3c352ec0a33987fe275c0e8a2ea69f8b","name":"Antonio Alcaraz","image":{"@type":"ImageObject","inLanguage":"es","@id":"https:\/\/elcardinal.com\/#\/schema\/person\/image\/","url":"https:\/\/elcardinal.com\/wp-content\/uploads\/2025\/05\/cropped-TONO-96x96.jpg","contentUrl":"https:\/\/elcardinal.com\/wp-content\/uploads\/2025\/05\/cropped-TONO-96x96.jpg","caption":"Antonio Alcaraz"},"url":"https:\/\/elcardinal.com\/?author=2"}]}},"_links":{"self":[{"href":"https:\/\/elcardinal.com\/index.php?rest_route=\/wp\/v2\/posts\/5296","targetHints":{"allow":["GET"]}}],"collection":[{"href":"https:\/\/elcardinal.com\/index.php?rest_route=\/wp\/v2\/posts"}],"about":[{"href":"https:\/\/elcardinal.com\/index.php?rest_route=\/wp\/v2\/types\/post"}],"author":[{"embeddable":true,"href":"https:\/\/elcardinal.com\/index.php?rest_route=\/wp\/v2\/users\/2"}],"replies":[{"embeddable":true,"href":"https:\/\/elcardinal.com\/index.php?rest_route=%2Fwp%2Fv2%2Fcomments&post=5296"}],"version-history":[{"count":1,"href":"https:\/\/elcardinal.com\/index.php?rest_route=\/wp\/v2\/posts\/5296\/revisions"}],"predecessor-version":[{"id":5298,"href":"https:\/\/elcardinal.com\/index.php?rest_route=\/wp\/v2\/posts\/5296\/revisions\/5298"}],"wp:featuredmedia":[{"embeddable":true,"href":"https:\/\/elcardinal.com\/index.php?rest_route=\/wp\/v2\/media\/5297"}],"wp:attachment":[{"href":"https:\/\/elcardinal.com\/index.php?rest_route=%2Fwp%2Fv2%2Fmedia&parent=5296"}],"wp:term":[{"taxonomy":"category","embeddable":true,"href":"https:\/\/elcardinal.com\/index.php?rest_route=%2Fwp%2Fv2%2Fcategories&post=5296"},{"taxonomy":"post_tag","embeddable":true,"href":"https:\/\/elcardinal.com\/index.php?rest_route=%2Fwp%2Fv2%2Ftags&post=5296"}],"curies":[{"name":"wp","href":"https:\/\/api.w.org\/{rel}","templated":true}]}}