{"id":5305,"date":"2025-11-24T22:22:40","date_gmt":"2025-11-25T04:22:40","guid":{"rendered":"https:\/\/elcardinal.com\/?p=5305"},"modified":"2025-11-24T22:22:40","modified_gmt":"2025-11-25T04:22:40","slug":"contraloria-aclara-avances-y-responsables-en-la-estafa-siniestra","status":"publish","type":"post","link":"https:\/\/elcardinal.com\/?p=5305","title":{"rendered":"Contralor\u00eda\u00a0aclara\u00a0avances\u00a0y responsables\u00a0en\u00a0la\u00a0\u201cEstafa\u00a0Siniestra\u201d"},"content":{"rendered":"<p>Por: Redacci\u00f3n<\/p>\n<p>Durante su comparecencia en Hidalgo, en el marco de la glosa del tercer informe de gobierno, el secretario de la Contralor\u00eda estatal, \u00c1lvaro Bardales Ram\u00edrez, precis\u00f3 que ninguno de los exfuncionarios detenidos ha se\u00f1alado directamente al exgobernador Omar Fayad Meneses dentro del proceso conocido como Estafa Siniestra.<\/p>\n<p>Bardales explic\u00f3 que, hasta ahora, la responsabilidad recae principalmente en el exoficial mayor y el excontralor, quienes firmaron contratos y autorizaciones vinculadas al desv\u00edo de recursos p\u00fablicos.<\/p>\n<p>El contralor detall\u00f3 que el exoficial mayor fue quien aprob\u00f3 la adquisici\u00f3n de tres helic\u00f3pteros que nunca ingresaron al patrimonio del estado. Adem\u00e1s, indic\u00f3 que este mismo exfuncionario instruy\u00f3 que los 116 millones de pesos devueltos por una aseguradora, correspondientes al seguro catastr\u00f3fico, fueran entregados a una empresa privada en lugar del gobierno estatal, lo que lo coloca como responsable directo en este y otros casos.<\/p>\n<p>Respecto al excontralor, Bardales se\u00f1al\u00f3 que las investigaciones detectaron contrataciones irregulares superiores a 200 millones de pesos, lo que sustenta las denuncias penales en su contra.<\/p>\n<p>El funcionario inform\u00f3 que la Estafa Siniestra dej\u00f3 un desv\u00edo total estimado en 2 mil 400 millones de pesos, de los cuales se han logrado recuperar 475 millones en bienes y recursos, aunque la cifra podr\u00eda aumentar debido a procesos a\u00fan en curso.<\/p>\n<p>Hasta ahora, se han presentado 95 denuncias penales, involucrando a 10 alcaldes, de los cuales cinco han sido detenidos. Sobre el excontralor, record\u00f3 que contin\u00faa con ficha roja de Interpol, tiene tres \u00f3rdenes de aprehensi\u00f3n vigentes, y se trabaja con autoridades de M\u00e9xico y Estados Unidos para garantizar su regreso al estado y enfrentar la justicia.<\/p>\n<p>En cuanto al exgobernador Omar Fayad, Bardales reiter\u00f3 que no existe ning\u00fan se\u00f1alamiento directo ni pruebas que vinculen su participaci\u00f3n, por lo que no procede ninguna acci\u00f3n legal en su contra. Subray\u00f3 que llamar a comparecer sin fundamentos abrir\u00eda la puerta a amparos y podr\u00eda debilitar los procesos judiciales.<\/p>\n<p>Finalmente, recalc\u00f3 que en Hidalgo \u201cno hay pactos ni impunidad\u201d, y que las investigaciones seguir\u00e1n dirigidas a quienes firmaron, autorizaron y ejecutaron las acciones irregulares. \u201cEn este caso no se presume, se demuestra\u201d, afirm\u00f3.<\/p>\n","protected":false},"excerpt":{"rendered":"<p>Por: Redacci\u00f3n Durante su comparecencia en Hidalgo, en el marco de la glosa del tercer informe de gobierno, el secretario de la Contralor\u00eda estatal, \u00c1lvaro Bardales Ram\u00edrez, precis\u00f3 que ninguno de los exfuncionarios detenidos ha se\u00f1alado directamente al exgobernador Omar Fayad Meneses dentro del proceso conocido como Estafa Siniestra. Bardales explic\u00f3 que, hasta ahora, la<\/p>\n","protected":false},"author":2,"featured_media":5306,"comment_status":"open","ping_status":"open","sticky":false,"template":"","format":"standard","meta":{"footnotes":""},"categories":[31,44,39],"tags":[],"class_list":{"0":"post-5305","1":"post","2":"type-post","3":"status-publish","4":"format-standard","5":"has-post-thumbnail","7":"category-hidalgo","8":"category-minuto-a-minuto","9":"category-politica"},"yoast_head":"<!-- This site is optimized with the Yoast SEO plugin v26.1.1 - https:\/\/yoast.com\/wordpress\/plugins\/seo\/ -->\n<title>Contralor\u00eda\u00a0aclara\u00a0avances\u00a0y responsables\u00a0en\u00a0la\u00a0\u201cEstafa\u00a0Siniestra\u201d - El Cardinal<\/title>\n<meta name=\"robots\" content=\"index, follow, max-snippet:-1, max-image-preview:large, max-video-preview:-1\" \/>\n<link rel=\"canonical\" href=\"https:\/\/elcardinal.com\/?p=5305\" \/>\n<meta property=\"og:locale\" content=\"es_MX\" \/>\n<meta property=\"og:type\" content=\"article\" \/>\n<meta property=\"og:title\" content=\"Contralor\u00eda\u00a0aclara\u00a0avances\u00a0y responsables\u00a0en\u00a0la\u00a0\u201cEstafa\u00a0Siniestra\u201d - El Cardinal\" \/>\n<meta property=\"og:description\" content=\"Por: Redacci\u00f3n Durante su comparecencia en Hidalgo, en el marco de la glosa del tercer informe de gobierno, el secretario de la Contralor\u00eda estatal, \u00c1lvaro Bardales Ram\u00edrez, precis\u00f3 que ninguno de los exfuncionarios detenidos ha se\u00f1alado directamente al exgobernador Omar Fayad Meneses dentro del proceso conocido como Estafa Siniestra. Bardales explic\u00f3 que, hasta ahora, la\" \/>\n<meta property=\"og:url\" content=\"https:\/\/elcardinal.com\/?p=5305\" \/>\n<meta property=\"og:site_name\" content=\"El Cardinal\" \/>\n<meta property=\"article:publisher\" content=\"https:\/\/www.facebook.com\/profile.php?id=100063093107011\" \/>\n<meta property=\"article:published_time\" content=\"2025-11-25T04:22:40+00:00\" \/>\n<meta property=\"og:image\" content=\"https:\/\/elcardinal.com\/wp-content\/uploads\/2025\/11\/587964250_1263867655774420_2007091897382242693_n.jpg\" \/>\n\t<meta property=\"og:image:width\" content=\"1600\" \/>\n\t<meta property=\"og:image:height\" content=\"1468\" \/>\n\t<meta property=\"og:image:type\" content=\"image\/jpeg\" \/>\n<meta name=\"author\" content=\"Antonio Alcaraz\" \/>\n<meta name=\"twitter:card\" content=\"summary_large_image\" \/>\n<meta name=\"twitter:creator\" content=\"@ElCardinal_Mx\" \/>\n<meta name=\"twitter:site\" content=\"@ElCardinal_Mx\" \/>\n<meta name=\"twitter:label1\" content=\"Escrito por\" \/>\n\t<meta name=\"twitter:data1\" content=\"Antonio Alcaraz\" \/>\n\t<meta name=\"twitter:label2\" content=\"Tiempo de lectura\" \/>\n\t<meta name=\"twitter:data2\" content=\"2 minutos\" \/>\n<script type=\"application\/ld+json\" class=\"yoast-schema-graph\">{\"@context\":\"https:\/\/schema.org\",\"@graph\":[{\"@type\":\"Article\",\"@id\":\"https:\/\/elcardinal.com\/?p=5305#article\",\"isPartOf\":{\"@id\":\"https:\/\/elcardinal.com\/?p=5305\"},\"author\":{\"name\":\"Antonio Alcaraz\",\"@id\":\"https:\/\/elcardinal.com\/#\/schema\/person\/3c352ec0a33987fe275c0e8a2ea69f8b\"},\"headline\":\"Contralor\u00eda\u00a0aclara\u00a0avances\u00a0y responsables\u00a0en\u00a0la\u00a0\u201cEstafa\u00a0Siniestra\u201d\",\"datePublished\":\"2025-11-25T04:22:40+00:00\",\"mainEntityOfPage\":{\"@id\":\"https:\/\/elcardinal.com\/?p=5305\"},\"wordCount\":377,\"commentCount\":0,\"publisher\":{\"@id\":\"https:\/\/elcardinal.com\/#organization\"},\"image\":{\"@id\":\"https:\/\/elcardinal.com\/?p=5305#primaryimage\"},\"thumbnailUrl\":\"https:\/\/elcardinal.com\/wp-content\/uploads\/2025\/11\/587964250_1263867655774420_2007091897382242693_n.jpg\",\"articleSection\":[\"Hidalgo\",\"Minuto a Minuto\",\"Pol\u00edtica\"],\"inLanguage\":\"es\",\"potentialAction\":[{\"@type\":\"CommentAction\",\"name\":\"Comment\",\"target\":[\"https:\/\/elcardinal.com\/?p=5305#respond\"]}]},{\"@type\":\"WebPage\",\"@id\":\"https:\/\/elcardinal.com\/?p=5305\",\"url\":\"https:\/\/elcardinal.com\/?p=5305\",\"name\":\"Contralor\u00eda\u00a0aclara\u00a0avances\u00a0y responsables\u00a0en\u00a0la\u00a0\u201cEstafa\u00a0Siniestra\u201d - El Cardinal\",\"isPartOf\":{\"@id\":\"https:\/\/elcardinal.com\/#website\"},\"primaryImageOfPage\":{\"@id\":\"https:\/\/elcardinal.com\/?p=5305#primaryimage\"},\"image\":{\"@id\":\"https:\/\/elcardinal.com\/?p=5305#primaryimage\"},\"thumbnailUrl\":\"https:\/\/elcardinal.com\/wp-content\/uploads\/2025\/11\/587964250_1263867655774420_2007091897382242693_n.jpg\",\"datePublished\":\"2025-11-25T04:22:40+00:00\",\"breadcrumb\":{\"@id\":\"https:\/\/elcardinal.com\/?p=5305#breadcrumb\"},\"inLanguage\":\"es\",\"potentialAction\":[{\"@type\":\"ReadAction\",\"target\":[\"https:\/\/elcardinal.com\/?p=5305\"]}]},{\"@type\":\"ImageObject\",\"inLanguage\":\"es\",\"@id\":\"https:\/\/elcardinal.com\/?p=5305#primaryimage\",\"url\":\"https:\/\/elcardinal.com\/wp-content\/uploads\/2025\/11\/587964250_1263867655774420_2007091897382242693_n.jpg\",\"contentUrl\":\"https:\/\/elcardinal.com\/wp-content\/uploads\/2025\/11\/587964250_1263867655774420_2007091897382242693_n.jpg\",\"width\":1600,\"height\":1468},{\"@type\":\"BreadcrumbList\",\"@id\":\"https:\/\/elcardinal.com\/?p=5305#breadcrumb\",\"itemListElement\":[{\"@type\":\"ListItem\",\"position\":1,\"name\":\"Inicio\",\"item\":\"https:\/\/elcardinal.com\/\"},{\"@type\":\"ListItem\",\"position\":2,\"name\":\"Contralor\u00eda\u00a0aclara\u00a0avances\u00a0y responsables\u00a0en\u00a0la\u00a0\u201cEstafa\u00a0Siniestra\u201d\"}]},{\"@type\":\"WebSite\",\"@id\":\"https:\/\/elcardinal.com\/#website\",\"url\":\"https:\/\/elcardinal.com\/\",\"name\":\"El Cardinal\",\"description\":\"Periodismo honesto, con valor, sentido humano, a veces sarc\u00e1stico y divertido.\",\"publisher\":{\"@id\":\"https:\/\/elcardinal.com\/#organization\"},\"alternateName\":\"El Cardinal Noticias\",\"potentialAction\":[{\"@type\":\"SearchAction\",\"target\":{\"@type\":\"EntryPoint\",\"urlTemplate\":\"https:\/\/elcardinal.com\/?s={search_term_string}\"},\"query-input\":{\"@type\":\"PropertyValueSpecification\",\"valueRequired\":true,\"valueName\":\"search_term_string\"}}],\"inLanguage\":\"es\"},{\"@type\":\"Organization\",\"@id\":\"https:\/\/elcardinal.com\/#organization\",\"name\":\"El Cardinal\",\"url\":\"https:\/\/elcardinal.com\/\",\"logo\":{\"@type\":\"ImageObject\",\"inLanguage\":\"es\",\"@id\":\"https:\/\/elcardinal.com\/#\/schema\/logo\/image\/\",\"url\":\"https:\/\/elcardinal.com\/wp-content\/uploads\/2025\/04\/LOGO-EL-CARDINAL-Periodismo-con-valor.png\",\"contentUrl\":\"https:\/\/elcardinal.com\/wp-content\/uploads\/2025\/04\/LOGO-EL-CARDINAL-Periodismo-con-valor.png\",\"width\":755,\"height\":636,\"caption\":\"El Cardinal\"},\"image\":{\"@id\":\"https:\/\/elcardinal.com\/#\/schema\/logo\/image\/\"},\"sameAs\":[\"https:\/\/www.facebook.com\/profile.php?id=100063093107011\",\"https:\/\/x.com\/ElCardinal_Mx\"]},{\"@type\":\"Person\",\"@id\":\"https:\/\/elcardinal.com\/#\/schema\/person\/3c352ec0a33987fe275c0e8a2ea69f8b\",\"name\":\"Antonio Alcaraz\",\"image\":{\"@type\":\"ImageObject\",\"inLanguage\":\"es\",\"@id\":\"https:\/\/elcardinal.com\/#\/schema\/person\/image\/\",\"url\":\"https:\/\/elcardinal.com\/wp-content\/uploads\/2025\/05\/cropped-TONO-96x96.jpg\",\"contentUrl\":\"https:\/\/elcardinal.com\/wp-content\/uploads\/2025\/05\/cropped-TONO-96x96.jpg\",\"caption\":\"Antonio Alcaraz\"},\"url\":\"https:\/\/elcardinal.com\/?author=2\"}]}<\/script>\n<!-- \/ Yoast SEO plugin. -->","yoast_head_json":{"title":"Contralor\u00eda\u00a0aclara\u00a0avances\u00a0y responsables\u00a0en\u00a0la\u00a0\u201cEstafa\u00a0Siniestra\u201d - El Cardinal","robots":{"index":"index","follow":"follow","max-snippet":"max-snippet:-1","max-image-preview":"max-image-preview:large","max-video-preview":"max-video-preview:-1"},"canonical":"https:\/\/elcardinal.com\/?p=5305","og_locale":"es_MX","og_type":"article","og_title":"Contralor\u00eda\u00a0aclara\u00a0avances\u00a0y responsables\u00a0en\u00a0la\u00a0\u201cEstafa\u00a0Siniestra\u201d - El Cardinal","og_description":"Por: Redacci\u00f3n Durante su comparecencia en Hidalgo, en el marco de la glosa del tercer informe de gobierno, el secretario de la Contralor\u00eda estatal, \u00c1lvaro Bardales Ram\u00edrez, precis\u00f3 que ninguno de los exfuncionarios detenidos ha se\u00f1alado directamente al exgobernador Omar Fayad Meneses dentro del proceso conocido como Estafa Siniestra. Bardales explic\u00f3 que, hasta ahora, la","og_url":"https:\/\/elcardinal.com\/?p=5305","og_site_name":"El Cardinal","article_publisher":"https:\/\/www.facebook.com\/profile.php?id=100063093107011","article_published_time":"2025-11-25T04:22:40+00:00","og_image":[{"width":1600,"height":1468,"url":"https:\/\/elcardinal.com\/wp-content\/uploads\/2025\/11\/587964250_1263867655774420_2007091897382242693_n.jpg","type":"image\/jpeg"}],"author":"Antonio Alcaraz","twitter_card":"summary_large_image","twitter_creator":"@ElCardinal_Mx","twitter_site":"@ElCardinal_Mx","twitter_misc":{"Escrito por":"Antonio Alcaraz","Tiempo de lectura":"2 minutos"},"schema":{"@context":"https:\/\/schema.org","@graph":[{"@type":"Article","@id":"https:\/\/elcardinal.com\/?p=5305#article","isPartOf":{"@id":"https:\/\/elcardinal.com\/?p=5305"},"author":{"name":"Antonio Alcaraz","@id":"https:\/\/elcardinal.com\/#\/schema\/person\/3c352ec0a33987fe275c0e8a2ea69f8b"},"headline":"Contralor\u00eda\u00a0aclara\u00a0avances\u00a0y responsables\u00a0en\u00a0la\u00a0\u201cEstafa\u00a0Siniestra\u201d","datePublished":"2025-11-25T04:22:40+00:00","mainEntityOfPage":{"@id":"https:\/\/elcardinal.com\/?p=5305"},"wordCount":377,"commentCount":0,"publisher":{"@id":"https:\/\/elcardinal.com\/#organization"},"image":{"@id":"https:\/\/elcardinal.com\/?p=5305#primaryimage"},"thumbnailUrl":"https:\/\/elcardinal.com\/wp-content\/uploads\/2025\/11\/587964250_1263867655774420_2007091897382242693_n.jpg","articleSection":["Hidalgo","Minuto a Minuto","Pol\u00edtica"],"inLanguage":"es","potentialAction":[{"@type":"CommentAction","name":"Comment","target":["https:\/\/elcardinal.com\/?p=5305#respond"]}]},{"@type":"WebPage","@id":"https:\/\/elcardinal.com\/?p=5305","url":"https:\/\/elcardinal.com\/?p=5305","name":"Contralor\u00eda\u00a0aclara\u00a0avances\u00a0y responsables\u00a0en\u00a0la\u00a0\u201cEstafa\u00a0Siniestra\u201d - El Cardinal","isPartOf":{"@id":"https:\/\/elcardinal.com\/#website"},"primaryImageOfPage":{"@id":"https:\/\/elcardinal.com\/?p=5305#primaryimage"},"image":{"@id":"https:\/\/elcardinal.com\/?p=5305#primaryimage"},"thumbnailUrl":"https:\/\/elcardinal.com\/wp-content\/uploads\/2025\/11\/587964250_1263867655774420_2007091897382242693_n.jpg","datePublished":"2025-11-25T04:22:40+00:00","breadcrumb":{"@id":"https:\/\/elcardinal.com\/?p=5305#breadcrumb"},"inLanguage":"es","potentialAction":[{"@type":"ReadAction","target":["https:\/\/elcardinal.com\/?p=5305"]}]},{"@type":"ImageObject","inLanguage":"es","@id":"https:\/\/elcardinal.com\/?p=5305#primaryimage","url":"https:\/\/elcardinal.com\/wp-content\/uploads\/2025\/11\/587964250_1263867655774420_2007091897382242693_n.jpg","contentUrl":"https:\/\/elcardinal.com\/wp-content\/uploads\/2025\/11\/587964250_1263867655774420_2007091897382242693_n.jpg","width":1600,"height":1468},{"@type":"BreadcrumbList","@id":"https:\/\/elcardinal.com\/?p=5305#breadcrumb","itemListElement":[{"@type":"ListItem","position":1,"name":"Inicio","item":"https:\/\/elcardinal.com\/"},{"@type":"ListItem","position":2,"name":"Contralor\u00eda\u00a0aclara\u00a0avances\u00a0y responsables\u00a0en\u00a0la\u00a0\u201cEstafa\u00a0Siniestra\u201d"}]},{"@type":"WebSite","@id":"https:\/\/elcardinal.com\/#website","url":"https:\/\/elcardinal.com\/","name":"El Cardinal","description":"Periodismo honesto, con valor, sentido humano, a veces sarc\u00e1stico y divertido.","publisher":{"@id":"https:\/\/elcardinal.com\/#organization"},"alternateName":"El Cardinal Noticias","potentialAction":[{"@type":"SearchAction","target":{"@type":"EntryPoint","urlTemplate":"https:\/\/elcardinal.com\/?s={search_term_string}"},"query-input":{"@type":"PropertyValueSpecification","valueRequired":true,"valueName":"search_term_string"}}],"inLanguage":"es"},{"@type":"Organization","@id":"https:\/\/elcardinal.com\/#organization","name":"El Cardinal","url":"https:\/\/elcardinal.com\/","logo":{"@type":"ImageObject","inLanguage":"es","@id":"https:\/\/elcardinal.com\/#\/schema\/logo\/image\/","url":"https:\/\/elcardinal.com\/wp-content\/uploads\/2025\/04\/LOGO-EL-CARDINAL-Periodismo-con-valor.png","contentUrl":"https:\/\/elcardinal.com\/wp-content\/uploads\/2025\/04\/LOGO-EL-CARDINAL-Periodismo-con-valor.png","width":755,"height":636,"caption":"El Cardinal"},"image":{"@id":"https:\/\/elcardinal.com\/#\/schema\/logo\/image\/"},"sameAs":["https:\/\/www.facebook.com\/profile.php?id=100063093107011","https:\/\/x.com\/ElCardinal_Mx"]},{"@type":"Person","@id":"https:\/\/elcardinal.com\/#\/schema\/person\/3c352ec0a33987fe275c0e8a2ea69f8b","name":"Antonio Alcaraz","image":{"@type":"ImageObject","inLanguage":"es","@id":"https:\/\/elcardinal.com\/#\/schema\/person\/image\/","url":"https:\/\/elcardinal.com\/wp-content\/uploads\/2025\/05\/cropped-TONO-96x96.jpg","contentUrl":"https:\/\/elcardinal.com\/wp-content\/uploads\/2025\/05\/cropped-TONO-96x96.jpg","caption":"Antonio Alcaraz"},"url":"https:\/\/elcardinal.com\/?author=2"}]}},"_links":{"self":[{"href":"https:\/\/elcardinal.com\/index.php?rest_route=\/wp\/v2\/posts\/5305","targetHints":{"allow":["GET"]}}],"collection":[{"href":"https:\/\/elcardinal.com\/index.php?rest_route=\/wp\/v2\/posts"}],"about":[{"href":"https:\/\/elcardinal.com\/index.php?rest_route=\/wp\/v2\/types\/post"}],"author":[{"embeddable":true,"href":"https:\/\/elcardinal.com\/index.php?rest_route=\/wp\/v2\/users\/2"}],"replies":[{"embeddable":true,"href":"https:\/\/elcardinal.com\/index.php?rest_route=%2Fwp%2Fv2%2Fcomments&post=5305"}],"version-history":[{"count":1,"href":"https:\/\/elcardinal.com\/index.php?rest_route=\/wp\/v2\/posts\/5305\/revisions"}],"predecessor-version":[{"id":5307,"href":"https:\/\/elcardinal.com\/index.php?rest_route=\/wp\/v2\/posts\/5305\/revisions\/5307"}],"wp:featuredmedia":[{"embeddable":true,"href":"https:\/\/elcardinal.com\/index.php?rest_route=\/wp\/v2\/media\/5306"}],"wp:attachment":[{"href":"https:\/\/elcardinal.com\/index.php?rest_route=%2Fwp%2Fv2%2Fmedia&parent=5305"}],"wp:term":[{"taxonomy":"category","embeddable":true,"href":"https:\/\/elcardinal.com\/index.php?rest_route=%2Fwp%2Fv2%2Fcategories&post=5305"},{"taxonomy":"post_tag","embeddable":true,"href":"https:\/\/elcardinal.com\/index.php?rest_route=%2Fwp%2Fv2%2Ftags&post=5305"}],"curies":[{"name":"wp","href":"https:\/\/api.w.org\/{rel}","templated":true}]}}