{"id":5308,"date":"2025-11-24T22:28:13","date_gmt":"2025-11-25T04:28:13","guid":{"rendered":"https:\/\/elcardinal.com\/?p=5308"},"modified":"2025-11-24T22:28:13","modified_gmt":"2025-11-25T04:28:13","slug":"francisco-fernandez-hasbun-comparece-ante-el-congreso-y-resalta-modernizacion-de-la-pgjh","status":"publish","type":"post","link":"https:\/\/elcardinal.com\/?p=5308","title":{"rendered":"Francisco Fern\u00e1ndez Hasbun comparece ante el Congreso y resalta modernizaci\u00f3n de la PGJH"},"content":{"rendered":"<p>Redacci\u00f3n<\/p>\n<p><span style=\"font-weight: 400;\">En sesi\u00f3n ordinaria, el encargado del despacho de la Procuradur\u00eda General de Justicia del Estado de Hidalgo (PGJEH), <\/span><b>Francisco Fern\u00e1ndez Hasbun <\/b><span style=\"font-weight: 400;\">compareci\u00f3 ante el <\/span><b>Congreso del Estado Libre y Soberano de<\/b> <b>Hidalgo<\/b><span style=\"font-weight: 400;\">, como parte del procedimiento relativo al tercer informe del estado que guardan los diversos ramos de la administraci\u00f3n p\u00fablica encabezada por el gobernador <\/span><b>Julio Menchaca Salazar<\/b><span style=\"font-weight: 400;\">.<\/span><\/p>\n<p><span style=\"font-weight: 400;\">En su mensaje, el presidente de la Junta de Gobierno, <\/span><b>Andr\u00e9s Vel\u00e1zquez V\u00e1zquez <\/b><span style=\"font-weight: 400;\">mencion\u00f3 que la Procuradur\u00eda de Justicia es uno de los pilares de cualquier Estado democr\u00e1tico. \u201cAh\u00ed se investiga el delito, se combate la impunidad, se protege a las v\u00edctimas y se manda un mensaje firme de que nadie est\u00e1 por encima de la ley\u201d.<\/span><\/p>\n<p><span style=\"font-weight: 400;\">En su intervenci\u00f3n, el funcionario recalc\u00f3 que las exigencias de la poblaci\u00f3n hidalguense obligan a redoblar esfuerzos con transparencia, perfeccionar investigaciones y agilizar respuestas para garantizar sanci\u00f3n efectiva y reparaci\u00f3n del da\u00f1o a las v\u00edctimas.<\/span><\/p>\n<p><span style=\"font-weight: 400;\">Dentro de los logros m\u00e1s destacados, el encargado de la Procuradur\u00eda inform\u00f3 los siguientes:<\/span><\/p>\n<ul>\n<li style=\"font-weight: 400;\" aria-level=\"1\"><span style=\"font-weight: 400;\">La certificaci\u00f3n internacional ISO 9001:2015 en gesti\u00f3n de calidad para 19 \u00e1reas sustantivas.<\/span><\/li>\n<li style=\"font-weight: 400;\" aria-level=\"1\"><span style=\"font-weight: 400;\">La identificaci\u00f3n del origen de 271 armas de fuego.<\/span><\/li>\n<li style=\"font-weight: 400;\" aria-level=\"1\"><span style=\"font-weight: 400;\">Respecto a las demandas de extinci\u00f3n de dominio, la obtenci\u00f3n de sentencias sobre veh\u00edculos, inmuebles y dinero en efectivo, con un valor total de 8 millones 16 mil 579 pesos.<\/span><\/li>\n<li style=\"font-weight: 400;\" aria-level=\"1\"><span style=\"font-weight: 400;\">La obtenci\u00f3n de la declaratoria judicial de abandono de 30 veh\u00edculos a favor del gobierno.<\/span><\/li>\n<li style=\"font-weight: 400;\" aria-level=\"1\"><span style=\"font-weight: 400;\">La vinculaci\u00f3n a proceso para 40 exservidores p\u00fablicos, entre ellos siete exalcaldes, 10 exfuncionarios estatales y 23 municipales.<\/span><\/li>\n<li style=\"font-weight: 400;\" aria-level=\"1\"><span style=\"font-weight: 400;\">La vinculaci\u00f3n a proceso de mil 246 personas generadoras de violencia sexual y contra la familia; 21 mil 868 medidas de protecci\u00f3n y 295 sentencias condenatorias.<\/span><\/li>\n<li style=\"font-weight: 400;\" aria-level=\"1\"><span style=\"font-weight: 400;\">La obtenci\u00f3n de 13 sentencias condenatorias por feminicidio, con penas de hasta 37 a\u00f1os y seis meses de prisi\u00f3n.<\/span><\/li>\n<li style=\"font-weight: 400;\" aria-level=\"1\"><span style=\"font-weight: 400;\">La participaci\u00f3n en la elaboraci\u00f3n del documento \u201cRutas para el acceso a la justicia y los derechos humanos de las personas de la comunidad LGBTTTIQ+ del estado de Hidalgo\u201d.<\/span><\/li>\n<li style=\"font-weight: 400;\" aria-level=\"1\"><span style=\"font-weight: 400;\">La desarticulaci\u00f3n de 21 c\u00e9lulas delictivas.<\/span><\/li>\n<li style=\"font-weight: 400;\" aria-level=\"1\"><span style=\"font-weight: 400;\">La ejecuci\u00f3n de 393 cateos en los que se aseguraron 15 mil 329 dosis de marihuana, 330 mil 064 dosis de metanfetamina y mil 619 dosis de coca\u00edna.<\/span><\/li>\n<li style=\"font-weight: 400;\" aria-level=\"1\"><span style=\"font-weight: 400;\">Durante el primer semestre del 2025, el registro de solo dos casos de secuestro en la entidad.<\/span><\/li>\n<li style=\"font-weight: 400;\" aria-level=\"1\"><span style=\"font-weight: 400;\">La ejecuci\u00f3n de mil 113 \u00f3rdenes de aprehensi\u00f3n, la detenci\u00f3n de 318 personas en flagrancia y la puesta a disposici\u00f3n de 150 armas de fuego.<\/span><\/li>\n<\/ul>\n<p>&nbsp;<\/p>\n<p><span style=\"font-weight: 400;\">En sesi\u00f3n de preguntas y respuestas, el diputado <\/span><b>Aldo Meza Hern\u00e1ndez<\/b><span style=\"font-weight: 400;\"> (Morena) cuestion\u00f3 qu\u00e9 avances se han logrado en la investigaci\u00f3n de la \u201cEstafa Siniestra\u201d y qu\u00e9 medidas se han tomado para garantizar la justicia y la recuperaci\u00f3n de los recursos desviados, por lo que el encargado record\u00f3 que \u201chay un amparo que me impide dar informaci\u00f3n respecto al tema, en el caso particular de la persona que mencionaste de sexo masculino, para ser respetuoso al amparo. Pero quiero que sepan que desde que empec\u00e9 en la gesti\u00f3n, tuve la oportunidad de trabajar con la Embajada de Estados Unidos derivado de un estudio importante y de una investigaci\u00f3n donde determinamos y nos dimos cuenta que se encontraba en Estados Unidos\u201d.<\/span><\/p>\n<p><span style=\"font-weight: 400;\">El legislador tambi\u00e9n pregunt\u00f3 qu\u00e9 medidas concretas ha implementado la Procuradur\u00eda a su cargo para abordar la desaparici\u00f3n de personas y garantizar la seguridad y justicia para las familias de las v\u00edctimas, por lo que el funcionario indic\u00f3 que la no localizaci\u00f3n de las personas es una problem\u00e1tica social altamente sensible, \u201cpor eso realizamos trabajos coordinados entre varias instituciones de los tres \u00f3rdenes de gobierno. Las acciones son en dos sentidos: lograr la pronta localizaci\u00f3n y la sanci\u00f3n de delitos cometidos. Por el delito de desaparici\u00f3n cometida por particulares, obtuvimos una sentencia de condenatorias que van desde 25 hasta 62 a\u00f1os y hemos tenido una disminuci\u00f3n del 83 por ciento\u201d.<\/span><\/p>\n<p><span style=\"font-weight: 400;\">La diputada <\/span><b>Diana Rangel Z\u00fa\u00f1iga<\/b><span style=\"font-weight: 400;\"> (Morena) solicit\u00f3 informaci\u00f3n sobre las acciones para garantizar la seguridad de juezas, jueces, magistradas, magistrados o servidores p\u00fablicos que atienden casos sensibles, por lo que el encargado afirm\u00f3 que existen protocolos dentro de la Procuradur\u00eda para evitar ese tipo de problemas. \u201cEn el caso espec\u00edfico, ya tenemos a las personas detenidas, vamos a lograr una sentencia condenatoria firme\u201d.<\/span><\/p>\n<p><span style=\"font-weight: 400;\">La legisladora tambi\u00e9n cuestion\u00f3 qu\u00e9 estrategia integral se est\u00e1 implementando para salvaguardar la integridad de las autoridades municipales, por lo que el funcionario indic\u00f3 que en el caso del asesinato del edil de Pisaflores, Miguel Bahena Sol\u00f3rzano \u201ctenemos dos personas que fueron vinculadas al proceso y se continu\u00f3 la investigaci\u00f3n\u201d.<\/span><\/p>\n<p><span style=\"font-weight: 400;\">La diputada <\/span><b>Cynthia Citlali Delgado Mendoza<\/b><span style=\"font-weight: 400;\"> (Morena) pregunt\u00f3 si la Procuradur\u00eda cuenta con un diagn\u00f3stico actualizado sobre la recomposici\u00f3n de estos grupos delictivos y su capacidad real para regenerarse incluso despu\u00e9s de estos operativos, por lo que el funcionario asever\u00f3: \u201cvamos de frente y duro contra la criminalidad y cualquier delito que se cometa dentro de este estado. Vamos a seguir trabajando arduamente con todo el equipo\u201d.<\/span><\/p>\n<p><span style=\"font-weight: 400;\">La legisladora tambi\u00e9n cuestion\u00f3 si los procesos contra exfuncionarios est\u00e1n avanzando hacia sanciones firmes o si solo se quedan en etapa medi\u00e1tica de la vinculaci\u00f3n, por lo que el encargado del despacho reiter\u00f3 que 23 fueron vinculados a proceso, 10 se encuentran en prisi\u00f3n preventiva, cinco fueron sentenciados y ocho en procesos de libertad.<\/span><\/p>\n<p><span style=\"font-weight: 400;\">El diputado <\/span><b>Juli\u00e1n Nochebuena Hern\u00e1ndez<\/b><span style=\"font-weight: 400;\"> (Morena) solicit\u00f3 informaci\u00f3n sobre la transici\u00f3n de Procuradur\u00eda a Fiscal\u00eda, por lo que el funcionario asegur\u00f3: \u201cse trabaja en el tema operativo. Donde tenemos atraso es en el tema administrativo. Ya tenemos digitalizado todo el archivo, estamos digitalizando casi la gran mayor\u00eda de las carpetas de investigaci\u00f3n, hoy tenemos centros de atenci\u00f3n temprana, estamos trabajando con inteligencia artificial y tenemos la denuncia en l\u00ednea. Creo que estamos avanzando\u201d.<\/span><\/p>\n<p><span style=\"font-weight: 400;\">La legisladora <\/span><b>Hilda Miranda Miranda<\/b><span style=\"font-weight: 400;\"> (Morena) cuestion\u00f3 qu\u00e9 avances concretos ha tenido la Procuradur\u00eda en la aplicaci\u00f3n de protocolos de investigaci\u00f3n con perspectiva de g\u00e9nero y qu\u00e9 porcentaje de su personal de ministerios p\u00fablicos y pericial ha recibido capacitaci\u00f3n especializada para atender a v\u00edctimas mujeres, por lo que el encargado indic\u00f3: \u201ctenemos un gran avance y hemos logrado bajar las cifras, comenzando con la aplicaci\u00f3n de protocolos especializados que tenemos que homologar y optimizar en la investigaci\u00f3n. El delito de feminicidio es un delito complejo porque abarca muchas circunstancias\u201d.<\/span><\/p>\n<p><span style=\"font-weight: 400;\">La legisladora <\/span><b>Orqu\u00eddea Larragoiti Osorio<\/b><span style=\"font-weight: 400;\"> (PT) pregunt\u00f3 cu\u00e1l es la tasa de efectividad de detenci\u00f3n, por lo que el funcionario explic\u00f3 que este a\u00f1o increment\u00f3 el n\u00famero de \u00f3rdenes de aprehensi\u00f3n ejecutadas, sobre todo de violencia familiar.<\/span><\/p>\n<p><span style=\"font-weight: 400;\">La diputada tambi\u00e9n cuestion\u00f3 los avances sobre el feminicidio de una menor en el municipio de Xochiatipan, por lo que el encargado precis\u00f3 que se han realizado acciones periciales y policiales para llegar al esclarecimiento de los hechos y la identificaci\u00f3n de las personas que cometieron el delito. \u201cLa carpeta se encuentra actualmente en integraci\u00f3n. Hemos analizado m\u00e1s de 230 audios en lengua n\u00e1huatl\u201d.<\/span><\/p>\n<p><span style=\"font-weight: 400;\">La legisladora <\/span><b>Johana Montcerrat Hern\u00e1ndez P\u00e9rez<\/b><span style=\"font-weight: 400;\"> (PRI) pregunt\u00f3 que, en esta nueva realidad que vive el estado sobre seguridad, cu\u00e1l es el plan de acci\u00f3n institucional, por lo que el encargado asegur\u00f3: \u201ctenemos un r\u00e9cord importante de todos los personajes que se dedican a delinquir, detenidos como generadores de violencia. No vamos a permitir que sigan o que quieran intentar entrar al estado\u201d.<\/span><\/p>\n<p><span style=\"font-weight: 400;\">Adem\u00e1s, la diputada cuestion\u00f3 si la Procuradur\u00eda tiene protocolos de atenci\u00f3n de violencia a todas las mujeres, por lo que el funcionario detall\u00f3 que las medidas de protecci\u00f3n \u201cse las generamos a todas las v\u00edctimas que se encuentran vulnerables. Quiero que sepan que todo el mundo, no nada m\u00e1s en delitos contra la mujer, tiene el acceso a las medidas de protecci\u00f3n\u201d.<\/span><\/p>\n<p><span style=\"font-weight: 400;\">La legisladora <\/span><b>Tania Er\u00e9ndira Meza Escorza<\/b><span style=\"font-weight: 400;\"> (Morena) solicit\u00f3 informaci\u00f3n sobre la creaci\u00f3n de la Fiscal\u00eda de Atenci\u00f3n y Protecci\u00f3n a Periodistas y Personas Defensoras de Derechos Humanos, por lo que el encargado del despacho indic\u00f3 que las carpetas est\u00e1n en integraci\u00f3n, con expedientes que est\u00e1n bien trabajados.<\/span><\/p>\n<p><span style=\"font-weight: 400;\">El diputado <\/span><b>Marco Antonio Mendoza Bustamante<\/b><span style=\"font-weight: 400;\"> (PRI) pregunt\u00f3 cu\u00e1l es la visi\u00f3n para consolidar a la Procuradur\u00eda como una instituci\u00f3n moderna y cient\u00edfica, por lo que el funcionario explic\u00f3 que \u201cestamos digitalizando todas las carpetas de investigaci\u00f3n. Con el nuevo <\/span><i><span style=\"font-weight: 400;\">site<\/span><\/i><span style=\"font-weight: 400;\">, ya no vamos a depender de ning\u00fan servidor externo, no vamos a pagar una renta. Ya es aut\u00f3nomo, seguro, ya est\u00e1 m\u00e1s que blindado en los sistemas para que nadie nos robe informaci\u00f3n\u201d.<\/span><\/p>\n<p><span style=\"font-weight: 400;\">El legislador tambi\u00e9n solicit\u00f3 informaci\u00f3n sobre la Unidad Especializada de Investigaci\u00f3n de Delitos contra los Animales y su actuar, por lo que el funcionario adelant\u00f3 que, en el pr\u00f3ximo presupuesto, \u201cvamos a pedir una ambulancia y un espacio con las caracter\u00edsticas necesarias para que los animales permanezcan en buen estado\u201d.<\/span><\/p>\n<p><span style=\"font-weight: 400;\">El diputado <\/span><b>Francisco Javier T\u00e9llez S\u00e1nchez<\/b><span style=\"font-weight: 400;\"> (PT) cuestion\u00f3 las medidas aplicadas para evitar los asesinatos de polic\u00edas de investigaci\u00f3n, las agresiones armadas contra funcionarios y los ataques dirigidos hacia personal del Poder Judicial, por lo que el encargado precis\u00f3: \u201ctodo el tiempo estamos capacitando a nuestro personal, les entregamos las herramientas necesarias para que no sucedan ese tipo de problemas\u201d.<\/span><\/p>\n<p><span style=\"font-weight: 400;\">El legislador <\/span><b>Jos\u00e9 Luis Rodr\u00edguez Higareda<\/b><span style=\"font-weight: 400;\"> (Morena) pregunt\u00f3 sobre las acciones para bajar los delitos de alto impacto en la regi\u00f3n de Tula, por lo que el funcionario mencion\u00f3 que la Procuradur\u00eda mantiene coordinaci\u00f3n con las fuerzas federales, estatales y con la presidencia municipal. \u201cQuiero decirle a Tula que lo vamos a dejar lo m\u00e1s calmado posible. Estamos trabajando en \u00e1reas de inteligencia, tambi\u00e9n con el gobierno federal, para combatir a las c\u00e9lulas criminales que se encuentran o que quieren radicar en el municipio\u201d.<\/span><\/p>\n<p><span style=\"font-weight: 400;\">La diputada <\/span><b>Claudia Lilia Luna Islas<\/b><span style=\"font-weight: 400;\"> (PAN) cuestion\u00f3 si hay ministerios p\u00fablicos sancionados por el tema de corrupci\u00f3n y c\u00f3mo se est\u00e1 capacitando para que la actuaci\u00f3n de los MP sea m\u00e1s r\u00e1pida y efectiva, por lo que el encargado asever\u00f3 que cualquier ministerio p\u00fablico que cometa un acto de corrupci\u00f3n, ser\u00e1 sancionado o instituido.<\/span><\/p>\n<p><span style=\"font-weight: 400;\">La legisladora tambi\u00e9n pregunt\u00f3 el seguimiento para que realmente se lleven a cabo los acuerdos reparatorios, por lo que el funcionario manifest\u00f3 que son asuntos \u201cque se pueden resolver entre particulares. Eso nos ha ayudado a desahogar cualquier tema de irnos a una carpeta de investigaci\u00f3n\u201d.<\/span><\/p>\n<p><span style=\"font-weight: 400;\">El diputado <\/span><b>Avelino Tovar Iglesias <\/b><span style=\"font-weight: 400;\">(PVEM) record\u00f3 que Actopan vive una crisis de inseguridad, donde un regidor se vio involucrado en el linchamiento de una persona, por lo que el encargado del despacho inform\u00f3 que est\u00e1 vigente la investigaci\u00f3n. \u201c\u00c9l est\u00e1 imputado por dos delitos de alto impacto\u201d.<\/span><\/p>\n<p><span style=\"font-weight: 400;\">Finalmente, el legislador <\/span><b>Juan Pablo Escalante Urb\u00e1n<\/b><span style=\"font-weight: 400;\"> (Morena) pregunt\u00f3 cu\u00e1ntas de las demandas se han resuelto favorablemente y a cu\u00e1nto asciende el monto global derivado de las acciones de extinci\u00f3n de dominio, por lo que el funcionario solicit\u00f3 confianza en la Procuradur\u00eda. \u201cSon procesos que no dependen solo de la Procuradur\u00eda, dependen tambi\u00e9n de otro tipo de juzgados y seguimos trabajando de la mano\u201d.<\/span><\/p>\n","protected":false},"excerpt":{"rendered":"<p>Redacci\u00f3n En sesi\u00f3n ordinaria, el encargado del despacho de la Procuradur\u00eda General de Justicia del Estado de Hidalgo (PGJEH), Francisco Fern\u00e1ndez Hasbun compareci\u00f3 ante el Congreso del Estado Libre y Soberano de Hidalgo, como parte del procedimiento relativo al tercer informe del estado que guardan los diversos ramos de la administraci\u00f3n p\u00fablica encabezada por el<\/p>\n","protected":false},"author":1,"featured_media":5309,"comment_status":"open","ping_status":"open","sticky":false,"template":"","format":"standard","meta":{"footnotes":""},"categories":[31,44,39],"tags":[],"class_list":{"0":"post-5308","1":"post","2":"type-post","3":"status-publish","4":"format-standard","5":"has-post-thumbnail","7":"category-hidalgo","8":"category-minuto-a-minuto","9":"category-politica"},"yoast_head":"<!-- This site is optimized with the Yoast SEO plugin v26.1.1 - https:\/\/yoast.com\/wordpress\/plugins\/seo\/ -->\n<title>Francisco Fern\u00e1ndez Hasbun comparece ante el Congreso y resalta modernizaci\u00f3n de la PGJH - El Cardinal<\/title>\n<meta name=\"robots\" content=\"index, follow, max-snippet:-1, max-image-preview:large, max-video-preview:-1\" \/>\n<link rel=\"canonical\" href=\"https:\/\/elcardinal.com\/?p=5308\" \/>\n<meta property=\"og:locale\" content=\"es_MX\" \/>\n<meta property=\"og:type\" content=\"article\" \/>\n<meta property=\"og:title\" content=\"Francisco Fern\u00e1ndez Hasbun comparece ante el Congreso y resalta modernizaci\u00f3n de la PGJH - El Cardinal\" \/>\n<meta property=\"og:description\" content=\"Redacci\u00f3n En sesi\u00f3n ordinaria, el encargado del despacho de la Procuradur\u00eda General de Justicia del Estado de Hidalgo (PGJEH), Francisco Fern\u00e1ndez Hasbun compareci\u00f3 ante el Congreso del Estado Libre y Soberano de Hidalgo, como parte del procedimiento relativo al tercer informe del estado que guardan los diversos ramos de la administraci\u00f3n p\u00fablica encabezada por el\" \/>\n<meta property=\"og:url\" content=\"https:\/\/elcardinal.com\/?p=5308\" \/>\n<meta property=\"og:site_name\" content=\"El Cardinal\" \/>\n<meta property=\"article:publisher\" content=\"https:\/\/www.facebook.com\/profile.php?id=100063093107011\" \/>\n<meta property=\"article:published_time\" content=\"2025-11-25T04:28:13+00:00\" \/>\n<meta property=\"og:image\" content=\"https:\/\/elcardinal.com\/wp-content\/uploads\/2025\/11\/Comparecencia-24.11.2025-Procuraduria-225--scaled.jpg\" \/>\n\t<meta property=\"og:image:width\" content=\"2560\" \/>\n\t<meta property=\"og:image:height\" content=\"1707\" \/>\n\t<meta property=\"og:image:type\" content=\"image\/jpeg\" \/>\n<meta name=\"author\" content=\"admin\" \/>\n<meta name=\"twitter:card\" content=\"summary_large_image\" \/>\n<meta name=\"twitter:creator\" content=\"@ElCardinal_Mx\" \/>\n<meta name=\"twitter:site\" content=\"@ElCardinal_Mx\" \/>\n<meta name=\"twitter:label1\" content=\"Escrito por\" \/>\n\t<meta name=\"twitter:data1\" content=\"admin\" \/>\n\t<meta name=\"twitter:label2\" content=\"Tiempo de lectura\" \/>\n\t<meta name=\"twitter:data2\" content=\"9 minutos\" \/>\n<script type=\"application\/ld+json\" class=\"yoast-schema-graph\">{\"@context\":\"https:\/\/schema.org\",\"@graph\":[{\"@type\":\"Article\",\"@id\":\"https:\/\/elcardinal.com\/?p=5308#article\",\"isPartOf\":{\"@id\":\"https:\/\/elcardinal.com\/?p=5308\"},\"author\":{\"name\":\"admin\",\"@id\":\"https:\/\/elcardinal.com\/#\/schema\/person\/5afd392a3b300b95afb068a1cd3abccc\"},\"headline\":\"Francisco Fern\u00e1ndez Hasbun comparece ante el Congreso y resalta modernizaci\u00f3n de la PGJH\",\"datePublished\":\"2025-11-25T04:28:13+00:00\",\"mainEntityOfPage\":{\"@id\":\"https:\/\/elcardinal.com\/?p=5308\"},\"wordCount\":1938,\"commentCount\":0,\"publisher\":{\"@id\":\"https:\/\/elcardinal.com\/#organization\"},\"image\":{\"@id\":\"https:\/\/elcardinal.com\/?p=5308#primaryimage\"},\"thumbnailUrl\":\"https:\/\/elcardinal.com\/wp-content\/uploads\/2025\/11\/Comparecencia-24.11.2025-Procuraduria-225--scaled.jpg\",\"articleSection\":[\"Hidalgo\",\"Minuto a Minuto\",\"Pol\u00edtica\"],\"inLanguage\":\"es\",\"potentialAction\":[{\"@type\":\"CommentAction\",\"name\":\"Comment\",\"target\":[\"https:\/\/elcardinal.com\/?p=5308#respond\"]}]},{\"@type\":\"WebPage\",\"@id\":\"https:\/\/elcardinal.com\/?p=5308\",\"url\":\"https:\/\/elcardinal.com\/?p=5308\",\"name\":\"Francisco Fern\u00e1ndez Hasbun comparece ante el Congreso y resalta modernizaci\u00f3n de la PGJH - El Cardinal\",\"isPartOf\":{\"@id\":\"https:\/\/elcardinal.com\/#website\"},\"primaryImageOfPage\":{\"@id\":\"https:\/\/elcardinal.com\/?p=5308#primaryimage\"},\"image\":{\"@id\":\"https:\/\/elcardinal.com\/?p=5308#primaryimage\"},\"thumbnailUrl\":\"https:\/\/elcardinal.com\/wp-content\/uploads\/2025\/11\/Comparecencia-24.11.2025-Procuraduria-225--scaled.jpg\",\"datePublished\":\"2025-11-25T04:28:13+00:00\",\"breadcrumb\":{\"@id\":\"https:\/\/elcardinal.com\/?p=5308#breadcrumb\"},\"inLanguage\":\"es\",\"potentialAction\":[{\"@type\":\"ReadAction\",\"target\":[\"https:\/\/elcardinal.com\/?p=5308\"]}]},{\"@type\":\"ImageObject\",\"inLanguage\":\"es\",\"@id\":\"https:\/\/elcardinal.com\/?p=5308#primaryimage\",\"url\":\"https:\/\/elcardinal.com\/wp-content\/uploads\/2025\/11\/Comparecencia-24.11.2025-Procuraduria-225--scaled.jpg\",\"contentUrl\":\"https:\/\/elcardinal.com\/wp-content\/uploads\/2025\/11\/Comparecencia-24.11.2025-Procuraduria-225--scaled.jpg\",\"width\":2560,\"height\":1707},{\"@type\":\"BreadcrumbList\",\"@id\":\"https:\/\/elcardinal.com\/?p=5308#breadcrumb\",\"itemListElement\":[{\"@type\":\"ListItem\",\"position\":1,\"name\":\"Inicio\",\"item\":\"https:\/\/elcardinal.com\/\"},{\"@type\":\"ListItem\",\"position\":2,\"name\":\"Francisco Fern\u00e1ndez Hasbun comparece ante el Congreso y resalta modernizaci\u00f3n de la PGJH\"}]},{\"@type\":\"WebSite\",\"@id\":\"https:\/\/elcardinal.com\/#website\",\"url\":\"https:\/\/elcardinal.com\/\",\"name\":\"El Cardinal\",\"description\":\"Periodismo honesto, con valor, sentido humano, a veces sarc\u00e1stico y divertido.\",\"publisher\":{\"@id\":\"https:\/\/elcardinal.com\/#organization\"},\"alternateName\":\"El Cardinal Noticias\",\"potentialAction\":[{\"@type\":\"SearchAction\",\"target\":{\"@type\":\"EntryPoint\",\"urlTemplate\":\"https:\/\/elcardinal.com\/?s={search_term_string}\"},\"query-input\":{\"@type\":\"PropertyValueSpecification\",\"valueRequired\":true,\"valueName\":\"search_term_string\"}}],\"inLanguage\":\"es\"},{\"@type\":\"Organization\",\"@id\":\"https:\/\/elcardinal.com\/#organization\",\"name\":\"El Cardinal\",\"url\":\"https:\/\/elcardinal.com\/\",\"logo\":{\"@type\":\"ImageObject\",\"inLanguage\":\"es\",\"@id\":\"https:\/\/elcardinal.com\/#\/schema\/logo\/image\/\",\"url\":\"https:\/\/elcardinal.com\/wp-content\/uploads\/2025\/04\/LOGO-EL-CARDINAL-Periodismo-con-valor.png\",\"contentUrl\":\"https:\/\/elcardinal.com\/wp-content\/uploads\/2025\/04\/LOGO-EL-CARDINAL-Periodismo-con-valor.png\",\"width\":755,\"height\":636,\"caption\":\"El Cardinal\"},\"image\":{\"@id\":\"https:\/\/elcardinal.com\/#\/schema\/logo\/image\/\"},\"sameAs\":[\"https:\/\/www.facebook.com\/profile.php?id=100063093107011\",\"https:\/\/x.com\/ElCardinal_Mx\"]},{\"@type\":\"Person\",\"@id\":\"https:\/\/elcardinal.com\/#\/schema\/person\/5afd392a3b300b95afb068a1cd3abccc\",\"name\":\"admin\",\"image\":{\"@type\":\"ImageObject\",\"inLanguage\":\"es\",\"@id\":\"https:\/\/elcardinal.com\/#\/schema\/person\/image\/\",\"url\":\"https:\/\/secure.gravatar.com\/avatar\/dd589adc02664698426865558854714d2d82548501e48cbe9b9f1997b68138b6?s=96&d=mm&r=g\",\"contentUrl\":\"https:\/\/secure.gravatar.com\/avatar\/dd589adc02664698426865558854714d2d82548501e48cbe9b9f1997b68138b6?s=96&d=mm&r=g\",\"caption\":\"admin\"},\"sameAs\":[\"https:\/\/elcardinal.com\"],\"url\":\"https:\/\/elcardinal.com\/?author=1\"}]}<\/script>\n<!-- \/ Yoast SEO plugin. -->","yoast_head_json":{"title":"Francisco Fern\u00e1ndez Hasbun comparece ante el Congreso y resalta modernizaci\u00f3n de la PGJH - El Cardinal","robots":{"index":"index","follow":"follow","max-snippet":"max-snippet:-1","max-image-preview":"max-image-preview:large","max-video-preview":"max-video-preview:-1"},"canonical":"https:\/\/elcardinal.com\/?p=5308","og_locale":"es_MX","og_type":"article","og_title":"Francisco Fern\u00e1ndez Hasbun comparece ante el Congreso y resalta modernizaci\u00f3n de la PGJH - El Cardinal","og_description":"Redacci\u00f3n En sesi\u00f3n ordinaria, el encargado del despacho de la Procuradur\u00eda General de Justicia del Estado de Hidalgo (PGJEH), Francisco Fern\u00e1ndez Hasbun compareci\u00f3 ante el Congreso del Estado Libre y Soberano de Hidalgo, como parte del procedimiento relativo al tercer informe del estado que guardan los diversos ramos de la administraci\u00f3n p\u00fablica encabezada por el","og_url":"https:\/\/elcardinal.com\/?p=5308","og_site_name":"El Cardinal","article_publisher":"https:\/\/www.facebook.com\/profile.php?id=100063093107011","article_published_time":"2025-11-25T04:28:13+00:00","og_image":[{"width":2560,"height":1707,"url":"https:\/\/elcardinal.com\/wp-content\/uploads\/2025\/11\/Comparecencia-24.11.2025-Procuraduria-225--scaled.jpg","type":"image\/jpeg"}],"author":"admin","twitter_card":"summary_large_image","twitter_creator":"@ElCardinal_Mx","twitter_site":"@ElCardinal_Mx","twitter_misc":{"Escrito por":"admin","Tiempo de lectura":"9 minutos"},"schema":{"@context":"https:\/\/schema.org","@graph":[{"@type":"Article","@id":"https:\/\/elcardinal.com\/?p=5308#article","isPartOf":{"@id":"https:\/\/elcardinal.com\/?p=5308"},"author":{"name":"admin","@id":"https:\/\/elcardinal.com\/#\/schema\/person\/5afd392a3b300b95afb068a1cd3abccc"},"headline":"Francisco Fern\u00e1ndez Hasbun comparece ante el Congreso y resalta modernizaci\u00f3n de la PGJH","datePublished":"2025-11-25T04:28:13+00:00","mainEntityOfPage":{"@id":"https:\/\/elcardinal.com\/?p=5308"},"wordCount":1938,"commentCount":0,"publisher":{"@id":"https:\/\/elcardinal.com\/#organization"},"image":{"@id":"https:\/\/elcardinal.com\/?p=5308#primaryimage"},"thumbnailUrl":"https:\/\/elcardinal.com\/wp-content\/uploads\/2025\/11\/Comparecencia-24.11.2025-Procuraduria-225--scaled.jpg","articleSection":["Hidalgo","Minuto a Minuto","Pol\u00edtica"],"inLanguage":"es","potentialAction":[{"@type":"CommentAction","name":"Comment","target":["https:\/\/elcardinal.com\/?p=5308#respond"]}]},{"@type":"WebPage","@id":"https:\/\/elcardinal.com\/?p=5308","url":"https:\/\/elcardinal.com\/?p=5308","name":"Francisco Fern\u00e1ndez Hasbun comparece ante el Congreso y resalta modernizaci\u00f3n de la PGJH - El Cardinal","isPartOf":{"@id":"https:\/\/elcardinal.com\/#website"},"primaryImageOfPage":{"@id":"https:\/\/elcardinal.com\/?p=5308#primaryimage"},"image":{"@id":"https:\/\/elcardinal.com\/?p=5308#primaryimage"},"thumbnailUrl":"https:\/\/elcardinal.com\/wp-content\/uploads\/2025\/11\/Comparecencia-24.11.2025-Procuraduria-225--scaled.jpg","datePublished":"2025-11-25T04:28:13+00:00","breadcrumb":{"@id":"https:\/\/elcardinal.com\/?p=5308#breadcrumb"},"inLanguage":"es","potentialAction":[{"@type":"ReadAction","target":["https:\/\/elcardinal.com\/?p=5308"]}]},{"@type":"ImageObject","inLanguage":"es","@id":"https:\/\/elcardinal.com\/?p=5308#primaryimage","url":"https:\/\/elcardinal.com\/wp-content\/uploads\/2025\/11\/Comparecencia-24.11.2025-Procuraduria-225--scaled.jpg","contentUrl":"https:\/\/elcardinal.com\/wp-content\/uploads\/2025\/11\/Comparecencia-24.11.2025-Procuraduria-225--scaled.jpg","width":2560,"height":1707},{"@type":"BreadcrumbList","@id":"https:\/\/elcardinal.com\/?p=5308#breadcrumb","itemListElement":[{"@type":"ListItem","position":1,"name":"Inicio","item":"https:\/\/elcardinal.com\/"},{"@type":"ListItem","position":2,"name":"Francisco Fern\u00e1ndez Hasbun comparece ante el Congreso y resalta modernizaci\u00f3n de la PGJH"}]},{"@type":"WebSite","@id":"https:\/\/elcardinal.com\/#website","url":"https:\/\/elcardinal.com\/","name":"El Cardinal","description":"Periodismo honesto, con valor, sentido humano, a veces sarc\u00e1stico y divertido.","publisher":{"@id":"https:\/\/elcardinal.com\/#organization"},"alternateName":"El Cardinal Noticias","potentialAction":[{"@type":"SearchAction","target":{"@type":"EntryPoint","urlTemplate":"https:\/\/elcardinal.com\/?s={search_term_string}"},"query-input":{"@type":"PropertyValueSpecification","valueRequired":true,"valueName":"search_term_string"}}],"inLanguage":"es"},{"@type":"Organization","@id":"https:\/\/elcardinal.com\/#organization","name":"El Cardinal","url":"https:\/\/elcardinal.com\/","logo":{"@type":"ImageObject","inLanguage":"es","@id":"https:\/\/elcardinal.com\/#\/schema\/logo\/image\/","url":"https:\/\/elcardinal.com\/wp-content\/uploads\/2025\/04\/LOGO-EL-CARDINAL-Periodismo-con-valor.png","contentUrl":"https:\/\/elcardinal.com\/wp-content\/uploads\/2025\/04\/LOGO-EL-CARDINAL-Periodismo-con-valor.png","width":755,"height":636,"caption":"El Cardinal"},"image":{"@id":"https:\/\/elcardinal.com\/#\/schema\/logo\/image\/"},"sameAs":["https:\/\/www.facebook.com\/profile.php?id=100063093107011","https:\/\/x.com\/ElCardinal_Mx"]},{"@type":"Person","@id":"https:\/\/elcardinal.com\/#\/schema\/person\/5afd392a3b300b95afb068a1cd3abccc","name":"admin","image":{"@type":"ImageObject","inLanguage":"es","@id":"https:\/\/elcardinal.com\/#\/schema\/person\/image\/","url":"https:\/\/secure.gravatar.com\/avatar\/dd589adc02664698426865558854714d2d82548501e48cbe9b9f1997b68138b6?s=96&d=mm&r=g","contentUrl":"https:\/\/secure.gravatar.com\/avatar\/dd589adc02664698426865558854714d2d82548501e48cbe9b9f1997b68138b6?s=96&d=mm&r=g","caption":"admin"},"sameAs":["https:\/\/elcardinal.com"],"url":"https:\/\/elcardinal.com\/?author=1"}]}},"_links":{"self":[{"href":"https:\/\/elcardinal.com\/index.php?rest_route=\/wp\/v2\/posts\/5308","targetHints":{"allow":["GET"]}}],"collection":[{"href":"https:\/\/elcardinal.com\/index.php?rest_route=\/wp\/v2\/posts"}],"about":[{"href":"https:\/\/elcardinal.com\/index.php?rest_route=\/wp\/v2\/types\/post"}],"author":[{"embeddable":true,"href":"https:\/\/elcardinal.com\/index.php?rest_route=\/wp\/v2\/users\/1"}],"replies":[{"embeddable":true,"href":"https:\/\/elcardinal.com\/index.php?rest_route=%2Fwp%2Fv2%2Fcomments&post=5308"}],"version-history":[{"count":1,"href":"https:\/\/elcardinal.com\/index.php?rest_route=\/wp\/v2\/posts\/5308\/revisions"}],"predecessor-version":[{"id":5310,"href":"https:\/\/elcardinal.com\/index.php?rest_route=\/wp\/v2\/posts\/5308\/revisions\/5310"}],"wp:featuredmedia":[{"embeddable":true,"href":"https:\/\/elcardinal.com\/index.php?rest_route=\/wp\/v2\/media\/5309"}],"wp:attachment":[{"href":"https:\/\/elcardinal.com\/index.php?rest_route=%2Fwp%2Fv2%2Fmedia&parent=5308"}],"wp:term":[{"taxonomy":"category","embeddable":true,"href":"https:\/\/elcardinal.com\/index.php?rest_route=%2Fwp%2Fv2%2Fcategories&post=5308"},{"taxonomy":"post_tag","embeddable":true,"href":"https:\/\/elcardinal.com\/index.php?rest_route=%2Fwp%2Fv2%2Ftags&post=5308"}],"curies":[{"name":"wp","href":"https:\/\/api.w.org\/{rel}","templated":true}]}}