{"id":5311,"date":"2025-11-25T11:25:26","date_gmt":"2025-11-25T17:25:26","guid":{"rendered":"https:\/\/elcardinal.com\/?p=5311"},"modified":"2025-11-25T11:25:26","modified_gmt":"2025-11-25T17:25:26","slug":"25n","status":"publish","type":"post","link":"https:\/\/elcardinal.com\/?p=5311","title":{"rendered":"25N"},"content":{"rendered":"<p>Por: <strong>Tania Mart\u00ednez Su\u00e1rez<\/strong><\/p>\n<p>En el a\u00f1o 1999 la ONU estableci\u00f3 el 25 de noviembre como D\u00eda Internacional para la Eliminaci\u00f3n de la Violencia contra la Mujer, en memoria de Minerva, Mar\u00eda Teresa y Patria Mirabal, quienes fueron asesinadas por orden del dictador\u00a0 dominicano Trujillo en 1960, su valent\u00eda convirti\u00f3 a las \u201cMariposas\u201d, como eran coloquialmente llamada, en un s\u00edmbolo global de resistencia feminista y de defensa de los derechos humanos.<\/p>\n<p>Las hermanas Mirabal se opusieron a la dictadura de Rafael Le\u00f3nidas Trujillo, quien gobern\u00f3 Rep\u00fablica Dominicana durante m\u00e1s de tres d\u00e9cadas, el r\u00e9gimen de Trujillo (considerado uno de los m\u00e1s sangrientos de Latinoamerica) dej\u00f3 miles de v\u00edctimas de desaparici\u00f3n forzada, tortura, censura y persecuci\u00f3n pol\u00edtica. En este clima de miedo y represi\u00f3n, Minerva, Patria y Mar\u00eda Teresa Mirabal se atrevieron a cuestionar p\u00fablicamente las injusticias, influenciadas por el pensamiento pol\u00edtico progresista que permeaba ese tiempo y por los movimientos de resistencia que florec\u00edan en toda Am\u00e9rica Latina; las tres hermanas se unieron a la <a href=\"http:\/\/es.wikipedia.org\/wiki\/Movimiento_Revolucionario_14_de_Junio\">Agrupaci\u00f3n Pol\u00edtica 14 de Junio<\/a>, su activa participaci\u00f3n en este grupo convirti\u00f3 a las Mirabal en uno de los rostros m\u00e1s visibles de la disidencia, por ello su asesinato ten\u00eda la funci\u00f3n de ejercer miedo en la poblaci\u00f3n y debilitar el movimiento.<\/p>\n<p>Me gustar\u00eda decir que estas historias son cosa del pasado, que la violencia no se arremolina a los pies de las mujeres, pero eso no es cierto, de muchas formas y en muchos sentidos se ha recrudecido, aparece siempre como un castigo, como una forma de ejemplificar con las que no se quedan calladas para que las dem\u00e1s no las sigan, ni las apoyen. La violencia hace eso, nos quiere solas, nos quiere rendidas, para dominar nuestros pensamientos.<\/p>\n<p>La violencia se institucionaliza, se ejerce desde el pacto silencioso que conforma la complicidad de los hombres, de la renuencia de las mujeres a dudar de sus hijos, padres o parejas, es inconcebible que nuestros familiares sean quienes violentan, pero es cierto, en un escenarios en el cual m\u00e1s del 70% de las mujeres en M\u00e9xico reportan haber sufrido violencia, estad\u00edsticamente hablando es muy probable que lo hombres a nuestros alrededor sean tambi\u00e9n violentadores. Preciso que no se trata de culparlos, pero tenemos que reconocer la problem\u00e1tica para comenzar a resolverla, este es un gran problema social que aun cuando se ha legislado en torno a \u00e9l los resultados no son los esperados, las mujeres seguimos siendo violentadas en todos los \u00e1mbitos en los cuales nos desenvolvemos, el cambio tiene que venir de las relaciones que generamos con nuestro entorno inmediato, para ello tambi\u00e9n los hombres deben estar dispuestos a reconocer esta problem\u00e1tica y en conjunto resolverla.<\/p>\n<p>Seg\u00fan el Instituto Nacional de Geograf\u00eda e Estad\u00edstica (INEGI) y como resultado de la Encuesta Nacional sobre la Din\u00e1mica de las Relaciones en los Hogares (ENDIREH), que es una encuesta especializada y constituye un elemento esencial para conocer la magnitud de la violencia contra las mujeres de diversos tipos, \u00e1mbitos y etapas de la vida que, adem\u00e1s, por la amplitud de la cobertura tem\u00e1tica que proporciona y las pr\u00e1cticas internacionales a las que se apega, se ha convertido en un referente importante para otras oficinas nacionales de estad\u00edstica en el mundo.<\/p>\n<p><strong>Violencia contra las mujeres<\/strong><\/p>\n<p>En 2021, a nivel nacional, del total de mujeres de 15 a\u00f1os y m\u00e1s, 70.1 % han experimentado al menos un incidente de violencia, que puede ser psicol\u00f3gica, econ\u00f3mica, patrimonial, f\u00edsica, sexual o discriminaci\u00f3n en al menos un \u00e1mbito y ejercida por cualquier persona agresora a lo largo de su vida.<\/p>\n<p>La violencia psicol\u00f3gica es la que presenta mayor prevalencia (51.6 %), seguida de la violencia sexual (49.7 %), la violencia f\u00edsica (34.7 %) y la violencia econ\u00f3mica, patrimonial y\/o discriminaci\u00f3n (27.4 %).<\/p>\n<p>Mientras que, de octubre 2020 a octubre 2021, 42.8 % de las de mujeres de 15 a\u00f1os y m\u00e1s experimentaron alg\u00fan tipo de violencia, la violencia psicol\u00f3gica es la que presenta mayor prevalencia (29.4 %), seguida de la violencia sexual (23.3 %), la violencia econ\u00f3mica, patrimonial y\/o discriminaci\u00f3n (16.2 %) y la violencia f\u00edsica (10.2 %).<\/p>\n<p>Respecto de 2016, los resultados de 2021 muestran un incremento de 4 puntos porcentuales en la violencia total contra las mujeres a lo largo de la vida.<\/p>\n<p><img decoding=\"async\" class=\"alignnone size-medium wp-image-5314\" src=\"https:\/\/elcardinal.com\/wp-content\/uploads\/2025\/11\/Imagen2-300x124.png\" alt=\"\" width=\"300\" height=\"124\" srcset=\"https:\/\/elcardinal.com\/wp-content\/uploads\/2025\/11\/Imagen2-300x124.png 300w, https:\/\/elcardinal.com\/wp-content\/uploads\/2025\/11\/Imagen2-150x62.png 150w, https:\/\/elcardinal.com\/wp-content\/uploads\/2025\/11\/Imagen2-450x185.png 450w, https:\/\/elcardinal.com\/wp-content\/uploads\/2025\/11\/Imagen2.png 602w\" sizes=\"(max-width: 300px) 100vw, 300px\" \/><\/p>\n<p><strong>\u00a0<\/strong><\/p>\n<p><strong>Tipos de violencia que viven las mujeres<\/strong><\/p>\n<p>De acuerdo con la ENDIREH 2021, la prevalencia de violencia (de cualquier tipo a lo largo de la vida) contra las mujeres de 15 a\u00f1os y m\u00e1s en M\u00e9xico, muestra que aqu\u00e9llas que experimentan mayor violencia son: las que residen en \u00e1reas urbanas (73.0 %); de edades entre 25 y 34 a\u00f1os (75.0 %); quienes cuentan con un nivel de escolaridad superior (77.9 %) y las que se encuentran separadas, divorciadas o viudas (74.0 %).<\/p>\n<p>La siguiente tabla din\u00e1mica muestra la prevalencia de violencia de las mujeres de 15 a\u00f1os y m\u00e1s por tipo de violencia y seg\u00fan las siguientes caracter\u00edsticas:<\/p>\n<ol>\n<li>\u00c1rea (rural y urbana).<\/li>\n<li>Edad.<\/li>\n<li>Escolaridad.<\/li>\n<li>Situaci\u00f3n conyugal.<\/li>\n<\/ol>\n<p><strong>Prevalencia de violencia contra las mujeres de 15 a\u00f1os y m\u00e1s a lo largo de la vida seg\u00fan caracter\u00edsticas sociodemogr\u00e1ficas y tipo de violencia<\/strong><\/p>\n<p><strong>Caracter\u00edsticas:<\/strong><\/p>\n<p><img decoding=\"async\" class=\"alignnone size-medium wp-image-5313\" src=\"https:\/\/elcardinal.com\/wp-content\/uploads\/2025\/11\/Imagen1-300x100.png\" alt=\"\" width=\"300\" height=\"100\" srcset=\"https:\/\/elcardinal.com\/wp-content\/uploads\/2025\/11\/Imagen1-300x100.png 300w, https:\/\/elcardinal.com\/wp-content\/uploads\/2025\/11\/Imagen1-150x50.png 150w, https:\/\/elcardinal.com\/wp-content\/uploads\/2025\/11\/Imagen1-450x150.png 450w, https:\/\/elcardinal.com\/wp-content\/uploads\/2025\/11\/Imagen1.png 602w\" sizes=\"(max-width: 300px) 100vw, 300px\" \/><\/p>\n<p>La estad\u00edstica ofrece una muestra real de las condiciones de violencia de las mexicanas, y los s\u00e9 tambi\u00e9n de primera mano, porque he sufrido violencia de pareja, laboral o social; porque cuando ten\u00eda 16 a\u00f1os un tipo me atac\u00f3 mientras iba a la preparatoria y de no haberme defendido quiz\u00e1 no estar\u00eda aqu\u00ed, hasta hace unos a\u00f1os el sonido de las llantas de la bicicleta me pon\u00eda alerta porque fue lo \u00faltimo que escuch\u00e9 antes de que me atacara. El da\u00f1o que se infringi\u00f3 perdura a lo largo del tiempo, nuestro cuerpo y mente recuerdan lo vivido para activar los mecanismos de supervivencia.<\/p>\n<p>Lo s\u00e9 porque la historia de mi abuela se teji\u00f3 con la violencia, lo mismo que las de mis amigas, mi madre o tr\u00edas, todas las mujeres que conozco\u00a0 la han sufrido, se han sobrepuesto a ella, y s\u00e9 que esas mariposas Miraval nos siguen haciendo compa\u00f1\u00eda. Al ser madre me doy cuenta que los esfuerzos individuales son insuficientes, tenemos que apuntar a la transformaci\u00f3n social, a la exigencia colectiva a que las autoridades tomen responsabilidad, a que la justicia llegue a miles de familias en este pa\u00eds; al mismo tiempo que le ense\u00f1o a mi hija que podemos habitar un lugar mejor tambi\u00e9n le ense\u00f1\u00f3 a cuidarse, como me ense\u00f1aron a mi o como me vi obligada a aprenderlo, no caminar por enmedio de los parques, apresurar el paso, buscar una tienda abierta para resguardarse, si aprieto su mano ella sabe que debemos movernos de lugar, etc, las medidas de seguridad que todas adoptamos, es muy fuerte vivir en esa ambig\u00fcedad, \u00a1Todas merecemos una vida libre de violencia!<\/p>\n<p>Desde los feminismos impulsamos el reconocimiento irrestricto a lo derechos de las ni\u00f1as y mujeres, el bienestar para toda la poblaci\u00f3n<\/p>\n<p>Referencias de informaci\u00f3n\u00a0 de las p\u00e1ginas: Amnist\u00eda Internacional e INEGI.<\/p>\n<p>&nbsp;<\/p>\n<p>&nbsp;<\/p>\n","protected":false},"excerpt":{"rendered":"<p>Por: Tania Mart\u00ednez Su\u00e1rez En el a\u00f1o 1999 la ONU estableci\u00f3 el 25 de noviembre como D\u00eda Internacional para la Eliminaci\u00f3n de la Violencia contra la Mujer, en memoria de Minerva, Mar\u00eda Teresa y Patria Mirabal, quienes fueron asesinadas por orden del dictador\u00a0 dominicano Trujillo en 1960, su valent\u00eda convirti\u00f3 a las \u201cMariposas\u201d, como eran<\/p>\n","protected":false},"author":2,"featured_media":5316,"comment_status":"open","ping_status":"open","sticky":false,"template":"","format":"standard","meta":{"footnotes":""},"categories":[44,35],"tags":[],"class_list":{"0":"post-5311","1":"post","2":"type-post","3":"status-publish","4":"format-standard","5":"has-post-thumbnail","7":"category-minuto-a-minuto","8":"category-opinion"},"yoast_head":"<!-- This site is optimized with the Yoast SEO plugin v26.1.1 - https:\/\/yoast.com\/wordpress\/plugins\/seo\/ -->\n<title>25N - El Cardinal<\/title>\n<meta name=\"robots\" content=\"index, follow, max-snippet:-1, max-image-preview:large, max-video-preview:-1\" \/>\n<link rel=\"canonical\" href=\"https:\/\/elcardinal.com\/?p=5311\" \/>\n<meta property=\"og:locale\" content=\"es_MX\" \/>\n<meta property=\"og:type\" content=\"article\" \/>\n<meta property=\"og:title\" content=\"25N - El Cardinal\" \/>\n<meta property=\"og:description\" content=\"Por: Tania Mart\u00ednez Su\u00e1rez En el a\u00f1o 1999 la ONU estableci\u00f3 el 25 de noviembre como D\u00eda Internacional para la Eliminaci\u00f3n de la Violencia contra la Mujer, en memoria de Minerva, Mar\u00eda Teresa y Patria Mirabal, quienes fueron asesinadas por orden del dictador\u00a0 dominicano Trujillo en 1960, su valent\u00eda convirti\u00f3 a las \u201cMariposas\u201d, como eran\" \/>\n<meta property=\"og:url\" content=\"https:\/\/elcardinal.com\/?p=5311\" \/>\n<meta property=\"og:site_name\" content=\"El Cardinal\" \/>\n<meta property=\"article:publisher\" content=\"https:\/\/www.facebook.com\/profile.php?id=100063093107011\" \/>\n<meta property=\"article:published_time\" content=\"2025-11-25T17:25:26+00:00\" \/>\n<meta property=\"og:image\" content=\"https:\/\/elcardinal.com\/wp-content\/uploads\/2025\/11\/6380aa32c3e66.jpg\" \/>\n\t<meta property=\"og:image:width\" content=\"720\" \/>\n\t<meta property=\"og:image:height\" content=\"404\" \/>\n\t<meta property=\"og:image:type\" content=\"image\/jpeg\" \/>\n<meta name=\"author\" content=\"Antonio Alcaraz\" \/>\n<meta name=\"twitter:card\" content=\"summary_large_image\" \/>\n<meta name=\"twitter:creator\" content=\"@ElCardinal_Mx\" \/>\n<meta name=\"twitter:site\" content=\"@ElCardinal_Mx\" \/>\n<meta name=\"twitter:label1\" content=\"Escrito por\" \/>\n\t<meta name=\"twitter:data1\" content=\"Antonio Alcaraz\" \/>\n\t<meta name=\"twitter:label2\" content=\"Tiempo de lectura\" \/>\n\t<meta name=\"twitter:data2\" content=\"6 minutos\" \/>\n<script type=\"application\/ld+json\" class=\"yoast-schema-graph\">{\"@context\":\"https:\/\/schema.org\",\"@graph\":[{\"@type\":\"Article\",\"@id\":\"https:\/\/elcardinal.com\/?p=5311#article\",\"isPartOf\":{\"@id\":\"https:\/\/elcardinal.com\/?p=5311\"},\"author\":{\"name\":\"Antonio Alcaraz\",\"@id\":\"https:\/\/elcardinal.com\/#\/schema\/person\/3c352ec0a33987fe275c0e8a2ea69f8b\"},\"headline\":\"25N\",\"datePublished\":\"2025-11-25T17:25:26+00:00\",\"mainEntityOfPage\":{\"@id\":\"https:\/\/elcardinal.com\/?p=5311\"},\"wordCount\":1207,\"commentCount\":0,\"publisher\":{\"@id\":\"https:\/\/elcardinal.com\/#organization\"},\"image\":{\"@id\":\"https:\/\/elcardinal.com\/?p=5311#primaryimage\"},\"thumbnailUrl\":\"https:\/\/elcardinal.com\/wp-content\/uploads\/2025\/11\/6380aa32c3e66.jpg\",\"articleSection\":[\"Minuto a Minuto\",\"Opini\u00f3n\"],\"inLanguage\":\"es\",\"potentialAction\":[{\"@type\":\"CommentAction\",\"name\":\"Comment\",\"target\":[\"https:\/\/elcardinal.com\/?p=5311#respond\"]}]},{\"@type\":\"WebPage\",\"@id\":\"https:\/\/elcardinal.com\/?p=5311\",\"url\":\"https:\/\/elcardinal.com\/?p=5311\",\"name\":\"25N - El Cardinal\",\"isPartOf\":{\"@id\":\"https:\/\/elcardinal.com\/#website\"},\"primaryImageOfPage\":{\"@id\":\"https:\/\/elcardinal.com\/?p=5311#primaryimage\"},\"image\":{\"@id\":\"https:\/\/elcardinal.com\/?p=5311#primaryimage\"},\"thumbnailUrl\":\"https:\/\/elcardinal.com\/wp-content\/uploads\/2025\/11\/6380aa32c3e66.jpg\",\"datePublished\":\"2025-11-25T17:25:26+00:00\",\"breadcrumb\":{\"@id\":\"https:\/\/elcardinal.com\/?p=5311#breadcrumb\"},\"inLanguage\":\"es\",\"potentialAction\":[{\"@type\":\"ReadAction\",\"target\":[\"https:\/\/elcardinal.com\/?p=5311\"]}]},{\"@type\":\"ImageObject\",\"inLanguage\":\"es\",\"@id\":\"https:\/\/elcardinal.com\/?p=5311#primaryimage\",\"url\":\"https:\/\/elcardinal.com\/wp-content\/uploads\/2025\/11\/6380aa32c3e66.jpg\",\"contentUrl\":\"https:\/\/elcardinal.com\/wp-content\/uploads\/2025\/11\/6380aa32c3e66.jpg\",\"width\":720,\"height\":404},{\"@type\":\"BreadcrumbList\",\"@id\":\"https:\/\/elcardinal.com\/?p=5311#breadcrumb\",\"itemListElement\":[{\"@type\":\"ListItem\",\"position\":1,\"name\":\"Inicio\",\"item\":\"https:\/\/elcardinal.com\/\"},{\"@type\":\"ListItem\",\"position\":2,\"name\":\"25N\"}]},{\"@type\":\"WebSite\",\"@id\":\"https:\/\/elcardinal.com\/#website\",\"url\":\"https:\/\/elcardinal.com\/\",\"name\":\"El Cardinal\",\"description\":\"Periodismo honesto, con valor, sentido humano, a veces sarc\u00e1stico y divertido.\",\"publisher\":{\"@id\":\"https:\/\/elcardinal.com\/#organization\"},\"alternateName\":\"El Cardinal Noticias\",\"potentialAction\":[{\"@type\":\"SearchAction\",\"target\":{\"@type\":\"EntryPoint\",\"urlTemplate\":\"https:\/\/elcardinal.com\/?s={search_term_string}\"},\"query-input\":{\"@type\":\"PropertyValueSpecification\",\"valueRequired\":true,\"valueName\":\"search_term_string\"}}],\"inLanguage\":\"es\"},{\"@type\":\"Organization\",\"@id\":\"https:\/\/elcardinal.com\/#organization\",\"name\":\"El Cardinal\",\"url\":\"https:\/\/elcardinal.com\/\",\"logo\":{\"@type\":\"ImageObject\",\"inLanguage\":\"es\",\"@id\":\"https:\/\/elcardinal.com\/#\/schema\/logo\/image\/\",\"url\":\"https:\/\/elcardinal.com\/wp-content\/uploads\/2025\/04\/LOGO-EL-CARDINAL-Periodismo-con-valor.png\",\"contentUrl\":\"https:\/\/elcardinal.com\/wp-content\/uploads\/2025\/04\/LOGO-EL-CARDINAL-Periodismo-con-valor.png\",\"width\":755,\"height\":636,\"caption\":\"El Cardinal\"},\"image\":{\"@id\":\"https:\/\/elcardinal.com\/#\/schema\/logo\/image\/\"},\"sameAs\":[\"https:\/\/www.facebook.com\/profile.php?id=100063093107011\",\"https:\/\/x.com\/ElCardinal_Mx\"]},{\"@type\":\"Person\",\"@id\":\"https:\/\/elcardinal.com\/#\/schema\/person\/3c352ec0a33987fe275c0e8a2ea69f8b\",\"name\":\"Antonio Alcaraz\",\"image\":{\"@type\":\"ImageObject\",\"inLanguage\":\"es\",\"@id\":\"https:\/\/elcardinal.com\/#\/schema\/person\/image\/\",\"url\":\"https:\/\/elcardinal.com\/wp-content\/uploads\/2025\/05\/cropped-TONO-96x96.jpg\",\"contentUrl\":\"https:\/\/elcardinal.com\/wp-content\/uploads\/2025\/05\/cropped-TONO-96x96.jpg\",\"caption\":\"Antonio Alcaraz\"},\"url\":\"https:\/\/elcardinal.com\/?author=2\"}]}<\/script>\n<!-- \/ Yoast SEO plugin. -->","yoast_head_json":{"title":"25N - El Cardinal","robots":{"index":"index","follow":"follow","max-snippet":"max-snippet:-1","max-image-preview":"max-image-preview:large","max-video-preview":"max-video-preview:-1"},"canonical":"https:\/\/elcardinal.com\/?p=5311","og_locale":"es_MX","og_type":"article","og_title":"25N - El Cardinal","og_description":"Por: Tania Mart\u00ednez Su\u00e1rez En el a\u00f1o 1999 la ONU estableci\u00f3 el 25 de noviembre como D\u00eda Internacional para la Eliminaci\u00f3n de la Violencia contra la Mujer, en memoria de Minerva, Mar\u00eda Teresa y Patria Mirabal, quienes fueron asesinadas por orden del dictador\u00a0 dominicano Trujillo en 1960, su valent\u00eda convirti\u00f3 a las \u201cMariposas\u201d, como eran","og_url":"https:\/\/elcardinal.com\/?p=5311","og_site_name":"El Cardinal","article_publisher":"https:\/\/www.facebook.com\/profile.php?id=100063093107011","article_published_time":"2025-11-25T17:25:26+00:00","og_image":[{"width":720,"height":404,"url":"https:\/\/elcardinal.com\/wp-content\/uploads\/2025\/11\/6380aa32c3e66.jpg","type":"image\/jpeg"}],"author":"Antonio Alcaraz","twitter_card":"summary_large_image","twitter_creator":"@ElCardinal_Mx","twitter_site":"@ElCardinal_Mx","twitter_misc":{"Escrito por":"Antonio Alcaraz","Tiempo de lectura":"6 minutos"},"schema":{"@context":"https:\/\/schema.org","@graph":[{"@type":"Article","@id":"https:\/\/elcardinal.com\/?p=5311#article","isPartOf":{"@id":"https:\/\/elcardinal.com\/?p=5311"},"author":{"name":"Antonio Alcaraz","@id":"https:\/\/elcardinal.com\/#\/schema\/person\/3c352ec0a33987fe275c0e8a2ea69f8b"},"headline":"25N","datePublished":"2025-11-25T17:25:26+00:00","mainEntityOfPage":{"@id":"https:\/\/elcardinal.com\/?p=5311"},"wordCount":1207,"commentCount":0,"publisher":{"@id":"https:\/\/elcardinal.com\/#organization"},"image":{"@id":"https:\/\/elcardinal.com\/?p=5311#primaryimage"},"thumbnailUrl":"https:\/\/elcardinal.com\/wp-content\/uploads\/2025\/11\/6380aa32c3e66.jpg","articleSection":["Minuto a Minuto","Opini\u00f3n"],"inLanguage":"es","potentialAction":[{"@type":"CommentAction","name":"Comment","target":["https:\/\/elcardinal.com\/?p=5311#respond"]}]},{"@type":"WebPage","@id":"https:\/\/elcardinal.com\/?p=5311","url":"https:\/\/elcardinal.com\/?p=5311","name":"25N - El Cardinal","isPartOf":{"@id":"https:\/\/elcardinal.com\/#website"},"primaryImageOfPage":{"@id":"https:\/\/elcardinal.com\/?p=5311#primaryimage"},"image":{"@id":"https:\/\/elcardinal.com\/?p=5311#primaryimage"},"thumbnailUrl":"https:\/\/elcardinal.com\/wp-content\/uploads\/2025\/11\/6380aa32c3e66.jpg","datePublished":"2025-11-25T17:25:26+00:00","breadcrumb":{"@id":"https:\/\/elcardinal.com\/?p=5311#breadcrumb"},"inLanguage":"es","potentialAction":[{"@type":"ReadAction","target":["https:\/\/elcardinal.com\/?p=5311"]}]},{"@type":"ImageObject","inLanguage":"es","@id":"https:\/\/elcardinal.com\/?p=5311#primaryimage","url":"https:\/\/elcardinal.com\/wp-content\/uploads\/2025\/11\/6380aa32c3e66.jpg","contentUrl":"https:\/\/elcardinal.com\/wp-content\/uploads\/2025\/11\/6380aa32c3e66.jpg","width":720,"height":404},{"@type":"BreadcrumbList","@id":"https:\/\/elcardinal.com\/?p=5311#breadcrumb","itemListElement":[{"@type":"ListItem","position":1,"name":"Inicio","item":"https:\/\/elcardinal.com\/"},{"@type":"ListItem","position":2,"name":"25N"}]},{"@type":"WebSite","@id":"https:\/\/elcardinal.com\/#website","url":"https:\/\/elcardinal.com\/","name":"El Cardinal","description":"Periodismo honesto, con valor, sentido humano, a veces sarc\u00e1stico y divertido.","publisher":{"@id":"https:\/\/elcardinal.com\/#organization"},"alternateName":"El Cardinal Noticias","potentialAction":[{"@type":"SearchAction","target":{"@type":"EntryPoint","urlTemplate":"https:\/\/elcardinal.com\/?s={search_term_string}"},"query-input":{"@type":"PropertyValueSpecification","valueRequired":true,"valueName":"search_term_string"}}],"inLanguage":"es"},{"@type":"Organization","@id":"https:\/\/elcardinal.com\/#organization","name":"El Cardinal","url":"https:\/\/elcardinal.com\/","logo":{"@type":"ImageObject","inLanguage":"es","@id":"https:\/\/elcardinal.com\/#\/schema\/logo\/image\/","url":"https:\/\/elcardinal.com\/wp-content\/uploads\/2025\/04\/LOGO-EL-CARDINAL-Periodismo-con-valor.png","contentUrl":"https:\/\/elcardinal.com\/wp-content\/uploads\/2025\/04\/LOGO-EL-CARDINAL-Periodismo-con-valor.png","width":755,"height":636,"caption":"El Cardinal"},"image":{"@id":"https:\/\/elcardinal.com\/#\/schema\/logo\/image\/"},"sameAs":["https:\/\/www.facebook.com\/profile.php?id=100063093107011","https:\/\/x.com\/ElCardinal_Mx"]},{"@type":"Person","@id":"https:\/\/elcardinal.com\/#\/schema\/person\/3c352ec0a33987fe275c0e8a2ea69f8b","name":"Antonio Alcaraz","image":{"@type":"ImageObject","inLanguage":"es","@id":"https:\/\/elcardinal.com\/#\/schema\/person\/image\/","url":"https:\/\/elcardinal.com\/wp-content\/uploads\/2025\/05\/cropped-TONO-96x96.jpg","contentUrl":"https:\/\/elcardinal.com\/wp-content\/uploads\/2025\/05\/cropped-TONO-96x96.jpg","caption":"Antonio Alcaraz"},"url":"https:\/\/elcardinal.com\/?author=2"}]}},"_links":{"self":[{"href":"https:\/\/elcardinal.com\/index.php?rest_route=\/wp\/v2\/posts\/5311","targetHints":{"allow":["GET"]}}],"collection":[{"href":"https:\/\/elcardinal.com\/index.php?rest_route=\/wp\/v2\/posts"}],"about":[{"href":"https:\/\/elcardinal.com\/index.php?rest_route=\/wp\/v2\/types\/post"}],"author":[{"embeddable":true,"href":"https:\/\/elcardinal.com\/index.php?rest_route=\/wp\/v2\/users\/2"}],"replies":[{"embeddable":true,"href":"https:\/\/elcardinal.com\/index.php?rest_route=%2Fwp%2Fv2%2Fcomments&post=5311"}],"version-history":[{"count":1,"href":"https:\/\/elcardinal.com\/index.php?rest_route=\/wp\/v2\/posts\/5311\/revisions"}],"predecessor-version":[{"id":5317,"href":"https:\/\/elcardinal.com\/index.php?rest_route=\/wp\/v2\/posts\/5311\/revisions\/5317"}],"wp:featuredmedia":[{"embeddable":true,"href":"https:\/\/elcardinal.com\/index.php?rest_route=\/wp\/v2\/media\/5316"}],"wp:attachment":[{"href":"https:\/\/elcardinal.com\/index.php?rest_route=%2Fwp%2Fv2%2Fmedia&parent=5311"}],"wp:term":[{"taxonomy":"category","embeddable":true,"href":"https:\/\/elcardinal.com\/index.php?rest_route=%2Fwp%2Fv2%2Fcategories&post=5311"},{"taxonomy":"post_tag","embeddable":true,"href":"https:\/\/elcardinal.com\/index.php?rest_route=%2Fwp%2Fv2%2Ftags&post=5311"}],"curies":[{"name":"wp","href":"https:\/\/api.w.org\/{rel}","templated":true}]}}