{"id":5323,"date":"2025-11-26T07:30:28","date_gmt":"2025-11-26T13:30:28","guid":{"rendered":"https:\/\/elcardinal.com\/?p=5323"},"modified":"2025-11-26T07:30:28","modified_gmt":"2025-11-26T13:30:28","slug":"hidalgo-el-nuevo-rostro-del-desarrollo-economico-nacional-henkel","status":"publish","type":"post","link":"https:\/\/elcardinal.com\/?p=5323","title":{"rendered":"Hidalgo, el nuevo rostro del desarrollo econ\u00f3mico nacional: Henkel"},"content":{"rendered":"<p>Redacci\u00f3n<\/p>\n<p><span style=\"font-weight: 500;\">El titular de la Secretar\u00eda de Desarrollo Econ\u00f3mico, Carlos Henkel Escorza, compareci\u00f3 ante el Congreso del Estado como parte de la glosa del Tercer Informe de Gobierno del mandatario estatal, Julio Menchaca Salazar.\u00a0<\/span><\/p>\n<p><span style=\"font-weight: 500;\">Se\u00f1al\u00f3 que este ejercicio no solo responde a una obligaci\u00f3n legal, sino a un deber \u00e9tico con la ciudadan\u00eda, basado en la transparencia y la rendici\u00f3n de cuentas.<\/span><\/p>\n<p><span style=\"font-weight: 500;\">Durante su intervenci\u00f3n, present\u00f3 el panorama actual en materia econ\u00f3mica, los avances alcanzados y los retos que se atienden con acciones concretas para fortalecer el crecimiento del estado.<\/span><\/p>\n<p><span style=\"font-weight: 500;\">Hidalgo se consolida como un referente nacional de crecimiento y estabilidad y este lo convierte en el nuevo rostro del desarrollo econ\u00f3mico en M\u00e9xico, enfatiz\u00f3.<\/span><\/p>\n<p><span style=\"font-weight: 500;\">Tan solo en 2025 se concretaron 17 proyectos de inversi\u00f3n privada, por un monto superior a 33 mil millones de pesos y con una expectativa de 35 mil empleos.<\/span><\/p>\n<p><span style=\"font-weight: 500;\">En lo que va de la administraci\u00f3n del gobernador Julio Menchaca, el estado ha registrado m\u00e1s de 117 mil millones de pesos en inversiones y la generaci\u00f3n de 157 mil empleos, mediante la llegada de 104 nuevas empresas.<\/span><\/p>\n<p><span style=\"font-weight: 500;\">Henkel Escorza destac\u00f3 el dinamismo que hoy viven los parques industriales, que se han transformado en polos de atracci\u00f3n para empresas globales y centros log\u00edsticos de alto nivel.<\/span><\/p>\n<p><span style=\"font-weight: 500;\">Entre los proyectos m\u00e1s relevantes se encuentra la instalaci\u00f3n de Mercado Libre en el parque Platah, con una inversi\u00f3n de 6 mil millones de pesos y la creaci\u00f3n de 7 mil empleos directos. Asimismo, JAC Motors ampl\u00eda su operaci\u00f3n con mil millones de pesos y 1,300 empleos adicionales.<\/span><\/p>\n<p><span style=\"font-weight: 500;\">En infraestructura industrial se han destinado 7.4 millones de pesos este a\u00f1o, alcanzando un acumulado de 21 millones, adem\u00e1s del avance en la construcci\u00f3n del nuevo Parque Industrial Sahag\u00fan, que contempla 55 hect\u00e1reas y una inversi\u00f3n superior a 60 millones de pesos.<\/span><\/p>\n<p><span style=\"font-weight: 500;\">En apoyo a los sectores sociales y productivos, con el programa Transformando con la Juventud, 668 j\u00f3venes realizaron estancias productivas en 380 empresas e instituciones. Durante esta administraci\u00f3n se han otorgado 2,296 becas, con una inversi\u00f3n de m\u00e1s de 66 millones de pesos.<\/span><\/p>\n<p><span style=\"font-weight: 500;\">El programa Tu Experiencia Transforma ha beneficiado a 317 personas de 50 a 65 a\u00f1os, con una inversi\u00f3n de 15 millones de pesos, facilitando su reincorporaci\u00f3n laboral. A mitad de administraci\u00f3n, se han entregado 733 becas adicionales, con 28 millones de pesos invertidos.<\/span><\/p>\n<p><span style=\"font-weight: 500;\">A trav\u00e9s de la Agencia Estatal de Energ\u00eda, se impulsan acciones para ampliar el acceso a energ\u00edas renovables. Con el programa Energ\u00eda para el Bienestar, se entregan 2,245 calentadores solares, en beneficio de m\u00e1s de 8 mil personas, con una inversi\u00f3n de 5 millones de pesos.<\/span><\/p>\n<p><span style=\"font-weight: 500;\">Con Energ\u00eda que Transforma, se instalan 89 sistemas fotovoltaicos aislados en comunidades con muy alta marginaci\u00f3n, con una inversi\u00f3n de 5 millones de pesos, beneficiando a m\u00e1s de 320 personas.<\/span><\/p>\n<p><span style=\"font-weight: 500;\">En el fortalecimiento del sector social de la econom\u00eda, se constituyeron 49 sociedades mercantiles en 28 municipios, impulsando a emprendedores, productores, prestadores de servicios, artesanos y microempresarios. Con el Fondo de Apoyo a Proyectos de Emprendimiento Colectivo benefici\u00f3 a 23 sociedades cooperativas, con una inversi\u00f3n de 4.4 millones de pesos.<\/span><\/p>\n<p><span style=\"font-weight: 500;\">Para la modernizaci\u00f3n del comercio local, se destinaron 12 millones de pesos al Programa Estatal para el Fortalecimiento de la Infraestructura de los Mercados Municipales, que incluye estudios y obras de rehabilitaci\u00f3n para mejorar estos espacios p\u00fablicos.<\/span><\/p>\n<p><span style=\"font-weight: 500;\">El titular de la SEDECO inform\u00f3 que a trav\u00e9s el programa Impulso Nafin + Hidalgo 2024 alcanz\u00f3 una bolsa de 618.23 millones de pesos en cr\u00e9ditos a favor de 276 empresas, lo que permiti\u00f3 preservar 4,181 empleos. En tres a\u00f1os, junto con NAFIN, se han gestionado m\u00e1s de mil millones de pesos, otorgando 477 cr\u00e9ditos a mipymes.<\/span><\/p>\n<p><span style=\"font-weight: 500;\">El nuevo esquema Inclusi\u00f3n Financiera FIRA 2025 iniciar\u00e1 con un techo financiero de 85 millones de pesos, multiplicando por 17 la aportaci\u00f3n estatal.<\/span><\/p>\n<p><span style=\"font-weight: 500;\">Con el Fondo de Desarrollo Econ\u00f3mico y la Competitividad, 8 empresas fueron apoyadas con 14 millones de pesos, proyectando 320 empleos.<\/span><\/p>\n<p><span style=\"font-weight: 500;\">El programa Hidalgo con Potencial benefici\u00f3 a 570 mipymes con 30 millones de pesos. Mientras que con el esquema Emprendiendo Paso a Paso se apoy\u00f3 a 380 emprendedores, mediante una inversi\u00f3n de 10 millones de pesos.<\/span><\/p>\n<p><span style=\"font-weight: 500;\">Al cierre de su comparecencia, Carlos Henkel asegur\u00f3 que, con el liderazgo del titular del ejecutivo estatal, Julio Menchaca, Hidalgo no solo avanza: rompe inercias, supera expectativas y demuestra que cuando se gobierna con visi\u00f3n, disciplina y estrategia, los resultados se sostienen y se multiplican.<\/span><\/p>\n","protected":false},"excerpt":{"rendered":"<p>Redacci\u00f3n El titular de la Secretar\u00eda de Desarrollo Econ\u00f3mico, Carlos Henkel Escorza, compareci\u00f3 ante el Congreso del Estado como parte de la glosa del Tercer Informe de Gobierno del mandatario estatal, Julio Menchaca Salazar.\u00a0 Se\u00f1al\u00f3 que este ejercicio no solo responde a una obligaci\u00f3n legal, sino a un deber \u00e9tico con la ciudadan\u00eda, basado en<\/p>\n","protected":false},"author":2,"featured_media":5324,"comment_status":"open","ping_status":"open","sticky":false,"template":"","format":"standard","meta":{"footnotes":""},"categories":[31,44,39],"tags":[],"class_list":{"0":"post-5323","1":"post","2":"type-post","3":"status-publish","4":"format-standard","5":"has-post-thumbnail","7":"category-hidalgo","8":"category-minuto-a-minuto","9":"category-politica"},"yoast_head":"<!-- This site is optimized with the Yoast SEO plugin v26.1.1 - https:\/\/yoast.com\/wordpress\/plugins\/seo\/ -->\n<title>Hidalgo, el nuevo rostro del desarrollo econ\u00f3mico nacional: Henkel - El Cardinal<\/title>\n<meta name=\"robots\" content=\"index, follow, max-snippet:-1, max-image-preview:large, max-video-preview:-1\" \/>\n<link rel=\"canonical\" href=\"https:\/\/elcardinal.com\/?p=5323\" \/>\n<meta property=\"og:locale\" content=\"es_MX\" \/>\n<meta property=\"og:type\" content=\"article\" \/>\n<meta property=\"og:title\" content=\"Hidalgo, el nuevo rostro del desarrollo econ\u00f3mico nacional: Henkel - El Cardinal\" \/>\n<meta property=\"og:description\" content=\"Redacci\u00f3n El titular de la Secretar\u00eda de Desarrollo Econ\u00f3mico, Carlos Henkel Escorza, compareci\u00f3 ante el Congreso del Estado como parte de la glosa del Tercer Informe de Gobierno del mandatario estatal, Julio Menchaca Salazar.\u00a0 Se\u00f1al\u00f3 que este ejercicio no solo responde a una obligaci\u00f3n legal, sino a un deber \u00e9tico con la ciudadan\u00eda, basado en\" \/>\n<meta property=\"og:url\" content=\"https:\/\/elcardinal.com\/?p=5323\" \/>\n<meta property=\"og:site_name\" content=\"El Cardinal\" \/>\n<meta property=\"article:publisher\" content=\"https:\/\/www.facebook.com\/profile.php?id=100063093107011\" \/>\n<meta property=\"article:published_time\" content=\"2025-11-26T13:30:28+00:00\" \/>\n<meta property=\"og:image\" content=\"https:\/\/elcardinal.com\/wp-content\/uploads\/2025\/11\/251125-COMPARECENCIAS_ECONOMIA_2025-3-scaled.jpg\" \/>\n\t<meta property=\"og:image:width\" content=\"2560\" \/>\n\t<meta property=\"og:image:height\" content=\"1707\" \/>\n\t<meta property=\"og:image:type\" content=\"image\/jpeg\" \/>\n<meta name=\"author\" content=\"Antonio Alcaraz\" \/>\n<meta name=\"twitter:card\" content=\"summary_large_image\" \/>\n<meta name=\"twitter:creator\" content=\"@ElCardinal_Mx\" \/>\n<meta name=\"twitter:site\" content=\"@ElCardinal_Mx\" \/>\n<meta name=\"twitter:label1\" content=\"Escrito por\" \/>\n\t<meta name=\"twitter:data1\" content=\"Antonio Alcaraz\" \/>\n\t<meta name=\"twitter:label2\" content=\"Tiempo de lectura\" \/>\n\t<meta name=\"twitter:data2\" content=\"4 minutos\" \/>\n<script type=\"application\/ld+json\" class=\"yoast-schema-graph\">{\"@context\":\"https:\/\/schema.org\",\"@graph\":[{\"@type\":\"Article\",\"@id\":\"https:\/\/elcardinal.com\/?p=5323#article\",\"isPartOf\":{\"@id\":\"https:\/\/elcardinal.com\/?p=5323\"},\"author\":{\"name\":\"Antonio Alcaraz\",\"@id\":\"https:\/\/elcardinal.com\/#\/schema\/person\/3c352ec0a33987fe275c0e8a2ea69f8b\"},\"headline\":\"Hidalgo, el nuevo rostro del desarrollo econ\u00f3mico nacional: Henkel\",\"datePublished\":\"2025-11-26T13:30:28+00:00\",\"mainEntityOfPage\":{\"@id\":\"https:\/\/elcardinal.com\/?p=5323\"},\"wordCount\":752,\"commentCount\":0,\"publisher\":{\"@id\":\"https:\/\/elcardinal.com\/#organization\"},\"image\":{\"@id\":\"https:\/\/elcardinal.com\/?p=5323#primaryimage\"},\"thumbnailUrl\":\"https:\/\/elcardinal.com\/wp-content\/uploads\/2025\/11\/251125-COMPARECENCIAS_ECONOMIA_2025-3-scaled.jpg\",\"articleSection\":[\"Hidalgo\",\"Minuto a Minuto\",\"Pol\u00edtica\"],\"inLanguage\":\"es\",\"potentialAction\":[{\"@type\":\"CommentAction\",\"name\":\"Comment\",\"target\":[\"https:\/\/elcardinal.com\/?p=5323#respond\"]}]},{\"@type\":\"WebPage\",\"@id\":\"https:\/\/elcardinal.com\/?p=5323\",\"url\":\"https:\/\/elcardinal.com\/?p=5323\",\"name\":\"Hidalgo, el nuevo rostro del desarrollo econ\u00f3mico nacional: Henkel - El Cardinal\",\"isPartOf\":{\"@id\":\"https:\/\/elcardinal.com\/#website\"},\"primaryImageOfPage\":{\"@id\":\"https:\/\/elcardinal.com\/?p=5323#primaryimage\"},\"image\":{\"@id\":\"https:\/\/elcardinal.com\/?p=5323#primaryimage\"},\"thumbnailUrl\":\"https:\/\/elcardinal.com\/wp-content\/uploads\/2025\/11\/251125-COMPARECENCIAS_ECONOMIA_2025-3-scaled.jpg\",\"datePublished\":\"2025-11-26T13:30:28+00:00\",\"breadcrumb\":{\"@id\":\"https:\/\/elcardinal.com\/?p=5323#breadcrumb\"},\"inLanguage\":\"es\",\"potentialAction\":[{\"@type\":\"ReadAction\",\"target\":[\"https:\/\/elcardinal.com\/?p=5323\"]}]},{\"@type\":\"ImageObject\",\"inLanguage\":\"es\",\"@id\":\"https:\/\/elcardinal.com\/?p=5323#primaryimage\",\"url\":\"https:\/\/elcardinal.com\/wp-content\/uploads\/2025\/11\/251125-COMPARECENCIAS_ECONOMIA_2025-3-scaled.jpg\",\"contentUrl\":\"https:\/\/elcardinal.com\/wp-content\/uploads\/2025\/11\/251125-COMPARECENCIAS_ECONOMIA_2025-3-scaled.jpg\",\"width\":2560,\"height\":1707},{\"@type\":\"BreadcrumbList\",\"@id\":\"https:\/\/elcardinal.com\/?p=5323#breadcrumb\",\"itemListElement\":[{\"@type\":\"ListItem\",\"position\":1,\"name\":\"Inicio\",\"item\":\"https:\/\/elcardinal.com\/\"},{\"@type\":\"ListItem\",\"position\":2,\"name\":\"Hidalgo, el nuevo rostro del desarrollo econ\u00f3mico nacional: Henkel\"}]},{\"@type\":\"WebSite\",\"@id\":\"https:\/\/elcardinal.com\/#website\",\"url\":\"https:\/\/elcardinal.com\/\",\"name\":\"El Cardinal\",\"description\":\"Periodismo honesto, con valor, sentido humano, a veces sarc\u00e1stico y divertido.\",\"publisher\":{\"@id\":\"https:\/\/elcardinal.com\/#organization\"},\"alternateName\":\"El Cardinal Noticias\",\"potentialAction\":[{\"@type\":\"SearchAction\",\"target\":{\"@type\":\"EntryPoint\",\"urlTemplate\":\"https:\/\/elcardinal.com\/?s={search_term_string}\"},\"query-input\":{\"@type\":\"PropertyValueSpecification\",\"valueRequired\":true,\"valueName\":\"search_term_string\"}}],\"inLanguage\":\"es\"},{\"@type\":\"Organization\",\"@id\":\"https:\/\/elcardinal.com\/#organization\",\"name\":\"El Cardinal\",\"url\":\"https:\/\/elcardinal.com\/\",\"logo\":{\"@type\":\"ImageObject\",\"inLanguage\":\"es\",\"@id\":\"https:\/\/elcardinal.com\/#\/schema\/logo\/image\/\",\"url\":\"https:\/\/elcardinal.com\/wp-content\/uploads\/2025\/04\/LOGO-EL-CARDINAL-Periodismo-con-valor.png\",\"contentUrl\":\"https:\/\/elcardinal.com\/wp-content\/uploads\/2025\/04\/LOGO-EL-CARDINAL-Periodismo-con-valor.png\",\"width\":755,\"height\":636,\"caption\":\"El Cardinal\"},\"image\":{\"@id\":\"https:\/\/elcardinal.com\/#\/schema\/logo\/image\/\"},\"sameAs\":[\"https:\/\/www.facebook.com\/profile.php?id=100063093107011\",\"https:\/\/x.com\/ElCardinal_Mx\"]},{\"@type\":\"Person\",\"@id\":\"https:\/\/elcardinal.com\/#\/schema\/person\/3c352ec0a33987fe275c0e8a2ea69f8b\",\"name\":\"Antonio Alcaraz\",\"image\":{\"@type\":\"ImageObject\",\"inLanguage\":\"es\",\"@id\":\"https:\/\/elcardinal.com\/#\/schema\/person\/image\/\",\"url\":\"https:\/\/elcardinal.com\/wp-content\/uploads\/2025\/05\/cropped-TONO-96x96.jpg\",\"contentUrl\":\"https:\/\/elcardinal.com\/wp-content\/uploads\/2025\/05\/cropped-TONO-96x96.jpg\",\"caption\":\"Antonio Alcaraz\"},\"url\":\"https:\/\/elcardinal.com\/?author=2\"}]}<\/script>\n<!-- \/ Yoast SEO plugin. -->","yoast_head_json":{"title":"Hidalgo, el nuevo rostro del desarrollo econ\u00f3mico nacional: Henkel - El Cardinal","robots":{"index":"index","follow":"follow","max-snippet":"max-snippet:-1","max-image-preview":"max-image-preview:large","max-video-preview":"max-video-preview:-1"},"canonical":"https:\/\/elcardinal.com\/?p=5323","og_locale":"es_MX","og_type":"article","og_title":"Hidalgo, el nuevo rostro del desarrollo econ\u00f3mico nacional: Henkel - El Cardinal","og_description":"Redacci\u00f3n El titular de la Secretar\u00eda de Desarrollo Econ\u00f3mico, Carlos Henkel Escorza, compareci\u00f3 ante el Congreso del Estado como parte de la glosa del Tercer Informe de Gobierno del mandatario estatal, Julio Menchaca Salazar.\u00a0 Se\u00f1al\u00f3 que este ejercicio no solo responde a una obligaci\u00f3n legal, sino a un deber \u00e9tico con la ciudadan\u00eda, basado en","og_url":"https:\/\/elcardinal.com\/?p=5323","og_site_name":"El Cardinal","article_publisher":"https:\/\/www.facebook.com\/profile.php?id=100063093107011","article_published_time":"2025-11-26T13:30:28+00:00","og_image":[{"width":2560,"height":1707,"url":"https:\/\/elcardinal.com\/wp-content\/uploads\/2025\/11\/251125-COMPARECENCIAS_ECONOMIA_2025-3-scaled.jpg","type":"image\/jpeg"}],"author":"Antonio Alcaraz","twitter_card":"summary_large_image","twitter_creator":"@ElCardinal_Mx","twitter_site":"@ElCardinal_Mx","twitter_misc":{"Escrito por":"Antonio Alcaraz","Tiempo de lectura":"4 minutos"},"schema":{"@context":"https:\/\/schema.org","@graph":[{"@type":"Article","@id":"https:\/\/elcardinal.com\/?p=5323#article","isPartOf":{"@id":"https:\/\/elcardinal.com\/?p=5323"},"author":{"name":"Antonio Alcaraz","@id":"https:\/\/elcardinal.com\/#\/schema\/person\/3c352ec0a33987fe275c0e8a2ea69f8b"},"headline":"Hidalgo, el nuevo rostro del desarrollo econ\u00f3mico nacional: Henkel","datePublished":"2025-11-26T13:30:28+00:00","mainEntityOfPage":{"@id":"https:\/\/elcardinal.com\/?p=5323"},"wordCount":752,"commentCount":0,"publisher":{"@id":"https:\/\/elcardinal.com\/#organization"},"image":{"@id":"https:\/\/elcardinal.com\/?p=5323#primaryimage"},"thumbnailUrl":"https:\/\/elcardinal.com\/wp-content\/uploads\/2025\/11\/251125-COMPARECENCIAS_ECONOMIA_2025-3-scaled.jpg","articleSection":["Hidalgo","Minuto a Minuto","Pol\u00edtica"],"inLanguage":"es","potentialAction":[{"@type":"CommentAction","name":"Comment","target":["https:\/\/elcardinal.com\/?p=5323#respond"]}]},{"@type":"WebPage","@id":"https:\/\/elcardinal.com\/?p=5323","url":"https:\/\/elcardinal.com\/?p=5323","name":"Hidalgo, el nuevo rostro del desarrollo econ\u00f3mico nacional: Henkel - El Cardinal","isPartOf":{"@id":"https:\/\/elcardinal.com\/#website"},"primaryImageOfPage":{"@id":"https:\/\/elcardinal.com\/?p=5323#primaryimage"},"image":{"@id":"https:\/\/elcardinal.com\/?p=5323#primaryimage"},"thumbnailUrl":"https:\/\/elcardinal.com\/wp-content\/uploads\/2025\/11\/251125-COMPARECENCIAS_ECONOMIA_2025-3-scaled.jpg","datePublished":"2025-11-26T13:30:28+00:00","breadcrumb":{"@id":"https:\/\/elcardinal.com\/?p=5323#breadcrumb"},"inLanguage":"es","potentialAction":[{"@type":"ReadAction","target":["https:\/\/elcardinal.com\/?p=5323"]}]},{"@type":"ImageObject","inLanguage":"es","@id":"https:\/\/elcardinal.com\/?p=5323#primaryimage","url":"https:\/\/elcardinal.com\/wp-content\/uploads\/2025\/11\/251125-COMPARECENCIAS_ECONOMIA_2025-3-scaled.jpg","contentUrl":"https:\/\/elcardinal.com\/wp-content\/uploads\/2025\/11\/251125-COMPARECENCIAS_ECONOMIA_2025-3-scaled.jpg","width":2560,"height":1707},{"@type":"BreadcrumbList","@id":"https:\/\/elcardinal.com\/?p=5323#breadcrumb","itemListElement":[{"@type":"ListItem","position":1,"name":"Inicio","item":"https:\/\/elcardinal.com\/"},{"@type":"ListItem","position":2,"name":"Hidalgo, el nuevo rostro del desarrollo econ\u00f3mico nacional: Henkel"}]},{"@type":"WebSite","@id":"https:\/\/elcardinal.com\/#website","url":"https:\/\/elcardinal.com\/","name":"El Cardinal","description":"Periodismo honesto, con valor, sentido humano, a veces sarc\u00e1stico y divertido.","publisher":{"@id":"https:\/\/elcardinal.com\/#organization"},"alternateName":"El Cardinal Noticias","potentialAction":[{"@type":"SearchAction","target":{"@type":"EntryPoint","urlTemplate":"https:\/\/elcardinal.com\/?s={search_term_string}"},"query-input":{"@type":"PropertyValueSpecification","valueRequired":true,"valueName":"search_term_string"}}],"inLanguage":"es"},{"@type":"Organization","@id":"https:\/\/elcardinal.com\/#organization","name":"El Cardinal","url":"https:\/\/elcardinal.com\/","logo":{"@type":"ImageObject","inLanguage":"es","@id":"https:\/\/elcardinal.com\/#\/schema\/logo\/image\/","url":"https:\/\/elcardinal.com\/wp-content\/uploads\/2025\/04\/LOGO-EL-CARDINAL-Periodismo-con-valor.png","contentUrl":"https:\/\/elcardinal.com\/wp-content\/uploads\/2025\/04\/LOGO-EL-CARDINAL-Periodismo-con-valor.png","width":755,"height":636,"caption":"El Cardinal"},"image":{"@id":"https:\/\/elcardinal.com\/#\/schema\/logo\/image\/"},"sameAs":["https:\/\/www.facebook.com\/profile.php?id=100063093107011","https:\/\/x.com\/ElCardinal_Mx"]},{"@type":"Person","@id":"https:\/\/elcardinal.com\/#\/schema\/person\/3c352ec0a33987fe275c0e8a2ea69f8b","name":"Antonio Alcaraz","image":{"@type":"ImageObject","inLanguage":"es","@id":"https:\/\/elcardinal.com\/#\/schema\/person\/image\/","url":"https:\/\/elcardinal.com\/wp-content\/uploads\/2025\/05\/cropped-TONO-96x96.jpg","contentUrl":"https:\/\/elcardinal.com\/wp-content\/uploads\/2025\/05\/cropped-TONO-96x96.jpg","caption":"Antonio Alcaraz"},"url":"https:\/\/elcardinal.com\/?author=2"}]}},"_links":{"self":[{"href":"https:\/\/elcardinal.com\/index.php?rest_route=\/wp\/v2\/posts\/5323","targetHints":{"allow":["GET"]}}],"collection":[{"href":"https:\/\/elcardinal.com\/index.php?rest_route=\/wp\/v2\/posts"}],"about":[{"href":"https:\/\/elcardinal.com\/index.php?rest_route=\/wp\/v2\/types\/post"}],"author":[{"embeddable":true,"href":"https:\/\/elcardinal.com\/index.php?rest_route=\/wp\/v2\/users\/2"}],"replies":[{"embeddable":true,"href":"https:\/\/elcardinal.com\/index.php?rest_route=%2Fwp%2Fv2%2Fcomments&post=5323"}],"version-history":[{"count":1,"href":"https:\/\/elcardinal.com\/index.php?rest_route=\/wp\/v2\/posts\/5323\/revisions"}],"predecessor-version":[{"id":5325,"href":"https:\/\/elcardinal.com\/index.php?rest_route=\/wp\/v2\/posts\/5323\/revisions\/5325"}],"wp:featuredmedia":[{"embeddable":true,"href":"https:\/\/elcardinal.com\/index.php?rest_route=\/wp\/v2\/media\/5324"}],"wp:attachment":[{"href":"https:\/\/elcardinal.com\/index.php?rest_route=%2Fwp%2Fv2%2Fmedia&parent=5323"}],"wp:term":[{"taxonomy":"category","embeddable":true,"href":"https:\/\/elcardinal.com\/index.php?rest_route=%2Fwp%2Fv2%2Fcategories&post=5323"},{"taxonomy":"post_tag","embeddable":true,"href":"https:\/\/elcardinal.com\/index.php?rest_route=%2Fwp%2Fv2%2Ftags&post=5323"}],"curies":[{"name":"wp","href":"https:\/\/api.w.org\/{rel}","templated":true}]}}