{"id":5329,"date":"2025-11-26T18:26:20","date_gmt":"2025-11-27T00:26:20","guid":{"rendered":"https:\/\/elcardinal.com\/?p=5329"},"modified":"2025-11-26T18:26:20","modified_gmt":"2025-11-27T00:26:20","slug":"monica-mixtega-trejo-secretaria-de-medio-ambiente-comparece-ante-el-congreso-y-resalta-proteccion-a-ecosistemas","status":"publish","type":"post","link":"https:\/\/elcardinal.com\/?p=5329","title":{"rendered":"M\u00f3nica Mixtega Trejo, secretaria de Medio Ambiente, comparece ante el Congreso y resalta protecci\u00f3n a ecosistemas"},"content":{"rendered":"<p>By El Cardinalito<\/p>\n<p>En sesi\u00f3n ordinaria, la secretaria de Medio Ambiente y Recursos Naturales (Semarnath), M\u00f3nica Patricia Mixtega Trejo compareci\u00f3 ante el Congreso del Estado Libre y Soberano de Hidalgo, como parte del procedimiento relativo al tercer informe del estado que guardan los diversos ramos de la administraci\u00f3n p\u00fablica encabezada por el gobernador Julio Menchaca Salazar.<\/p>\n<p>En su mensaje, el presidente de la Junta de Gobierno, diputado Andr\u00e9s Vel\u00e1zquez V\u00e1zquez reconoci\u00f3 el trabajo que encabeza la titular al frente de la secretar\u00eda, \u201cimpulsando pol\u00edticas p\u00fablicas para la protecci\u00f3n de nuestros ecosistemas, gesti\u00f3n responsable de residuos, educaci\u00f3n ambiental y adaptaci\u00f3n frente al cambio clim\u00e1tico, siempre con la mira puesta en las generaciones presentes y futuras\u201d.<\/p>\n<p>En su intervenci\u00f3n, la secretaria indic\u00f3 que, para este gobierno, la atenci\u00f3n y cercan\u00eda con la gente \u201ces y ser\u00e1 primordial y base en la toma de decisiones con miras al desarrollo sostenible. Estamos convencidos de que el cuidado, la protecci\u00f3n y la conservaci\u00f3n de nuestros recursos naturales son garant\u00eda para gozar de un medio ambiente adecuado para el desarrollo y bienestar de la poblaci\u00f3n\u201d.<\/p>\n<p>Dentro de los logros m\u00e1s destacados, la funcionaria inform\u00f3 los siguientes:<\/p>\n<p>La atenci\u00f3n de m\u00e1s de 29 mil solicitudes y 762 audiencias p\u00fablicas, generando m\u00e1s de mil 500 acuerdos socioambientales.<\/p>\n<p>La inversi\u00f3n superior a 94 millones de pesos en proyectos de infraestructura ambiental, adquisici\u00f3n de maquinaria especializada y equipamiento sustentable.<\/p>\n<p>La firma de la agenda com\u00fan con los 84 municipios del estado.<\/p>\n<p>La reducci\u00f3n en 26 por ciento de la incidencia de incendios forestales gracias al decreto de veda de uso del fuego y la conformaci\u00f3n de brigadas rurales.<\/p>\n<p>La entrega de m\u00e1s de 1.3 millones de plantas destinadas a la recuperaci\u00f3n de ecosistemas prioritarios.<\/p>\n<p>La inversi\u00f3n de 11 millones de pesos para la formulaci\u00f3n de 12 Programas de Ordenamiento Ecol\u00f3gico local.<\/p>\n<p>La creaci\u00f3n de los corredores bioculturales de las orqu\u00eddeas y el jaguarund\u00ed; del mezquite y el puma, as\u00ed como el de la yuca y las serpientes.<\/p>\n<p>En sesi\u00f3n de preguntas y respuestas, el diputado Juan Pablo Escalante Urb\u00e1n (Morena) cuestion\u00f3 cu\u00e1les son los mecanismos de evaluaci\u00f3n implementados para conocer la percepci\u00f3n ciudadana sobre la posible corrupci\u00f3n en los verificentros, por lo que la secretaria respondi\u00f3: \u201chemos recibido algunas quejas, pero las hemos podido desmentir a trav\u00e9s del monitoreo. Tambi\u00e9n est\u00e1n en los propios verificentros, los n\u00fameros para denunciar, pero hasta el d\u00eda de hoy no hemos recibido denuncias\u201d.<\/p>\n<p>El legislador pregunt\u00f3 c\u00f3mo se tiene previsto reducir los tiempos promedio para realizar la verificaci\u00f3n vehicular y cu\u00e1les han sido las principales inconformidades detectadas en el proceso, por lo que la funcionaria record\u00f3 que \u201ctenemos una plataforma de citas en donde los usuarios, de manera sencilla a trav\u00e9s de sus celulares, pueden agendar sus citas. Adem\u00e1s, indic\u00f3 que se han atendido quejas de 7 mil 402 usuarios en ventanilla, \u201cespec\u00edficamente porque sus veh\u00edculos no cumplen con las condiciones f\u00edsico-mec\u00e1nicas para obtener el holograma que corresponde al modelo de su veh\u00edculo\u201d.<\/p>\n<p>La diputada Yarabi Gonz\u00e1lez Mart\u00ednez (Morena) solicit\u00f3 informaci\u00f3n sobre el tema del gusano descortezador y la tala clandestina, por lo que la titular asegur\u00f3 que se trabaja en la producci\u00f3n de planta necesaria para reforestar las \u00e1reas que han sido taladas. Sobre la plaga, recalc\u00f3 que se han saneado 222 mil 91 hect\u00e1reas y se han derribado 18 mil 715 \u00e1rboles.<\/p>\n<p>La legisladora Alma Rosa El\u00edas Paso (Morena) cuestion\u00f3 cu\u00e1l es la situaci\u00f3n actual del relleno sanitario de El Huixm\u00ed y qu\u00e9 alternativas est\u00e1n en desarrollo para garantizar una disposici\u00f3n adecuada de residuos, por lo que la secretaria explic\u00f3 que el municipio de Pachuca est\u00e1 realizando una modificaci\u00f3n de su ordenamiento ecol\u00f3gico territorial con la finalidad de buscar m\u00e1s espacios para tratar los desechos.<\/p>\n<p>El diputado Avelino Tovar Iglesias (PVEM) pregunt\u00f3 qu\u00e9 est\u00e1 haciendo el gobierno del estado para socializar el proyecto del Parque de Econom\u00eda Circular, por lo que la funcionaria precis\u00f3 que este proyecto est\u00e1 cargo de la Secretar\u00eda de Gobierno y Semarnat, \u201ces un proyecto que optimiza la gesti\u00f3n de los residuos, est\u00e1 coordinado por Semarnat federal, la ubicaci\u00f3n del predio est\u00e1 entre Atitalaquia y Tlaxcoapan, la idea es desarrollar tecnolog\u00eda con procesos de gasificaci\u00f3n y carbonizaci\u00f3n para convertir los residuos org\u00e1nicos en carb\u00f3n vegetal y biofertilizantes\u201d.<\/p>\n<p>El legislador tambi\u00e9n cuestion\u00f3 los tiempos de construcci\u00f3n, por lo que la secretaria explic\u00f3 que, en este momento, \u201cnos encontramos en esa fase de difundir los beneficios que tiene el proyecto y para el d\u00eda 14 de diciembre se est\u00e1 considerando una consulta p\u00fablica con la finalidad de avalar el proyecto\u201d.<\/p>\n<p>Tras la vaguada monz\u00f3nica, la diputada Paloma Barrag\u00e1n Santos (Morena) pregunt\u00f3 cu\u00e1l es la estrategia de uso y destino de todos los residuos y de qu\u00e9 manera se puede evitar que la contingencia se convierta en una crisis sanitaria de contaminaci\u00f3n, por lo que la titular mencion\u00f3: \u201chemos tenido algunas reuniones con municipios en relaci\u00f3n al tema de todo el escombro derivado de los deslaves. Afortunadamente no est\u00e1n contaminados con otros residuos, lo que nos permite reutilizarlos\u201d.<\/p>\n<p>La legisladora tambi\u00e9n cuestion\u00f3 qu\u00e9 se le puede decir a la ciudadan\u00eda sobre la falta de transparencia y consulta social efectiva para nuevos proyectos, por lo que la funcionaria consider\u00f3 importante que la ciudadan\u00eda denuncie los tiraderos a cielo abierto ante la secretar\u00eda o procuradur\u00eda, \u201ccon la finalidad de que nosotros podamos actuar, porque si no estamos contaminando nuestro territorio\u201d.<\/p>\n<p>La diputada Lizbeth Ira\u00eds Ordaz Islas (Morena) solicit\u00f3 datos sobre los logros m\u00e1s relevantes en materia de prevenci\u00f3n, protecci\u00f3n y restauraci\u00f3n ambiental, por lo que la titular especific\u00f3: \u201cllevamos a cabo programas que conllevan acciones contra el cambio clim\u00e1tico, entre las m\u00e1s importantes est\u00e1 el incremento de \u00e1reas naturales protegidas, los programas Reforestar para Transformar de la forma tradicional a trav\u00e9s de v\u00eda a\u00e9rea, el programa Esferas de Vida, el banco de germoplasma donde estamos preservando y resguardando semilla, tenemos programas de educaci\u00f3n ambiental, corredores bioculturales, monitoreos de fauna, la regularizaci\u00f3n de las empresas y estamos realizando los diagn\u00f3sticos fitosanitarios, as\u00ed como acciones de saneamiento en el Parque Nacional El Chico\u201d.<\/p>\n<p>La legisladora Claudia Lilia Luna Islas (PAN) requiri\u00f3 informaci\u00f3n sobre el cuidado de la presa Endh\u00f3 para el combate del lirio acu\u00e1tico, por lo que la funcionaria detall\u00f3: \u201cen este momento, estamos trabajando la trituraci\u00f3n. Hemos solicitado a la Conagua el env\u00edo, compra o renta de m\u00e1s maquinaria con la finalidad de combatir la problem\u00e1tica. Sin embargo, el gobernador solicit\u00f3 que se comprara una m\u00e1quina cosechadora\u201d.<\/p>\n<p>La diputada tambi\u00e9n pregunt\u00f3 sobre las acciones implementadas en las \u00e1reas protegidas, por lo que la secretaria precis\u00f3 que se acude a los ejidos con la finalidad de decirles todos los beneficios que conlleva tener un \u00e1rea natural protegida, \u201clos apoyos que nosotros otorgamos en cuanto a se\u00f1al\u00e9tica, las brechas cortafuego para evitar incendios, el alambre para hacer el cercado correspondiente\u201d.<\/p>\n<p>El legislador Jos\u00e9 Luis Rodr\u00edguez Higareda (Morena) cuestion\u00f3 cu\u00e1l ser\u00e1 la estrategia que pueda dar m\u00e1s posibilidades de \u00e9xito para apoyar a la presa Endh\u00f3, por lo que la titular indic\u00f3 que es un problema \u201cque no vamos a erradicar, lo vamos a controlar, porque sigue entrando toda la materia org\u00e1nica y tenemos que dar el mantenimiento adecuado\u201d.<\/p>\n<p>Asimismo, el diputado pregunt\u00f3 qu\u00e9 se puede hacer para socializar el proyecto del Parque de Econom\u00eda Circular, por lo que la titular reiter\u00f3 que se difunde la informaci\u00f3n sobre las bondades de esta estrategia: \u201cbeneficiar\u00e1 a 600 mil personas de 14 municipios, crear\u00e1 400 empleos directos y 700 indirectos, integrar\u00e1 social y laboralmente a las personas que habitan en la regi\u00f3n, evitar\u00e1 el mal manejo de los residuos s\u00f3lidos urbanos y del manejo especial de 600 toneladas diarias que ellos mismos generan\u201d.<\/p>\n<p>El legislador Francisco Javier T\u00e9llez S\u00e1nchez (PT) solicit\u00f3 informaci\u00f3n sobre el nivel real de cumplimiento de las metas previstas en el Programa Estatal para la Prevenci\u00f3n y Gesti\u00f3n Integral de Residuos, por lo que la secretaria detall\u00f3 que se llevan a cabo trabajos en conjunto para los diagn\u00f3sticos municipales en la integraci\u00f3n y actualizaci\u00f3n del programa. \u201cEs un trabajo que vamos a iniciar en enero y tendr\u00e1 un enfoque en econom\u00eda circular\u201d.<\/p>\n<p>El diputado tambi\u00e9n solicit\u00f3 dar atenci\u00f3n a la problem\u00e1tica de tiraderos a cielo abierto en municipios, por lo que la titular asegur\u00f3 que se brinda acompa\u00f1amiento a los ayuntamientos: \u201cle solicitamos que ubiquen una superficie donde quieran llevar a cabo su proyecto y nosotros hacemos el an\u00e1lisis de congruencia\u201d.<\/p>\n<p>El legislador Carlos Alejandro Alc\u00e1ntara Carbajal (MC) cuestion\u00f3 con qu\u00e9 se medir\u00e1 que el Parque de Econom\u00eda Circular sea exitoso para que la ciudadan\u00eda pueda confiar en la propuesta, por lo que la secretaria asever\u00f3 que se trata de un proyecto integral. \u201cEstamos acudiendo a diferentes partes del mundo para verificar la informaci\u00f3n\u201d.<\/p>\n<p>El diputado tambi\u00e9n solicit\u00f3 informaci\u00f3n sobre la preservaci\u00f3n de animales y sus ecosistemas, por lo que la titular inform\u00f3 que se han realizado 54 rescates, \u201cse enviaron esas especies a las unidades de rehabilitaci\u00f3n, muchas veces para su liberaci\u00f3n, en algunos casos no fue posible\u201d.<\/p>\n<p>El legislador Juli\u00e1n Nochebuena Hern\u00e1ndez (Morena) pregunt\u00f3 si el programa Esferas de Vida se aplica en la Sierra y Huasteca, si est\u00e1 en marcha alg\u00fan proyecto de relleno sanitario regional y otro para conformar \u00e1reas protegidas, por lo que la funcionaria precis\u00f3 que Esferas de Vida llega a zonas con mayor n\u00famero de incendios forestales, que son varios los requisitos que deben cumplirse para tener un relleno sanitario, pero se da el acompa\u00f1amiento a los municipios, y que se puede realizar un programa espec\u00edfico para monitorear la desaparici\u00f3n de especies, as\u00ed como determinar cu\u00e1l es el desaf\u00edo ambiental de la zona.<\/p>\n<p>La diputada Cynthia Citlali Delgado Mendoza (Morena) cuestion\u00f3 cu\u00e1l es la opini\u00f3n de la secretar\u00eda respecto a la reforma federal que establece sanciones m\u00e1s severas a delitos ambientales, por lo que la titular resalt\u00f3: \u201cestamos a la orden para apoyar en la parte t\u00e9cnica que nos corresponde con el fin crear delitos espec\u00edficos\u201d.<\/p>\n<p>La legisladora Karla Perales Arrieta (MC) pregunt\u00f3 qu\u00e9 escenarios de sequ\u00eda, estr\u00e9s h\u00eddrico o variabilidad clim\u00e1tica se consideraron para la planeaci\u00f3n hacia 2040, por lo que la funcionaria mencion\u00f3: \u201cverificamos que estaban sobreexplotados los acu\u00edferos, espec\u00edficamente el de Pachuca. Por ello, nos dimos a la tarea de atender la problem\u00e1tica. Estamos considerando publicar este trabajo en el \u00faltimo trimestre\u201d.<\/p>\n<p>La diputada tambi\u00e9n solicit\u00f3 informaci\u00f3n sobre los planes de mitigaci\u00f3n para la devastaci\u00f3n de ecosistemas, en el caso particular de la carretera hacia Huasca, por lo que la secretaria asegur\u00f3 que se produjo la planta necesaria para la reforestaci\u00f3n.<\/p>\n<p>Finalmente, la diputada Mar\u00eda del Rosario Guerrero Mart\u00ednez (Morena) cuestion\u00f3 si existen mecanismos para evitar que la falta de uniformidad en las sanciones sea aprovechada para actos de corrupci\u00f3n, por lo que la secretaria precis\u00f3 que la aplicaci\u00f3n de sanciones es pareja, sin embargo, \u201chay quien viene con nosotros y nos pide acompa\u00f1amiento, hay quien definitivamente paga su multa y sigue con lo mismo y se siguen generando las multas\u201d.<\/p>\n<p>La legisladora pregunt\u00f3 si no existe un riesgo a mediano o largo plazo para que haya invasi\u00f3n de distintos tipos de plantas de los lugares donde se siembran las esferas, por lo que la titular inform\u00f3: \u201cla ciudadan\u00eda est\u00e1 sumada en este programa de Esferas de Vida, pero no se utiliza cualquier semilla, es una ya seleccionada, proporcionada por el municipio, seleccionada en el banco de germoplasma\u201d.<\/p>\n","protected":false},"excerpt":{"rendered":"<p>By El Cardinalito En sesi\u00f3n ordinaria, la secretaria de Medio Ambiente y Recursos Naturales (Semarnath), M\u00f3nica Patricia Mixtega Trejo compareci\u00f3 ante el Congreso del Estado Libre y Soberano de Hidalgo, como parte del procedimiento relativo al tercer informe del estado que guardan los diversos ramos de la administraci\u00f3n p\u00fablica encabezada por el gobernador Julio Menchaca<\/p>\n","protected":false},"author":2,"featured_media":5330,"comment_status":"open","ping_status":"open","sticky":false,"template":"","format":"standard","meta":{"footnotes":""},"categories":[31,44,39],"tags":[],"class_list":{"0":"post-5329","1":"post","2":"type-post","3":"status-publish","4":"format-standard","5":"has-post-thumbnail","7":"category-hidalgo","8":"category-minuto-a-minuto","9":"category-politica"},"yoast_head":"<!-- This site is optimized with the Yoast SEO plugin v26.1.1 - https:\/\/yoast.com\/wordpress\/plugins\/seo\/ -->\n<title>M\u00f3nica Mixtega Trejo, secretaria de Medio Ambiente, comparece ante el Congreso y resalta protecci\u00f3n a ecosistemas - El Cardinal<\/title>\n<meta name=\"robots\" content=\"index, follow, max-snippet:-1, max-image-preview:large, max-video-preview:-1\" \/>\n<link rel=\"canonical\" href=\"https:\/\/elcardinal.com\/?p=5329\" \/>\n<meta property=\"og:locale\" content=\"es_MX\" \/>\n<meta property=\"og:type\" content=\"article\" \/>\n<meta property=\"og:title\" content=\"M\u00f3nica Mixtega Trejo, secretaria de Medio Ambiente, comparece ante el Congreso y resalta protecci\u00f3n a ecosistemas - El Cardinal\" \/>\n<meta property=\"og:description\" content=\"By El Cardinalito En sesi\u00f3n ordinaria, la secretaria de Medio Ambiente y Recursos Naturales (Semarnath), M\u00f3nica Patricia Mixtega Trejo compareci\u00f3 ante el Congreso del Estado Libre y Soberano de Hidalgo, como parte del procedimiento relativo al tercer informe del estado que guardan los diversos ramos de la administraci\u00f3n p\u00fablica encabezada por el gobernador Julio Menchaca\" \/>\n<meta property=\"og:url\" content=\"https:\/\/elcardinal.com\/?p=5329\" \/>\n<meta property=\"og:site_name\" content=\"El Cardinal\" \/>\n<meta property=\"article:publisher\" content=\"https:\/\/www.facebook.com\/profile.php?id=100063093107011\" \/>\n<meta property=\"article:published_time\" content=\"2025-11-27T00:26:20+00:00\" \/>\n<meta property=\"og:image\" content=\"https:\/\/elcardinal.com\/wp-content\/uploads\/2025\/11\/Comparecencia-26.11.2025-Medio-Ambiente-8.jpg\" \/>\n\t<meta property=\"og:image:width\" content=\"1526\" \/>\n\t<meta property=\"og:image:height\" content=\"1080\" \/>\n\t<meta property=\"og:image:type\" content=\"image\/jpeg\" \/>\n<meta name=\"author\" content=\"Antonio Alcaraz\" \/>\n<meta name=\"twitter:card\" content=\"summary_large_image\" \/>\n<meta name=\"twitter:creator\" content=\"@ElCardinal_Mx\" \/>\n<meta name=\"twitter:site\" content=\"@ElCardinal_Mx\" \/>\n<meta name=\"twitter:label1\" content=\"Escrito por\" \/>\n\t<meta name=\"twitter:data1\" content=\"Antonio Alcaraz\" \/>\n\t<meta name=\"twitter:label2\" content=\"Tiempo de lectura\" \/>\n\t<meta name=\"twitter:data2\" content=\"9 minutos\" \/>\n<script type=\"application\/ld+json\" class=\"yoast-schema-graph\">{\"@context\":\"https:\/\/schema.org\",\"@graph\":[{\"@type\":\"Article\",\"@id\":\"https:\/\/elcardinal.com\/?p=5329#article\",\"isPartOf\":{\"@id\":\"https:\/\/elcardinal.com\/?p=5329\"},\"author\":{\"name\":\"Antonio Alcaraz\",\"@id\":\"https:\/\/elcardinal.com\/#\/schema\/person\/3c352ec0a33987fe275c0e8a2ea69f8b\"},\"headline\":\"M\u00f3nica Mixtega Trejo, secretaria de Medio Ambiente, comparece ante el Congreso y resalta protecci\u00f3n a ecosistemas\",\"datePublished\":\"2025-11-27T00:26:20+00:00\",\"mainEntityOfPage\":{\"@id\":\"https:\/\/elcardinal.com\/?p=5329\"},\"wordCount\":2054,\"commentCount\":0,\"publisher\":{\"@id\":\"https:\/\/elcardinal.com\/#organization\"},\"image\":{\"@id\":\"https:\/\/elcardinal.com\/?p=5329#primaryimage\"},\"thumbnailUrl\":\"https:\/\/elcardinal.com\/wp-content\/uploads\/2025\/11\/Comparecencia-26.11.2025-Medio-Ambiente-8.jpg\",\"articleSection\":[\"Hidalgo\",\"Minuto a Minuto\",\"Pol\u00edtica\"],\"inLanguage\":\"es\",\"potentialAction\":[{\"@type\":\"CommentAction\",\"name\":\"Comment\",\"target\":[\"https:\/\/elcardinal.com\/?p=5329#respond\"]}]},{\"@type\":\"WebPage\",\"@id\":\"https:\/\/elcardinal.com\/?p=5329\",\"url\":\"https:\/\/elcardinal.com\/?p=5329\",\"name\":\"M\u00f3nica Mixtega Trejo, secretaria de Medio Ambiente, comparece ante el Congreso y resalta protecci\u00f3n a ecosistemas - El Cardinal\",\"isPartOf\":{\"@id\":\"https:\/\/elcardinal.com\/#website\"},\"primaryImageOfPage\":{\"@id\":\"https:\/\/elcardinal.com\/?p=5329#primaryimage\"},\"image\":{\"@id\":\"https:\/\/elcardinal.com\/?p=5329#primaryimage\"},\"thumbnailUrl\":\"https:\/\/elcardinal.com\/wp-content\/uploads\/2025\/11\/Comparecencia-26.11.2025-Medio-Ambiente-8.jpg\",\"datePublished\":\"2025-11-27T00:26:20+00:00\",\"breadcrumb\":{\"@id\":\"https:\/\/elcardinal.com\/?p=5329#breadcrumb\"},\"inLanguage\":\"es\",\"potentialAction\":[{\"@type\":\"ReadAction\",\"target\":[\"https:\/\/elcardinal.com\/?p=5329\"]}]},{\"@type\":\"ImageObject\",\"inLanguage\":\"es\",\"@id\":\"https:\/\/elcardinal.com\/?p=5329#primaryimage\",\"url\":\"https:\/\/elcardinal.com\/wp-content\/uploads\/2025\/11\/Comparecencia-26.11.2025-Medio-Ambiente-8.jpg\",\"contentUrl\":\"https:\/\/elcardinal.com\/wp-content\/uploads\/2025\/11\/Comparecencia-26.11.2025-Medio-Ambiente-8.jpg\",\"width\":1526,\"height\":1080},{\"@type\":\"BreadcrumbList\",\"@id\":\"https:\/\/elcardinal.com\/?p=5329#breadcrumb\",\"itemListElement\":[{\"@type\":\"ListItem\",\"position\":1,\"name\":\"Inicio\",\"item\":\"https:\/\/elcardinal.com\/\"},{\"@type\":\"ListItem\",\"position\":2,\"name\":\"M\u00f3nica Mixtega Trejo, secretaria de Medio Ambiente, comparece ante el Congreso y resalta protecci\u00f3n a ecosistemas\"}]},{\"@type\":\"WebSite\",\"@id\":\"https:\/\/elcardinal.com\/#website\",\"url\":\"https:\/\/elcardinal.com\/\",\"name\":\"El Cardinal\",\"description\":\"Periodismo honesto, con valor, sentido humano, a veces sarc\u00e1stico y divertido.\",\"publisher\":{\"@id\":\"https:\/\/elcardinal.com\/#organization\"},\"alternateName\":\"El Cardinal Noticias\",\"potentialAction\":[{\"@type\":\"SearchAction\",\"target\":{\"@type\":\"EntryPoint\",\"urlTemplate\":\"https:\/\/elcardinal.com\/?s={search_term_string}\"},\"query-input\":{\"@type\":\"PropertyValueSpecification\",\"valueRequired\":true,\"valueName\":\"search_term_string\"}}],\"inLanguage\":\"es\"},{\"@type\":\"Organization\",\"@id\":\"https:\/\/elcardinal.com\/#organization\",\"name\":\"El Cardinal\",\"url\":\"https:\/\/elcardinal.com\/\",\"logo\":{\"@type\":\"ImageObject\",\"inLanguage\":\"es\",\"@id\":\"https:\/\/elcardinal.com\/#\/schema\/logo\/image\/\",\"url\":\"https:\/\/elcardinal.com\/wp-content\/uploads\/2025\/04\/LOGO-EL-CARDINAL-Periodismo-con-valor.png\",\"contentUrl\":\"https:\/\/elcardinal.com\/wp-content\/uploads\/2025\/04\/LOGO-EL-CARDINAL-Periodismo-con-valor.png\",\"width\":755,\"height\":636,\"caption\":\"El Cardinal\"},\"image\":{\"@id\":\"https:\/\/elcardinal.com\/#\/schema\/logo\/image\/\"},\"sameAs\":[\"https:\/\/www.facebook.com\/profile.php?id=100063093107011\",\"https:\/\/x.com\/ElCardinal_Mx\"]},{\"@type\":\"Person\",\"@id\":\"https:\/\/elcardinal.com\/#\/schema\/person\/3c352ec0a33987fe275c0e8a2ea69f8b\",\"name\":\"Antonio Alcaraz\",\"image\":{\"@type\":\"ImageObject\",\"inLanguage\":\"es\",\"@id\":\"https:\/\/elcardinal.com\/#\/schema\/person\/image\/\",\"url\":\"https:\/\/elcardinal.com\/wp-content\/uploads\/2025\/05\/cropped-TONO-96x96.jpg\",\"contentUrl\":\"https:\/\/elcardinal.com\/wp-content\/uploads\/2025\/05\/cropped-TONO-96x96.jpg\",\"caption\":\"Antonio Alcaraz\"},\"url\":\"https:\/\/elcardinal.com\/?author=2\"}]}<\/script>\n<!-- \/ Yoast SEO plugin. -->","yoast_head_json":{"title":"M\u00f3nica Mixtega Trejo, secretaria de Medio Ambiente, comparece ante el Congreso y resalta protecci\u00f3n a ecosistemas - El Cardinal","robots":{"index":"index","follow":"follow","max-snippet":"max-snippet:-1","max-image-preview":"max-image-preview:large","max-video-preview":"max-video-preview:-1"},"canonical":"https:\/\/elcardinal.com\/?p=5329","og_locale":"es_MX","og_type":"article","og_title":"M\u00f3nica Mixtega Trejo, secretaria de Medio Ambiente, comparece ante el Congreso y resalta protecci\u00f3n a ecosistemas - El Cardinal","og_description":"By El Cardinalito En sesi\u00f3n ordinaria, la secretaria de Medio Ambiente y Recursos Naturales (Semarnath), M\u00f3nica Patricia Mixtega Trejo compareci\u00f3 ante el Congreso del Estado Libre y Soberano de Hidalgo, como parte del procedimiento relativo al tercer informe del estado que guardan los diversos ramos de la administraci\u00f3n p\u00fablica encabezada por el gobernador Julio Menchaca","og_url":"https:\/\/elcardinal.com\/?p=5329","og_site_name":"El Cardinal","article_publisher":"https:\/\/www.facebook.com\/profile.php?id=100063093107011","article_published_time":"2025-11-27T00:26:20+00:00","og_image":[{"width":1526,"height":1080,"url":"https:\/\/elcardinal.com\/wp-content\/uploads\/2025\/11\/Comparecencia-26.11.2025-Medio-Ambiente-8.jpg","type":"image\/jpeg"}],"author":"Antonio Alcaraz","twitter_card":"summary_large_image","twitter_creator":"@ElCardinal_Mx","twitter_site":"@ElCardinal_Mx","twitter_misc":{"Escrito por":"Antonio Alcaraz","Tiempo de lectura":"9 minutos"},"schema":{"@context":"https:\/\/schema.org","@graph":[{"@type":"Article","@id":"https:\/\/elcardinal.com\/?p=5329#article","isPartOf":{"@id":"https:\/\/elcardinal.com\/?p=5329"},"author":{"name":"Antonio Alcaraz","@id":"https:\/\/elcardinal.com\/#\/schema\/person\/3c352ec0a33987fe275c0e8a2ea69f8b"},"headline":"M\u00f3nica Mixtega Trejo, secretaria de Medio Ambiente, comparece ante el Congreso y resalta protecci\u00f3n a ecosistemas","datePublished":"2025-11-27T00:26:20+00:00","mainEntityOfPage":{"@id":"https:\/\/elcardinal.com\/?p=5329"},"wordCount":2054,"commentCount":0,"publisher":{"@id":"https:\/\/elcardinal.com\/#organization"},"image":{"@id":"https:\/\/elcardinal.com\/?p=5329#primaryimage"},"thumbnailUrl":"https:\/\/elcardinal.com\/wp-content\/uploads\/2025\/11\/Comparecencia-26.11.2025-Medio-Ambiente-8.jpg","articleSection":["Hidalgo","Minuto a Minuto","Pol\u00edtica"],"inLanguage":"es","potentialAction":[{"@type":"CommentAction","name":"Comment","target":["https:\/\/elcardinal.com\/?p=5329#respond"]}]},{"@type":"WebPage","@id":"https:\/\/elcardinal.com\/?p=5329","url":"https:\/\/elcardinal.com\/?p=5329","name":"M\u00f3nica Mixtega Trejo, secretaria de Medio Ambiente, comparece ante el Congreso y resalta protecci\u00f3n a ecosistemas - El Cardinal","isPartOf":{"@id":"https:\/\/elcardinal.com\/#website"},"primaryImageOfPage":{"@id":"https:\/\/elcardinal.com\/?p=5329#primaryimage"},"image":{"@id":"https:\/\/elcardinal.com\/?p=5329#primaryimage"},"thumbnailUrl":"https:\/\/elcardinal.com\/wp-content\/uploads\/2025\/11\/Comparecencia-26.11.2025-Medio-Ambiente-8.jpg","datePublished":"2025-11-27T00:26:20+00:00","breadcrumb":{"@id":"https:\/\/elcardinal.com\/?p=5329#breadcrumb"},"inLanguage":"es","potentialAction":[{"@type":"ReadAction","target":["https:\/\/elcardinal.com\/?p=5329"]}]},{"@type":"ImageObject","inLanguage":"es","@id":"https:\/\/elcardinal.com\/?p=5329#primaryimage","url":"https:\/\/elcardinal.com\/wp-content\/uploads\/2025\/11\/Comparecencia-26.11.2025-Medio-Ambiente-8.jpg","contentUrl":"https:\/\/elcardinal.com\/wp-content\/uploads\/2025\/11\/Comparecencia-26.11.2025-Medio-Ambiente-8.jpg","width":1526,"height":1080},{"@type":"BreadcrumbList","@id":"https:\/\/elcardinal.com\/?p=5329#breadcrumb","itemListElement":[{"@type":"ListItem","position":1,"name":"Inicio","item":"https:\/\/elcardinal.com\/"},{"@type":"ListItem","position":2,"name":"M\u00f3nica Mixtega Trejo, secretaria de Medio Ambiente, comparece ante el Congreso y resalta protecci\u00f3n a ecosistemas"}]},{"@type":"WebSite","@id":"https:\/\/elcardinal.com\/#website","url":"https:\/\/elcardinal.com\/","name":"El Cardinal","description":"Periodismo honesto, con valor, sentido humano, a veces sarc\u00e1stico y divertido.","publisher":{"@id":"https:\/\/elcardinal.com\/#organization"},"alternateName":"El Cardinal Noticias","potentialAction":[{"@type":"SearchAction","target":{"@type":"EntryPoint","urlTemplate":"https:\/\/elcardinal.com\/?s={search_term_string}"},"query-input":{"@type":"PropertyValueSpecification","valueRequired":true,"valueName":"search_term_string"}}],"inLanguage":"es"},{"@type":"Organization","@id":"https:\/\/elcardinal.com\/#organization","name":"El Cardinal","url":"https:\/\/elcardinal.com\/","logo":{"@type":"ImageObject","inLanguage":"es","@id":"https:\/\/elcardinal.com\/#\/schema\/logo\/image\/","url":"https:\/\/elcardinal.com\/wp-content\/uploads\/2025\/04\/LOGO-EL-CARDINAL-Periodismo-con-valor.png","contentUrl":"https:\/\/elcardinal.com\/wp-content\/uploads\/2025\/04\/LOGO-EL-CARDINAL-Periodismo-con-valor.png","width":755,"height":636,"caption":"El Cardinal"},"image":{"@id":"https:\/\/elcardinal.com\/#\/schema\/logo\/image\/"},"sameAs":["https:\/\/www.facebook.com\/profile.php?id=100063093107011","https:\/\/x.com\/ElCardinal_Mx"]},{"@type":"Person","@id":"https:\/\/elcardinal.com\/#\/schema\/person\/3c352ec0a33987fe275c0e8a2ea69f8b","name":"Antonio Alcaraz","image":{"@type":"ImageObject","inLanguage":"es","@id":"https:\/\/elcardinal.com\/#\/schema\/person\/image\/","url":"https:\/\/elcardinal.com\/wp-content\/uploads\/2025\/05\/cropped-TONO-96x96.jpg","contentUrl":"https:\/\/elcardinal.com\/wp-content\/uploads\/2025\/05\/cropped-TONO-96x96.jpg","caption":"Antonio Alcaraz"},"url":"https:\/\/elcardinal.com\/?author=2"}]}},"_links":{"self":[{"href":"https:\/\/elcardinal.com\/index.php?rest_route=\/wp\/v2\/posts\/5329","targetHints":{"allow":["GET"]}}],"collection":[{"href":"https:\/\/elcardinal.com\/index.php?rest_route=\/wp\/v2\/posts"}],"about":[{"href":"https:\/\/elcardinal.com\/index.php?rest_route=\/wp\/v2\/types\/post"}],"author":[{"embeddable":true,"href":"https:\/\/elcardinal.com\/index.php?rest_route=\/wp\/v2\/users\/2"}],"replies":[{"embeddable":true,"href":"https:\/\/elcardinal.com\/index.php?rest_route=%2Fwp%2Fv2%2Fcomments&post=5329"}],"version-history":[{"count":1,"href":"https:\/\/elcardinal.com\/index.php?rest_route=\/wp\/v2\/posts\/5329\/revisions"}],"predecessor-version":[{"id":5331,"href":"https:\/\/elcardinal.com\/index.php?rest_route=\/wp\/v2\/posts\/5329\/revisions\/5331"}],"wp:featuredmedia":[{"embeddable":true,"href":"https:\/\/elcardinal.com\/index.php?rest_route=\/wp\/v2\/media\/5330"}],"wp:attachment":[{"href":"https:\/\/elcardinal.com\/index.php?rest_route=%2Fwp%2Fv2%2Fmedia&parent=5329"}],"wp:term":[{"taxonomy":"category","embeddable":true,"href":"https:\/\/elcardinal.com\/index.php?rest_route=%2Fwp%2Fv2%2Fcategories&post=5329"},{"taxonomy":"post_tag","embeddable":true,"href":"https:\/\/elcardinal.com\/index.php?rest_route=%2Fwp%2Fv2%2Ftags&post=5329"}],"curies":[{"name":"wp","href":"https:\/\/api.w.org\/{rel}","templated":true}]}}