{"id":5338,"date":"2025-11-27T19:00:14","date_gmt":"2025-11-28T01:00:14","guid":{"rendered":"https:\/\/elcardinal.com\/?p=5338"},"modified":"2025-11-27T19:00:14","modified_gmt":"2025-11-28T01:00:14","slug":"lyzbeth-robles-gutierrez-secretaria-de-movilidad-comparece-ante-el-congreso-y-destaca-las-rutas-incluyentes","status":"publish","type":"post","link":"https:\/\/elcardinal.com\/?p=5338","title":{"rendered":"Lyzbeth Robles Guti\u00e9rrez, secretaria de Movilidad, comparece ante el Congreso y destaca las rutas incluyentes"},"content":{"rendered":"<p>Redacci\u00f3n<\/p>\n<p>En sesi\u00f3n ordinaria, la secretaria de Movilidad y Transporte, Lyzbeth Robles Guti\u00e9rrez compareci\u00f3 ante el Congreso del Estado Libre y Soberano de Hidalgo, como parte del procedimiento relativo al tercer informe del estado que guardan los diversos ramos de la administraci\u00f3n p\u00fablica encabezada por el gobernador Julio Menchaca Salazar.<\/p>\n<p>En su mensaje, el presidente de la Junta de Gobierno, diputado Andr\u00e9s Vel\u00e1zquez V\u00e1zquez reconoci\u00f3 la labor que la titular encabeza al frente de la dependencia, \u201cimpulsando su modernizaci\u00f3n, sobre todo en el tema del transporte p\u00fablico, el ordenamiento de rutas y concesiones, la mejora en la seguridad vial, as\u00ed como la atenci\u00f3n a usuarios y operadores\u201d.<\/p>\n<p>En su intervenci\u00f3n, la secretaria detall\u00f3 que estos avances \u201cno son aislados ni casuales, responden al esfuerzo coordinado de quienes participamos en la transformaci\u00f3n del sector y que abren el camino para consolidar proyectos estrat\u00e9gicos, atender rezagos hist\u00f3ricos y garantizar que la movilidad y el transporte se conviertan en un verdadero derecho para todas y todos\u201d.<\/p>\n<p>Dentro de los logros m\u00e1s destacados, la funcionaria inform\u00f3 los siguientes:<\/p>\n<p>La firma del \u201cPacto de las personas concesionarias y conductoras del transporte p\u00fablico convencional en contra de la violencia de g\u00e9nero\u201d.<\/p>\n<p>El proyecto piloto para el diagn\u00f3stico de acoso sexual en el transporte p\u00fablico colectivo en Pachuca.<\/p>\n<p>Actualizaci\u00f3n peri\u00f3dica del Padr\u00f3n Estatal de Ciclov\u00edas.<\/p>\n<p>La inversi\u00f3n de 9 millones 842 mil 353.46 pesos para las Rutas de la Movilidad Incluyente.<\/p>\n<p>La expedici\u00f3n de m\u00e1s de 3 mil tarjetas preferentes en apoyo a 2 mil 802 personas adultas mayores y 262 personas con discapacidad.<\/p>\n<p>Las 61 intervenciones de reparaci\u00f3n y modificaci\u00f3n en los componentes y dispositivos que conforman la red semaf\u00f3rica.<\/p>\n<p>Las 526 intervenciones realizadas en las unidades del Sistema Tuzob\u00fas.<\/p>\n<p>El mantenimiento correctivo y preventivo a 90 puertas autom\u00e1ticas de 16 estaciones y del Centro General de Gesti\u00f3n de Operaciones.<\/p>\n<p>Las 90 intervenciones en todas las estaciones, atendiendo la imagen urbana y la calidad del servicio.<\/p>\n<p>La inversi\u00f3n de 4 millones 559 mil 999 pesos para contratar un seguro que protege la infraestructura del Tuzob\u00fas en la Zona Metropolitana de Pachuca.<\/p>\n<p>Las m\u00e1s de 70 mil personas usuarias transportadas en un d\u00eda h\u00e1bil en el Sistema Tuzob\u00fas, en promedio.<\/p>\n<p>La atenci\u00f3n a mil 165 reportes ciudadanos.<\/p>\n<p>Los 756 operativos de supervisi\u00f3n en 62 municipios.<\/p>\n<p>&nbsp;<\/p>\n<p>En sesi\u00f3n de preguntas y respuestas, el diputado Juan Pablo Escalante Urb\u00e1n (Morena) cuestion\u00f3 cu\u00e1nto incrementar\u00e1n las tarifas del transporte y qu\u00e9 acciones se implementan para evitar cobros excesivos en el servicio, por lo que la funcionaria inform\u00f3 que \u201cno podemos afectar en demas\u00eda al bolsillo de las personas usuarias. Pr\u00f3ximamente daremos el anuncio. A\u00fan se encuentran an\u00e1lisis. Monitoreamos las redes sociales y medios de comunicaci\u00f3n para dar seguimiento a cualquier inconformidad que tenga la sociedad sobre la mala prestaci\u00f3n del servicio\u201d.<\/p>\n<p>El legislador tambi\u00e9n pregunt\u00f3 qu\u00e9 acciones se realizan para reducir el incremento del transporte pirata, por lo que la secretaria record\u00f3 que la ley establece que toda transportaci\u00f3n de persona debe tener una autorizaci\u00f3n estatal. \u201cYa sea a trav\u00e9s de plataformas digitales o la prestaci\u00f3n de un servicio, el transporte irregular que no tenga concesi\u00f3n o autorizaci\u00f3n, es un transporte no legal y no permitido\u201d.<\/p>\n<p>El diputado Miguel \u00c1ngel Moreno Zamora (Morena) cuestion\u00f3 qu\u00e9 proyectos reales est\u00e1n programados para corregir la falta de frecuencia, el mejoramiento de los tiempos de traslado y garantizar que el Tuzob\u00fas y sus alimentadoras funcionen como un sistema digno para la ciudadan\u00eda, por lo que la titular acept\u00f3 la falta de frecuencia, \u201cque se debe al deterioro de las unidades, las cuales ya cuentan con los 10 a\u00f1os correspondientes desde el inicio de operaci\u00f3n del sistema, pero no se encuentran en abandono porque de manera constante damos mantenimiento preventivo y correctivo\u201d.<\/p>\n<p>El legislador tambi\u00e9n pregunt\u00f3 sobre los beneficios del Programa Carro Compartido, por lo que la secretaria record\u00f3 que no es una acci\u00f3n o una pol\u00edtica p\u00fablica obligatoria, \u201csino voluntaria, la estamos implementando con la finalidad de que cada vez m\u00e1s dependencias se vayan sumando\u201d.<\/p>\n<p>La diputada Paloma Barrag\u00e1n Santos (Morena) solicit\u00f3 informaci\u00f3n sobre las acciones para regular, vigilar y sancionar el transporte que pone en riesgo a la ciudadan\u00eda, por lo que la funcionaria detall\u00f3 que tres elementos en la Huasteca hidalguense platican con las y los delegados para hacer conciencia entre la poblaci\u00f3n del riesgo de viajar en unidades en malas condiciones.<\/p>\n<p>La legisladora M\u00f3nica Leanett Reyes Mart\u00ednez (Nueva Alianza) pregunt\u00f3 cu\u00e1ntos siniestros de tr\u00e1nsito que involucran a unidades de transporte p\u00fablico se han registrado, por lo que la secretaria destac\u00f3 la coordinaci\u00f3n con los municipios de Pachuca y Mineral de la Reforma para implementar el operativo Transporte Seguro con el fin de prevenir estos casos.<\/p>\n<p>Asimismo, la diputada cuestion\u00f3 qu\u00e9 acciones realiza la secretar\u00eda para garantizar una movilidad segura, tanto para peatones como para mejorar la de los automovilistas de manera espec\u00edfica en la glorieta 24 Horas, de Pachuca, por lo que la titular indic\u00f3 que se vigila la aplicaci\u00f3n de las normas en materia de movilidad para que el proyecto privilegie a las personas peatonas.<\/p>\n<p>La legisladora Lizbeth Ira\u00eds Ordaz Islas (Morena) cuestion\u00f3 cu\u00e1les son los criterios t\u00e9cnicos y de control para garantizar que el otorgamiento, la regulaci\u00f3n y la supervisi\u00f3n de las concesiones de transporte se realicen con plena certeza discrecionalidad y bajo los est\u00e1ndares modernos de eficacia, por lo que la funcionaria asegur\u00f3: \u201choy las personas concesionarias y conductoras, saben que ya no se trabaja como antes, saben que todo se realiza con base en la aplicaci\u00f3n de la norma. Les explicamos, damos fundamentos legales y ayudamos para que cumplan con los requisitos y puedan sacar adelante sus tr\u00e1mites\u201d.<\/p>\n<p>La diputada tambi\u00e9n pregunt\u00f3 la postura de la secretaria sobre la llegada de aplicaciones de transporte digitales, por lo que la secretaria insisti\u00f3 en que \u201cel tema de que se presente alguna plataforma a brindar el servicio sin una regulaci\u00f3n, en autom\u00e1tico ya la convierte en una prestaci\u00f3n irregular que no se encuentra apegada a la normativa\u201d.<\/p>\n<p>La legisladora Claudia Lilia Luna Islas (PAN) cuestion\u00f3 cu\u00e1les son las recomendaciones o las acciones a ejercer para que Pachuca reduzca su problema de movilidad, por lo que la titular explic\u00f3 que la secretar\u00eda \u201csienta bases, pol\u00edticas, lineamientos y compartimos informaci\u00f3n con los municipios para implementar acciones que mejoren la movilidad. Tambi\u00e9n realizamos algunas recomendaciones y compartimos los lineamientos necesarios\u201d.<\/p>\n<p>Asimismo, la diputada pregunt\u00f3 cu\u00e1ntos millones sigue erogando el gobierno estatal para mantener vigente el servicio del Tuzob\u00fas, por lo que la funcionaria asegur\u00f3: \u201cno le solicitamos recurso p\u00fablico a gobierno para la operaci\u00f3n, el recurso proviene de la misma tarifa\u201d.<\/p>\n<p>El legislador Francisco Javier T\u00e9llez S\u00e1nchez (PT) cuestion\u00f3 cu\u00e1l es el papel de la dependencia en la planeaci\u00f3n de las obras para no afectar a la poblaci\u00f3n, por lo que la titular inform\u00f3: \u201cno tenemos incidencia en la planeaci\u00f3n, pero s\u00ed debemos ejercer acciones transversales m\u00e1s contundentes en la planeaci\u00f3n, para que haya una buena movilidad se requiere una excelente conectividad\u201d.<\/p>\n<p>El diputado tambi\u00e9n solicit\u00f3 informaci\u00f3n sobre la regulaci\u00f3n en el uso de motocicletas y el incremento en la tarifa de taxis en la regi\u00f3n Huasteca, por lo que la secretaria especific\u00f3 que la propuesta es que las motos, desde que son adquiridas, \u201cya vengan con un emplacamiento para que est\u00e9n registradas desde el origen\u201d. En el tema de los taxis, refiri\u00f3: \u201cseguramente se trata de un transporte irregular que realiza viajes intermunicipales o a trav\u00e9s de una zona federal. Nosotros no permitimos que tengan este tipo de tarifas\u201d.<\/p>\n<p>La legisladora Tania Er\u00e9ndira Meza Escorza (Morena) pregunt\u00f3 qu\u00e9 acciones se planean para saldar la deuda hist\u00f3rica con las personas con discapacidad, por lo que la funcionaria destac\u00f3 la implementaci\u00f3n de las Rutas de Movilidad Incluyente. \u201cLas unidades que se adquirieron cuentan con la especificaci\u00f3n t\u00e9cnica que brinde a las personas con discapacidad un servicio especializado\u201d.<\/p>\n<p>La diputada tambi\u00e9n cuestion\u00f3 las acciones implementadas que impidan que vuelvan a ocurrir actos de discriminaci\u00f3n contra la diversidad sexual en el transporte masivo, tras el caso de una denuncia en redes sociales, por lo que la titular consider\u00f3 importante la capacitaci\u00f3n sobre derechos humanos, espec\u00edficamente en g\u00e9nero, \u201cpara ir inhibiendo todos estos actos que han sido reprochables, que no vamos a permitir y hemos sancionado\u201d.<\/p>\n<p>La legisladora Mar\u00eda del Rosario Guerrero Mart\u00ednez (Morena) pregunt\u00f3 qu\u00e9 hace la secretar\u00eda para llevar justicia de movilidad a la Sierra Gorda, por lo que la funcionaria especific\u00f3: \u201ces evidente que hay muchas comunidades que no tienen transporte p\u00fablico. En su momento, si es que as\u00ed nos lo autorizan, si se tiene que otorgar concesionamiento, se realizar\u00e1 con responsabilidad\u201d.<\/p>\n<p>La diputada tambi\u00e9n cuestion\u00f3 si existe un diagn\u00f3stico municipal de movilidad, por lo que la secretaria record\u00f3 que el Sistema de Transporte Convencional tiene presencia en los 84 municipios en las \u00e1reas de movilidad e ingenier\u00eda, vigilancia y supervisi\u00f3n.<\/p>\n<p>La legisladora Rosalba Mart\u00ednez Olivares (PVEM) solicit\u00f3 informaci\u00f3n detallada sobre el otorgamiento de concesiones, por lo que la titular estableci\u00f3 que, en cuanto a las concesiones de transporte p\u00fablico, \u201cen modalidad individual tenemos un registro oficial de 9 mil 922 y en modalidad de colectivo 8 mil 538 concesiones\u201d.<\/p>\n<p>La diputada tambi\u00e9n pregunt\u00f3 cu\u00e1ndo se designar\u00e1 el secretario t\u00e9cnico del Consejo de Movilidad y Transporte, por lo que la secretaria inform\u00f3: \u201cpr\u00f3ximamente estaremos haciendo los trabajos necesarios para la armonizaci\u00f3n legislativa, por lo que no estoy en posibilidad de dar una fecha exacta para una mesa o una representaci\u00f3n en un consejo t\u00e9cnico\u201d.<\/p>\n<p>La legisladora Hilda Miranda Miranda (Morena) cuestion\u00f3 c\u00f3mo se coordina la dependencia con los municipios que asentar\u00e1n los polos de desarrollo, por lo que la funcionaria indic\u00f3 que, con una inversi\u00f3n de aproximadamente 25 millones de pesos, \u201cvamos ahora por la planeaci\u00f3n de la movilidad que estar\u00eda beneficiando, adem\u00e1s de Tizayuca, a otros municipios\u201d.<\/p>\n<p>Para finalizar, la diputada Cynthia Citlali Delgado Mendoza (Morena) pregunt\u00f3, en cuanto a las rutas de su modalidad ind\u00edgena, cu\u00e1ntas operan en la entidad, por lo que la titular precis\u00f3: \u201cla necesidad de dotar a los pueblos originarios de justicia social en el tema de movilidad, es un reto. El censo nos va a ayudar, nos permitir\u00e1 conocer, en cada zona de nuestra entidad, qui\u00e9nes y c\u00f3mo est\u00e1n trabajando, qui\u00e9nes abandonaron el servicio y qui\u00e9n es lo modificaron de manera arbitraria\u201d.<\/p>\n","protected":false},"excerpt":{"rendered":"<p>Redacci\u00f3n En sesi\u00f3n ordinaria, la secretaria de Movilidad y Transporte, Lyzbeth Robles Guti\u00e9rrez compareci\u00f3 ante el Congreso del Estado Libre y Soberano de Hidalgo, como parte del procedimiento relativo al tercer informe del estado que guardan los diversos ramos de la administraci\u00f3n p\u00fablica encabezada por el gobernador Julio Menchaca Salazar. En su mensaje, el presidente<\/p>\n","protected":false},"author":2,"featured_media":5339,"comment_status":"open","ping_status":"open","sticky":false,"template":"","format":"standard","meta":{"footnotes":""},"categories":[36,44,39],"tags":[],"class_list":{"0":"post-5338","1":"post","2":"type-post","3":"status-publish","4":"format-standard","5":"has-post-thumbnail","7":"category-historias","8":"category-minuto-a-minuto","9":"category-politica"},"yoast_head":"<!-- This site is optimized with the Yoast SEO plugin v26.1.1 - https:\/\/yoast.com\/wordpress\/plugins\/seo\/ -->\n<title>Lyzbeth Robles Guti\u00e9rrez, secretaria de Movilidad, comparece ante el Congreso y destaca las rutas incluyentes - El Cardinal<\/title>\n<meta name=\"robots\" content=\"index, follow, max-snippet:-1, max-image-preview:large, max-video-preview:-1\" \/>\n<link rel=\"canonical\" href=\"https:\/\/elcardinal.com\/?p=5338\" \/>\n<meta property=\"og:locale\" content=\"es_MX\" \/>\n<meta property=\"og:type\" content=\"article\" \/>\n<meta property=\"og:title\" content=\"Lyzbeth Robles Guti\u00e9rrez, secretaria de Movilidad, comparece ante el Congreso y destaca las rutas incluyentes - El Cardinal\" \/>\n<meta property=\"og:description\" content=\"Redacci\u00f3n En sesi\u00f3n ordinaria, la secretaria de Movilidad y Transporte, Lyzbeth Robles Guti\u00e9rrez compareci\u00f3 ante el Congreso del Estado Libre y Soberano de Hidalgo, como parte del procedimiento relativo al tercer informe del estado que guardan los diversos ramos de la administraci\u00f3n p\u00fablica encabezada por el gobernador Julio Menchaca Salazar. En su mensaje, el presidente\" \/>\n<meta property=\"og:url\" content=\"https:\/\/elcardinal.com\/?p=5338\" \/>\n<meta property=\"og:site_name\" content=\"El Cardinal\" \/>\n<meta property=\"article:publisher\" content=\"https:\/\/www.facebook.com\/profile.php?id=100063093107011\" \/>\n<meta property=\"article:published_time\" content=\"2025-11-28T01:00:14+00:00\" \/>\n<meta property=\"og:image\" content=\"https:\/\/elcardinal.com\/wp-content\/uploads\/2025\/11\/Comparecencia-27.11.2025-SEMOT-5.jpg\" \/>\n\t<meta property=\"og:image:width\" content=\"1417\" \/>\n\t<meta property=\"og:image:height\" content=\"1040\" \/>\n\t<meta property=\"og:image:type\" content=\"image\/jpeg\" \/>\n<meta name=\"author\" content=\"Antonio Alcaraz\" \/>\n<meta name=\"twitter:card\" content=\"summary_large_image\" \/>\n<meta name=\"twitter:creator\" content=\"@ElCardinal_Mx\" \/>\n<meta name=\"twitter:site\" content=\"@ElCardinal_Mx\" \/>\n<meta name=\"twitter:label1\" content=\"Escrito por\" \/>\n\t<meta name=\"twitter:data1\" content=\"Antonio Alcaraz\" \/>\n\t<meta name=\"twitter:label2\" content=\"Tiempo de lectura\" \/>\n\t<meta name=\"twitter:data2\" content=\"8 minutos\" \/>\n<script type=\"application\/ld+json\" class=\"yoast-schema-graph\">{\"@context\":\"https:\/\/schema.org\",\"@graph\":[{\"@type\":\"Article\",\"@id\":\"https:\/\/elcardinal.com\/?p=5338#article\",\"isPartOf\":{\"@id\":\"https:\/\/elcardinal.com\/?p=5338\"},\"author\":{\"name\":\"Antonio Alcaraz\",\"@id\":\"https:\/\/elcardinal.com\/#\/schema\/person\/3c352ec0a33987fe275c0e8a2ea69f8b\"},\"headline\":\"Lyzbeth Robles Guti\u00e9rrez, secretaria de Movilidad, comparece ante el Congreso y destaca las rutas incluyentes\",\"datePublished\":\"2025-11-28T01:00:14+00:00\",\"mainEntityOfPage\":{\"@id\":\"https:\/\/elcardinal.com\/?p=5338\"},\"wordCount\":1842,\"commentCount\":0,\"publisher\":{\"@id\":\"https:\/\/elcardinal.com\/#organization\"},\"image\":{\"@id\":\"https:\/\/elcardinal.com\/?p=5338#primaryimage\"},\"thumbnailUrl\":\"https:\/\/elcardinal.com\/wp-content\/uploads\/2025\/11\/Comparecencia-27.11.2025-SEMOT-5.jpg\",\"articleSection\":[\"Historias\",\"Minuto a Minuto\",\"Pol\u00edtica\"],\"inLanguage\":\"es\",\"potentialAction\":[{\"@type\":\"CommentAction\",\"name\":\"Comment\",\"target\":[\"https:\/\/elcardinal.com\/?p=5338#respond\"]}]},{\"@type\":\"WebPage\",\"@id\":\"https:\/\/elcardinal.com\/?p=5338\",\"url\":\"https:\/\/elcardinal.com\/?p=5338\",\"name\":\"Lyzbeth Robles Guti\u00e9rrez, secretaria de Movilidad, comparece ante el Congreso y destaca las rutas incluyentes - El Cardinal\",\"isPartOf\":{\"@id\":\"https:\/\/elcardinal.com\/#website\"},\"primaryImageOfPage\":{\"@id\":\"https:\/\/elcardinal.com\/?p=5338#primaryimage\"},\"image\":{\"@id\":\"https:\/\/elcardinal.com\/?p=5338#primaryimage\"},\"thumbnailUrl\":\"https:\/\/elcardinal.com\/wp-content\/uploads\/2025\/11\/Comparecencia-27.11.2025-SEMOT-5.jpg\",\"datePublished\":\"2025-11-28T01:00:14+00:00\",\"breadcrumb\":{\"@id\":\"https:\/\/elcardinal.com\/?p=5338#breadcrumb\"},\"inLanguage\":\"es\",\"potentialAction\":[{\"@type\":\"ReadAction\",\"target\":[\"https:\/\/elcardinal.com\/?p=5338\"]}]},{\"@type\":\"ImageObject\",\"inLanguage\":\"es\",\"@id\":\"https:\/\/elcardinal.com\/?p=5338#primaryimage\",\"url\":\"https:\/\/elcardinal.com\/wp-content\/uploads\/2025\/11\/Comparecencia-27.11.2025-SEMOT-5.jpg\",\"contentUrl\":\"https:\/\/elcardinal.com\/wp-content\/uploads\/2025\/11\/Comparecencia-27.11.2025-SEMOT-5.jpg\",\"width\":1417,\"height\":1040},{\"@type\":\"BreadcrumbList\",\"@id\":\"https:\/\/elcardinal.com\/?p=5338#breadcrumb\",\"itemListElement\":[{\"@type\":\"ListItem\",\"position\":1,\"name\":\"Inicio\",\"item\":\"https:\/\/elcardinal.com\/\"},{\"@type\":\"ListItem\",\"position\":2,\"name\":\"Lyzbeth Robles Guti\u00e9rrez, secretaria de Movilidad, comparece ante el Congreso y destaca las rutas incluyentes\"}]},{\"@type\":\"WebSite\",\"@id\":\"https:\/\/elcardinal.com\/#website\",\"url\":\"https:\/\/elcardinal.com\/\",\"name\":\"El Cardinal\",\"description\":\"Periodismo honesto, con valor, sentido humano, a veces sarc\u00e1stico y divertido.\",\"publisher\":{\"@id\":\"https:\/\/elcardinal.com\/#organization\"},\"alternateName\":\"El Cardinal Noticias\",\"potentialAction\":[{\"@type\":\"SearchAction\",\"target\":{\"@type\":\"EntryPoint\",\"urlTemplate\":\"https:\/\/elcardinal.com\/?s={search_term_string}\"},\"query-input\":{\"@type\":\"PropertyValueSpecification\",\"valueRequired\":true,\"valueName\":\"search_term_string\"}}],\"inLanguage\":\"es\"},{\"@type\":\"Organization\",\"@id\":\"https:\/\/elcardinal.com\/#organization\",\"name\":\"El Cardinal\",\"url\":\"https:\/\/elcardinal.com\/\",\"logo\":{\"@type\":\"ImageObject\",\"inLanguage\":\"es\",\"@id\":\"https:\/\/elcardinal.com\/#\/schema\/logo\/image\/\",\"url\":\"https:\/\/elcardinal.com\/wp-content\/uploads\/2025\/04\/LOGO-EL-CARDINAL-Periodismo-con-valor.png\",\"contentUrl\":\"https:\/\/elcardinal.com\/wp-content\/uploads\/2025\/04\/LOGO-EL-CARDINAL-Periodismo-con-valor.png\",\"width\":755,\"height\":636,\"caption\":\"El Cardinal\"},\"image\":{\"@id\":\"https:\/\/elcardinal.com\/#\/schema\/logo\/image\/\"},\"sameAs\":[\"https:\/\/www.facebook.com\/profile.php?id=100063093107011\",\"https:\/\/x.com\/ElCardinal_Mx\"]},{\"@type\":\"Person\",\"@id\":\"https:\/\/elcardinal.com\/#\/schema\/person\/3c352ec0a33987fe275c0e8a2ea69f8b\",\"name\":\"Antonio Alcaraz\",\"image\":{\"@type\":\"ImageObject\",\"inLanguage\":\"es\",\"@id\":\"https:\/\/elcardinal.com\/#\/schema\/person\/image\/\",\"url\":\"https:\/\/elcardinal.com\/wp-content\/uploads\/2025\/05\/cropped-TONO-96x96.jpg\",\"contentUrl\":\"https:\/\/elcardinal.com\/wp-content\/uploads\/2025\/05\/cropped-TONO-96x96.jpg\",\"caption\":\"Antonio Alcaraz\"},\"url\":\"https:\/\/elcardinal.com\/?author=2\"}]}<\/script>\n<!-- \/ Yoast SEO plugin. -->","yoast_head_json":{"title":"Lyzbeth Robles Guti\u00e9rrez, secretaria de Movilidad, comparece ante el Congreso y destaca las rutas incluyentes - El Cardinal","robots":{"index":"index","follow":"follow","max-snippet":"max-snippet:-1","max-image-preview":"max-image-preview:large","max-video-preview":"max-video-preview:-1"},"canonical":"https:\/\/elcardinal.com\/?p=5338","og_locale":"es_MX","og_type":"article","og_title":"Lyzbeth Robles Guti\u00e9rrez, secretaria de Movilidad, comparece ante el Congreso y destaca las rutas incluyentes - El Cardinal","og_description":"Redacci\u00f3n En sesi\u00f3n ordinaria, la secretaria de Movilidad y Transporte, Lyzbeth Robles Guti\u00e9rrez compareci\u00f3 ante el Congreso del Estado Libre y Soberano de Hidalgo, como parte del procedimiento relativo al tercer informe del estado que guardan los diversos ramos de la administraci\u00f3n p\u00fablica encabezada por el gobernador Julio Menchaca Salazar. En su mensaje, el presidente","og_url":"https:\/\/elcardinal.com\/?p=5338","og_site_name":"El Cardinal","article_publisher":"https:\/\/www.facebook.com\/profile.php?id=100063093107011","article_published_time":"2025-11-28T01:00:14+00:00","og_image":[{"width":1417,"height":1040,"url":"https:\/\/elcardinal.com\/wp-content\/uploads\/2025\/11\/Comparecencia-27.11.2025-SEMOT-5.jpg","type":"image\/jpeg"}],"author":"Antonio Alcaraz","twitter_card":"summary_large_image","twitter_creator":"@ElCardinal_Mx","twitter_site":"@ElCardinal_Mx","twitter_misc":{"Escrito por":"Antonio Alcaraz","Tiempo de lectura":"8 minutos"},"schema":{"@context":"https:\/\/schema.org","@graph":[{"@type":"Article","@id":"https:\/\/elcardinal.com\/?p=5338#article","isPartOf":{"@id":"https:\/\/elcardinal.com\/?p=5338"},"author":{"name":"Antonio Alcaraz","@id":"https:\/\/elcardinal.com\/#\/schema\/person\/3c352ec0a33987fe275c0e8a2ea69f8b"},"headline":"Lyzbeth Robles Guti\u00e9rrez, secretaria de Movilidad, comparece ante el Congreso y destaca las rutas incluyentes","datePublished":"2025-11-28T01:00:14+00:00","mainEntityOfPage":{"@id":"https:\/\/elcardinal.com\/?p=5338"},"wordCount":1842,"commentCount":0,"publisher":{"@id":"https:\/\/elcardinal.com\/#organization"},"image":{"@id":"https:\/\/elcardinal.com\/?p=5338#primaryimage"},"thumbnailUrl":"https:\/\/elcardinal.com\/wp-content\/uploads\/2025\/11\/Comparecencia-27.11.2025-SEMOT-5.jpg","articleSection":["Historias","Minuto a Minuto","Pol\u00edtica"],"inLanguage":"es","potentialAction":[{"@type":"CommentAction","name":"Comment","target":["https:\/\/elcardinal.com\/?p=5338#respond"]}]},{"@type":"WebPage","@id":"https:\/\/elcardinal.com\/?p=5338","url":"https:\/\/elcardinal.com\/?p=5338","name":"Lyzbeth Robles Guti\u00e9rrez, secretaria de Movilidad, comparece ante el Congreso y destaca las rutas incluyentes - El Cardinal","isPartOf":{"@id":"https:\/\/elcardinal.com\/#website"},"primaryImageOfPage":{"@id":"https:\/\/elcardinal.com\/?p=5338#primaryimage"},"image":{"@id":"https:\/\/elcardinal.com\/?p=5338#primaryimage"},"thumbnailUrl":"https:\/\/elcardinal.com\/wp-content\/uploads\/2025\/11\/Comparecencia-27.11.2025-SEMOT-5.jpg","datePublished":"2025-11-28T01:00:14+00:00","breadcrumb":{"@id":"https:\/\/elcardinal.com\/?p=5338#breadcrumb"},"inLanguage":"es","potentialAction":[{"@type":"ReadAction","target":["https:\/\/elcardinal.com\/?p=5338"]}]},{"@type":"ImageObject","inLanguage":"es","@id":"https:\/\/elcardinal.com\/?p=5338#primaryimage","url":"https:\/\/elcardinal.com\/wp-content\/uploads\/2025\/11\/Comparecencia-27.11.2025-SEMOT-5.jpg","contentUrl":"https:\/\/elcardinal.com\/wp-content\/uploads\/2025\/11\/Comparecencia-27.11.2025-SEMOT-5.jpg","width":1417,"height":1040},{"@type":"BreadcrumbList","@id":"https:\/\/elcardinal.com\/?p=5338#breadcrumb","itemListElement":[{"@type":"ListItem","position":1,"name":"Inicio","item":"https:\/\/elcardinal.com\/"},{"@type":"ListItem","position":2,"name":"Lyzbeth Robles Guti\u00e9rrez, secretaria de Movilidad, comparece ante el Congreso y destaca las rutas incluyentes"}]},{"@type":"WebSite","@id":"https:\/\/elcardinal.com\/#website","url":"https:\/\/elcardinal.com\/","name":"El Cardinal","description":"Periodismo honesto, con valor, sentido humano, a veces sarc\u00e1stico y divertido.","publisher":{"@id":"https:\/\/elcardinal.com\/#organization"},"alternateName":"El Cardinal Noticias","potentialAction":[{"@type":"SearchAction","target":{"@type":"EntryPoint","urlTemplate":"https:\/\/elcardinal.com\/?s={search_term_string}"},"query-input":{"@type":"PropertyValueSpecification","valueRequired":true,"valueName":"search_term_string"}}],"inLanguage":"es"},{"@type":"Organization","@id":"https:\/\/elcardinal.com\/#organization","name":"El Cardinal","url":"https:\/\/elcardinal.com\/","logo":{"@type":"ImageObject","inLanguage":"es","@id":"https:\/\/elcardinal.com\/#\/schema\/logo\/image\/","url":"https:\/\/elcardinal.com\/wp-content\/uploads\/2025\/04\/LOGO-EL-CARDINAL-Periodismo-con-valor.png","contentUrl":"https:\/\/elcardinal.com\/wp-content\/uploads\/2025\/04\/LOGO-EL-CARDINAL-Periodismo-con-valor.png","width":755,"height":636,"caption":"El Cardinal"},"image":{"@id":"https:\/\/elcardinal.com\/#\/schema\/logo\/image\/"},"sameAs":["https:\/\/www.facebook.com\/profile.php?id=100063093107011","https:\/\/x.com\/ElCardinal_Mx"]},{"@type":"Person","@id":"https:\/\/elcardinal.com\/#\/schema\/person\/3c352ec0a33987fe275c0e8a2ea69f8b","name":"Antonio Alcaraz","image":{"@type":"ImageObject","inLanguage":"es","@id":"https:\/\/elcardinal.com\/#\/schema\/person\/image\/","url":"https:\/\/elcardinal.com\/wp-content\/uploads\/2025\/05\/cropped-TONO-96x96.jpg","contentUrl":"https:\/\/elcardinal.com\/wp-content\/uploads\/2025\/05\/cropped-TONO-96x96.jpg","caption":"Antonio Alcaraz"},"url":"https:\/\/elcardinal.com\/?author=2"}]}},"_links":{"self":[{"href":"https:\/\/elcardinal.com\/index.php?rest_route=\/wp\/v2\/posts\/5338","targetHints":{"allow":["GET"]}}],"collection":[{"href":"https:\/\/elcardinal.com\/index.php?rest_route=\/wp\/v2\/posts"}],"about":[{"href":"https:\/\/elcardinal.com\/index.php?rest_route=\/wp\/v2\/types\/post"}],"author":[{"embeddable":true,"href":"https:\/\/elcardinal.com\/index.php?rest_route=\/wp\/v2\/users\/2"}],"replies":[{"embeddable":true,"href":"https:\/\/elcardinal.com\/index.php?rest_route=%2Fwp%2Fv2%2Fcomments&post=5338"}],"version-history":[{"count":1,"href":"https:\/\/elcardinal.com\/index.php?rest_route=\/wp\/v2\/posts\/5338\/revisions"}],"predecessor-version":[{"id":5340,"href":"https:\/\/elcardinal.com\/index.php?rest_route=\/wp\/v2\/posts\/5338\/revisions\/5340"}],"wp:featuredmedia":[{"embeddable":true,"href":"https:\/\/elcardinal.com\/index.php?rest_route=\/wp\/v2\/media\/5339"}],"wp:attachment":[{"href":"https:\/\/elcardinal.com\/index.php?rest_route=%2Fwp%2Fv2%2Fmedia&parent=5338"}],"wp:term":[{"taxonomy":"category","embeddable":true,"href":"https:\/\/elcardinal.com\/index.php?rest_route=%2Fwp%2Fv2%2Fcategories&post=5338"},{"taxonomy":"post_tag","embeddable":true,"href":"https:\/\/elcardinal.com\/index.php?rest_route=%2Fwp%2Fv2%2Ftags&post=5338"}],"curies":[{"name":"wp","href":"https:\/\/api.w.org\/{rel}","templated":true}]}}