{"id":5341,"date":"2025-11-27T23:12:07","date_gmt":"2025-11-28T05:12:07","guid":{"rendered":"https:\/\/elcardinal.com\/?p=5341"},"modified":"2025-11-27T23:12:07","modified_gmt":"2025-11-28T05:12:07","slug":"ricardo-gomez-moreno-secretario-de-bienestar-comparece-ante-el-congreso-y-resalta-la-reduccion-en-indices-de-pobreza","status":"publish","type":"post","link":"https:\/\/elcardinal.com\/?p=5341","title":{"rendered":"Ricardo G\u00f3mez Moreno, secretario de Bienestar, comparece ante el Congreso y resalta la reducci\u00f3n en \u00edndices de pobreza"},"content":{"rendered":"<p>Redacci\u00f3n<\/p>\n<p><span style=\"font-weight: 400;\">En sesi\u00f3n ordinaria, el secretario de Bienestar e Inclusi\u00f3n Social, <\/span><b>Ricardo G\u00f3mez Moreno<\/b><span style=\"font-weight: 400;\"> compareci\u00f3 ante el <\/span><b>Congreso del Estado Libre y Soberano de<\/b> <b>Hidalgo<\/b><span style=\"font-weight: 400;\">, como parte del procedimiento relativo al tercer informe del estado que guardan los diversos ramos de la administraci\u00f3n p\u00fablica encabezada por el gobernador <\/span><b>Julio Menchaca Salazar<\/b><span style=\"font-weight: 400;\">.<\/span><\/p>\n<p><span style=\"font-weight: 400;\">En su mensaje, el presidente de la Junta de Gobierno, diputado <\/span><b>Andr\u00e9s Vel\u00e1zquez V\u00e1zquez <\/b><span style=\"font-weight: 400;\">reconoci\u00f3 la labor que el titular encabeza al frente de la dependencia, \u201cimpulsando programas y acciones que buscan reducir las brechas de desigualdad, acompa\u00f1ar a las familias en situaci\u00f3n de pobreza, fortalecer el tejido comunitario y abrir puertas a quienes hist\u00f3ricamente han sido ignorados\u201d.<\/span><\/p>\n<p><span style=\"font-weight: 400;\">En su intervenci\u00f3n y tras los da\u00f1os que dej\u00f3 la vaguada monz\u00f3nica, el secretario asegur\u00f3: \u201cseguimos recorriendo comunidades, entregando apoyos, escuchando a la gente y cumpliendo con nuestro compromiso de estar cerca de quienes m\u00e1s lo necesitan\u201d.<\/span><\/p>\n<p><span style=\"font-weight: 400;\">Dentro de los logros m\u00e1s destacados, el funcionario inform\u00f3 los siguientes:<\/span><\/p>\n<ul>\n<li style=\"font-weight: 400;\" aria-level=\"1\"><span style=\"font-weight: 400;\">La salida de la pobreza de 154 mil hidalguenses.<\/span><\/li>\n<li style=\"font-weight: 400;\" aria-level=\"1\"><span style=\"font-weight: 400;\">M\u00e1s del 50 por ciento de los apoyos otorgados a los 21 municipios con m\u00e1s necesidades y un 75 por ciento a mujeres.<\/span><\/li>\n<li style=\"font-weight: 400;\" aria-level=\"1\"><span style=\"font-weight: 400;\">Con el programa Madres Trabajadoras, el fortalecimiento del ingreso familiar de 34 mil mujeres y sus hijos.<\/span><\/li>\n<li style=\"font-weight: 400;\" aria-level=\"1\"><span style=\"font-weight: 400;\">La entrega de apoyos econ\u00f3micos a m\u00e1s de 540 personas cuidadoras de personas con discapacidad.<\/span><\/li>\n<li style=\"font-weight: 400;\" aria-level=\"1\"><span style=\"font-weight: 400;\">La atenci\u00f3n a 250 personas emprendedoras pertenecientes a la comunidad LGBTTIQ+.<\/span><\/li>\n<li style=\"font-weight: 400;\" aria-level=\"1\"><span style=\"font-weight: 400;\">La inversi\u00f3n de 6 millones 980 mil pesos en estrategias para migrantes.<\/span><\/li>\n<li style=\"font-weight: 400;\" aria-level=\"1\"><span style=\"font-weight: 400;\">El apoyo a 950 personas de colectivos artesanales de diferentes regiones.<\/span><\/li>\n<li style=\"font-weight: 400;\" aria-level=\"1\"><span style=\"font-weight: 400;\">La inversi\u00f3n de m\u00e1s de 69 millones de pesos, impactando positivamente a m\u00e1s de 76 mil personas adultas.<\/span><\/li>\n<li style=\"font-weight: 400;\" aria-level=\"1\"><span style=\"font-weight: 400;\">La labor de m\u00e1s de 300 servidores del pueblo, quienes tuvieron una importante participaci\u00f3n en la atenci\u00f3n de las personas damnificadas por las lluvias.<\/span><\/li>\n<\/ul>\n<p><span style=\"font-weight: 400;\">En sesi\u00f3n de preguntas y respuestas, la diputada <\/span><b>Karla Perales Arrieta <\/b><span style=\"font-weight: 400;\">(MC) cuestion\u00f3 si se tiene contemplado levantar un segundo censo para personas afectadas por la vaguada monz\u00f3nica, por lo que el titular inform\u00f3: \u201cestamos esperando que la secretar\u00eda federal gire las instrucciones para que m\u00e1s adelante se pueda levantar este censo\u201d.<\/span><\/p>\n<p><span style=\"font-weight: 400;\">La legisladora tambi\u00e9n solicit\u00f3 informaci\u00f3n sobre los 668 j\u00f3venes beneficiados que lograron incorporarse a un empleo formal despu\u00e9s del programa, por lo que el funcionario detall\u00f3: \u201cestamos haciendo esa evaluaci\u00f3n y seguimiento para que veamos qu\u00e9 tanto hemos mejorado su situaci\u00f3n y qu\u00e9 tanto estamos aprovechando los recursos con ellos\u201d.<\/span><\/p>\n<p><span style=\"font-weight: 400;\">La diputada <\/span><b>Hilda Miranda Miranda<\/b><span style=\"font-weight: 400;\"> (Morena) pregunt\u00f3 c\u00f3mo se garantiza que los apoyos, servicios, programas e informaci\u00f3n lleguen a quienes m\u00e1s lo necesitan, por lo que el secretario precis\u00f3 que, en las diferentes regiones, a trav\u00e9s de los 27 pol\u00edgonos en 27 sedes, \u201cabrimos las ventanillas correspondientes para orientar m\u00e1s a la ciudadan\u00eda, adem\u00e1s de las digitales\u201d.<\/span><\/p>\n<p><span style=\"font-weight: 400;\">La legisladora <\/span><b>Diana Rangel Z\u00fa\u00f1iga<\/b><span style=\"font-weight: 400;\"> (Morena) cuestion\u00f3 c\u00f3mo se puede garantizar que esta estructura no sea utilizada para fines clientelistas y pueda llegar de manera justa y equitativa a cada uno de los rincones del estado sin beneficiar a algunos actores, por lo que el titular detall\u00f3: \u201cel compromiso es que realmente podamos llegar a todo el estado. Cuando tienes la confianza de la gente, no necesitas ocupar esa estructura para otros prop\u00f3sitos\u201d.<\/span><\/p>\n<p><span style=\"font-weight: 400;\">La diputada <\/span><b>Orqu\u00eddea Larragoiti Osorio<\/b><span style=\"font-weight: 400;\"> (PT) solicit\u00f3 informaci\u00f3n del Programa de Madres Trabajadoras y la tradicional repartici\u00f3n de cacao en la Sierra y Huasteca, por lo que el funcionario explic\u00f3 que se realiza el cruce de datos para tener los resultados de dicho programa. En cuanto a la entrega, recalc\u00f3 que \u201ctuvimos que garantizar la comprobaci\u00f3n para demostrar que no estamos haciendo mal uso de los recursos p\u00fablicos\u201d.<\/span><\/p>\n<p><span style=\"font-weight: 400;\">La legisladora tambi\u00e9n cuestion\u00f3 cu\u00e1l es el proceso de selecci\u00f3n de los servidores de la naci\u00f3n y si cualquier ciudadano puede aplicar para este trabajo, por lo que el secretario subray\u00f3 que \u201cel tipo de perfil que busc\u00e1bamos era de gente de las propias comunidades que conociera los municipios\u201d.<\/span><\/p>\n<p><span style=\"font-weight: 400;\">La diputada <\/span><b>Mar\u00eda del Rosario Guerrero Mart\u00ednez<\/b><span style=\"font-weight: 400;\"> (Morena) pregunt\u00f3 por qu\u00e9 siguen existiendo comunidades que registran familias en extrema pobreza, por lo que el titular declar\u00f3: \u201ctenemos que seguir trabajando para abatir la pobreza en m\u00e1s comunidades, porque nos falta much\u00edsimo. Hay que recordar que son pr\u00e1cticamente 5 mil comunidades en el estado y tenemos que trabajar de manera conjunta los tres \u00f3rdenes de gobierno\u201d.<\/span><\/p>\n<p><span style=\"font-weight: 400;\">El legislador <\/span><b>Leonel Perusqu\u00eda Muedano<\/b><span style=\"font-weight: 400;\"> (PRD) cuestion\u00f3 qu\u00e9 apoyos espec\u00edficos destinar\u00e1 la dependencia a las comunidades que siguen esperando ayuda para restablecer sus peque\u00f1os negocios, por lo que el secretario mencion\u00f3 que los recursos con el prop\u00f3sito de apoyo a peque\u00f1os y medianos negocios se fueron a la Secretar\u00eda de Econom\u00eda, con la idea de no duplicar acciones.<\/span><\/p>\n<p><span style=\"font-weight: 400;\">El diputado tambi\u00e9n solicit\u00f3 que los programas sociales sean m\u00e1s difundidos en la entidad, por lo que el funcionario asever\u00f3 que \u201cel trabajo en territorio se est\u00e1 anotando y hemos tenido operativos directamente en Tlahuiltepa, Ju\u00e1rez y otros municipios\u201d.<\/span><\/p>\n<p><span style=\"font-weight: 400;\">El legislador <\/span><b>Juli\u00e1n Nochebuena Hern\u00e1ndez<\/b><span style=\"font-weight: 400;\"> (Morena) pregunt\u00f3 si, derivado de los efectos que ocasionaron las lluvias de este a\u00f1o, se han afectado los indicadores de bienestar logrados a la fecha, por lo que el secretario asever\u00f3 que, a pesar de la vaguada, \u201clogramos aplicar nuestros programas. Para diciembre vamos a terminar de subir nuestros informes para hacer all\u00e1 nuestro ejercicio fiscal\u201d.<\/span><\/p>\n<p><span style=\"font-weight: 400;\">El diputado <\/span><b>Carlos Alejandro Alc\u00e1ntara Carbajal<\/b><span style=\"font-weight: 400;\"> (MC) cuestion\u00f3 cu\u00e1ntos beneficiarios pertenecen a las zonas rurales e ind\u00edgenas, por lo que el titular lament\u00f3 que \u201ctodav\u00eda falta lograr que se inscriban personas de todas las regiones, porque el a\u00f1o pasado, de la zona metropolitana entre Pachuca y Mineral hubo muchas inscripciones y el mayor n\u00famero de beneficiarios fueron de esta regi\u00f3n\u201d.<\/span><\/p>\n<p><span style=\"font-weight: 400;\">El legislador record\u00f3 que en la entrega de un programa hubo una agresi\u00f3n f\u00edsica a miembros de un colectivo y cuestion\u00f3 qu\u00e9 medidas de seguridad se toman para que esto no vuelva a ocurrir, por lo que el secretario indic\u00f3: \u201cconvocamos a un operativo abierto de entrega de recursos para que fuera transparente. Pero ya vamos a tomar decisiones distintas para el cuidado de la integridad. Estoy analizando que el siguiente a\u00f1o hagamos operativos muy reducidos\u201d.<\/span><\/p>\n<p><span style=\"font-weight: 400;\">La diputada <\/span><b>Tania Er\u00e9ndira Meza Escorza<\/b><span style=\"font-weight: 400;\"> (Morena) pregunt\u00f3 si la entrega de apoyos a damnificados tendr\u00e1 reglas de operaciones espec\u00edficas o vendr\u00e1 con las mismas reglas ya publicadas y con las que ha venido trabajando el Programa de Bienestar y Desarrollo, por lo que el funcionario indic\u00f3: \u201cnosotros lo que estamos trabajando, porque nos lo permite el Programa de Bienestar y Desarrollo, es un apoyo distinto a lo que est\u00e1 dando el gobierno federal. Pero debemos ubicar primero a los que en su momento no fueron censados\u201d.<\/span><\/p>\n<p><span style=\"font-weight: 400;\">El legislador <\/span><b>Francisco Javier T\u00e9llez S\u00e1nchez<\/b><span style=\"font-weight: 400;\"> (PT) cuestion\u00f3 c\u00f3mo se evalu\u00f3 el impacto real de las obras en la reducci\u00f3n de carencias sociales, por lo que el titular explic\u00f3: \u201cestos datos que logramos levantar antes de la vaguada, est\u00e1n totalmente contrarios a la realidad. Porque muchas obras que hab\u00edan mejorado la accesibilidad a las comunidades, a los municipios, ahora se ven interrumpidas\u201d.<\/span><\/p>\n<p><span style=\"font-weight: 400;\">La diputada <\/span><b>Claudia Lilia Luna Islas<\/b><span style=\"font-weight: 400;\"> (PAN) solicit\u00f3 informaci\u00f3n sobre el padr\u00f3n de la p\u00e1gina de beneficiarios 2025, por lo que el secretario inform\u00f3 que \u201clas dependencias podemos subir los datos de los programas hasta el mes de diciembre, dependiendo de cu\u00e1ndo cerremos el ejercicio fiscal\u201d.<\/span><\/p>\n<p><span style=\"font-weight: 400;\">La legisladora pregunt\u00f3 las acciones a favor de las personas con discapacidad, por lo que el funcionario mencion\u00f3: \u201ctenemos que ir incrementando el recurso para incorporar a m\u00e1s personas del sector al padr\u00f3n de Hidalgo\u201d.<\/span><\/p>\n<p><span style=\"font-weight: 400;\">Finalmente, la diputada <\/span><b>Alma Rosa El\u00edas Paso<\/b><span style=\"font-weight: 400;\"> (Morena) agradeci\u00f3 las acciones de la dependencia a favor de la poblaci\u00f3n, por lo que el secretario indic\u00f3 que \u201csolamente hacemos lo que nos corresponde con responsabilidad\u201d.<\/span><\/p>\n","protected":false},"excerpt":{"rendered":"<p>Redacci\u00f3n En sesi\u00f3n ordinaria, el secretario de Bienestar e Inclusi\u00f3n Social, Ricardo G\u00f3mez Moreno compareci\u00f3 ante el Congreso del Estado Libre y Soberano de Hidalgo, como parte del procedimiento relativo al tercer informe del estado que guardan los diversos ramos de la administraci\u00f3n p\u00fablica encabezada por el gobernador Julio Menchaca Salazar. En su mensaje, el<\/p>\n","protected":false},"author":2,"featured_media":5342,"comment_status":"open","ping_status":"open","sticky":false,"template":"","format":"standard","meta":{"footnotes":""},"categories":[31,44,39],"tags":[],"class_list":{"0":"post-5341","1":"post","2":"type-post","3":"status-publish","4":"format-standard","5":"has-post-thumbnail","7":"category-hidalgo","8":"category-minuto-a-minuto","9":"category-politica"},"yoast_head":"<!-- This site is optimized with the Yoast SEO plugin v26.1.1 - https:\/\/yoast.com\/wordpress\/plugins\/seo\/ -->\n<title>Ricardo G\u00f3mez Moreno, secretario de Bienestar, comparece ante el Congreso y resalta la reducci\u00f3n en \u00edndices de pobreza - El Cardinal<\/title>\n<meta name=\"robots\" content=\"index, follow, max-snippet:-1, max-image-preview:large, max-video-preview:-1\" \/>\n<link rel=\"canonical\" href=\"https:\/\/elcardinal.com\/?p=5341\" \/>\n<meta property=\"og:locale\" content=\"es_MX\" \/>\n<meta property=\"og:type\" content=\"article\" \/>\n<meta property=\"og:title\" content=\"Ricardo G\u00f3mez Moreno, secretario de Bienestar, comparece ante el Congreso y resalta la reducci\u00f3n en \u00edndices de pobreza - El Cardinal\" \/>\n<meta property=\"og:description\" content=\"Redacci\u00f3n En sesi\u00f3n ordinaria, el secretario de Bienestar e Inclusi\u00f3n Social, Ricardo G\u00f3mez Moreno compareci\u00f3 ante el Congreso del Estado Libre y Soberano de Hidalgo, como parte del procedimiento relativo al tercer informe del estado que guardan los diversos ramos de la administraci\u00f3n p\u00fablica encabezada por el gobernador Julio Menchaca Salazar. En su mensaje, el\" \/>\n<meta property=\"og:url\" content=\"https:\/\/elcardinal.com\/?p=5341\" \/>\n<meta property=\"og:site_name\" content=\"El Cardinal\" \/>\n<meta property=\"article:publisher\" content=\"https:\/\/www.facebook.com\/profile.php?id=100063093107011\" \/>\n<meta property=\"article:published_time\" content=\"2025-11-28T05:12:07+00:00\" \/>\n<meta property=\"og:image\" content=\"https:\/\/elcardinal.com\/wp-content\/uploads\/2025\/11\/Comparecencia-27.11.2025-Bienestar-4-scaled.jpg\" \/>\n\t<meta property=\"og:image:width\" content=\"2560\" \/>\n\t<meta property=\"og:image:height\" content=\"1776\" \/>\n\t<meta property=\"og:image:type\" content=\"image\/jpeg\" \/>\n<meta name=\"author\" content=\"Antonio Alcaraz\" \/>\n<meta name=\"twitter:card\" content=\"summary_large_image\" \/>\n<meta name=\"twitter:creator\" content=\"@ElCardinal_Mx\" \/>\n<meta name=\"twitter:site\" content=\"@ElCardinal_Mx\" \/>\n<meta name=\"twitter:label1\" content=\"Escrito por\" \/>\n\t<meta name=\"twitter:data1\" content=\"Antonio Alcaraz\" \/>\n\t<meta name=\"twitter:label2\" content=\"Tiempo de lectura\" \/>\n\t<meta name=\"twitter:data2\" content=\"7 minutos\" \/>\n<script type=\"application\/ld+json\" class=\"yoast-schema-graph\">{\"@context\":\"https:\/\/schema.org\",\"@graph\":[{\"@type\":\"Article\",\"@id\":\"https:\/\/elcardinal.com\/?p=5341#article\",\"isPartOf\":{\"@id\":\"https:\/\/elcardinal.com\/?p=5341\"},\"author\":{\"name\":\"Antonio Alcaraz\",\"@id\":\"https:\/\/elcardinal.com\/#\/schema\/person\/3c352ec0a33987fe275c0e8a2ea69f8b\"},\"headline\":\"Ricardo G\u00f3mez Moreno, secretario de Bienestar, comparece ante el Congreso y resalta la reducci\u00f3n en \u00edndices de pobreza\",\"datePublished\":\"2025-11-28T05:12:07+00:00\",\"mainEntityOfPage\":{\"@id\":\"https:\/\/elcardinal.com\/?p=5341\"},\"wordCount\":1375,\"commentCount\":0,\"publisher\":{\"@id\":\"https:\/\/elcardinal.com\/#organization\"},\"image\":{\"@id\":\"https:\/\/elcardinal.com\/?p=5341#primaryimage\"},\"thumbnailUrl\":\"https:\/\/elcardinal.com\/wp-content\/uploads\/2025\/11\/Comparecencia-27.11.2025-Bienestar-4-scaled.jpg\",\"articleSection\":[\"Hidalgo\",\"Minuto a Minuto\",\"Pol\u00edtica\"],\"inLanguage\":\"es\",\"potentialAction\":[{\"@type\":\"CommentAction\",\"name\":\"Comment\",\"target\":[\"https:\/\/elcardinal.com\/?p=5341#respond\"]}]},{\"@type\":\"WebPage\",\"@id\":\"https:\/\/elcardinal.com\/?p=5341\",\"url\":\"https:\/\/elcardinal.com\/?p=5341\",\"name\":\"Ricardo G\u00f3mez Moreno, secretario de Bienestar, comparece ante el Congreso y resalta la reducci\u00f3n en \u00edndices de pobreza - El Cardinal\",\"isPartOf\":{\"@id\":\"https:\/\/elcardinal.com\/#website\"},\"primaryImageOfPage\":{\"@id\":\"https:\/\/elcardinal.com\/?p=5341#primaryimage\"},\"image\":{\"@id\":\"https:\/\/elcardinal.com\/?p=5341#primaryimage\"},\"thumbnailUrl\":\"https:\/\/elcardinal.com\/wp-content\/uploads\/2025\/11\/Comparecencia-27.11.2025-Bienestar-4-scaled.jpg\",\"datePublished\":\"2025-11-28T05:12:07+00:00\",\"breadcrumb\":{\"@id\":\"https:\/\/elcardinal.com\/?p=5341#breadcrumb\"},\"inLanguage\":\"es\",\"potentialAction\":[{\"@type\":\"ReadAction\",\"target\":[\"https:\/\/elcardinal.com\/?p=5341\"]}]},{\"@type\":\"ImageObject\",\"inLanguage\":\"es\",\"@id\":\"https:\/\/elcardinal.com\/?p=5341#primaryimage\",\"url\":\"https:\/\/elcardinal.com\/wp-content\/uploads\/2025\/11\/Comparecencia-27.11.2025-Bienestar-4-scaled.jpg\",\"contentUrl\":\"https:\/\/elcardinal.com\/wp-content\/uploads\/2025\/11\/Comparecencia-27.11.2025-Bienestar-4-scaled.jpg\",\"width\":2560,\"height\":1776},{\"@type\":\"BreadcrumbList\",\"@id\":\"https:\/\/elcardinal.com\/?p=5341#breadcrumb\",\"itemListElement\":[{\"@type\":\"ListItem\",\"position\":1,\"name\":\"Inicio\",\"item\":\"https:\/\/elcardinal.com\/\"},{\"@type\":\"ListItem\",\"position\":2,\"name\":\"Ricardo G\u00f3mez Moreno, secretario de Bienestar, comparece ante el Congreso y resalta la reducci\u00f3n en \u00edndices de pobreza\"}]},{\"@type\":\"WebSite\",\"@id\":\"https:\/\/elcardinal.com\/#website\",\"url\":\"https:\/\/elcardinal.com\/\",\"name\":\"El Cardinal\",\"description\":\"Periodismo honesto, con valor, sentido humano, a veces sarc\u00e1stico y divertido.\",\"publisher\":{\"@id\":\"https:\/\/elcardinal.com\/#organization\"},\"alternateName\":\"El Cardinal Noticias\",\"potentialAction\":[{\"@type\":\"SearchAction\",\"target\":{\"@type\":\"EntryPoint\",\"urlTemplate\":\"https:\/\/elcardinal.com\/?s={search_term_string}\"},\"query-input\":{\"@type\":\"PropertyValueSpecification\",\"valueRequired\":true,\"valueName\":\"search_term_string\"}}],\"inLanguage\":\"es\"},{\"@type\":\"Organization\",\"@id\":\"https:\/\/elcardinal.com\/#organization\",\"name\":\"El Cardinal\",\"url\":\"https:\/\/elcardinal.com\/\",\"logo\":{\"@type\":\"ImageObject\",\"inLanguage\":\"es\",\"@id\":\"https:\/\/elcardinal.com\/#\/schema\/logo\/image\/\",\"url\":\"https:\/\/elcardinal.com\/wp-content\/uploads\/2025\/04\/LOGO-EL-CARDINAL-Periodismo-con-valor.png\",\"contentUrl\":\"https:\/\/elcardinal.com\/wp-content\/uploads\/2025\/04\/LOGO-EL-CARDINAL-Periodismo-con-valor.png\",\"width\":755,\"height\":636,\"caption\":\"El Cardinal\"},\"image\":{\"@id\":\"https:\/\/elcardinal.com\/#\/schema\/logo\/image\/\"},\"sameAs\":[\"https:\/\/www.facebook.com\/profile.php?id=100063093107011\",\"https:\/\/x.com\/ElCardinal_Mx\"]},{\"@type\":\"Person\",\"@id\":\"https:\/\/elcardinal.com\/#\/schema\/person\/3c352ec0a33987fe275c0e8a2ea69f8b\",\"name\":\"Antonio Alcaraz\",\"image\":{\"@type\":\"ImageObject\",\"inLanguage\":\"es\",\"@id\":\"https:\/\/elcardinal.com\/#\/schema\/person\/image\/\",\"url\":\"https:\/\/elcardinal.com\/wp-content\/uploads\/2025\/05\/cropped-TONO-96x96.jpg\",\"contentUrl\":\"https:\/\/elcardinal.com\/wp-content\/uploads\/2025\/05\/cropped-TONO-96x96.jpg\",\"caption\":\"Antonio Alcaraz\"},\"url\":\"https:\/\/elcardinal.com\/?author=2\"}]}<\/script>\n<!-- \/ Yoast SEO plugin. -->","yoast_head_json":{"title":"Ricardo G\u00f3mez Moreno, secretario de Bienestar, comparece ante el Congreso y resalta la reducci\u00f3n en \u00edndices de pobreza - El Cardinal","robots":{"index":"index","follow":"follow","max-snippet":"max-snippet:-1","max-image-preview":"max-image-preview:large","max-video-preview":"max-video-preview:-1"},"canonical":"https:\/\/elcardinal.com\/?p=5341","og_locale":"es_MX","og_type":"article","og_title":"Ricardo G\u00f3mez Moreno, secretario de Bienestar, comparece ante el Congreso y resalta la reducci\u00f3n en \u00edndices de pobreza - El Cardinal","og_description":"Redacci\u00f3n En sesi\u00f3n ordinaria, el secretario de Bienestar e Inclusi\u00f3n Social, Ricardo G\u00f3mez Moreno compareci\u00f3 ante el Congreso del Estado Libre y Soberano de Hidalgo, como parte del procedimiento relativo al tercer informe del estado que guardan los diversos ramos de la administraci\u00f3n p\u00fablica encabezada por el gobernador Julio Menchaca Salazar. En su mensaje, el","og_url":"https:\/\/elcardinal.com\/?p=5341","og_site_name":"El Cardinal","article_publisher":"https:\/\/www.facebook.com\/profile.php?id=100063093107011","article_published_time":"2025-11-28T05:12:07+00:00","og_image":[{"width":2560,"height":1776,"url":"https:\/\/elcardinal.com\/wp-content\/uploads\/2025\/11\/Comparecencia-27.11.2025-Bienestar-4-scaled.jpg","type":"image\/jpeg"}],"author":"Antonio Alcaraz","twitter_card":"summary_large_image","twitter_creator":"@ElCardinal_Mx","twitter_site":"@ElCardinal_Mx","twitter_misc":{"Escrito por":"Antonio Alcaraz","Tiempo de lectura":"7 minutos"},"schema":{"@context":"https:\/\/schema.org","@graph":[{"@type":"Article","@id":"https:\/\/elcardinal.com\/?p=5341#article","isPartOf":{"@id":"https:\/\/elcardinal.com\/?p=5341"},"author":{"name":"Antonio Alcaraz","@id":"https:\/\/elcardinal.com\/#\/schema\/person\/3c352ec0a33987fe275c0e8a2ea69f8b"},"headline":"Ricardo G\u00f3mez Moreno, secretario de Bienestar, comparece ante el Congreso y resalta la reducci\u00f3n en \u00edndices de pobreza","datePublished":"2025-11-28T05:12:07+00:00","mainEntityOfPage":{"@id":"https:\/\/elcardinal.com\/?p=5341"},"wordCount":1375,"commentCount":0,"publisher":{"@id":"https:\/\/elcardinal.com\/#organization"},"image":{"@id":"https:\/\/elcardinal.com\/?p=5341#primaryimage"},"thumbnailUrl":"https:\/\/elcardinal.com\/wp-content\/uploads\/2025\/11\/Comparecencia-27.11.2025-Bienestar-4-scaled.jpg","articleSection":["Hidalgo","Minuto a Minuto","Pol\u00edtica"],"inLanguage":"es","potentialAction":[{"@type":"CommentAction","name":"Comment","target":["https:\/\/elcardinal.com\/?p=5341#respond"]}]},{"@type":"WebPage","@id":"https:\/\/elcardinal.com\/?p=5341","url":"https:\/\/elcardinal.com\/?p=5341","name":"Ricardo G\u00f3mez Moreno, secretario de Bienestar, comparece ante el Congreso y resalta la reducci\u00f3n en \u00edndices de pobreza - El Cardinal","isPartOf":{"@id":"https:\/\/elcardinal.com\/#website"},"primaryImageOfPage":{"@id":"https:\/\/elcardinal.com\/?p=5341#primaryimage"},"image":{"@id":"https:\/\/elcardinal.com\/?p=5341#primaryimage"},"thumbnailUrl":"https:\/\/elcardinal.com\/wp-content\/uploads\/2025\/11\/Comparecencia-27.11.2025-Bienestar-4-scaled.jpg","datePublished":"2025-11-28T05:12:07+00:00","breadcrumb":{"@id":"https:\/\/elcardinal.com\/?p=5341#breadcrumb"},"inLanguage":"es","potentialAction":[{"@type":"ReadAction","target":["https:\/\/elcardinal.com\/?p=5341"]}]},{"@type":"ImageObject","inLanguage":"es","@id":"https:\/\/elcardinal.com\/?p=5341#primaryimage","url":"https:\/\/elcardinal.com\/wp-content\/uploads\/2025\/11\/Comparecencia-27.11.2025-Bienestar-4-scaled.jpg","contentUrl":"https:\/\/elcardinal.com\/wp-content\/uploads\/2025\/11\/Comparecencia-27.11.2025-Bienestar-4-scaled.jpg","width":2560,"height":1776},{"@type":"BreadcrumbList","@id":"https:\/\/elcardinal.com\/?p=5341#breadcrumb","itemListElement":[{"@type":"ListItem","position":1,"name":"Inicio","item":"https:\/\/elcardinal.com\/"},{"@type":"ListItem","position":2,"name":"Ricardo G\u00f3mez Moreno, secretario de Bienestar, comparece ante el Congreso y resalta la reducci\u00f3n en \u00edndices de pobreza"}]},{"@type":"WebSite","@id":"https:\/\/elcardinal.com\/#website","url":"https:\/\/elcardinal.com\/","name":"El Cardinal","description":"Periodismo honesto, con valor, sentido humano, a veces sarc\u00e1stico y divertido.","publisher":{"@id":"https:\/\/elcardinal.com\/#organization"},"alternateName":"El Cardinal Noticias","potentialAction":[{"@type":"SearchAction","target":{"@type":"EntryPoint","urlTemplate":"https:\/\/elcardinal.com\/?s={search_term_string}"},"query-input":{"@type":"PropertyValueSpecification","valueRequired":true,"valueName":"search_term_string"}}],"inLanguage":"es"},{"@type":"Organization","@id":"https:\/\/elcardinal.com\/#organization","name":"El Cardinal","url":"https:\/\/elcardinal.com\/","logo":{"@type":"ImageObject","inLanguage":"es","@id":"https:\/\/elcardinal.com\/#\/schema\/logo\/image\/","url":"https:\/\/elcardinal.com\/wp-content\/uploads\/2025\/04\/LOGO-EL-CARDINAL-Periodismo-con-valor.png","contentUrl":"https:\/\/elcardinal.com\/wp-content\/uploads\/2025\/04\/LOGO-EL-CARDINAL-Periodismo-con-valor.png","width":755,"height":636,"caption":"El Cardinal"},"image":{"@id":"https:\/\/elcardinal.com\/#\/schema\/logo\/image\/"},"sameAs":["https:\/\/www.facebook.com\/profile.php?id=100063093107011","https:\/\/x.com\/ElCardinal_Mx"]},{"@type":"Person","@id":"https:\/\/elcardinal.com\/#\/schema\/person\/3c352ec0a33987fe275c0e8a2ea69f8b","name":"Antonio Alcaraz","image":{"@type":"ImageObject","inLanguage":"es","@id":"https:\/\/elcardinal.com\/#\/schema\/person\/image\/","url":"https:\/\/elcardinal.com\/wp-content\/uploads\/2025\/05\/cropped-TONO-96x96.jpg","contentUrl":"https:\/\/elcardinal.com\/wp-content\/uploads\/2025\/05\/cropped-TONO-96x96.jpg","caption":"Antonio Alcaraz"},"url":"https:\/\/elcardinal.com\/?author=2"}]}},"_links":{"self":[{"href":"https:\/\/elcardinal.com\/index.php?rest_route=\/wp\/v2\/posts\/5341","targetHints":{"allow":["GET"]}}],"collection":[{"href":"https:\/\/elcardinal.com\/index.php?rest_route=\/wp\/v2\/posts"}],"about":[{"href":"https:\/\/elcardinal.com\/index.php?rest_route=\/wp\/v2\/types\/post"}],"author":[{"embeddable":true,"href":"https:\/\/elcardinal.com\/index.php?rest_route=\/wp\/v2\/users\/2"}],"replies":[{"embeddable":true,"href":"https:\/\/elcardinal.com\/index.php?rest_route=%2Fwp%2Fv2%2Fcomments&post=5341"}],"version-history":[{"count":1,"href":"https:\/\/elcardinal.com\/index.php?rest_route=\/wp\/v2\/posts\/5341\/revisions"}],"predecessor-version":[{"id":5343,"href":"https:\/\/elcardinal.com\/index.php?rest_route=\/wp\/v2\/posts\/5341\/revisions\/5343"}],"wp:featuredmedia":[{"embeddable":true,"href":"https:\/\/elcardinal.com\/index.php?rest_route=\/wp\/v2\/media\/5342"}],"wp:attachment":[{"href":"https:\/\/elcardinal.com\/index.php?rest_route=%2Fwp%2Fv2%2Fmedia&parent=5341"}],"wp:term":[{"taxonomy":"category","embeddable":true,"href":"https:\/\/elcardinal.com\/index.php?rest_route=%2Fwp%2Fv2%2Fcategories&post=5341"},{"taxonomy":"post_tag","embeddable":true,"href":"https:\/\/elcardinal.com\/index.php?rest_route=%2Fwp%2Fv2%2Ftags&post=5341"}],"curies":[{"name":"wp","href":"https:\/\/api.w.org\/{rel}","templated":true}]}}