{"id":5344,"date":"2025-11-29T08:43:57","date_gmt":"2025-11-29T14:43:57","guid":{"rendered":"https:\/\/elcardinal.com\/?p=5344"},"modified":"2025-11-29T08:43:57","modified_gmt":"2025-11-29T14:43:57","slug":"congreso-de-hidalgo-respalda-a-la-diputada-ante-senalamientos-por-ingreso-de-persona-a-comparecencia","status":"publish","type":"post","link":"https:\/\/elcardinal.com\/?p=5344","title":{"rendered":"Congreso de Hidalgo respalda a la diputada ante se\u00f1alamientos por ingreso de persona a comparecencia\u00a0"},"content":{"rendered":"<p>Por: Redacci\u00f3n<\/p>\n<p>El Congreso del Estado de Hidalgo fij\u00f3 postura tras los se\u00f1alamientos difundidos en diferentes espacios p\u00fablicos respecto a la diputada del PAN, Claudia Lilia Luna Islas, a quien se le atribuye presunta participaci\u00f3n en el ingreso irregular de una persona durante la comparecencia del encargado del despacho de la Procuradur\u00eda General de Justicia del Estado, Francisco Fern\u00e1ndez Hasbun, correspondiente a la glosa del Tercer Informe de Gobierno.<\/p>\n<p>En su posicionamiento, el Poder Legislativo expres\u00f3 su respaldo institucional a la diputada panista, subrayando que ning\u00fan legislador puede ser se\u00f1alado como responsable de un hecho sin que exista una investigaci\u00f3n formal que lo determine. Destac\u00f3 adem\u00e1s que todo se\u00f1alamiento debe ser atendido en las instancias correspondientes, evitando juicios anticipados o imputaciones sin sustento.<\/p>\n<p>El Congreso agreg\u00f3 que se revis\u00f3 el ingreso de la persona al recinto conforme a los protocolos vigentes, con el objetivo de esclarecer los hechos y fortalecer los mecanismos de control interno. Asimismo, hizo un llamado a privilegiar la informaci\u00f3n confirmada y a evitar la difusi\u00f3n de contenidos que puedan generar desinformaci\u00f3n o afectar la imagen de quienes realizan su labor legislativa.<\/p>\n<p>El comunicado recalca que la diputada Claudia Lilia Luna Islas ha desempe\u00f1ado su cargo con responsabilidad y apertura al di\u00e1logo, por lo que la instituci\u00f3n reiter\u00f3 su compromiso con el debido proceso, la imparcialidad y la presunci\u00f3n de inocencia.<\/p>\n<p>El Congreso concluy\u00f3 que continuar\u00e1 garantizando condiciones para que todas las voces, incluidas las de quienes buscan justicia, sean escuchadas sin que ello genere acusaciones infundadas o se\u00f1alamientos sin sustento.<\/p>\n","protected":false},"excerpt":{"rendered":"<p>Por: Redacci\u00f3n El Congreso del Estado de Hidalgo fij\u00f3 postura tras los se\u00f1alamientos difundidos en diferentes espacios p\u00fablicos respecto a la diputada del PAN, Claudia Lilia Luna Islas, a quien se le atribuye presunta participaci\u00f3n en el ingreso irregular de una persona durante la comparecencia del encargado del despacho de la Procuradur\u00eda General de Justicia<\/p>\n","protected":false},"author":2,"featured_media":5345,"comment_status":"open","ping_status":"open","sticky":false,"template":"","format":"standard","meta":{"footnotes":""},"categories":[31,44,39],"tags":[],"class_list":{"0":"post-5344","1":"post","2":"type-post","3":"status-publish","4":"format-standard","5":"has-post-thumbnail","7":"category-hidalgo","8":"category-minuto-a-minuto","9":"category-politica"},"yoast_head":"<!-- This site is optimized with the Yoast SEO plugin v26.1.1 - https:\/\/yoast.com\/wordpress\/plugins\/seo\/ -->\n<title>Congreso de Hidalgo respalda a la diputada ante se\u00f1alamientos por ingreso de persona a comparecencia\u00a0 - El Cardinal<\/title>\n<meta name=\"robots\" content=\"index, follow, max-snippet:-1, max-image-preview:large, max-video-preview:-1\" \/>\n<link rel=\"canonical\" href=\"https:\/\/elcardinal.com\/?p=5344\" \/>\n<meta property=\"og:locale\" content=\"es_MX\" \/>\n<meta property=\"og:type\" content=\"article\" \/>\n<meta property=\"og:title\" content=\"Congreso de Hidalgo respalda a la diputada ante se\u00f1alamientos por ingreso de persona a comparecencia\u00a0 - El Cardinal\" \/>\n<meta property=\"og:description\" content=\"Por: Redacci\u00f3n El Congreso del Estado de Hidalgo fij\u00f3 postura tras los se\u00f1alamientos difundidos en diferentes espacios p\u00fablicos respecto a la diputada del PAN, Claudia Lilia Luna Islas, a quien se le atribuye presunta participaci\u00f3n en el ingreso irregular de una persona durante la comparecencia del encargado del despacho de la Procuradur\u00eda General de Justicia\" \/>\n<meta property=\"og:url\" content=\"https:\/\/elcardinal.com\/?p=5344\" \/>\n<meta property=\"og:site_name\" content=\"El Cardinal\" \/>\n<meta property=\"article:publisher\" content=\"https:\/\/www.facebook.com\/profile.php?id=100063093107011\" \/>\n<meta property=\"article:published_time\" content=\"2025-11-29T14:43:57+00:00\" \/>\n<meta property=\"og:image\" content=\"https:\/\/elcardinal.com\/wp-content\/uploads\/2025\/11\/FB_IMG_1764427333967.jpg\" \/>\n\t<meta property=\"og:image:width\" content=\"2048\" \/>\n\t<meta property=\"og:image:height\" content=\"1365\" \/>\n\t<meta property=\"og:image:type\" content=\"image\/jpeg\" \/>\n<meta name=\"author\" content=\"Antonio Alcaraz\" \/>\n<meta name=\"twitter:card\" content=\"summary_large_image\" \/>\n<meta name=\"twitter:creator\" content=\"@ElCardinal_Mx\" \/>\n<meta name=\"twitter:site\" content=\"@ElCardinal_Mx\" \/>\n<meta name=\"twitter:label1\" content=\"Escrito por\" \/>\n\t<meta name=\"twitter:data1\" content=\"Antonio Alcaraz\" \/>\n\t<meta name=\"twitter:label2\" content=\"Tiempo de lectura\" \/>\n\t<meta name=\"twitter:data2\" content=\"2 minutos\" \/>\n<script type=\"application\/ld+json\" class=\"yoast-schema-graph\">{\"@context\":\"https:\/\/schema.org\",\"@graph\":[{\"@type\":\"Article\",\"@id\":\"https:\/\/elcardinal.com\/?p=5344#article\",\"isPartOf\":{\"@id\":\"https:\/\/elcardinal.com\/?p=5344\"},\"author\":{\"name\":\"Antonio Alcaraz\",\"@id\":\"https:\/\/elcardinal.com\/#\/schema\/person\/3c352ec0a33987fe275c0e8a2ea69f8b\"},\"headline\":\"Congreso de Hidalgo respalda a la diputada ante se\u00f1alamientos por ingreso de persona a comparecencia\u00a0\",\"datePublished\":\"2025-11-29T14:43:57+00:00\",\"mainEntityOfPage\":{\"@id\":\"https:\/\/elcardinal.com\/?p=5344\"},\"wordCount\":289,\"commentCount\":0,\"publisher\":{\"@id\":\"https:\/\/elcardinal.com\/#organization\"},\"image\":{\"@id\":\"https:\/\/elcardinal.com\/?p=5344#primaryimage\"},\"thumbnailUrl\":\"https:\/\/elcardinal.com\/wp-content\/uploads\/2025\/11\/FB_IMG_1764427333967.jpg\",\"articleSection\":[\"Hidalgo\",\"Minuto a Minuto\",\"Pol\u00edtica\"],\"inLanguage\":\"es\",\"potentialAction\":[{\"@type\":\"CommentAction\",\"name\":\"Comment\",\"target\":[\"https:\/\/elcardinal.com\/?p=5344#respond\"]}]},{\"@type\":\"WebPage\",\"@id\":\"https:\/\/elcardinal.com\/?p=5344\",\"url\":\"https:\/\/elcardinal.com\/?p=5344\",\"name\":\"Congreso de Hidalgo respalda a la diputada ante se\u00f1alamientos por ingreso de persona a comparecencia\u00a0 - El Cardinal\",\"isPartOf\":{\"@id\":\"https:\/\/elcardinal.com\/#website\"},\"primaryImageOfPage\":{\"@id\":\"https:\/\/elcardinal.com\/?p=5344#primaryimage\"},\"image\":{\"@id\":\"https:\/\/elcardinal.com\/?p=5344#primaryimage\"},\"thumbnailUrl\":\"https:\/\/elcardinal.com\/wp-content\/uploads\/2025\/11\/FB_IMG_1764427333967.jpg\",\"datePublished\":\"2025-11-29T14:43:57+00:00\",\"breadcrumb\":{\"@id\":\"https:\/\/elcardinal.com\/?p=5344#breadcrumb\"},\"inLanguage\":\"es\",\"potentialAction\":[{\"@type\":\"ReadAction\",\"target\":[\"https:\/\/elcardinal.com\/?p=5344\"]}]},{\"@type\":\"ImageObject\",\"inLanguage\":\"es\",\"@id\":\"https:\/\/elcardinal.com\/?p=5344#primaryimage\",\"url\":\"https:\/\/elcardinal.com\/wp-content\/uploads\/2025\/11\/FB_IMG_1764427333967.jpg\",\"contentUrl\":\"https:\/\/elcardinal.com\/wp-content\/uploads\/2025\/11\/FB_IMG_1764427333967.jpg\",\"width\":2048,\"height\":1365},{\"@type\":\"BreadcrumbList\",\"@id\":\"https:\/\/elcardinal.com\/?p=5344#breadcrumb\",\"itemListElement\":[{\"@type\":\"ListItem\",\"position\":1,\"name\":\"Inicio\",\"item\":\"https:\/\/elcardinal.com\/\"},{\"@type\":\"ListItem\",\"position\":2,\"name\":\"Congreso de Hidalgo respalda a la diputada ante se\u00f1alamientos por ingreso de persona a comparecencia\u00a0\"}]},{\"@type\":\"WebSite\",\"@id\":\"https:\/\/elcardinal.com\/#website\",\"url\":\"https:\/\/elcardinal.com\/\",\"name\":\"El Cardinal\",\"description\":\"Periodismo honesto, con valor, sentido humano, a veces sarc\u00e1stico y divertido.\",\"publisher\":{\"@id\":\"https:\/\/elcardinal.com\/#organization\"},\"alternateName\":\"El Cardinal Noticias\",\"potentialAction\":[{\"@type\":\"SearchAction\",\"target\":{\"@type\":\"EntryPoint\",\"urlTemplate\":\"https:\/\/elcardinal.com\/?s={search_term_string}\"},\"query-input\":{\"@type\":\"PropertyValueSpecification\",\"valueRequired\":true,\"valueName\":\"search_term_string\"}}],\"inLanguage\":\"es\"},{\"@type\":\"Organization\",\"@id\":\"https:\/\/elcardinal.com\/#organization\",\"name\":\"El Cardinal\",\"url\":\"https:\/\/elcardinal.com\/\",\"logo\":{\"@type\":\"ImageObject\",\"inLanguage\":\"es\",\"@id\":\"https:\/\/elcardinal.com\/#\/schema\/logo\/image\/\",\"url\":\"https:\/\/elcardinal.com\/wp-content\/uploads\/2025\/04\/LOGO-EL-CARDINAL-Periodismo-con-valor.png\",\"contentUrl\":\"https:\/\/elcardinal.com\/wp-content\/uploads\/2025\/04\/LOGO-EL-CARDINAL-Periodismo-con-valor.png\",\"width\":755,\"height\":636,\"caption\":\"El Cardinal\"},\"image\":{\"@id\":\"https:\/\/elcardinal.com\/#\/schema\/logo\/image\/\"},\"sameAs\":[\"https:\/\/www.facebook.com\/profile.php?id=100063093107011\",\"https:\/\/x.com\/ElCardinal_Mx\"]},{\"@type\":\"Person\",\"@id\":\"https:\/\/elcardinal.com\/#\/schema\/person\/3c352ec0a33987fe275c0e8a2ea69f8b\",\"name\":\"Antonio Alcaraz\",\"image\":{\"@type\":\"ImageObject\",\"inLanguage\":\"es\",\"@id\":\"https:\/\/elcardinal.com\/#\/schema\/person\/image\/\",\"url\":\"https:\/\/elcardinal.com\/wp-content\/uploads\/2025\/05\/cropped-TONO-96x96.jpg\",\"contentUrl\":\"https:\/\/elcardinal.com\/wp-content\/uploads\/2025\/05\/cropped-TONO-96x96.jpg\",\"caption\":\"Antonio Alcaraz\"},\"url\":\"https:\/\/elcardinal.com\/?author=2\"}]}<\/script>\n<!-- \/ Yoast SEO plugin. -->","yoast_head_json":{"title":"Congreso de Hidalgo respalda a la diputada ante se\u00f1alamientos por ingreso de persona a comparecencia\u00a0 - El Cardinal","robots":{"index":"index","follow":"follow","max-snippet":"max-snippet:-1","max-image-preview":"max-image-preview:large","max-video-preview":"max-video-preview:-1"},"canonical":"https:\/\/elcardinal.com\/?p=5344","og_locale":"es_MX","og_type":"article","og_title":"Congreso de Hidalgo respalda a la diputada ante se\u00f1alamientos por ingreso de persona a comparecencia\u00a0 - El Cardinal","og_description":"Por: Redacci\u00f3n El Congreso del Estado de Hidalgo fij\u00f3 postura tras los se\u00f1alamientos difundidos en diferentes espacios p\u00fablicos respecto a la diputada del PAN, Claudia Lilia Luna Islas, a quien se le atribuye presunta participaci\u00f3n en el ingreso irregular de una persona durante la comparecencia del encargado del despacho de la Procuradur\u00eda General de Justicia","og_url":"https:\/\/elcardinal.com\/?p=5344","og_site_name":"El Cardinal","article_publisher":"https:\/\/www.facebook.com\/profile.php?id=100063093107011","article_published_time":"2025-11-29T14:43:57+00:00","og_image":[{"width":2048,"height":1365,"url":"https:\/\/elcardinal.com\/wp-content\/uploads\/2025\/11\/FB_IMG_1764427333967.jpg","type":"image\/jpeg"}],"author":"Antonio Alcaraz","twitter_card":"summary_large_image","twitter_creator":"@ElCardinal_Mx","twitter_site":"@ElCardinal_Mx","twitter_misc":{"Escrito por":"Antonio Alcaraz","Tiempo de lectura":"2 minutos"},"schema":{"@context":"https:\/\/schema.org","@graph":[{"@type":"Article","@id":"https:\/\/elcardinal.com\/?p=5344#article","isPartOf":{"@id":"https:\/\/elcardinal.com\/?p=5344"},"author":{"name":"Antonio Alcaraz","@id":"https:\/\/elcardinal.com\/#\/schema\/person\/3c352ec0a33987fe275c0e8a2ea69f8b"},"headline":"Congreso de Hidalgo respalda a la diputada ante se\u00f1alamientos por ingreso de persona a comparecencia\u00a0","datePublished":"2025-11-29T14:43:57+00:00","mainEntityOfPage":{"@id":"https:\/\/elcardinal.com\/?p=5344"},"wordCount":289,"commentCount":0,"publisher":{"@id":"https:\/\/elcardinal.com\/#organization"},"image":{"@id":"https:\/\/elcardinal.com\/?p=5344#primaryimage"},"thumbnailUrl":"https:\/\/elcardinal.com\/wp-content\/uploads\/2025\/11\/FB_IMG_1764427333967.jpg","articleSection":["Hidalgo","Minuto a Minuto","Pol\u00edtica"],"inLanguage":"es","potentialAction":[{"@type":"CommentAction","name":"Comment","target":["https:\/\/elcardinal.com\/?p=5344#respond"]}]},{"@type":"WebPage","@id":"https:\/\/elcardinal.com\/?p=5344","url":"https:\/\/elcardinal.com\/?p=5344","name":"Congreso de Hidalgo respalda a la diputada ante se\u00f1alamientos por ingreso de persona a comparecencia\u00a0 - El Cardinal","isPartOf":{"@id":"https:\/\/elcardinal.com\/#website"},"primaryImageOfPage":{"@id":"https:\/\/elcardinal.com\/?p=5344#primaryimage"},"image":{"@id":"https:\/\/elcardinal.com\/?p=5344#primaryimage"},"thumbnailUrl":"https:\/\/elcardinal.com\/wp-content\/uploads\/2025\/11\/FB_IMG_1764427333967.jpg","datePublished":"2025-11-29T14:43:57+00:00","breadcrumb":{"@id":"https:\/\/elcardinal.com\/?p=5344#breadcrumb"},"inLanguage":"es","potentialAction":[{"@type":"ReadAction","target":["https:\/\/elcardinal.com\/?p=5344"]}]},{"@type":"ImageObject","inLanguage":"es","@id":"https:\/\/elcardinal.com\/?p=5344#primaryimage","url":"https:\/\/elcardinal.com\/wp-content\/uploads\/2025\/11\/FB_IMG_1764427333967.jpg","contentUrl":"https:\/\/elcardinal.com\/wp-content\/uploads\/2025\/11\/FB_IMG_1764427333967.jpg","width":2048,"height":1365},{"@type":"BreadcrumbList","@id":"https:\/\/elcardinal.com\/?p=5344#breadcrumb","itemListElement":[{"@type":"ListItem","position":1,"name":"Inicio","item":"https:\/\/elcardinal.com\/"},{"@type":"ListItem","position":2,"name":"Congreso de Hidalgo respalda a la diputada ante se\u00f1alamientos por ingreso de persona a comparecencia\u00a0"}]},{"@type":"WebSite","@id":"https:\/\/elcardinal.com\/#website","url":"https:\/\/elcardinal.com\/","name":"El Cardinal","description":"Periodismo honesto, con valor, sentido humano, a veces sarc\u00e1stico y divertido.","publisher":{"@id":"https:\/\/elcardinal.com\/#organization"},"alternateName":"El Cardinal Noticias","potentialAction":[{"@type":"SearchAction","target":{"@type":"EntryPoint","urlTemplate":"https:\/\/elcardinal.com\/?s={search_term_string}"},"query-input":{"@type":"PropertyValueSpecification","valueRequired":true,"valueName":"search_term_string"}}],"inLanguage":"es"},{"@type":"Organization","@id":"https:\/\/elcardinal.com\/#organization","name":"El Cardinal","url":"https:\/\/elcardinal.com\/","logo":{"@type":"ImageObject","inLanguage":"es","@id":"https:\/\/elcardinal.com\/#\/schema\/logo\/image\/","url":"https:\/\/elcardinal.com\/wp-content\/uploads\/2025\/04\/LOGO-EL-CARDINAL-Periodismo-con-valor.png","contentUrl":"https:\/\/elcardinal.com\/wp-content\/uploads\/2025\/04\/LOGO-EL-CARDINAL-Periodismo-con-valor.png","width":755,"height":636,"caption":"El Cardinal"},"image":{"@id":"https:\/\/elcardinal.com\/#\/schema\/logo\/image\/"},"sameAs":["https:\/\/www.facebook.com\/profile.php?id=100063093107011","https:\/\/x.com\/ElCardinal_Mx"]},{"@type":"Person","@id":"https:\/\/elcardinal.com\/#\/schema\/person\/3c352ec0a33987fe275c0e8a2ea69f8b","name":"Antonio Alcaraz","image":{"@type":"ImageObject","inLanguage":"es","@id":"https:\/\/elcardinal.com\/#\/schema\/person\/image\/","url":"https:\/\/elcardinal.com\/wp-content\/uploads\/2025\/05\/cropped-TONO-96x96.jpg","contentUrl":"https:\/\/elcardinal.com\/wp-content\/uploads\/2025\/05\/cropped-TONO-96x96.jpg","caption":"Antonio Alcaraz"},"url":"https:\/\/elcardinal.com\/?author=2"}]}},"_links":{"self":[{"href":"https:\/\/elcardinal.com\/index.php?rest_route=\/wp\/v2\/posts\/5344","targetHints":{"allow":["GET"]}}],"collection":[{"href":"https:\/\/elcardinal.com\/index.php?rest_route=\/wp\/v2\/posts"}],"about":[{"href":"https:\/\/elcardinal.com\/index.php?rest_route=\/wp\/v2\/types\/post"}],"author":[{"embeddable":true,"href":"https:\/\/elcardinal.com\/index.php?rest_route=\/wp\/v2\/users\/2"}],"replies":[{"embeddable":true,"href":"https:\/\/elcardinal.com\/index.php?rest_route=%2Fwp%2Fv2%2Fcomments&post=5344"}],"version-history":[{"count":1,"href":"https:\/\/elcardinal.com\/index.php?rest_route=\/wp\/v2\/posts\/5344\/revisions"}],"predecessor-version":[{"id":5346,"href":"https:\/\/elcardinal.com\/index.php?rest_route=\/wp\/v2\/posts\/5344\/revisions\/5346"}],"wp:featuredmedia":[{"embeddable":true,"href":"https:\/\/elcardinal.com\/index.php?rest_route=\/wp\/v2\/media\/5345"}],"wp:attachment":[{"href":"https:\/\/elcardinal.com\/index.php?rest_route=%2Fwp%2Fv2%2Fmedia&parent=5344"}],"wp:term":[{"taxonomy":"category","embeddable":true,"href":"https:\/\/elcardinal.com\/index.php?rest_route=%2Fwp%2Fv2%2Fcategories&post=5344"},{"taxonomy":"post_tag","embeddable":true,"href":"https:\/\/elcardinal.com\/index.php?rest_route=%2Fwp%2Fv2%2Ftags&post=5344"}],"curies":[{"name":"wp","href":"https:\/\/api.w.org\/{rel}","templated":true}]}}