{"id":5347,"date":"2025-12-01T09:09:15","date_gmt":"2025-12-01T15:09:15","guid":{"rendered":"https:\/\/elcardinal.com\/?p=5347"},"modified":"2025-12-01T09:09:15","modified_gmt":"2025-12-01T15:09:15","slug":"enlaces-legislativos-municipales-toman-protesta-en-el-congreso-de-hidalgo","status":"publish","type":"post","link":"https:\/\/elcardinal.com\/?p=5347","title":{"rendered":"Enlaces legislativos municipales toman protesta en el Congreso de Hidalgo"},"content":{"rendered":"<p style=\"text-align: left;\">Redacci\u00f3n<\/p>\n<p>El presidente de la Junta de Gobierno del Congreso del Estado Libre y Soberano de Hidalgo, diputado Andr\u00e9s Vel\u00e1zquez V\u00e1zquez tom\u00f3 protesta a las y los nuevos enlaces legislativos municipales, quienes coadyuvar\u00e1n a la coordinaci\u00f3n con los ayuntamientos para el seguimiento puntual de exhortos, minutas, acuerdos econ\u00f3micos y dem\u00e1s informaci\u00f3n remitida desde el Poder Legislativo, asegurando su conocimiento, atenci\u00f3n y en su caso, cumplimiento.<\/p>\n<p>Con fundamento en los art\u00edculos 10, 49, p\u00e1rrafo cuarto, 56 fracci\u00f3n I, inciso e; 63, 96, 98, fracciones II y III de la Ley Org\u00e1nica Municipal del Estado de Hidalgo; y el art\u00edculo 101, fracciones I y II, de la Ley Org\u00e1nica del Poder Legislativo del Estado de Hidalgo, el legislador precis\u00f3 que la puesta en marcha de esta estrategia institucional para ordenar, agilizar y hacer verificar el flujo de informaci\u00f3n con autoridades locales, consolida una visi\u00f3n al trazar la ruta para fortalecer el v\u00ednculo entre los organismos legislativos y municipios.<\/p>\n<p>Asimismo, detall\u00f3 que el prop\u00f3sito de la creaci\u00f3n de esta figura es que exista un puente real entre los ayuntamientos y el Congreso, \u201cmi reconocimiento a las y los secretarios generales y oficiales mayores que asumen su responsabilidad como enlaces, les toca una tarea importante: ser la voz de sus municipios. Adem\u00e1s, les enviaremos documentaci\u00f3n estatal y federal relativa a las minutas legislativas\u201d.<\/p>\n<p>El diputado Miguel \u00c1ngel Moreno Zamora, presidente de la directiva de noviembre, puntualiz\u00f3 que el fin de este encuentro es reforzar los lazos de trabajo entre el Congreso y los gobiernos locales. \u201cLo que aqu\u00ed hacemos tiene un impacto real. Los acuerdos turnados y las comunicaciones que se env\u00edan a los municipios requieren seguimiento, respuestas, pero, sobre todo, acciones\u201d.<\/p>\n<p>El presidente municipal de Pachuca, Jorge Alberto Reyes Hern\u00e1ndez mencion\u00f3: \u201cel trabajo de gobierno del estado, Congreso y municipios conforma una gran m\u00e1quina. Esta m\u00e1quina tiene muchos engranes y si un engrane falla, el sistema falla. Entonces, es de celebrar el impulso a esta iniciativa\u201d.<\/p>\n<p>El edil de Mineral de la Reforma, Eduardo Med\u00e9cigo Rubio afirm\u00f3 que, \u201ccuando los municipios tienen una interlocuci\u00f3n directa como la que hoy inicia con este hecho hist\u00f3rico e in\u00e9dito, la transformaci\u00f3n deja de ser un discurso y se convierte en resultados palpables para la gente que paga nuestros salarios y que merece todo nuestro trabajo y tiempo\u201d.<\/p>\n<p>Al evento tambi\u00e9n asistieron presidentas y presidentes municipales, secretarios municipales y oficiales mayores de manera presencial y virtual.<\/p>\n","protected":false},"excerpt":{"rendered":"<p>Redacci\u00f3n El presidente de la Junta de Gobierno del Congreso del Estado Libre y Soberano de Hidalgo, diputado Andr\u00e9s Vel\u00e1zquez V\u00e1zquez tom\u00f3 protesta a las y los nuevos enlaces legislativos municipales, quienes coadyuvar\u00e1n a la coordinaci\u00f3n con los ayuntamientos para el seguimiento puntual de exhortos, minutas, acuerdos econ\u00f3micos y dem\u00e1s informaci\u00f3n remitida desde el Poder<\/p>\n","protected":false},"author":2,"featured_media":5348,"comment_status":"open","ping_status":"open","sticky":false,"template":"","format":"standard","meta":{"footnotes":""},"categories":[44,39],"tags":[],"class_list":{"0":"post-5347","1":"post","2":"type-post","3":"status-publish","4":"format-standard","5":"has-post-thumbnail","7":"category-minuto-a-minuto","8":"category-politica"},"yoast_head":"<!-- This site is optimized with the Yoast SEO plugin v26.1.1 - https:\/\/yoast.com\/wordpress\/plugins\/seo\/ -->\n<title>Enlaces legislativos municipales toman protesta en el Congreso de Hidalgo - El Cardinal<\/title>\n<meta name=\"robots\" content=\"index, follow, max-snippet:-1, max-image-preview:large, max-video-preview:-1\" \/>\n<link rel=\"canonical\" href=\"https:\/\/elcardinal.com\/?p=5347\" \/>\n<meta property=\"og:locale\" content=\"es_MX\" \/>\n<meta property=\"og:type\" content=\"article\" \/>\n<meta property=\"og:title\" content=\"Enlaces legislativos municipales toman protesta en el Congreso de Hidalgo - El Cardinal\" \/>\n<meta property=\"og:description\" content=\"Redacci\u00f3n El presidente de la Junta de Gobierno del Congreso del Estado Libre y Soberano de Hidalgo, diputado Andr\u00e9s Vel\u00e1zquez V\u00e1zquez tom\u00f3 protesta a las y los nuevos enlaces legislativos municipales, quienes coadyuvar\u00e1n a la coordinaci\u00f3n con los ayuntamientos para el seguimiento puntual de exhortos, minutas, acuerdos econ\u00f3micos y dem\u00e1s informaci\u00f3n remitida desde el Poder\" \/>\n<meta property=\"og:url\" content=\"https:\/\/elcardinal.com\/?p=5347\" \/>\n<meta property=\"og:site_name\" content=\"El Cardinal\" \/>\n<meta property=\"article:publisher\" content=\"https:\/\/www.facebook.com\/profile.php?id=100063093107011\" \/>\n<meta property=\"article:published_time\" content=\"2025-12-01T15:09:15+00:00\" \/>\n<meta property=\"og:image\" content=\"https:\/\/elcardinal.com\/wp-content\/uploads\/2025\/12\/27.11.2025-Toma-de-protesta-enlaces-municipales-63-.jpg\" \/>\n\t<meta property=\"og:image:width\" content=\"1692\" \/>\n\t<meta property=\"og:image:height\" content=\"1800\" \/>\n\t<meta property=\"og:image:type\" content=\"image\/jpeg\" \/>\n<meta name=\"author\" content=\"Antonio Alcaraz\" \/>\n<meta name=\"twitter:card\" content=\"summary_large_image\" \/>\n<meta name=\"twitter:creator\" content=\"@ElCardinal_Mx\" \/>\n<meta name=\"twitter:site\" content=\"@ElCardinal_Mx\" \/>\n<meta name=\"twitter:label1\" content=\"Escrito por\" \/>\n\t<meta name=\"twitter:data1\" content=\"Antonio Alcaraz\" \/>\n\t<meta name=\"twitter:label2\" content=\"Tiempo de lectura\" \/>\n\t<meta name=\"twitter:data2\" content=\"3 minutos\" \/>\n<script type=\"application\/ld+json\" class=\"yoast-schema-graph\">{\"@context\":\"https:\/\/schema.org\",\"@graph\":[{\"@type\":\"Article\",\"@id\":\"https:\/\/elcardinal.com\/?p=5347#article\",\"isPartOf\":{\"@id\":\"https:\/\/elcardinal.com\/?p=5347\"},\"author\":{\"name\":\"Antonio Alcaraz\",\"@id\":\"https:\/\/elcardinal.com\/#\/schema\/person\/3c352ec0a33987fe275c0e8a2ea69f8b\"},\"headline\":\"Enlaces legislativos municipales toman protesta en el Congreso de Hidalgo\",\"datePublished\":\"2025-12-01T15:09:15+00:00\",\"mainEntityOfPage\":{\"@id\":\"https:\/\/elcardinal.com\/?p=5347\"},\"wordCount\":435,\"commentCount\":0,\"publisher\":{\"@id\":\"https:\/\/elcardinal.com\/#organization\"},\"image\":{\"@id\":\"https:\/\/elcardinal.com\/?p=5347#primaryimage\"},\"thumbnailUrl\":\"https:\/\/elcardinal.com\/wp-content\/uploads\/2025\/12\/27.11.2025-Toma-de-protesta-enlaces-municipales-63-.jpg\",\"articleSection\":[\"Minuto a Minuto\",\"Pol\u00edtica\"],\"inLanguage\":\"es\",\"potentialAction\":[{\"@type\":\"CommentAction\",\"name\":\"Comment\",\"target\":[\"https:\/\/elcardinal.com\/?p=5347#respond\"]}]},{\"@type\":\"WebPage\",\"@id\":\"https:\/\/elcardinal.com\/?p=5347\",\"url\":\"https:\/\/elcardinal.com\/?p=5347\",\"name\":\"Enlaces legislativos municipales toman protesta en el Congreso de Hidalgo - El Cardinal\",\"isPartOf\":{\"@id\":\"https:\/\/elcardinal.com\/#website\"},\"primaryImageOfPage\":{\"@id\":\"https:\/\/elcardinal.com\/?p=5347#primaryimage\"},\"image\":{\"@id\":\"https:\/\/elcardinal.com\/?p=5347#primaryimage\"},\"thumbnailUrl\":\"https:\/\/elcardinal.com\/wp-content\/uploads\/2025\/12\/27.11.2025-Toma-de-protesta-enlaces-municipales-63-.jpg\",\"datePublished\":\"2025-12-01T15:09:15+00:00\",\"breadcrumb\":{\"@id\":\"https:\/\/elcardinal.com\/?p=5347#breadcrumb\"},\"inLanguage\":\"es\",\"potentialAction\":[{\"@type\":\"ReadAction\",\"target\":[\"https:\/\/elcardinal.com\/?p=5347\"]}]},{\"@type\":\"ImageObject\",\"inLanguage\":\"es\",\"@id\":\"https:\/\/elcardinal.com\/?p=5347#primaryimage\",\"url\":\"https:\/\/elcardinal.com\/wp-content\/uploads\/2025\/12\/27.11.2025-Toma-de-protesta-enlaces-municipales-63-.jpg\",\"contentUrl\":\"https:\/\/elcardinal.com\/wp-content\/uploads\/2025\/12\/27.11.2025-Toma-de-protesta-enlaces-municipales-63-.jpg\",\"width\":1692,\"height\":1800,\"caption\":\"????????????????\"},{\"@type\":\"BreadcrumbList\",\"@id\":\"https:\/\/elcardinal.com\/?p=5347#breadcrumb\",\"itemListElement\":[{\"@type\":\"ListItem\",\"position\":1,\"name\":\"Inicio\",\"item\":\"https:\/\/elcardinal.com\/\"},{\"@type\":\"ListItem\",\"position\":2,\"name\":\"Enlaces legislativos municipales toman protesta en el Congreso de Hidalgo\"}]},{\"@type\":\"WebSite\",\"@id\":\"https:\/\/elcardinal.com\/#website\",\"url\":\"https:\/\/elcardinal.com\/\",\"name\":\"El Cardinal\",\"description\":\"Periodismo honesto, con valor, sentido humano, a veces sarc\u00e1stico y divertido.\",\"publisher\":{\"@id\":\"https:\/\/elcardinal.com\/#organization\"},\"alternateName\":\"El Cardinal Noticias\",\"potentialAction\":[{\"@type\":\"SearchAction\",\"target\":{\"@type\":\"EntryPoint\",\"urlTemplate\":\"https:\/\/elcardinal.com\/?s={search_term_string}\"},\"query-input\":{\"@type\":\"PropertyValueSpecification\",\"valueRequired\":true,\"valueName\":\"search_term_string\"}}],\"inLanguage\":\"es\"},{\"@type\":\"Organization\",\"@id\":\"https:\/\/elcardinal.com\/#organization\",\"name\":\"El Cardinal\",\"url\":\"https:\/\/elcardinal.com\/\",\"logo\":{\"@type\":\"ImageObject\",\"inLanguage\":\"es\",\"@id\":\"https:\/\/elcardinal.com\/#\/schema\/logo\/image\/\",\"url\":\"https:\/\/elcardinal.com\/wp-content\/uploads\/2025\/04\/LOGO-EL-CARDINAL-Periodismo-con-valor.png\",\"contentUrl\":\"https:\/\/elcardinal.com\/wp-content\/uploads\/2025\/04\/LOGO-EL-CARDINAL-Periodismo-con-valor.png\",\"width\":755,\"height\":636,\"caption\":\"El Cardinal\"},\"image\":{\"@id\":\"https:\/\/elcardinal.com\/#\/schema\/logo\/image\/\"},\"sameAs\":[\"https:\/\/www.facebook.com\/profile.php?id=100063093107011\",\"https:\/\/x.com\/ElCardinal_Mx\"]},{\"@type\":\"Person\",\"@id\":\"https:\/\/elcardinal.com\/#\/schema\/person\/3c352ec0a33987fe275c0e8a2ea69f8b\",\"name\":\"Antonio Alcaraz\",\"image\":{\"@type\":\"ImageObject\",\"inLanguage\":\"es\",\"@id\":\"https:\/\/elcardinal.com\/#\/schema\/person\/image\/\",\"url\":\"https:\/\/elcardinal.com\/wp-content\/uploads\/2025\/05\/cropped-TONO-96x96.jpg\",\"contentUrl\":\"https:\/\/elcardinal.com\/wp-content\/uploads\/2025\/05\/cropped-TONO-96x96.jpg\",\"caption\":\"Antonio Alcaraz\"},\"url\":\"https:\/\/elcardinal.com\/?author=2\"}]}<\/script>\n<!-- \/ Yoast SEO plugin. -->","yoast_head_json":{"title":"Enlaces legislativos municipales toman protesta en el Congreso de Hidalgo - El Cardinal","robots":{"index":"index","follow":"follow","max-snippet":"max-snippet:-1","max-image-preview":"max-image-preview:large","max-video-preview":"max-video-preview:-1"},"canonical":"https:\/\/elcardinal.com\/?p=5347","og_locale":"es_MX","og_type":"article","og_title":"Enlaces legislativos municipales toman protesta en el Congreso de Hidalgo - El Cardinal","og_description":"Redacci\u00f3n El presidente de la Junta de Gobierno del Congreso del Estado Libre y Soberano de Hidalgo, diputado Andr\u00e9s Vel\u00e1zquez V\u00e1zquez tom\u00f3 protesta a las y los nuevos enlaces legislativos municipales, quienes coadyuvar\u00e1n a la coordinaci\u00f3n con los ayuntamientos para el seguimiento puntual de exhortos, minutas, acuerdos econ\u00f3micos y dem\u00e1s informaci\u00f3n remitida desde el Poder","og_url":"https:\/\/elcardinal.com\/?p=5347","og_site_name":"El Cardinal","article_publisher":"https:\/\/www.facebook.com\/profile.php?id=100063093107011","article_published_time":"2025-12-01T15:09:15+00:00","og_image":[{"width":1692,"height":1800,"url":"https:\/\/elcardinal.com\/wp-content\/uploads\/2025\/12\/27.11.2025-Toma-de-protesta-enlaces-municipales-63-.jpg","type":"image\/jpeg"}],"author":"Antonio Alcaraz","twitter_card":"summary_large_image","twitter_creator":"@ElCardinal_Mx","twitter_site":"@ElCardinal_Mx","twitter_misc":{"Escrito por":"Antonio Alcaraz","Tiempo de lectura":"3 minutos"},"schema":{"@context":"https:\/\/schema.org","@graph":[{"@type":"Article","@id":"https:\/\/elcardinal.com\/?p=5347#article","isPartOf":{"@id":"https:\/\/elcardinal.com\/?p=5347"},"author":{"name":"Antonio Alcaraz","@id":"https:\/\/elcardinal.com\/#\/schema\/person\/3c352ec0a33987fe275c0e8a2ea69f8b"},"headline":"Enlaces legislativos municipales toman protesta en el Congreso de Hidalgo","datePublished":"2025-12-01T15:09:15+00:00","mainEntityOfPage":{"@id":"https:\/\/elcardinal.com\/?p=5347"},"wordCount":435,"commentCount":0,"publisher":{"@id":"https:\/\/elcardinal.com\/#organization"},"image":{"@id":"https:\/\/elcardinal.com\/?p=5347#primaryimage"},"thumbnailUrl":"https:\/\/elcardinal.com\/wp-content\/uploads\/2025\/12\/27.11.2025-Toma-de-protesta-enlaces-municipales-63-.jpg","articleSection":["Minuto a Minuto","Pol\u00edtica"],"inLanguage":"es","potentialAction":[{"@type":"CommentAction","name":"Comment","target":["https:\/\/elcardinal.com\/?p=5347#respond"]}]},{"@type":"WebPage","@id":"https:\/\/elcardinal.com\/?p=5347","url":"https:\/\/elcardinal.com\/?p=5347","name":"Enlaces legislativos municipales toman protesta en el Congreso de Hidalgo - El Cardinal","isPartOf":{"@id":"https:\/\/elcardinal.com\/#website"},"primaryImageOfPage":{"@id":"https:\/\/elcardinal.com\/?p=5347#primaryimage"},"image":{"@id":"https:\/\/elcardinal.com\/?p=5347#primaryimage"},"thumbnailUrl":"https:\/\/elcardinal.com\/wp-content\/uploads\/2025\/12\/27.11.2025-Toma-de-protesta-enlaces-municipales-63-.jpg","datePublished":"2025-12-01T15:09:15+00:00","breadcrumb":{"@id":"https:\/\/elcardinal.com\/?p=5347#breadcrumb"},"inLanguage":"es","potentialAction":[{"@type":"ReadAction","target":["https:\/\/elcardinal.com\/?p=5347"]}]},{"@type":"ImageObject","inLanguage":"es","@id":"https:\/\/elcardinal.com\/?p=5347#primaryimage","url":"https:\/\/elcardinal.com\/wp-content\/uploads\/2025\/12\/27.11.2025-Toma-de-protesta-enlaces-municipales-63-.jpg","contentUrl":"https:\/\/elcardinal.com\/wp-content\/uploads\/2025\/12\/27.11.2025-Toma-de-protesta-enlaces-municipales-63-.jpg","width":1692,"height":1800,"caption":"????????????????"},{"@type":"BreadcrumbList","@id":"https:\/\/elcardinal.com\/?p=5347#breadcrumb","itemListElement":[{"@type":"ListItem","position":1,"name":"Inicio","item":"https:\/\/elcardinal.com\/"},{"@type":"ListItem","position":2,"name":"Enlaces legislativos municipales toman protesta en el Congreso de Hidalgo"}]},{"@type":"WebSite","@id":"https:\/\/elcardinal.com\/#website","url":"https:\/\/elcardinal.com\/","name":"El Cardinal","description":"Periodismo honesto, con valor, sentido humano, a veces sarc\u00e1stico y divertido.","publisher":{"@id":"https:\/\/elcardinal.com\/#organization"},"alternateName":"El Cardinal Noticias","potentialAction":[{"@type":"SearchAction","target":{"@type":"EntryPoint","urlTemplate":"https:\/\/elcardinal.com\/?s={search_term_string}"},"query-input":{"@type":"PropertyValueSpecification","valueRequired":true,"valueName":"search_term_string"}}],"inLanguage":"es"},{"@type":"Organization","@id":"https:\/\/elcardinal.com\/#organization","name":"El Cardinal","url":"https:\/\/elcardinal.com\/","logo":{"@type":"ImageObject","inLanguage":"es","@id":"https:\/\/elcardinal.com\/#\/schema\/logo\/image\/","url":"https:\/\/elcardinal.com\/wp-content\/uploads\/2025\/04\/LOGO-EL-CARDINAL-Periodismo-con-valor.png","contentUrl":"https:\/\/elcardinal.com\/wp-content\/uploads\/2025\/04\/LOGO-EL-CARDINAL-Periodismo-con-valor.png","width":755,"height":636,"caption":"El Cardinal"},"image":{"@id":"https:\/\/elcardinal.com\/#\/schema\/logo\/image\/"},"sameAs":["https:\/\/www.facebook.com\/profile.php?id=100063093107011","https:\/\/x.com\/ElCardinal_Mx"]},{"@type":"Person","@id":"https:\/\/elcardinal.com\/#\/schema\/person\/3c352ec0a33987fe275c0e8a2ea69f8b","name":"Antonio Alcaraz","image":{"@type":"ImageObject","inLanguage":"es","@id":"https:\/\/elcardinal.com\/#\/schema\/person\/image\/","url":"https:\/\/elcardinal.com\/wp-content\/uploads\/2025\/05\/cropped-TONO-96x96.jpg","contentUrl":"https:\/\/elcardinal.com\/wp-content\/uploads\/2025\/05\/cropped-TONO-96x96.jpg","caption":"Antonio Alcaraz"},"url":"https:\/\/elcardinal.com\/?author=2"}]}},"_links":{"self":[{"href":"https:\/\/elcardinal.com\/index.php?rest_route=\/wp\/v2\/posts\/5347","targetHints":{"allow":["GET"]}}],"collection":[{"href":"https:\/\/elcardinal.com\/index.php?rest_route=\/wp\/v2\/posts"}],"about":[{"href":"https:\/\/elcardinal.com\/index.php?rest_route=\/wp\/v2\/types\/post"}],"author":[{"embeddable":true,"href":"https:\/\/elcardinal.com\/index.php?rest_route=\/wp\/v2\/users\/2"}],"replies":[{"embeddable":true,"href":"https:\/\/elcardinal.com\/index.php?rest_route=%2Fwp%2Fv2%2Fcomments&post=5347"}],"version-history":[{"count":1,"href":"https:\/\/elcardinal.com\/index.php?rest_route=\/wp\/v2\/posts\/5347\/revisions"}],"predecessor-version":[{"id":5349,"href":"https:\/\/elcardinal.com\/index.php?rest_route=\/wp\/v2\/posts\/5347\/revisions\/5349"}],"wp:featuredmedia":[{"embeddable":true,"href":"https:\/\/elcardinal.com\/index.php?rest_route=\/wp\/v2\/media\/5348"}],"wp:attachment":[{"href":"https:\/\/elcardinal.com\/index.php?rest_route=%2Fwp%2Fv2%2Fmedia&parent=5347"}],"wp:term":[{"taxonomy":"category","embeddable":true,"href":"https:\/\/elcardinal.com\/index.php?rest_route=%2Fwp%2Fv2%2Fcategories&post=5347"},{"taxonomy":"post_tag","embeddable":true,"href":"https:\/\/elcardinal.com\/index.php?rest_route=%2Fwp%2Fv2%2Ftags&post=5347"}],"curies":[{"name":"wp","href":"https:\/\/api.w.org\/{rel}","templated":true}]}}