{"id":5360,"date":"2025-12-05T14:58:23","date_gmt":"2025-12-05T20:58:23","guid":{"rendered":"https:\/\/elcardinal.com\/?p=5360"},"modified":"2025-12-05T14:58:23","modified_gmt":"2025-12-05T20:58:23","slug":"pide-tania-meza-que-candidaturas-de-acciones-afirmativas-vayan-en-distritos-de-alta-rentabilidad","status":"publish","type":"post","link":"https:\/\/elcardinal.com\/?p=5360","title":{"rendered":"Pide Tania Meza que candidaturas de acciones afirmativas vayan en distritos de alta rentabilidad"},"content":{"rendered":"<p style=\"text-align: left;\">Redacci\u00f3n<\/p>\n<p>Durante el Foro Nacional sobre la Reforma Electoral, realizado este viernes en Pachuca, la diputada de Morena, Tania Meza Escorza, propuso que la reforma establezca dos obligaciones fundamentales para los partidos: registrar candidaturas de acciones afirmativas en espacios de mayor\u00eda relativa y asegurar que est\u00e9n ubicadas en distritos de alta rentabilidad.<\/p>\n<p>As\u00ed como destinar presupuesto espec\u00edfico para capacitar a militantes pertenecientes a grupos de atenci\u00f3n prioritaria, no s\u00f3lo en derechos humanos y pol\u00edtica p\u00fablica, sino tambi\u00e9n en herramientas que fortalecen su liderazgo en campa\u00f1as, como oratoria, imagen p\u00fablica o habilidades de comunicaci\u00f3n.<\/p>\n<p>\u201cSi algunas personas no han podido potenciar suficientemente su liderazgo, no es por falta de talento, sino por la falta de oportunidades dentro de sus partidos\u201d, y destac\u00f3 la necesidad de que la pr\u00f3xima reforma garantice los derechos pol\u00edticos de las poblaciones hist\u00f3ricamente excluidas.<\/p>\n<p>La legisladora hidalguense dijo que, ante la posibilidad de cambios en la representaci\u00f3n proporcional, no se puede permitir un retroceso en las acciones afirmativas construidas en el actual sistema electoral.<\/p>\n<p>Meza subray\u00f3 que la reforma, impulsada por el Gobierno de M\u00e9xico mediante foros p\u00fablicos, audiencias y consultas ciudadanas, debe centrarse en fortalecer la inclusi\u00f3n pol\u00edtica, uno de los ejes tem\u00e1ticos m\u00e1s relevantes del debate nacional.<\/p>\n<p>En ese sentido, la diputada advirti\u00f3 que, si la reforma redefine o elimina figuras de representaci\u00f3n proporcional, debe establecerse con claridad el procedimiento que garantice la presencia de grupos de atenci\u00f3n prioritaria en los espacios de toma de decisiones, evitando simulaciones por parte de los partidos pol\u00edticos.<\/p>\n<p>&nbsp;<\/p>\n<p>Record\u00f3 que, as\u00ed como el movimiento feminista impidi\u00f3 que los partidos argumentaran la falta de \u201ccuadros competitivos\u201d para negar candidaturas a mujeres, hoy debe evitarse que se utilice el mismo pretexto para dejar fuera a personas con discapacidad, juventudes, poblaci\u00f3n LGBTIQ+, personas afromexicanas, migrantes, pueblos originarios y adultos mayores.<\/p>\n<p>Aunque centrada en la integraci\u00f3n de congresos locales y federal, la diputada plante\u00f3 que estas medidas tambi\u00e9n se extiendan a regidur\u00edas y cabildos municipales, considerando que los cambios de la reforma podr\u00edan impactar tambi\u00e9n en la conformaci\u00f3n de planillas.<\/p>\n<p>Asimismo, Tania Meza concluy\u00f3 que la reforma electoral que se construye mediante foros y consultas s\u00f3lo ser\u00e1 leg\u00edtima si incluye a todas, todos y todes.<\/p>\n<p>El Foro Nacional sobre la Reforma Electoral en Hidalgo estuvo encabezada por Jos\u00e9 Antonio Pe\u00f1a Merino, secretario de la Agencia de Transformaci\u00f3n Digital y Telecomunicaciones del Gobierno de M\u00e9xico y por Enrique L\u00f3pez, secretario t\u00e9cnico del Despacho del Gobernador Julio Menchaca.<\/p>\n<p>Este proceso nacional de consulta recorre diversas entidades para consolidar una reforma que modernice el sistema electoral, fortalezca la participaci\u00f3n ciudadana, asegure condiciones de equidad y representaci\u00f3n en todo el pa\u00eds.<\/p>\n","protected":false},"excerpt":{"rendered":"<p>Redacci\u00f3n Durante el Foro Nacional sobre la Reforma Electoral, realizado este viernes en Pachuca, la diputada de Morena, Tania Meza Escorza, propuso que la reforma establezca dos obligaciones fundamentales para los partidos: registrar candidaturas de acciones afirmativas en espacios de mayor\u00eda relativa y asegurar que est\u00e9n ubicadas en distritos de alta rentabilidad. As\u00ed como destinar<\/p>\n","protected":false},"author":2,"featured_media":5361,"comment_status":"open","ping_status":"open","sticky":false,"template":"","format":"standard","meta":{"footnotes":""},"categories":[31,44,39],"tags":[],"class_list":{"0":"post-5360","1":"post","2":"type-post","3":"status-publish","4":"format-standard","5":"has-post-thumbnail","7":"category-hidalgo","8":"category-minuto-a-minuto","9":"category-politica"},"yoast_head":"<!-- This site is optimized with the Yoast SEO plugin v26.1.1 - https:\/\/yoast.com\/wordpress\/plugins\/seo\/ -->\n<title>Pide Tania Meza que candidaturas de acciones afirmativas vayan en distritos de alta rentabilidad - El Cardinal<\/title>\n<meta name=\"robots\" content=\"index, follow, max-snippet:-1, max-image-preview:large, max-video-preview:-1\" \/>\n<link rel=\"canonical\" href=\"https:\/\/elcardinal.com\/?p=5360\" \/>\n<meta property=\"og:locale\" content=\"es_MX\" \/>\n<meta property=\"og:type\" content=\"article\" \/>\n<meta property=\"og:title\" content=\"Pide Tania Meza que candidaturas de acciones afirmativas vayan en distritos de alta rentabilidad - El Cardinal\" \/>\n<meta property=\"og:description\" content=\"Redacci\u00f3n Durante el Foro Nacional sobre la Reforma Electoral, realizado este viernes en Pachuca, la diputada de Morena, Tania Meza Escorza, propuso que la reforma establezca dos obligaciones fundamentales para los partidos: registrar candidaturas de acciones afirmativas en espacios de mayor\u00eda relativa y asegurar que est\u00e9n ubicadas en distritos de alta rentabilidad. As\u00ed como destinar\" \/>\n<meta property=\"og:url\" content=\"https:\/\/elcardinal.com\/?p=5360\" \/>\n<meta property=\"og:site_name\" content=\"El Cardinal\" \/>\n<meta property=\"article:publisher\" content=\"https:\/\/www.facebook.com\/profile.php?id=100063093107011\" \/>\n<meta property=\"article:published_time\" content=\"2025-12-05T20:58:23+00:00\" \/>\n<meta property=\"og:image\" content=\"https:\/\/elcardinal.com\/wp-content\/uploads\/2025\/12\/IMG-20251205-WA0061.jpg\" \/>\n\t<meta property=\"og:image:width\" content=\"1600\" \/>\n\t<meta property=\"og:image:height\" content=\"1200\" \/>\n\t<meta property=\"og:image:type\" content=\"image\/jpeg\" \/>\n<meta name=\"author\" content=\"Antonio Alcaraz\" \/>\n<meta name=\"twitter:card\" content=\"summary_large_image\" \/>\n<meta name=\"twitter:creator\" content=\"@ElCardinal_Mx\" \/>\n<meta name=\"twitter:site\" content=\"@ElCardinal_Mx\" \/>\n<meta name=\"twitter:label1\" content=\"Escrito por\" \/>\n\t<meta name=\"twitter:data1\" content=\"Antonio Alcaraz\" \/>\n\t<meta name=\"twitter:label2\" content=\"Tiempo de lectura\" \/>\n\t<meta name=\"twitter:data2\" content=\"3 minutos\" \/>\n<script type=\"application\/ld+json\" class=\"yoast-schema-graph\">{\"@context\":\"https:\/\/schema.org\",\"@graph\":[{\"@type\":\"Article\",\"@id\":\"https:\/\/elcardinal.com\/?p=5360#article\",\"isPartOf\":{\"@id\":\"https:\/\/elcardinal.com\/?p=5360\"},\"author\":{\"name\":\"Antonio Alcaraz\",\"@id\":\"https:\/\/elcardinal.com\/#\/schema\/person\/3c352ec0a33987fe275c0e8a2ea69f8b\"},\"headline\":\"Pide Tania Meza que candidaturas de acciones afirmativas vayan en distritos de alta rentabilidad\",\"datePublished\":\"2025-12-05T20:58:23+00:00\",\"mainEntityOfPage\":{\"@id\":\"https:\/\/elcardinal.com\/?p=5360\"},\"wordCount\":491,\"commentCount\":0,\"publisher\":{\"@id\":\"https:\/\/elcardinal.com\/#organization\"},\"image\":{\"@id\":\"https:\/\/elcardinal.com\/?p=5360#primaryimage\"},\"thumbnailUrl\":\"https:\/\/elcardinal.com\/wp-content\/uploads\/2025\/12\/IMG-20251205-WA0061.jpg\",\"articleSection\":[\"Hidalgo\",\"Minuto a Minuto\",\"Pol\u00edtica\"],\"inLanguage\":\"es\",\"potentialAction\":[{\"@type\":\"CommentAction\",\"name\":\"Comment\",\"target\":[\"https:\/\/elcardinal.com\/?p=5360#respond\"]}]},{\"@type\":\"WebPage\",\"@id\":\"https:\/\/elcardinal.com\/?p=5360\",\"url\":\"https:\/\/elcardinal.com\/?p=5360\",\"name\":\"Pide Tania Meza que candidaturas de acciones afirmativas vayan en distritos de alta rentabilidad - El Cardinal\",\"isPartOf\":{\"@id\":\"https:\/\/elcardinal.com\/#website\"},\"primaryImageOfPage\":{\"@id\":\"https:\/\/elcardinal.com\/?p=5360#primaryimage\"},\"image\":{\"@id\":\"https:\/\/elcardinal.com\/?p=5360#primaryimage\"},\"thumbnailUrl\":\"https:\/\/elcardinal.com\/wp-content\/uploads\/2025\/12\/IMG-20251205-WA0061.jpg\",\"datePublished\":\"2025-12-05T20:58:23+00:00\",\"breadcrumb\":{\"@id\":\"https:\/\/elcardinal.com\/?p=5360#breadcrumb\"},\"inLanguage\":\"es\",\"potentialAction\":[{\"@type\":\"ReadAction\",\"target\":[\"https:\/\/elcardinal.com\/?p=5360\"]}]},{\"@type\":\"ImageObject\",\"inLanguage\":\"es\",\"@id\":\"https:\/\/elcardinal.com\/?p=5360#primaryimage\",\"url\":\"https:\/\/elcardinal.com\/wp-content\/uploads\/2025\/12\/IMG-20251205-WA0061.jpg\",\"contentUrl\":\"https:\/\/elcardinal.com\/wp-content\/uploads\/2025\/12\/IMG-20251205-WA0061.jpg\",\"width\":1600,\"height\":1200},{\"@type\":\"BreadcrumbList\",\"@id\":\"https:\/\/elcardinal.com\/?p=5360#breadcrumb\",\"itemListElement\":[{\"@type\":\"ListItem\",\"position\":1,\"name\":\"Inicio\",\"item\":\"https:\/\/elcardinal.com\/\"},{\"@type\":\"ListItem\",\"position\":2,\"name\":\"Pide Tania Meza que candidaturas de acciones afirmativas vayan en distritos de alta rentabilidad\"}]},{\"@type\":\"WebSite\",\"@id\":\"https:\/\/elcardinal.com\/#website\",\"url\":\"https:\/\/elcardinal.com\/\",\"name\":\"El Cardinal\",\"description\":\"Periodismo honesto, con valor, sentido humano, a veces sarc\u00e1stico y divertido.\",\"publisher\":{\"@id\":\"https:\/\/elcardinal.com\/#organization\"},\"alternateName\":\"El Cardinal Noticias\",\"potentialAction\":[{\"@type\":\"SearchAction\",\"target\":{\"@type\":\"EntryPoint\",\"urlTemplate\":\"https:\/\/elcardinal.com\/?s={search_term_string}\"},\"query-input\":{\"@type\":\"PropertyValueSpecification\",\"valueRequired\":true,\"valueName\":\"search_term_string\"}}],\"inLanguage\":\"es\"},{\"@type\":\"Organization\",\"@id\":\"https:\/\/elcardinal.com\/#organization\",\"name\":\"El Cardinal\",\"url\":\"https:\/\/elcardinal.com\/\",\"logo\":{\"@type\":\"ImageObject\",\"inLanguage\":\"es\",\"@id\":\"https:\/\/elcardinal.com\/#\/schema\/logo\/image\/\",\"url\":\"https:\/\/elcardinal.com\/wp-content\/uploads\/2025\/04\/LOGO-EL-CARDINAL-Periodismo-con-valor.png\",\"contentUrl\":\"https:\/\/elcardinal.com\/wp-content\/uploads\/2025\/04\/LOGO-EL-CARDINAL-Periodismo-con-valor.png\",\"width\":755,\"height\":636,\"caption\":\"El Cardinal\"},\"image\":{\"@id\":\"https:\/\/elcardinal.com\/#\/schema\/logo\/image\/\"},\"sameAs\":[\"https:\/\/www.facebook.com\/profile.php?id=100063093107011\",\"https:\/\/x.com\/ElCardinal_Mx\"]},{\"@type\":\"Person\",\"@id\":\"https:\/\/elcardinal.com\/#\/schema\/person\/3c352ec0a33987fe275c0e8a2ea69f8b\",\"name\":\"Antonio Alcaraz\",\"image\":{\"@type\":\"ImageObject\",\"inLanguage\":\"es\",\"@id\":\"https:\/\/elcardinal.com\/#\/schema\/person\/image\/\",\"url\":\"https:\/\/elcardinal.com\/wp-content\/uploads\/2025\/05\/cropped-TONO-96x96.jpg\",\"contentUrl\":\"https:\/\/elcardinal.com\/wp-content\/uploads\/2025\/05\/cropped-TONO-96x96.jpg\",\"caption\":\"Antonio Alcaraz\"},\"url\":\"https:\/\/elcardinal.com\/?author=2\"}]}<\/script>\n<!-- \/ Yoast SEO plugin. -->","yoast_head_json":{"title":"Pide Tania Meza que candidaturas de acciones afirmativas vayan en distritos de alta rentabilidad - El Cardinal","robots":{"index":"index","follow":"follow","max-snippet":"max-snippet:-1","max-image-preview":"max-image-preview:large","max-video-preview":"max-video-preview:-1"},"canonical":"https:\/\/elcardinal.com\/?p=5360","og_locale":"es_MX","og_type":"article","og_title":"Pide Tania Meza que candidaturas de acciones afirmativas vayan en distritos de alta rentabilidad - El Cardinal","og_description":"Redacci\u00f3n Durante el Foro Nacional sobre la Reforma Electoral, realizado este viernes en Pachuca, la diputada de Morena, Tania Meza Escorza, propuso que la reforma establezca dos obligaciones fundamentales para los partidos: registrar candidaturas de acciones afirmativas en espacios de mayor\u00eda relativa y asegurar que est\u00e9n ubicadas en distritos de alta rentabilidad. As\u00ed como destinar","og_url":"https:\/\/elcardinal.com\/?p=5360","og_site_name":"El Cardinal","article_publisher":"https:\/\/www.facebook.com\/profile.php?id=100063093107011","article_published_time":"2025-12-05T20:58:23+00:00","og_image":[{"width":1600,"height":1200,"url":"https:\/\/elcardinal.com\/wp-content\/uploads\/2025\/12\/IMG-20251205-WA0061.jpg","type":"image\/jpeg"}],"author":"Antonio Alcaraz","twitter_card":"summary_large_image","twitter_creator":"@ElCardinal_Mx","twitter_site":"@ElCardinal_Mx","twitter_misc":{"Escrito por":"Antonio Alcaraz","Tiempo de lectura":"3 minutos"},"schema":{"@context":"https:\/\/schema.org","@graph":[{"@type":"Article","@id":"https:\/\/elcardinal.com\/?p=5360#article","isPartOf":{"@id":"https:\/\/elcardinal.com\/?p=5360"},"author":{"name":"Antonio Alcaraz","@id":"https:\/\/elcardinal.com\/#\/schema\/person\/3c352ec0a33987fe275c0e8a2ea69f8b"},"headline":"Pide Tania Meza que candidaturas de acciones afirmativas vayan en distritos de alta rentabilidad","datePublished":"2025-12-05T20:58:23+00:00","mainEntityOfPage":{"@id":"https:\/\/elcardinal.com\/?p=5360"},"wordCount":491,"commentCount":0,"publisher":{"@id":"https:\/\/elcardinal.com\/#organization"},"image":{"@id":"https:\/\/elcardinal.com\/?p=5360#primaryimage"},"thumbnailUrl":"https:\/\/elcardinal.com\/wp-content\/uploads\/2025\/12\/IMG-20251205-WA0061.jpg","articleSection":["Hidalgo","Minuto a Minuto","Pol\u00edtica"],"inLanguage":"es","potentialAction":[{"@type":"CommentAction","name":"Comment","target":["https:\/\/elcardinal.com\/?p=5360#respond"]}]},{"@type":"WebPage","@id":"https:\/\/elcardinal.com\/?p=5360","url":"https:\/\/elcardinal.com\/?p=5360","name":"Pide Tania Meza que candidaturas de acciones afirmativas vayan en distritos de alta rentabilidad - El Cardinal","isPartOf":{"@id":"https:\/\/elcardinal.com\/#website"},"primaryImageOfPage":{"@id":"https:\/\/elcardinal.com\/?p=5360#primaryimage"},"image":{"@id":"https:\/\/elcardinal.com\/?p=5360#primaryimage"},"thumbnailUrl":"https:\/\/elcardinal.com\/wp-content\/uploads\/2025\/12\/IMG-20251205-WA0061.jpg","datePublished":"2025-12-05T20:58:23+00:00","breadcrumb":{"@id":"https:\/\/elcardinal.com\/?p=5360#breadcrumb"},"inLanguage":"es","potentialAction":[{"@type":"ReadAction","target":["https:\/\/elcardinal.com\/?p=5360"]}]},{"@type":"ImageObject","inLanguage":"es","@id":"https:\/\/elcardinal.com\/?p=5360#primaryimage","url":"https:\/\/elcardinal.com\/wp-content\/uploads\/2025\/12\/IMG-20251205-WA0061.jpg","contentUrl":"https:\/\/elcardinal.com\/wp-content\/uploads\/2025\/12\/IMG-20251205-WA0061.jpg","width":1600,"height":1200},{"@type":"BreadcrumbList","@id":"https:\/\/elcardinal.com\/?p=5360#breadcrumb","itemListElement":[{"@type":"ListItem","position":1,"name":"Inicio","item":"https:\/\/elcardinal.com\/"},{"@type":"ListItem","position":2,"name":"Pide Tania Meza que candidaturas de acciones afirmativas vayan en distritos de alta rentabilidad"}]},{"@type":"WebSite","@id":"https:\/\/elcardinal.com\/#website","url":"https:\/\/elcardinal.com\/","name":"El Cardinal","description":"Periodismo honesto, con valor, sentido humano, a veces sarc\u00e1stico y divertido.","publisher":{"@id":"https:\/\/elcardinal.com\/#organization"},"alternateName":"El Cardinal Noticias","potentialAction":[{"@type":"SearchAction","target":{"@type":"EntryPoint","urlTemplate":"https:\/\/elcardinal.com\/?s={search_term_string}"},"query-input":{"@type":"PropertyValueSpecification","valueRequired":true,"valueName":"search_term_string"}}],"inLanguage":"es"},{"@type":"Organization","@id":"https:\/\/elcardinal.com\/#organization","name":"El Cardinal","url":"https:\/\/elcardinal.com\/","logo":{"@type":"ImageObject","inLanguage":"es","@id":"https:\/\/elcardinal.com\/#\/schema\/logo\/image\/","url":"https:\/\/elcardinal.com\/wp-content\/uploads\/2025\/04\/LOGO-EL-CARDINAL-Periodismo-con-valor.png","contentUrl":"https:\/\/elcardinal.com\/wp-content\/uploads\/2025\/04\/LOGO-EL-CARDINAL-Periodismo-con-valor.png","width":755,"height":636,"caption":"El Cardinal"},"image":{"@id":"https:\/\/elcardinal.com\/#\/schema\/logo\/image\/"},"sameAs":["https:\/\/www.facebook.com\/profile.php?id=100063093107011","https:\/\/x.com\/ElCardinal_Mx"]},{"@type":"Person","@id":"https:\/\/elcardinal.com\/#\/schema\/person\/3c352ec0a33987fe275c0e8a2ea69f8b","name":"Antonio Alcaraz","image":{"@type":"ImageObject","inLanguage":"es","@id":"https:\/\/elcardinal.com\/#\/schema\/person\/image\/","url":"https:\/\/elcardinal.com\/wp-content\/uploads\/2025\/05\/cropped-TONO-96x96.jpg","contentUrl":"https:\/\/elcardinal.com\/wp-content\/uploads\/2025\/05\/cropped-TONO-96x96.jpg","caption":"Antonio Alcaraz"},"url":"https:\/\/elcardinal.com\/?author=2"}]}},"_links":{"self":[{"href":"https:\/\/elcardinal.com\/index.php?rest_route=\/wp\/v2\/posts\/5360","targetHints":{"allow":["GET"]}}],"collection":[{"href":"https:\/\/elcardinal.com\/index.php?rest_route=\/wp\/v2\/posts"}],"about":[{"href":"https:\/\/elcardinal.com\/index.php?rest_route=\/wp\/v2\/types\/post"}],"author":[{"embeddable":true,"href":"https:\/\/elcardinal.com\/index.php?rest_route=\/wp\/v2\/users\/2"}],"replies":[{"embeddable":true,"href":"https:\/\/elcardinal.com\/index.php?rest_route=%2Fwp%2Fv2%2Fcomments&post=5360"}],"version-history":[{"count":1,"href":"https:\/\/elcardinal.com\/index.php?rest_route=\/wp\/v2\/posts\/5360\/revisions"}],"predecessor-version":[{"id":5362,"href":"https:\/\/elcardinal.com\/index.php?rest_route=\/wp\/v2\/posts\/5360\/revisions\/5362"}],"wp:featuredmedia":[{"embeddable":true,"href":"https:\/\/elcardinal.com\/index.php?rest_route=\/wp\/v2\/media\/5361"}],"wp:attachment":[{"href":"https:\/\/elcardinal.com\/index.php?rest_route=%2Fwp%2Fv2%2Fmedia&parent=5360"}],"wp:term":[{"taxonomy":"category","embeddable":true,"href":"https:\/\/elcardinal.com\/index.php?rest_route=%2Fwp%2Fv2%2Fcategories&post=5360"},{"taxonomy":"post_tag","embeddable":true,"href":"https:\/\/elcardinal.com\/index.php?rest_route=%2Fwp%2Fv2%2Ftags&post=5360"}],"curies":[{"name":"wp","href":"https:\/\/api.w.org\/{rel}","templated":true}]}}