{"id":5363,"date":"2025-12-09T15:24:28","date_gmt":"2025-12-09T21:24:28","guid":{"rendered":"https:\/\/elcardinal.com\/?p=5363"},"modified":"2025-12-09T15:24:28","modified_gmt":"2025-12-09T21:24:28","slug":"por-primera-vez-sera-publico-el-nombre-de-deudores-alimentarios-en-hidalgo","status":"publish","type":"post","link":"https:\/\/elcardinal.com\/?p=5363","title":{"rendered":"Por primera vez, ser\u00e1 p\u00fablico el nombre de deudores alimentarios en Hidalgo"},"content":{"rendered":"<p style=\"text-align: left;\">Redacci\u00f3n<\/p>\n<p>El Congreso del Estado de Hidalgo aprob\u00f3 la iniciativa para reformar el art\u00edculo 141 Bis de la Ley para la Familia, con lo cual el Registro de Deudoras y Deudores Alimentarios Morosos ser\u00e1 p\u00fablico, marcando un paso hist\u00f3rico en la defensa de los derechos de ni\u00f1as, ni\u00f1os y adolescentes.<\/p>\n<p>La reforma establece que toda persona obligada a otorgar pensi\u00f3n alimenticia que incumpla durante 90 d\u00edas, consecutivos o no dentro de un a\u00f1o, ser\u00e1 inscrita en dicho Registro, salvo que acredite estar al corriente o cubra la deuda correspondiente. Una vez confirmado el incumplimiento, el Juez de lo Familiar deber\u00e1 ordenar de inmediato la inscripci\u00f3n.<\/p>\n<p>Con esta modificaci\u00f3n, Hidalgo avanza hacia la transparencia en un tema que por a\u00f1os permaneci\u00f3 invisibilizado: la violencia econ\u00f3mica ejercida contra quienes dependen de esta pensi\u00f3n para su desarrollo integral.<\/p>\n<p>La diputada Tania Meza Escorza, impulsora de la propuesta, destac\u00f3 que la reforma responde a una exigencia social que ha sido encabezada especialmente por mujeres y colectivas que luchan contra la violencia econ\u00f3mica.<\/p>\n<p>\u201cEsto es justicia. Visibilizar a quienes incumplen con su obligaci\u00f3n alimentaria es dejar de normalizar una forma de violencia que afecta directamente a las infancias. Hidalgo no puede seguir ignorando esta realidad\u201d, expres\u00f3 la legisladora.<\/p>\n<p>Record\u00f3 que estados como Oaxaca, Coahuila, Puebla y la Ciudad de M\u00e9xico ya cuentan con registros p\u00fablicos y han demostrado que estas medidas fortalecen la protecci\u00f3n de los derechos de la ni\u00f1ez y reducen la impunidad.<\/p>\n<p>&nbsp;<\/p>\n<p>&nbsp;<\/p>\n<p>El Registro ser\u00e1 p\u00fablico sin vulnerar datos personales, pues se regir\u00e1 bajo lo estipulado en las leyes en materia de protecci\u00f3n de datos en posesi\u00f3n de sujetos obligados. Su objetivo es garantizar que la ciudadan\u00eda conozca qui\u00e9nes han evadido una responsabilidad legal que repercute directamente en el bienestar de ni\u00f1as, ni\u00f1os y adolescentes.<\/p>\n<p>Con esta aprobaci\u00f3n, Hidalgo se suma a los esfuerzos nacionales inspirados por la Ley Sabina, que busca combatir la violencia econ\u00f3mica y vicaria mediante mecanismos institucionales m\u00e1s eficaces.<\/p>\n","protected":false},"excerpt":{"rendered":"<p>Redacci\u00f3n El Congreso del Estado de Hidalgo aprob\u00f3 la iniciativa para reformar el art\u00edculo 141 Bis de la Ley para la Familia, con lo cual el Registro de Deudoras y Deudores Alimentarios Morosos ser\u00e1 p\u00fablico, marcando un paso hist\u00f3rico en la defensa de los derechos de ni\u00f1as, ni\u00f1os y adolescentes. La reforma establece que toda<\/p>\n","protected":false},"author":2,"featured_media":5364,"comment_status":"open","ping_status":"open","sticky":false,"template":"","format":"standard","meta":{"footnotes":""},"categories":[31,44,39],"tags":[],"class_list":{"0":"post-5363","1":"post","2":"type-post","3":"status-publish","4":"format-standard","5":"has-post-thumbnail","7":"category-hidalgo","8":"category-minuto-a-minuto","9":"category-politica"},"yoast_head":"<!-- This site is optimized with the Yoast SEO plugin v26.1.1 - https:\/\/yoast.com\/wordpress\/plugins\/seo\/ -->\n<title>Por primera vez, ser\u00e1 p\u00fablico el nombre de deudores alimentarios en Hidalgo - El Cardinal<\/title>\n<meta name=\"robots\" content=\"index, follow, max-snippet:-1, max-image-preview:large, max-video-preview:-1\" \/>\n<link rel=\"canonical\" href=\"https:\/\/elcardinal.com\/?p=5363\" \/>\n<meta property=\"og:locale\" content=\"es_MX\" \/>\n<meta property=\"og:type\" content=\"article\" \/>\n<meta property=\"og:title\" content=\"Por primera vez, ser\u00e1 p\u00fablico el nombre de deudores alimentarios en Hidalgo - El Cardinal\" \/>\n<meta property=\"og:description\" content=\"Redacci\u00f3n El Congreso del Estado de Hidalgo aprob\u00f3 la iniciativa para reformar el art\u00edculo 141 Bis de la Ley para la Familia, con lo cual el Registro de Deudoras y Deudores Alimentarios Morosos ser\u00e1 p\u00fablico, marcando un paso hist\u00f3rico en la defensa de los derechos de ni\u00f1as, ni\u00f1os y adolescentes. La reforma establece que toda\" \/>\n<meta property=\"og:url\" content=\"https:\/\/elcardinal.com\/?p=5363\" \/>\n<meta property=\"og:site_name\" content=\"El Cardinal\" \/>\n<meta property=\"article:publisher\" content=\"https:\/\/www.facebook.com\/profile.php?id=100063093107011\" \/>\n<meta property=\"article:published_time\" content=\"2025-12-09T21:24:28+00:00\" \/>\n<meta property=\"og:image\" content=\"https:\/\/elcardinal.com\/wp-content\/uploads\/2025\/12\/IMG-20251209-WA0060.jpg\" \/>\n\t<meta property=\"og:image:width\" content=\"853\" \/>\n\t<meta property=\"og:image:height\" content=\"1280\" \/>\n\t<meta property=\"og:image:type\" content=\"image\/jpeg\" \/>\n<meta name=\"author\" content=\"Antonio Alcaraz\" \/>\n<meta name=\"twitter:card\" content=\"summary_large_image\" \/>\n<meta name=\"twitter:creator\" content=\"@ElCardinal_Mx\" \/>\n<meta name=\"twitter:site\" content=\"@ElCardinal_Mx\" \/>\n<meta name=\"twitter:label1\" content=\"Escrito por\" \/>\n\t<meta name=\"twitter:data1\" content=\"Antonio Alcaraz\" \/>\n\t<meta name=\"twitter:label2\" content=\"Tiempo de lectura\" \/>\n\t<meta name=\"twitter:data2\" content=\"2 minutos\" \/>\n<script type=\"application\/ld+json\" class=\"yoast-schema-graph\">{\"@context\":\"https:\/\/schema.org\",\"@graph\":[{\"@type\":\"Article\",\"@id\":\"https:\/\/elcardinal.com\/?p=5363#article\",\"isPartOf\":{\"@id\":\"https:\/\/elcardinal.com\/?p=5363\"},\"author\":{\"name\":\"Antonio Alcaraz\",\"@id\":\"https:\/\/elcardinal.com\/#\/schema\/person\/3c352ec0a33987fe275c0e8a2ea69f8b\"},\"headline\":\"Por primera vez, ser\u00e1 p\u00fablico el nombre de deudores alimentarios en Hidalgo\",\"datePublished\":\"2025-12-09T21:24:28+00:00\",\"mainEntityOfPage\":{\"@id\":\"https:\/\/elcardinal.com\/?p=5363\"},\"wordCount\":363,\"commentCount\":0,\"publisher\":{\"@id\":\"https:\/\/elcardinal.com\/#organization\"},\"image\":{\"@id\":\"https:\/\/elcardinal.com\/?p=5363#primaryimage\"},\"thumbnailUrl\":\"https:\/\/elcardinal.com\/wp-content\/uploads\/2025\/12\/IMG-20251209-WA0060.jpg\",\"articleSection\":[\"Hidalgo\",\"Minuto a Minuto\",\"Pol\u00edtica\"],\"inLanguage\":\"es\",\"potentialAction\":[{\"@type\":\"CommentAction\",\"name\":\"Comment\",\"target\":[\"https:\/\/elcardinal.com\/?p=5363#respond\"]}]},{\"@type\":\"WebPage\",\"@id\":\"https:\/\/elcardinal.com\/?p=5363\",\"url\":\"https:\/\/elcardinal.com\/?p=5363\",\"name\":\"Por primera vez, ser\u00e1 p\u00fablico el nombre de deudores alimentarios en Hidalgo - El Cardinal\",\"isPartOf\":{\"@id\":\"https:\/\/elcardinal.com\/#website\"},\"primaryImageOfPage\":{\"@id\":\"https:\/\/elcardinal.com\/?p=5363#primaryimage\"},\"image\":{\"@id\":\"https:\/\/elcardinal.com\/?p=5363#primaryimage\"},\"thumbnailUrl\":\"https:\/\/elcardinal.com\/wp-content\/uploads\/2025\/12\/IMG-20251209-WA0060.jpg\",\"datePublished\":\"2025-12-09T21:24:28+00:00\",\"breadcrumb\":{\"@id\":\"https:\/\/elcardinal.com\/?p=5363#breadcrumb\"},\"inLanguage\":\"es\",\"potentialAction\":[{\"@type\":\"ReadAction\",\"target\":[\"https:\/\/elcardinal.com\/?p=5363\"]}]},{\"@type\":\"ImageObject\",\"inLanguage\":\"es\",\"@id\":\"https:\/\/elcardinal.com\/?p=5363#primaryimage\",\"url\":\"https:\/\/elcardinal.com\/wp-content\/uploads\/2025\/12\/IMG-20251209-WA0060.jpg\",\"contentUrl\":\"https:\/\/elcardinal.com\/wp-content\/uploads\/2025\/12\/IMG-20251209-WA0060.jpg\",\"width\":853,\"height\":1280},{\"@type\":\"BreadcrumbList\",\"@id\":\"https:\/\/elcardinal.com\/?p=5363#breadcrumb\",\"itemListElement\":[{\"@type\":\"ListItem\",\"position\":1,\"name\":\"Inicio\",\"item\":\"https:\/\/elcardinal.com\/\"},{\"@type\":\"ListItem\",\"position\":2,\"name\":\"Por primera vez, ser\u00e1 p\u00fablico el nombre de deudores alimentarios en Hidalgo\"}]},{\"@type\":\"WebSite\",\"@id\":\"https:\/\/elcardinal.com\/#website\",\"url\":\"https:\/\/elcardinal.com\/\",\"name\":\"El Cardinal\",\"description\":\"Periodismo honesto, con valor, sentido humano, a veces sarc\u00e1stico y divertido.\",\"publisher\":{\"@id\":\"https:\/\/elcardinal.com\/#organization\"},\"alternateName\":\"El Cardinal Noticias\",\"potentialAction\":[{\"@type\":\"SearchAction\",\"target\":{\"@type\":\"EntryPoint\",\"urlTemplate\":\"https:\/\/elcardinal.com\/?s={search_term_string}\"},\"query-input\":{\"@type\":\"PropertyValueSpecification\",\"valueRequired\":true,\"valueName\":\"search_term_string\"}}],\"inLanguage\":\"es\"},{\"@type\":\"Organization\",\"@id\":\"https:\/\/elcardinal.com\/#organization\",\"name\":\"El Cardinal\",\"url\":\"https:\/\/elcardinal.com\/\",\"logo\":{\"@type\":\"ImageObject\",\"inLanguage\":\"es\",\"@id\":\"https:\/\/elcardinal.com\/#\/schema\/logo\/image\/\",\"url\":\"https:\/\/elcardinal.com\/wp-content\/uploads\/2025\/04\/LOGO-EL-CARDINAL-Periodismo-con-valor.png\",\"contentUrl\":\"https:\/\/elcardinal.com\/wp-content\/uploads\/2025\/04\/LOGO-EL-CARDINAL-Periodismo-con-valor.png\",\"width\":755,\"height\":636,\"caption\":\"El Cardinal\"},\"image\":{\"@id\":\"https:\/\/elcardinal.com\/#\/schema\/logo\/image\/\"},\"sameAs\":[\"https:\/\/www.facebook.com\/profile.php?id=100063093107011\",\"https:\/\/x.com\/ElCardinal_Mx\"]},{\"@type\":\"Person\",\"@id\":\"https:\/\/elcardinal.com\/#\/schema\/person\/3c352ec0a33987fe275c0e8a2ea69f8b\",\"name\":\"Antonio Alcaraz\",\"image\":{\"@type\":\"ImageObject\",\"inLanguage\":\"es\",\"@id\":\"https:\/\/elcardinal.com\/#\/schema\/person\/image\/\",\"url\":\"https:\/\/elcardinal.com\/wp-content\/uploads\/2025\/05\/cropped-TONO-96x96.jpg\",\"contentUrl\":\"https:\/\/elcardinal.com\/wp-content\/uploads\/2025\/05\/cropped-TONO-96x96.jpg\",\"caption\":\"Antonio Alcaraz\"},\"url\":\"https:\/\/elcardinal.com\/?author=2\"}]}<\/script>\n<!-- \/ Yoast SEO plugin. -->","yoast_head_json":{"title":"Por primera vez, ser\u00e1 p\u00fablico el nombre de deudores alimentarios en Hidalgo - El Cardinal","robots":{"index":"index","follow":"follow","max-snippet":"max-snippet:-1","max-image-preview":"max-image-preview:large","max-video-preview":"max-video-preview:-1"},"canonical":"https:\/\/elcardinal.com\/?p=5363","og_locale":"es_MX","og_type":"article","og_title":"Por primera vez, ser\u00e1 p\u00fablico el nombre de deudores alimentarios en Hidalgo - El Cardinal","og_description":"Redacci\u00f3n El Congreso del Estado de Hidalgo aprob\u00f3 la iniciativa para reformar el art\u00edculo 141 Bis de la Ley para la Familia, con lo cual el Registro de Deudoras y Deudores Alimentarios Morosos ser\u00e1 p\u00fablico, marcando un paso hist\u00f3rico en la defensa de los derechos de ni\u00f1as, ni\u00f1os y adolescentes. La reforma establece que toda","og_url":"https:\/\/elcardinal.com\/?p=5363","og_site_name":"El Cardinal","article_publisher":"https:\/\/www.facebook.com\/profile.php?id=100063093107011","article_published_time":"2025-12-09T21:24:28+00:00","og_image":[{"width":853,"height":1280,"url":"https:\/\/elcardinal.com\/wp-content\/uploads\/2025\/12\/IMG-20251209-WA0060.jpg","type":"image\/jpeg"}],"author":"Antonio Alcaraz","twitter_card":"summary_large_image","twitter_creator":"@ElCardinal_Mx","twitter_site":"@ElCardinal_Mx","twitter_misc":{"Escrito por":"Antonio Alcaraz","Tiempo de lectura":"2 minutos"},"schema":{"@context":"https:\/\/schema.org","@graph":[{"@type":"Article","@id":"https:\/\/elcardinal.com\/?p=5363#article","isPartOf":{"@id":"https:\/\/elcardinal.com\/?p=5363"},"author":{"name":"Antonio Alcaraz","@id":"https:\/\/elcardinal.com\/#\/schema\/person\/3c352ec0a33987fe275c0e8a2ea69f8b"},"headline":"Por primera vez, ser\u00e1 p\u00fablico el nombre de deudores alimentarios en Hidalgo","datePublished":"2025-12-09T21:24:28+00:00","mainEntityOfPage":{"@id":"https:\/\/elcardinal.com\/?p=5363"},"wordCount":363,"commentCount":0,"publisher":{"@id":"https:\/\/elcardinal.com\/#organization"},"image":{"@id":"https:\/\/elcardinal.com\/?p=5363#primaryimage"},"thumbnailUrl":"https:\/\/elcardinal.com\/wp-content\/uploads\/2025\/12\/IMG-20251209-WA0060.jpg","articleSection":["Hidalgo","Minuto a Minuto","Pol\u00edtica"],"inLanguage":"es","potentialAction":[{"@type":"CommentAction","name":"Comment","target":["https:\/\/elcardinal.com\/?p=5363#respond"]}]},{"@type":"WebPage","@id":"https:\/\/elcardinal.com\/?p=5363","url":"https:\/\/elcardinal.com\/?p=5363","name":"Por primera vez, ser\u00e1 p\u00fablico el nombre de deudores alimentarios en Hidalgo - El Cardinal","isPartOf":{"@id":"https:\/\/elcardinal.com\/#website"},"primaryImageOfPage":{"@id":"https:\/\/elcardinal.com\/?p=5363#primaryimage"},"image":{"@id":"https:\/\/elcardinal.com\/?p=5363#primaryimage"},"thumbnailUrl":"https:\/\/elcardinal.com\/wp-content\/uploads\/2025\/12\/IMG-20251209-WA0060.jpg","datePublished":"2025-12-09T21:24:28+00:00","breadcrumb":{"@id":"https:\/\/elcardinal.com\/?p=5363#breadcrumb"},"inLanguage":"es","potentialAction":[{"@type":"ReadAction","target":["https:\/\/elcardinal.com\/?p=5363"]}]},{"@type":"ImageObject","inLanguage":"es","@id":"https:\/\/elcardinal.com\/?p=5363#primaryimage","url":"https:\/\/elcardinal.com\/wp-content\/uploads\/2025\/12\/IMG-20251209-WA0060.jpg","contentUrl":"https:\/\/elcardinal.com\/wp-content\/uploads\/2025\/12\/IMG-20251209-WA0060.jpg","width":853,"height":1280},{"@type":"BreadcrumbList","@id":"https:\/\/elcardinal.com\/?p=5363#breadcrumb","itemListElement":[{"@type":"ListItem","position":1,"name":"Inicio","item":"https:\/\/elcardinal.com\/"},{"@type":"ListItem","position":2,"name":"Por primera vez, ser\u00e1 p\u00fablico el nombre de deudores alimentarios en Hidalgo"}]},{"@type":"WebSite","@id":"https:\/\/elcardinal.com\/#website","url":"https:\/\/elcardinal.com\/","name":"El Cardinal","description":"Periodismo honesto, con valor, sentido humano, a veces sarc\u00e1stico y divertido.","publisher":{"@id":"https:\/\/elcardinal.com\/#organization"},"alternateName":"El Cardinal Noticias","potentialAction":[{"@type":"SearchAction","target":{"@type":"EntryPoint","urlTemplate":"https:\/\/elcardinal.com\/?s={search_term_string}"},"query-input":{"@type":"PropertyValueSpecification","valueRequired":true,"valueName":"search_term_string"}}],"inLanguage":"es"},{"@type":"Organization","@id":"https:\/\/elcardinal.com\/#organization","name":"El Cardinal","url":"https:\/\/elcardinal.com\/","logo":{"@type":"ImageObject","inLanguage":"es","@id":"https:\/\/elcardinal.com\/#\/schema\/logo\/image\/","url":"https:\/\/elcardinal.com\/wp-content\/uploads\/2025\/04\/LOGO-EL-CARDINAL-Periodismo-con-valor.png","contentUrl":"https:\/\/elcardinal.com\/wp-content\/uploads\/2025\/04\/LOGO-EL-CARDINAL-Periodismo-con-valor.png","width":755,"height":636,"caption":"El Cardinal"},"image":{"@id":"https:\/\/elcardinal.com\/#\/schema\/logo\/image\/"},"sameAs":["https:\/\/www.facebook.com\/profile.php?id=100063093107011","https:\/\/x.com\/ElCardinal_Mx"]},{"@type":"Person","@id":"https:\/\/elcardinal.com\/#\/schema\/person\/3c352ec0a33987fe275c0e8a2ea69f8b","name":"Antonio Alcaraz","image":{"@type":"ImageObject","inLanguage":"es","@id":"https:\/\/elcardinal.com\/#\/schema\/person\/image\/","url":"https:\/\/elcardinal.com\/wp-content\/uploads\/2025\/05\/cropped-TONO-96x96.jpg","contentUrl":"https:\/\/elcardinal.com\/wp-content\/uploads\/2025\/05\/cropped-TONO-96x96.jpg","caption":"Antonio Alcaraz"},"url":"https:\/\/elcardinal.com\/?author=2"}]}},"_links":{"self":[{"href":"https:\/\/elcardinal.com\/index.php?rest_route=\/wp\/v2\/posts\/5363","targetHints":{"allow":["GET"]}}],"collection":[{"href":"https:\/\/elcardinal.com\/index.php?rest_route=\/wp\/v2\/posts"}],"about":[{"href":"https:\/\/elcardinal.com\/index.php?rest_route=\/wp\/v2\/types\/post"}],"author":[{"embeddable":true,"href":"https:\/\/elcardinal.com\/index.php?rest_route=\/wp\/v2\/users\/2"}],"replies":[{"embeddable":true,"href":"https:\/\/elcardinal.com\/index.php?rest_route=%2Fwp%2Fv2%2Fcomments&post=5363"}],"version-history":[{"count":1,"href":"https:\/\/elcardinal.com\/index.php?rest_route=\/wp\/v2\/posts\/5363\/revisions"}],"predecessor-version":[{"id":5365,"href":"https:\/\/elcardinal.com\/index.php?rest_route=\/wp\/v2\/posts\/5363\/revisions\/5365"}],"wp:featuredmedia":[{"embeddable":true,"href":"https:\/\/elcardinal.com\/index.php?rest_route=\/wp\/v2\/media\/5364"}],"wp:attachment":[{"href":"https:\/\/elcardinal.com\/index.php?rest_route=%2Fwp%2Fv2%2Fmedia&parent=5363"}],"wp:term":[{"taxonomy":"category","embeddable":true,"href":"https:\/\/elcardinal.com\/index.php?rest_route=%2Fwp%2Fv2%2Fcategories&post=5363"},{"taxonomy":"post_tag","embeddable":true,"href":"https:\/\/elcardinal.com\/index.php?rest_route=%2Fwp%2Fv2%2Ftags&post=5363"}],"curies":[{"name":"wp","href":"https:\/\/api.w.org\/{rel}","templated":true}]}}