{"id":5371,"date":"2025-12-12T18:22:41","date_gmt":"2025-12-13T00:22:41","guid":{"rendered":"https:\/\/elcardinal.com\/?p=5371"},"modified":"2025-12-12T18:22:41","modified_gmt":"2025-12-13T00:22:41","slug":"congreso-del-estado-entrega-presea-pedro-maria-anaya-al-historiador-jose-vergara-vergara","status":"publish","type":"post","link":"https:\/\/elcardinal.com\/?p=5371","title":{"rendered":"Congreso del Estado entrega presea Pedro Mar\u00eda Anaya al historiador Jos\u00e9 Vergara Vergara"},"content":{"rendered":"<p>Redacci\u00f3n<\/p>\n<p><span style=\"font-weight: 400;\">En sesi\u00f3n solemne, el <\/span><b>Congreso del Estado Libre y Soberano de Hidalgo<\/b><span style=\"font-weight: 400;\"> entreg\u00f3 la presea Pedro Mar\u00eda Anaya al historiador <\/span><b>Jos\u00e9 Vergara Vergara<\/b><span style=\"font-weight: 400;\">, distinci\u00f3n que tiene como prop\u00f3sito reconocer a una o un hidalguense que, mediante su obra y aportaciones en \u00e1reas del conocimiento humano o el arte, haya contribuido de manera sobresaliente al bienestar, desarrollo y fortalecimiento del estado.<\/span><\/p>\n<p><span style=\"font-weight: 400;\">El diputado <\/span><b>Andr\u00e9s Vel\u00e1zquez V\u00e1zquez<\/b><span style=\"font-weight: 400;\">, presidente de la Junta de Gobierno, mencion\u00f3 que se rinde homenaje a un hombre \u201ccuya vida representa lo mejor de nuestro estado y M\u00e9xico. Un hidalguense que ha dejado huella en el pensamiento, cultura, educaci\u00f3n y fortalecimiento de la identidad del pueblo. Un ciudadano que con vocaci\u00f3n y obra han dignificado la historia de Hidalgo y enriquecido a generaciones enteras. Maestro <\/span><b>Jos\u00e9 Vergara Vergara<\/b><span style=\"font-weight: 400;\">, hoy este Congreso le reconoce, le honra, pero adem\u00e1s le agradece\u201d.<\/span><\/p>\n<p><b>Julio Menchaca Salazar<\/b><span style=\"font-weight: 400;\">, gobernador de Hidalgo, reconoci\u00f3 la tarea de convertir los documentos en historia vigente: \u201cuna parte importante de nuestra vida es el rescate del archivo del Poder Judicial. Significa que Hidalgo posee uno de los archivos m\u00e1s importantes. Esto fue gracias al compromiso para preservar nuestra historia, fundamental para entender lo que somos y hacia d\u00f3nde vamos\u201d.<\/span><\/p>\n<p><span style=\"font-weight: 400;\">En su mensaje, el galardonado <\/span><b>Jos\u00e9 Vergara Vergara <\/b><span style=\"font-weight: 400;\">hizo un recorrido por<\/span><b> su <\/b><span style=\"font-weight: 400;\">carrera profesional y precis\u00f3: \u201cen mi vida, quiz\u00e1 mi mayor satisfacci\u00f3n fue la participaci\u00f3n en el rescate del Archivo Hist\u00f3rico del Poder Judicial. Tengo la certeza que, con dicho rescate y organizaci\u00f3n, inici\u00f3 el proceso de valoraci\u00f3n de los archivos hist\u00f3ricos de los otros dos poderes de este estado\u201d.<\/span><\/p>\n<p><span style=\"font-weight: 400;\">La diputada <\/span><b>Karla Perales Arrieta<\/b><span style=\"font-weight: 400;\">, presidenta de la directiva de diciembre, celebr\u00f3 el dictamen emitido para distinguir a Jos\u00e9 Vergara, \u201ccuya trayectoria constituye un verdadero testimonio de devoci\u00f3n intelectual. Su labor rigurosa, tenaz y profundamente humana, ha permitido que el pasado virreinal de Hidalgo deje de ser un silencio y se convierta en una presencia viva\u201d.<\/span><\/p>\n<p><span style=\"font-weight: 400;\">El legislador <\/span><b>Arturo G\u00f3mez Canales<\/b><span style=\"font-weight: 400;\"> ley\u00f3 el decreto por el cual se otorga la presea y el diputado <\/span><b>Juli\u00e1n Nochebuena Hern\u00e1ndez<\/b><span style=\"font-weight: 400;\"> detall\u00f3 la semblanza del galardonado, quien record\u00f3 que el maestro particip\u00f3 en el rescate y clasificaci\u00f3n de los archivos hist\u00f3ricos del Poder Judicial, del Ejecutivo y en a\u00f1os recientes, contribuy\u00f3 en la clasificaci\u00f3n del archivo hist\u00f3rico del Congreso de Hidalgo.<\/span><\/p>\n<p><span style=\"font-weight: 400;\">En el evento tambi\u00e9n estuvieron presentes diputadas y diputados integrantes de la <\/span><b>LXVI Legislatura<\/b><span style=\"font-weight: 400;\">; la senadora <\/span><b>Simey Olvera Bautista<\/b><span style=\"font-weight: 400;\">; la magistrada <\/span><b>Rebeca Aladro Echeverr\u00eda<\/b><span style=\"font-weight: 400;\">, presidenta del Tribunal Superior de Justicia y del Consejo de la Judicatura; la secretaria de Cultura estatal, <\/span><b>Neyda Naranjo Baltazar<\/b><span style=\"font-weight: 400;\">; el general de brigada del Estado Mayor, <\/span><b>Hugo Humberto Pedroza Salazar<\/b><span style=\"font-weight: 400;\">; el comandante de la 18va Zona Militar, general brigadier <\/span><b>Abel Arriola Cervantes<\/b><span style=\"font-weight: 400;\">; as\u00ed como invitados especiales y familiares del galardonado.<\/span><\/p>\n","protected":false},"excerpt":{"rendered":"<p>Redacci\u00f3n En sesi\u00f3n solemne, el Congreso del Estado Libre y Soberano de Hidalgo entreg\u00f3 la presea Pedro Mar\u00eda Anaya al historiador Jos\u00e9 Vergara Vergara, distinci\u00f3n que tiene como prop\u00f3sito reconocer a una o un hidalguense que, mediante su obra y aportaciones en \u00e1reas del conocimiento humano o el arte, haya contribuido de manera sobresaliente al<\/p>\n","protected":false},"author":2,"featured_media":5372,"comment_status":"open","ping_status":"open","sticky":false,"template":"","format":"standard","meta":{"footnotes":""},"categories":[44,39],"tags":[],"class_list":{"0":"post-5371","1":"post","2":"type-post","3":"status-publish","4":"format-standard","5":"has-post-thumbnail","7":"category-minuto-a-minuto","8":"category-politica"},"yoast_head":"<!-- This site is optimized with the Yoast SEO plugin v26.1.1 - https:\/\/yoast.com\/wordpress\/plugins\/seo\/ -->\n<title>Congreso del Estado entrega presea Pedro Mar\u00eda Anaya al historiador Jos\u00e9 Vergara Vergara - El Cardinal<\/title>\n<meta name=\"robots\" content=\"index, follow, max-snippet:-1, max-image-preview:large, max-video-preview:-1\" \/>\n<link rel=\"canonical\" href=\"https:\/\/elcardinal.com\/?p=5371\" \/>\n<meta property=\"og:locale\" content=\"es_MX\" \/>\n<meta property=\"og:type\" content=\"article\" \/>\n<meta property=\"og:title\" content=\"Congreso del Estado entrega presea Pedro Mar\u00eda Anaya al historiador Jos\u00e9 Vergara Vergara - El Cardinal\" \/>\n<meta property=\"og:description\" content=\"Redacci\u00f3n En sesi\u00f3n solemne, el Congreso del Estado Libre y Soberano de Hidalgo entreg\u00f3 la presea Pedro Mar\u00eda Anaya al historiador Jos\u00e9 Vergara Vergara, distinci\u00f3n que tiene como prop\u00f3sito reconocer a una o un hidalguense que, mediante su obra y aportaciones en \u00e1reas del conocimiento humano o el arte, haya contribuido de manera sobresaliente al\" \/>\n<meta property=\"og:url\" content=\"https:\/\/elcardinal.com\/?p=5371\" \/>\n<meta property=\"og:site_name\" content=\"El Cardinal\" \/>\n<meta property=\"article:publisher\" content=\"https:\/\/www.facebook.com\/profile.php?id=100063093107011\" \/>\n<meta property=\"article:published_time\" content=\"2025-12-13T00:22:41+00:00\" \/>\n<meta property=\"og:image\" content=\"https:\/\/elcardinal.com\/wp-content\/uploads\/2025\/12\/Sesion-12.12.2025-Solemne-Medalla-Pedro-Ma.-Anaya-201-.jpg\" \/>\n\t<meta property=\"og:image:width\" content=\"2129\" \/>\n\t<meta property=\"og:image:height\" content=\"1800\" \/>\n\t<meta property=\"og:image:type\" content=\"image\/jpeg\" \/>\n<meta name=\"author\" content=\"Antonio Alcaraz\" \/>\n<meta name=\"twitter:card\" content=\"summary_large_image\" \/>\n<meta name=\"twitter:creator\" content=\"@ElCardinal_Mx\" \/>\n<meta name=\"twitter:site\" content=\"@ElCardinal_Mx\" \/>\n<meta name=\"twitter:label1\" content=\"Escrito por\" \/>\n\t<meta name=\"twitter:data1\" content=\"Antonio Alcaraz\" \/>\n\t<meta name=\"twitter:label2\" content=\"Tiempo de lectura\" \/>\n\t<meta name=\"twitter:data2\" content=\"3 minutos\" \/>\n<script type=\"application\/ld+json\" class=\"yoast-schema-graph\">{\"@context\":\"https:\/\/schema.org\",\"@graph\":[{\"@type\":\"Article\",\"@id\":\"https:\/\/elcardinal.com\/?p=5371#article\",\"isPartOf\":{\"@id\":\"https:\/\/elcardinal.com\/?p=5371\"},\"author\":{\"name\":\"Antonio Alcaraz\",\"@id\":\"https:\/\/elcardinal.com\/#\/schema\/person\/3c352ec0a33987fe275c0e8a2ea69f8b\"},\"headline\":\"Congreso del Estado entrega presea Pedro Mar\u00eda Anaya al historiador Jos\u00e9 Vergara Vergara\",\"datePublished\":\"2025-12-13T00:22:41+00:00\",\"mainEntityOfPage\":{\"@id\":\"https:\/\/elcardinal.com\/?p=5371\"},\"wordCount\":499,\"commentCount\":0,\"publisher\":{\"@id\":\"https:\/\/elcardinal.com\/#organization\"},\"image\":{\"@id\":\"https:\/\/elcardinal.com\/?p=5371#primaryimage\"},\"thumbnailUrl\":\"https:\/\/elcardinal.com\/wp-content\/uploads\/2025\/12\/Sesion-12.12.2025-Solemne-Medalla-Pedro-Ma.-Anaya-201-.jpg\",\"articleSection\":[\"Minuto a Minuto\",\"Pol\u00edtica\"],\"inLanguage\":\"es\",\"potentialAction\":[{\"@type\":\"CommentAction\",\"name\":\"Comment\",\"target\":[\"https:\/\/elcardinal.com\/?p=5371#respond\"]}]},{\"@type\":\"WebPage\",\"@id\":\"https:\/\/elcardinal.com\/?p=5371\",\"url\":\"https:\/\/elcardinal.com\/?p=5371\",\"name\":\"Congreso del Estado entrega presea Pedro Mar\u00eda Anaya al historiador Jos\u00e9 Vergara Vergara - El Cardinal\",\"isPartOf\":{\"@id\":\"https:\/\/elcardinal.com\/#website\"},\"primaryImageOfPage\":{\"@id\":\"https:\/\/elcardinal.com\/?p=5371#primaryimage\"},\"image\":{\"@id\":\"https:\/\/elcardinal.com\/?p=5371#primaryimage\"},\"thumbnailUrl\":\"https:\/\/elcardinal.com\/wp-content\/uploads\/2025\/12\/Sesion-12.12.2025-Solemne-Medalla-Pedro-Ma.-Anaya-201-.jpg\",\"datePublished\":\"2025-12-13T00:22:41+00:00\",\"breadcrumb\":{\"@id\":\"https:\/\/elcardinal.com\/?p=5371#breadcrumb\"},\"inLanguage\":\"es\",\"potentialAction\":[{\"@type\":\"ReadAction\",\"target\":[\"https:\/\/elcardinal.com\/?p=5371\"]}]},{\"@type\":\"ImageObject\",\"inLanguage\":\"es\",\"@id\":\"https:\/\/elcardinal.com\/?p=5371#primaryimage\",\"url\":\"https:\/\/elcardinal.com\/wp-content\/uploads\/2025\/12\/Sesion-12.12.2025-Solemne-Medalla-Pedro-Ma.-Anaya-201-.jpg\",\"contentUrl\":\"https:\/\/elcardinal.com\/wp-content\/uploads\/2025\/12\/Sesion-12.12.2025-Solemne-Medalla-Pedro-Ma.-Anaya-201-.jpg\",\"width\":2129,\"height\":1800,\"caption\":\"????????????????\"},{\"@type\":\"BreadcrumbList\",\"@id\":\"https:\/\/elcardinal.com\/?p=5371#breadcrumb\",\"itemListElement\":[{\"@type\":\"ListItem\",\"position\":1,\"name\":\"Inicio\",\"item\":\"https:\/\/elcardinal.com\/\"},{\"@type\":\"ListItem\",\"position\":2,\"name\":\"Congreso del Estado entrega presea Pedro Mar\u00eda Anaya al historiador Jos\u00e9 Vergara Vergara\"}]},{\"@type\":\"WebSite\",\"@id\":\"https:\/\/elcardinal.com\/#website\",\"url\":\"https:\/\/elcardinal.com\/\",\"name\":\"El Cardinal\",\"description\":\"Periodismo honesto, con valor, sentido humano, a veces sarc\u00e1stico y divertido.\",\"publisher\":{\"@id\":\"https:\/\/elcardinal.com\/#organization\"},\"alternateName\":\"El Cardinal Noticias\",\"potentialAction\":[{\"@type\":\"SearchAction\",\"target\":{\"@type\":\"EntryPoint\",\"urlTemplate\":\"https:\/\/elcardinal.com\/?s={search_term_string}\"},\"query-input\":{\"@type\":\"PropertyValueSpecification\",\"valueRequired\":true,\"valueName\":\"search_term_string\"}}],\"inLanguage\":\"es\"},{\"@type\":\"Organization\",\"@id\":\"https:\/\/elcardinal.com\/#organization\",\"name\":\"El Cardinal\",\"url\":\"https:\/\/elcardinal.com\/\",\"logo\":{\"@type\":\"ImageObject\",\"inLanguage\":\"es\",\"@id\":\"https:\/\/elcardinal.com\/#\/schema\/logo\/image\/\",\"url\":\"https:\/\/elcardinal.com\/wp-content\/uploads\/2025\/04\/LOGO-EL-CARDINAL-Periodismo-con-valor.png\",\"contentUrl\":\"https:\/\/elcardinal.com\/wp-content\/uploads\/2025\/04\/LOGO-EL-CARDINAL-Periodismo-con-valor.png\",\"width\":755,\"height\":636,\"caption\":\"El Cardinal\"},\"image\":{\"@id\":\"https:\/\/elcardinal.com\/#\/schema\/logo\/image\/\"},\"sameAs\":[\"https:\/\/www.facebook.com\/profile.php?id=100063093107011\",\"https:\/\/x.com\/ElCardinal_Mx\"]},{\"@type\":\"Person\",\"@id\":\"https:\/\/elcardinal.com\/#\/schema\/person\/3c352ec0a33987fe275c0e8a2ea69f8b\",\"name\":\"Antonio Alcaraz\",\"image\":{\"@type\":\"ImageObject\",\"inLanguage\":\"es\",\"@id\":\"https:\/\/elcardinal.com\/#\/schema\/person\/image\/\",\"url\":\"https:\/\/elcardinal.com\/wp-content\/uploads\/2025\/05\/cropped-TONO-96x96.jpg\",\"contentUrl\":\"https:\/\/elcardinal.com\/wp-content\/uploads\/2025\/05\/cropped-TONO-96x96.jpg\",\"caption\":\"Antonio Alcaraz\"},\"url\":\"https:\/\/elcardinal.com\/?author=2\"}]}<\/script>\n<!-- \/ Yoast SEO plugin. -->","yoast_head_json":{"title":"Congreso del Estado entrega presea Pedro Mar\u00eda Anaya al historiador Jos\u00e9 Vergara Vergara - El Cardinal","robots":{"index":"index","follow":"follow","max-snippet":"max-snippet:-1","max-image-preview":"max-image-preview:large","max-video-preview":"max-video-preview:-1"},"canonical":"https:\/\/elcardinal.com\/?p=5371","og_locale":"es_MX","og_type":"article","og_title":"Congreso del Estado entrega presea Pedro Mar\u00eda Anaya al historiador Jos\u00e9 Vergara Vergara - El Cardinal","og_description":"Redacci\u00f3n En sesi\u00f3n solemne, el Congreso del Estado Libre y Soberano de Hidalgo entreg\u00f3 la presea Pedro Mar\u00eda Anaya al historiador Jos\u00e9 Vergara Vergara, distinci\u00f3n que tiene como prop\u00f3sito reconocer a una o un hidalguense que, mediante su obra y aportaciones en \u00e1reas del conocimiento humano o el arte, haya contribuido de manera sobresaliente al","og_url":"https:\/\/elcardinal.com\/?p=5371","og_site_name":"El Cardinal","article_publisher":"https:\/\/www.facebook.com\/profile.php?id=100063093107011","article_published_time":"2025-12-13T00:22:41+00:00","og_image":[{"width":2129,"height":1800,"url":"https:\/\/elcardinal.com\/wp-content\/uploads\/2025\/12\/Sesion-12.12.2025-Solemne-Medalla-Pedro-Ma.-Anaya-201-.jpg","type":"image\/jpeg"}],"author":"Antonio Alcaraz","twitter_card":"summary_large_image","twitter_creator":"@ElCardinal_Mx","twitter_site":"@ElCardinal_Mx","twitter_misc":{"Escrito por":"Antonio Alcaraz","Tiempo de lectura":"3 minutos"},"schema":{"@context":"https:\/\/schema.org","@graph":[{"@type":"Article","@id":"https:\/\/elcardinal.com\/?p=5371#article","isPartOf":{"@id":"https:\/\/elcardinal.com\/?p=5371"},"author":{"name":"Antonio Alcaraz","@id":"https:\/\/elcardinal.com\/#\/schema\/person\/3c352ec0a33987fe275c0e8a2ea69f8b"},"headline":"Congreso del Estado entrega presea Pedro Mar\u00eda Anaya al historiador Jos\u00e9 Vergara Vergara","datePublished":"2025-12-13T00:22:41+00:00","mainEntityOfPage":{"@id":"https:\/\/elcardinal.com\/?p=5371"},"wordCount":499,"commentCount":0,"publisher":{"@id":"https:\/\/elcardinal.com\/#organization"},"image":{"@id":"https:\/\/elcardinal.com\/?p=5371#primaryimage"},"thumbnailUrl":"https:\/\/elcardinal.com\/wp-content\/uploads\/2025\/12\/Sesion-12.12.2025-Solemne-Medalla-Pedro-Ma.-Anaya-201-.jpg","articleSection":["Minuto a Minuto","Pol\u00edtica"],"inLanguage":"es","potentialAction":[{"@type":"CommentAction","name":"Comment","target":["https:\/\/elcardinal.com\/?p=5371#respond"]}]},{"@type":"WebPage","@id":"https:\/\/elcardinal.com\/?p=5371","url":"https:\/\/elcardinal.com\/?p=5371","name":"Congreso del Estado entrega presea Pedro Mar\u00eda Anaya al historiador Jos\u00e9 Vergara Vergara - El Cardinal","isPartOf":{"@id":"https:\/\/elcardinal.com\/#website"},"primaryImageOfPage":{"@id":"https:\/\/elcardinal.com\/?p=5371#primaryimage"},"image":{"@id":"https:\/\/elcardinal.com\/?p=5371#primaryimage"},"thumbnailUrl":"https:\/\/elcardinal.com\/wp-content\/uploads\/2025\/12\/Sesion-12.12.2025-Solemne-Medalla-Pedro-Ma.-Anaya-201-.jpg","datePublished":"2025-12-13T00:22:41+00:00","breadcrumb":{"@id":"https:\/\/elcardinal.com\/?p=5371#breadcrumb"},"inLanguage":"es","potentialAction":[{"@type":"ReadAction","target":["https:\/\/elcardinal.com\/?p=5371"]}]},{"@type":"ImageObject","inLanguage":"es","@id":"https:\/\/elcardinal.com\/?p=5371#primaryimage","url":"https:\/\/elcardinal.com\/wp-content\/uploads\/2025\/12\/Sesion-12.12.2025-Solemne-Medalla-Pedro-Ma.-Anaya-201-.jpg","contentUrl":"https:\/\/elcardinal.com\/wp-content\/uploads\/2025\/12\/Sesion-12.12.2025-Solemne-Medalla-Pedro-Ma.-Anaya-201-.jpg","width":2129,"height":1800,"caption":"????????????????"},{"@type":"BreadcrumbList","@id":"https:\/\/elcardinal.com\/?p=5371#breadcrumb","itemListElement":[{"@type":"ListItem","position":1,"name":"Inicio","item":"https:\/\/elcardinal.com\/"},{"@type":"ListItem","position":2,"name":"Congreso del Estado entrega presea Pedro Mar\u00eda Anaya al historiador Jos\u00e9 Vergara Vergara"}]},{"@type":"WebSite","@id":"https:\/\/elcardinal.com\/#website","url":"https:\/\/elcardinal.com\/","name":"El Cardinal","description":"Periodismo honesto, con valor, sentido humano, a veces sarc\u00e1stico y divertido.","publisher":{"@id":"https:\/\/elcardinal.com\/#organization"},"alternateName":"El Cardinal Noticias","potentialAction":[{"@type":"SearchAction","target":{"@type":"EntryPoint","urlTemplate":"https:\/\/elcardinal.com\/?s={search_term_string}"},"query-input":{"@type":"PropertyValueSpecification","valueRequired":true,"valueName":"search_term_string"}}],"inLanguage":"es"},{"@type":"Organization","@id":"https:\/\/elcardinal.com\/#organization","name":"El Cardinal","url":"https:\/\/elcardinal.com\/","logo":{"@type":"ImageObject","inLanguage":"es","@id":"https:\/\/elcardinal.com\/#\/schema\/logo\/image\/","url":"https:\/\/elcardinal.com\/wp-content\/uploads\/2025\/04\/LOGO-EL-CARDINAL-Periodismo-con-valor.png","contentUrl":"https:\/\/elcardinal.com\/wp-content\/uploads\/2025\/04\/LOGO-EL-CARDINAL-Periodismo-con-valor.png","width":755,"height":636,"caption":"El Cardinal"},"image":{"@id":"https:\/\/elcardinal.com\/#\/schema\/logo\/image\/"},"sameAs":["https:\/\/www.facebook.com\/profile.php?id=100063093107011","https:\/\/x.com\/ElCardinal_Mx"]},{"@type":"Person","@id":"https:\/\/elcardinal.com\/#\/schema\/person\/3c352ec0a33987fe275c0e8a2ea69f8b","name":"Antonio Alcaraz","image":{"@type":"ImageObject","inLanguage":"es","@id":"https:\/\/elcardinal.com\/#\/schema\/person\/image\/","url":"https:\/\/elcardinal.com\/wp-content\/uploads\/2025\/05\/cropped-TONO-96x96.jpg","contentUrl":"https:\/\/elcardinal.com\/wp-content\/uploads\/2025\/05\/cropped-TONO-96x96.jpg","caption":"Antonio Alcaraz"},"url":"https:\/\/elcardinal.com\/?author=2"}]}},"_links":{"self":[{"href":"https:\/\/elcardinal.com\/index.php?rest_route=\/wp\/v2\/posts\/5371","targetHints":{"allow":["GET"]}}],"collection":[{"href":"https:\/\/elcardinal.com\/index.php?rest_route=\/wp\/v2\/posts"}],"about":[{"href":"https:\/\/elcardinal.com\/index.php?rest_route=\/wp\/v2\/types\/post"}],"author":[{"embeddable":true,"href":"https:\/\/elcardinal.com\/index.php?rest_route=\/wp\/v2\/users\/2"}],"replies":[{"embeddable":true,"href":"https:\/\/elcardinal.com\/index.php?rest_route=%2Fwp%2Fv2%2Fcomments&post=5371"}],"version-history":[{"count":1,"href":"https:\/\/elcardinal.com\/index.php?rest_route=\/wp\/v2\/posts\/5371\/revisions"}],"predecessor-version":[{"id":5373,"href":"https:\/\/elcardinal.com\/index.php?rest_route=\/wp\/v2\/posts\/5371\/revisions\/5373"}],"wp:featuredmedia":[{"embeddable":true,"href":"https:\/\/elcardinal.com\/index.php?rest_route=\/wp\/v2\/media\/5372"}],"wp:attachment":[{"href":"https:\/\/elcardinal.com\/index.php?rest_route=%2Fwp%2Fv2%2Fmedia&parent=5371"}],"wp:term":[{"taxonomy":"category","embeddable":true,"href":"https:\/\/elcardinal.com\/index.php?rest_route=%2Fwp%2Fv2%2Fcategories&post=5371"},{"taxonomy":"post_tag","embeddable":true,"href":"https:\/\/elcardinal.com\/index.php?rest_route=%2Fwp%2Fv2%2Ftags&post=5371"}],"curies":[{"name":"wp","href":"https:\/\/api.w.org\/{rel}","templated":true}]}}