{"id":5374,"date":"2025-12-14T09:48:30","date_gmt":"2025-12-14T15:48:30","guid":{"rendered":"https:\/\/elcardinal.com\/?p=5374"},"modified":"2025-12-14T09:51:23","modified_gmt":"2025-12-14T15:51:23","slug":"el-despertar-espiritual-no-es-la-cima-es-apenas-el-umbral","status":"publish","type":"post","link":"https:\/\/elcardinal.com\/?p=5374","title":{"rendered":"El despertar espiritual no es la cima, es apenas el umbral"},"content":{"rendered":"<p>Por: <strong>Jos\u00e9 Antonio Alcaraz Su\u00e1rez<\/strong><\/p>\n<p>Durante mucho tiempo me hablaron del \u201cdespertar espiritual\u201d como un destino, un punto final donde todo se vuelve luz, calma permanente y certezas absolutas. Como si la conciencia tuviera una meta clara y, al cruzarla, la vida dejara de doler. Pero la experiencia \u2014 la real, la vivida \u2014 suele contar otra historia menos glamorosa y mucho m\u00e1s honesta.<\/p>\n<p>Hace 17 a\u00f1os inici\u00f3 un proceso de despertar de lo que llamo \u201c<strong>Mi Noche del Alma<\/strong>\u201d, despu\u00e9s de una fuerte sacudida en mi vida, de buscar consuelo en las religiones continu\u00e9 con aprendizajes y practicar provenientes de maestros espirituales, libros, t\u00e9cnicas de sanaci\u00f3n, filosof\u00edas hol\u00edsticas, ceremonias y dem\u00e1s experiencias m\u00edsticas\u2026 fue tan gratificante en su momento. Sin embargo, las dej\u00e9 ir.<\/p>\n<blockquote><p>El despertar no es una coronaci\u00f3n, es una sacudida. Una ruptura con la narrativa anterior. Al inicio se siente intenso, revelador, incluso adictivo. Todo parece tener sentido por primera vez y el mundo se observa con ojos nuevos. Sin embargo,<strong> esa etapa tambi\u00e9n se agota. Y cuando lo hace, llega la confusi\u00f3n<\/strong>: \u201c\u00bfPor qu\u00e9 ya no siento lo mismo?\u201d, \u201c\u00bfpor qu\u00e9 volvi\u00f3 la rutina?\u201d, \u201c\u00bfestar\u00e9 retrocediendo?\u201d.<\/p><\/blockquote>\n<p><strong>EL RETROCESO QUE TE LLEVA A LA MAESTR\u00cdA<\/strong><\/p>\n<p>Despu\u00e9s del ruido interior, vino el silencio. Y el silencio no siempre emociona. Ya no hay necesidad de dramatizar cada conflicto ni de reaccionar ante todo. Las crisis pasan, pero no se incrustan. No porque la vida sea m\u00e1s f\u00e1cil, sino porque uno dej\u00f3 de pelear con cada ola. Eso, aunque suene simple, es un cambio profundo.<\/p>\n<p>Tambi\u00e9n<strong> se va el brillo<\/strong>. La espiritualidad deja de ser espect\u00e1culo <strong>(eleva tu vibraci\u00f3n, amor a la Pachamama, somos uno\u2026)<\/strong>. Ya no hay urgencia por lo extraordinario ni por experiencias m\u00edsticas que deslumbren a otros. Lo sagrado se vuelve cotidiano: comer, trabajar, cuidar el cuerpo, relacionarse. Nada parece \u201celevado\u201d, pero todo est\u00e1 habitado con mayor presencia. Y s\u00ed, desde fuera puede verse <strong>ABURRIDO<\/strong>. Desde dentro, es <strong>ESTABILIDAD<\/strong>.<\/p>\n<p>En alg\u00fan punto, la b\u00fasqueda se detiene. No por soberbia, sino por entendimiento. Se dejan los gur\u00fas, los maestros, los manuales, las promesas de iluminaci\u00f3n expr\u00e9s. No porque no sirvan, sino porque ya no sustituyen la propia experiencia. La br\u00fajula se interioriza. Lo que antes se <strong>BUSCABA AFUERA<\/strong>, ahora se <strong>ESCUCHA ADENTRO<\/strong>.<\/p>\n<p><strong>INTEGRACI\u00d3N: DISFRUTAR SIN CULPA<\/strong><\/p>\n<p>La parte m\u00e1s incomprendida llega cuando uno vuelve a disfrutar lo humano sin culpa: el dinero, el placer, el cuerpo, las relaciones. Muchos creen que eso es caer de nuevo en \u201c<strong>la matrix<\/strong>\u201d.<\/p>\n<p>En realidad, es integrarse. No se trata de huir del mundo, sino de habitarlo con conciencia. La espiritualidad que no puede convivir con lo humano suele ser evasi\u00f3n, no maestr\u00eda.<\/p>\n<blockquote><p>El verdadero giro ocurre cuando la pregunta cambia. Ya no es \u201c\u00bfqu\u00e9 me falta?\u201d ni \u201c\u00bfqu\u00e9 m\u00e1s necesito sanar?\u201d. Es algo m\u00e1s inc\u00f3modo y m\u00e1s grande: \u201c\u00bfqu\u00e9 hago con lo que ya entend\u00ed?\u201d. El enfoque deja de ser el yo y se ampl\u00eda al nosotros. Aparece la contribuci\u00f3n, no como sacrificio, sino como consecuencia natural de haber visto m\u00e1s claro.<\/p><\/blockquote>\n<p>Quiz\u00e1 el despertar no sea encontrarte, sino aprender a manifestarte. No salir del mundo, sino volver a \u00e9l sin perderte. No vivir despierto para sentirte distinto, sino para vivir responsablemente lo que eres.<\/p>\n<p>Tal vez ah\u00ed empiece lo m\u00e1s dif\u00edcil. Y tambi\u00e9n lo m\u00e1s real\u2026 aqu\u00ed sigo.<\/p>\n<p><strong>GRACIAS<\/strong><\/p>\n<p><iframe title=\"Noche Del Alma\" width=\"788\" height=\"591\" src=\"https:\/\/www.youtube.com\/embed\/W5cHN2M2L4k?feature=oembed\" frameborder=\"0\" allow=\"accelerometer; autoplay; clipboard-write; encrypted-media; gyroscope; picture-in-picture; web-share\" referrerpolicy=\"strict-origin-when-cross-origin\" allowfullscreen><\/iframe><\/p>\n","protected":false},"excerpt":{"rendered":"<p>Por: Jos\u00e9 Antonio Alcaraz Su\u00e1rez Durante mucho tiempo me hablaron del \u201cdespertar espiritual\u201d como un destino, un punto final donde todo se vuelve luz, calma permanente y certezas absolutas. Como si la conciencia tuviera una meta clara y, al cruzarla, la vida dejara de doler. Pero la experiencia \u2014 la real, la vivida \u2014 suele<\/p>\n","protected":false},"author":2,"featured_media":4879,"comment_status":"open","ping_status":"open","sticky":false,"template":"","format":"standard","meta":{"footnotes":""},"categories":[44,35],"tags":[],"class_list":{"0":"post-5374","1":"post","2":"type-post","3":"status-publish","4":"format-standard","5":"has-post-thumbnail","7":"category-minuto-a-minuto","8":"category-opinion"},"yoast_head":"<!-- This site is optimized with the Yoast SEO plugin v26.1.1 - https:\/\/yoast.com\/wordpress\/plugins\/seo\/ -->\n<title>El despertar espiritual no es la cima, es apenas el umbral - El Cardinal<\/title>\n<meta name=\"robots\" content=\"index, follow, max-snippet:-1, max-image-preview:large, max-video-preview:-1\" \/>\n<link rel=\"canonical\" href=\"https:\/\/elcardinal.com\/?p=5374\" \/>\n<meta property=\"og:locale\" content=\"es_MX\" \/>\n<meta property=\"og:type\" content=\"article\" \/>\n<meta property=\"og:title\" content=\"El despertar espiritual no es la cima, es apenas el umbral - El Cardinal\" \/>\n<meta property=\"og:description\" content=\"Por: Jos\u00e9 Antonio Alcaraz Su\u00e1rez Durante mucho tiempo me hablaron del \u201cdespertar espiritual\u201d como un destino, un punto final donde todo se vuelve luz, calma permanente y certezas absolutas. Como si la conciencia tuviera una meta clara y, al cruzarla, la vida dejara de doler. Pero la experiencia \u2014 la real, la vivida \u2014 suele\" \/>\n<meta property=\"og:url\" content=\"https:\/\/elcardinal.com\/?p=5374\" \/>\n<meta property=\"og:site_name\" content=\"El Cardinal\" \/>\n<meta property=\"article:publisher\" content=\"https:\/\/www.facebook.com\/profile.php?id=100063093107011\" \/>\n<meta property=\"article:published_time\" content=\"2025-12-14T15:48:30+00:00\" \/>\n<meta property=\"article:modified_time\" content=\"2025-12-14T15:51:23+00:00\" \/>\n<meta property=\"og:image\" content=\"https:\/\/elcardinal.com\/wp-content\/uploads\/2025\/07\/490660254_996134765832951_4491792580100797416_n.jpg\" \/>\n\t<meta property=\"og:image:width\" content=\"940\" \/>\n\t<meta property=\"og:image:height\" content=\"788\" \/>\n\t<meta property=\"og:image:type\" content=\"image\/jpeg\" \/>\n<meta name=\"author\" content=\"Antonio Alcaraz\" \/>\n<meta name=\"twitter:card\" content=\"summary_large_image\" \/>\n<meta name=\"twitter:creator\" content=\"@ElCardinal_Mx\" \/>\n<meta name=\"twitter:site\" content=\"@ElCardinal_Mx\" \/>\n<meta name=\"twitter:label1\" content=\"Escrito por\" \/>\n\t<meta name=\"twitter:data1\" content=\"Antonio Alcaraz\" \/>\n\t<meta name=\"twitter:label2\" content=\"Tiempo de lectura\" \/>\n\t<meta name=\"twitter:data2\" content=\"3 minutos\" \/>\n<script type=\"application\/ld+json\" class=\"yoast-schema-graph\">{\"@context\":\"https:\/\/schema.org\",\"@graph\":[{\"@type\":\"Article\",\"@id\":\"https:\/\/elcardinal.com\/?p=5374#article\",\"isPartOf\":{\"@id\":\"https:\/\/elcardinal.com\/?p=5374\"},\"author\":{\"name\":\"Antonio Alcaraz\",\"@id\":\"https:\/\/elcardinal.com\/#\/schema\/person\/3c352ec0a33987fe275c0e8a2ea69f8b\"},\"headline\":\"El despertar espiritual no es la cima, es apenas el umbral\",\"datePublished\":\"2025-12-14T15:48:30+00:00\",\"dateModified\":\"2025-12-14T15:51:23+00:00\",\"mainEntityOfPage\":{\"@id\":\"https:\/\/elcardinal.com\/?p=5374\"},\"wordCount\":611,\"commentCount\":0,\"publisher\":{\"@id\":\"https:\/\/elcardinal.com\/#organization\"},\"image\":{\"@id\":\"https:\/\/elcardinal.com\/?p=5374#primaryimage\"},\"thumbnailUrl\":\"https:\/\/elcardinal.com\/wp-content\/uploads\/2025\/07\/490660254_996134765832951_4491792580100797416_n.jpg\",\"articleSection\":[\"Minuto a Minuto\",\"Opini\u00f3n\"],\"inLanguage\":\"es\",\"potentialAction\":[{\"@type\":\"CommentAction\",\"name\":\"Comment\",\"target\":[\"https:\/\/elcardinal.com\/?p=5374#respond\"]}]},{\"@type\":\"WebPage\",\"@id\":\"https:\/\/elcardinal.com\/?p=5374\",\"url\":\"https:\/\/elcardinal.com\/?p=5374\",\"name\":\"El despertar espiritual no es la cima, es apenas el umbral - El Cardinal\",\"isPartOf\":{\"@id\":\"https:\/\/elcardinal.com\/#website\"},\"primaryImageOfPage\":{\"@id\":\"https:\/\/elcardinal.com\/?p=5374#primaryimage\"},\"image\":{\"@id\":\"https:\/\/elcardinal.com\/?p=5374#primaryimage\"},\"thumbnailUrl\":\"https:\/\/elcardinal.com\/wp-content\/uploads\/2025\/07\/490660254_996134765832951_4491792580100797416_n.jpg\",\"datePublished\":\"2025-12-14T15:48:30+00:00\",\"dateModified\":\"2025-12-14T15:51:23+00:00\",\"breadcrumb\":{\"@id\":\"https:\/\/elcardinal.com\/?p=5374#breadcrumb\"},\"inLanguage\":\"es\",\"potentialAction\":[{\"@type\":\"ReadAction\",\"target\":[\"https:\/\/elcardinal.com\/?p=5374\"]}]},{\"@type\":\"ImageObject\",\"inLanguage\":\"es\",\"@id\":\"https:\/\/elcardinal.com\/?p=5374#primaryimage\",\"url\":\"https:\/\/elcardinal.com\/wp-content\/uploads\/2025\/07\/490660254_996134765832951_4491792580100797416_n.jpg\",\"contentUrl\":\"https:\/\/elcardinal.com\/wp-content\/uploads\/2025\/07\/490660254_996134765832951_4491792580100797416_n.jpg\",\"width\":940,\"height\":788},{\"@type\":\"BreadcrumbList\",\"@id\":\"https:\/\/elcardinal.com\/?p=5374#breadcrumb\",\"itemListElement\":[{\"@type\":\"ListItem\",\"position\":1,\"name\":\"Inicio\",\"item\":\"https:\/\/elcardinal.com\/\"},{\"@type\":\"ListItem\",\"position\":2,\"name\":\"El despertar espiritual no es la cima, es apenas el umbral\"}]},{\"@type\":\"WebSite\",\"@id\":\"https:\/\/elcardinal.com\/#website\",\"url\":\"https:\/\/elcardinal.com\/\",\"name\":\"El Cardinal\",\"description\":\"Periodismo honesto, con valor, sentido humano, a veces sarc\u00e1stico y divertido.\",\"publisher\":{\"@id\":\"https:\/\/elcardinal.com\/#organization\"},\"alternateName\":\"El Cardinal Noticias\",\"potentialAction\":[{\"@type\":\"SearchAction\",\"target\":{\"@type\":\"EntryPoint\",\"urlTemplate\":\"https:\/\/elcardinal.com\/?s={search_term_string}\"},\"query-input\":{\"@type\":\"PropertyValueSpecification\",\"valueRequired\":true,\"valueName\":\"search_term_string\"}}],\"inLanguage\":\"es\"},{\"@type\":\"Organization\",\"@id\":\"https:\/\/elcardinal.com\/#organization\",\"name\":\"El Cardinal\",\"url\":\"https:\/\/elcardinal.com\/\",\"logo\":{\"@type\":\"ImageObject\",\"inLanguage\":\"es\",\"@id\":\"https:\/\/elcardinal.com\/#\/schema\/logo\/image\/\",\"url\":\"https:\/\/elcardinal.com\/wp-content\/uploads\/2025\/04\/LOGO-EL-CARDINAL-Periodismo-con-valor.png\",\"contentUrl\":\"https:\/\/elcardinal.com\/wp-content\/uploads\/2025\/04\/LOGO-EL-CARDINAL-Periodismo-con-valor.png\",\"width\":755,\"height\":636,\"caption\":\"El Cardinal\"},\"image\":{\"@id\":\"https:\/\/elcardinal.com\/#\/schema\/logo\/image\/\"},\"sameAs\":[\"https:\/\/www.facebook.com\/profile.php?id=100063093107011\",\"https:\/\/x.com\/ElCardinal_Mx\"]},{\"@type\":\"Person\",\"@id\":\"https:\/\/elcardinal.com\/#\/schema\/person\/3c352ec0a33987fe275c0e8a2ea69f8b\",\"name\":\"Antonio Alcaraz\",\"image\":{\"@type\":\"ImageObject\",\"inLanguage\":\"es\",\"@id\":\"https:\/\/elcardinal.com\/#\/schema\/person\/image\/\",\"url\":\"https:\/\/elcardinal.com\/wp-content\/uploads\/2025\/05\/cropped-TONO-96x96.jpg\",\"contentUrl\":\"https:\/\/elcardinal.com\/wp-content\/uploads\/2025\/05\/cropped-TONO-96x96.jpg\",\"caption\":\"Antonio Alcaraz\"},\"url\":\"https:\/\/elcardinal.com\/?author=2\"}]}<\/script>\n<!-- \/ Yoast SEO plugin. -->","yoast_head_json":{"title":"El despertar espiritual no es la cima, es apenas el umbral - El Cardinal","robots":{"index":"index","follow":"follow","max-snippet":"max-snippet:-1","max-image-preview":"max-image-preview:large","max-video-preview":"max-video-preview:-1"},"canonical":"https:\/\/elcardinal.com\/?p=5374","og_locale":"es_MX","og_type":"article","og_title":"El despertar espiritual no es la cima, es apenas el umbral - El Cardinal","og_description":"Por: Jos\u00e9 Antonio Alcaraz Su\u00e1rez Durante mucho tiempo me hablaron del \u201cdespertar espiritual\u201d como un destino, un punto final donde todo se vuelve luz, calma permanente y certezas absolutas. Como si la conciencia tuviera una meta clara y, al cruzarla, la vida dejara de doler. Pero la experiencia \u2014 la real, la vivida \u2014 suele","og_url":"https:\/\/elcardinal.com\/?p=5374","og_site_name":"El Cardinal","article_publisher":"https:\/\/www.facebook.com\/profile.php?id=100063093107011","article_published_time":"2025-12-14T15:48:30+00:00","article_modified_time":"2025-12-14T15:51:23+00:00","og_image":[{"width":940,"height":788,"url":"https:\/\/elcardinal.com\/wp-content\/uploads\/2025\/07\/490660254_996134765832951_4491792580100797416_n.jpg","type":"image\/jpeg"}],"author":"Antonio Alcaraz","twitter_card":"summary_large_image","twitter_creator":"@ElCardinal_Mx","twitter_site":"@ElCardinal_Mx","twitter_misc":{"Escrito por":"Antonio Alcaraz","Tiempo de lectura":"3 minutos"},"schema":{"@context":"https:\/\/schema.org","@graph":[{"@type":"Article","@id":"https:\/\/elcardinal.com\/?p=5374#article","isPartOf":{"@id":"https:\/\/elcardinal.com\/?p=5374"},"author":{"name":"Antonio Alcaraz","@id":"https:\/\/elcardinal.com\/#\/schema\/person\/3c352ec0a33987fe275c0e8a2ea69f8b"},"headline":"El despertar espiritual no es la cima, es apenas el umbral","datePublished":"2025-12-14T15:48:30+00:00","dateModified":"2025-12-14T15:51:23+00:00","mainEntityOfPage":{"@id":"https:\/\/elcardinal.com\/?p=5374"},"wordCount":611,"commentCount":0,"publisher":{"@id":"https:\/\/elcardinal.com\/#organization"},"image":{"@id":"https:\/\/elcardinal.com\/?p=5374#primaryimage"},"thumbnailUrl":"https:\/\/elcardinal.com\/wp-content\/uploads\/2025\/07\/490660254_996134765832951_4491792580100797416_n.jpg","articleSection":["Minuto a Minuto","Opini\u00f3n"],"inLanguage":"es","potentialAction":[{"@type":"CommentAction","name":"Comment","target":["https:\/\/elcardinal.com\/?p=5374#respond"]}]},{"@type":"WebPage","@id":"https:\/\/elcardinal.com\/?p=5374","url":"https:\/\/elcardinal.com\/?p=5374","name":"El despertar espiritual no es la cima, es apenas el umbral - El Cardinal","isPartOf":{"@id":"https:\/\/elcardinal.com\/#website"},"primaryImageOfPage":{"@id":"https:\/\/elcardinal.com\/?p=5374#primaryimage"},"image":{"@id":"https:\/\/elcardinal.com\/?p=5374#primaryimage"},"thumbnailUrl":"https:\/\/elcardinal.com\/wp-content\/uploads\/2025\/07\/490660254_996134765832951_4491792580100797416_n.jpg","datePublished":"2025-12-14T15:48:30+00:00","dateModified":"2025-12-14T15:51:23+00:00","breadcrumb":{"@id":"https:\/\/elcardinal.com\/?p=5374#breadcrumb"},"inLanguage":"es","potentialAction":[{"@type":"ReadAction","target":["https:\/\/elcardinal.com\/?p=5374"]}]},{"@type":"ImageObject","inLanguage":"es","@id":"https:\/\/elcardinal.com\/?p=5374#primaryimage","url":"https:\/\/elcardinal.com\/wp-content\/uploads\/2025\/07\/490660254_996134765832951_4491792580100797416_n.jpg","contentUrl":"https:\/\/elcardinal.com\/wp-content\/uploads\/2025\/07\/490660254_996134765832951_4491792580100797416_n.jpg","width":940,"height":788},{"@type":"BreadcrumbList","@id":"https:\/\/elcardinal.com\/?p=5374#breadcrumb","itemListElement":[{"@type":"ListItem","position":1,"name":"Inicio","item":"https:\/\/elcardinal.com\/"},{"@type":"ListItem","position":2,"name":"El despertar espiritual no es la cima, es apenas el umbral"}]},{"@type":"WebSite","@id":"https:\/\/elcardinal.com\/#website","url":"https:\/\/elcardinal.com\/","name":"El Cardinal","description":"Periodismo honesto, con valor, sentido humano, a veces sarc\u00e1stico y divertido.","publisher":{"@id":"https:\/\/elcardinal.com\/#organization"},"alternateName":"El Cardinal Noticias","potentialAction":[{"@type":"SearchAction","target":{"@type":"EntryPoint","urlTemplate":"https:\/\/elcardinal.com\/?s={search_term_string}"},"query-input":{"@type":"PropertyValueSpecification","valueRequired":true,"valueName":"search_term_string"}}],"inLanguage":"es"},{"@type":"Organization","@id":"https:\/\/elcardinal.com\/#organization","name":"El Cardinal","url":"https:\/\/elcardinal.com\/","logo":{"@type":"ImageObject","inLanguage":"es","@id":"https:\/\/elcardinal.com\/#\/schema\/logo\/image\/","url":"https:\/\/elcardinal.com\/wp-content\/uploads\/2025\/04\/LOGO-EL-CARDINAL-Periodismo-con-valor.png","contentUrl":"https:\/\/elcardinal.com\/wp-content\/uploads\/2025\/04\/LOGO-EL-CARDINAL-Periodismo-con-valor.png","width":755,"height":636,"caption":"El Cardinal"},"image":{"@id":"https:\/\/elcardinal.com\/#\/schema\/logo\/image\/"},"sameAs":["https:\/\/www.facebook.com\/profile.php?id=100063093107011","https:\/\/x.com\/ElCardinal_Mx"]},{"@type":"Person","@id":"https:\/\/elcardinal.com\/#\/schema\/person\/3c352ec0a33987fe275c0e8a2ea69f8b","name":"Antonio Alcaraz","image":{"@type":"ImageObject","inLanguage":"es","@id":"https:\/\/elcardinal.com\/#\/schema\/person\/image\/","url":"https:\/\/elcardinal.com\/wp-content\/uploads\/2025\/05\/cropped-TONO-96x96.jpg","contentUrl":"https:\/\/elcardinal.com\/wp-content\/uploads\/2025\/05\/cropped-TONO-96x96.jpg","caption":"Antonio Alcaraz"},"url":"https:\/\/elcardinal.com\/?author=2"}]}},"_links":{"self":[{"href":"https:\/\/elcardinal.com\/index.php?rest_route=\/wp\/v2\/posts\/5374","targetHints":{"allow":["GET"]}}],"collection":[{"href":"https:\/\/elcardinal.com\/index.php?rest_route=\/wp\/v2\/posts"}],"about":[{"href":"https:\/\/elcardinal.com\/index.php?rest_route=\/wp\/v2\/types\/post"}],"author":[{"embeddable":true,"href":"https:\/\/elcardinal.com\/index.php?rest_route=\/wp\/v2\/users\/2"}],"replies":[{"embeddable":true,"href":"https:\/\/elcardinal.com\/index.php?rest_route=%2Fwp%2Fv2%2Fcomments&post=5374"}],"version-history":[{"count":2,"href":"https:\/\/elcardinal.com\/index.php?rest_route=\/wp\/v2\/posts\/5374\/revisions"}],"predecessor-version":[{"id":5376,"href":"https:\/\/elcardinal.com\/index.php?rest_route=\/wp\/v2\/posts\/5374\/revisions\/5376"}],"wp:featuredmedia":[{"embeddable":true,"href":"https:\/\/elcardinal.com\/index.php?rest_route=\/wp\/v2\/media\/4879"}],"wp:attachment":[{"href":"https:\/\/elcardinal.com\/index.php?rest_route=%2Fwp%2Fv2%2Fmedia&parent=5374"}],"wp:term":[{"taxonomy":"category","embeddable":true,"href":"https:\/\/elcardinal.com\/index.php?rest_route=%2Fwp%2Fv2%2Fcategories&post=5374"},{"taxonomy":"post_tag","embeddable":true,"href":"https:\/\/elcardinal.com\/index.php?rest_route=%2Fwp%2Fv2%2Ftags&post=5374"}],"curies":[{"name":"wp","href":"https:\/\/api.w.org\/{rel}","templated":true}]}}