{"id":5386,"date":"2025-12-21T11:02:04","date_gmt":"2025-12-21T17:02:04","guid":{"rendered":"https:\/\/elcardinal.com\/?p=5386"},"modified":"2025-12-21T11:02:04","modified_gmt":"2025-12-21T17:02:04","slug":"espiritualidad-moderna-mucha-luz-poca-verdad","status":"publish","type":"post","link":"https:\/\/elcardinal.com\/?p=5386","title":{"rendered":"Espiritualidad moderna: mucha luz, poca verdad"},"content":{"rendered":"<p>Por: <strong>Jos\u00e9 Antonio Alcaraz Su\u00e1rez<\/strong><\/p>\n<blockquote><p>\u201cMe liber\u00e9 de la religi\u00f3n, pero ya no puedo enojarme porque bajo la vibraci\u00f3n. Dej\u00e9 la cruz, pero abrac\u00e9 el cuarzo. Cre\u00ed que sal\u00ed del sistema, pero solo entr\u00e9 a uno m\u00e1s colorido\u201d.<\/p><\/blockquote>\n<p>Hace unas semanas escuch\u00e9 esa frase y algo hizo clic. Me llev\u00f3 directo a <strong>una etapa de mi vida<\/strong> en la que me desprend\u00ed de los dogmas y del yugo que las religiones ejercieron sobre mi mente, mi cuerpo y mis emociones, para terminar, sin darme cuenta, en otra atadura: la de la espiritualidad light: mucha luz, poco fuego.<\/p>\n<p><strong>Vibrar alto no es despertar.<\/strong> Salir de la religi\u00f3n convencido de que por fin ser\u00eda libre y, sin notarlo, entr\u00e9 a otra liturgia. Ya no hubo misas ni rezos, pero aparecieron otro tipo de lineamientos: no te enojes, no vibres bajo, amor y paz, yo soy, mente positiva\u2026<\/p>\n<p>Y s\u00ed, <strong>cambi\u00e9 la cruz por el cuarzo,<\/strong> el pecado por el karma, la culpa por la \u201cmala energ\u00eda\u201d. Ese envoltorio era m\u00e1s bonito, m\u00e1s luminoso y colorido, pero el mecanismo segu\u00eda siendo el mismo: portarme bien para merecer algo.<\/p>\n<p>Incluso el dolor empez\u00f3 a tener condiciones. <em>Si algo dol\u00eda o las cosas no iban bien, la explicaci\u00f3n era inmediata: las heridas del pasado, las sombras, mi falta de conciencia, el karma, el ego\u2026<\/em> No estaba sanando; estaba cumpliendo un nuevo manual de conducta emocional.<\/p>\n<blockquote><p>Esa espiritualidad de escaparate me ped\u00eda calma permanente, pero me prohib\u00eda el incendio. Me hablaba de amor, pero desconfiaba de mi enojo. Me promet\u00eda libertad, pero me vigilaba por dentro. Con el tiempo entend\u00ed que despertar no es volverme m\u00e1s suave ni m\u00e1s correcto, sino m\u00e1s honesto. Aunque raspe. Aunque rompa la imagen que proyecto.<\/p><\/blockquote>\n<p>No vine a flotar por encima de m\u00ed mismo; vine a recuperar lo que arde. La vida no es un retiro eterno de paz, es una negociaci\u00f3n constante con mis propias contradicciones.<\/p>\n<p>Tambi\u00e9n me dijeron que el <strong>amor propio<\/strong> era consentirme, repetirme afirmaciones frente al espejo y rodearme de cosas bonitas. Amar tambi\u00e9n es mirar de frente lo que no me gusta de m\u00ed. Reconocer que el monstruo no siempre vive afuera, que muchas veces tiene mi rostro.<\/p>\n<p>No necesito de un objeto <strong>(amuletos, piedras, cuarzos, etc)<\/strong> que absorba las malas vibras, de protecci\u00f3n, ni de ir a un temazcal a purificarme, ni mucho menos a una ceremonia de \u201cdrogadicci\u00f3n espiritual\u201d donde se consumen \u201cplantas precursoras\u201d que terminan haciendo a uno dependiente de ellas o de los rituales (zombies).<\/p>\n<p>En mi caso, lo que requer\u00eda es silencio. Porque el trabajo profundo no consiste en tapar la oscuridad con frases luminosas ni retiros, talleres o ceremonias. Escuchar la voz interna en el silencio enciende el fuego de tu verdad desde adentro. Ah\u00ed se caen los velos.<\/p>\n<p>Aprend\u00ed que el karma no se transforma con sonrisas fingidas ni con mantras repetidos en autom\u00e1tico. Se transforma cuando elijo vivir con verdad, aunque incomode, aunque a veces me deje solo. El camino aut\u00e9ntico no es c\u00f3modo ni dulce: es pedregoso, me tira, me obliga a levantarme distinto. No para vibrar m\u00e1s alto, sino para pararme m\u00e1s firme.<\/p>\n<p>Hoy s\u00e9 que despertar no es obedecer la dictadura del \u201c<strong>buen rollo<\/strong>\u201d. Es dejar de actuar como un aut\u00f3mata espiritual y permitirme ser fuego. Fuego que quema lo falso, que limpia, que duele. Es soltar la necesidad de pedir permiso para existir completo: con mi luz y mi sombra, con mi amor y mi rabia, con mi calma y mi furia. Ah\u00ed, y solo ah\u00ed, comienza algo parecido a la libertad.<\/p>\n<p><strong>GRACIAS<\/strong><\/p>\n","protected":false},"excerpt":{"rendered":"<p>Por: Jos\u00e9 Antonio Alcaraz Su\u00e1rez \u201cMe liber\u00e9 de la religi\u00f3n, pero ya no puedo enojarme porque bajo la vibraci\u00f3n. Dej\u00e9 la cruz, pero abrac\u00e9 el cuarzo. Cre\u00ed que sal\u00ed del sistema, pero solo entr\u00e9 a uno m\u00e1s colorido\u201d. Hace unas semanas escuch\u00e9 esa frase y algo hizo clic. Me llev\u00f3 directo a una etapa de<\/p>\n","protected":false},"author":2,"featured_media":4879,"comment_status":"open","ping_status":"open","sticky":false,"template":"","format":"standard","meta":{"footnotes":""},"categories":[44,35],"tags":[318,81,232],"class_list":{"0":"post-5386","1":"post","2":"type-post","3":"status-publish","4":"format-standard","5":"has-post-thumbnail","7":"category-minuto-a-minuto","8":"category-opinion","9":"tag-espiritual","10":"tag-jose-antonio-alcaraz-suarez","11":"tag-semillas-estelares"},"yoast_head":"<!-- This site is optimized with the Yoast SEO plugin v26.1.1 - https:\/\/yoast.com\/wordpress\/plugins\/seo\/ -->\n<title>Espiritualidad moderna: mucha luz, poca verdad - El Cardinal<\/title>\n<meta name=\"robots\" content=\"index, follow, max-snippet:-1, max-image-preview:large, max-video-preview:-1\" \/>\n<link rel=\"canonical\" href=\"https:\/\/elcardinal.com\/?p=5386\" \/>\n<meta property=\"og:locale\" content=\"es_MX\" \/>\n<meta property=\"og:type\" content=\"article\" \/>\n<meta property=\"og:title\" content=\"Espiritualidad moderna: mucha luz, poca verdad - El Cardinal\" \/>\n<meta property=\"og:description\" content=\"Por: Jos\u00e9 Antonio Alcaraz Su\u00e1rez \u201cMe liber\u00e9 de la religi\u00f3n, pero ya no puedo enojarme porque bajo la vibraci\u00f3n. Dej\u00e9 la cruz, pero abrac\u00e9 el cuarzo. Cre\u00ed que sal\u00ed del sistema, pero solo entr\u00e9 a uno m\u00e1s colorido\u201d. Hace unas semanas escuch\u00e9 esa frase y algo hizo clic. Me llev\u00f3 directo a una etapa de\" \/>\n<meta property=\"og:url\" content=\"https:\/\/elcardinal.com\/?p=5386\" \/>\n<meta property=\"og:site_name\" content=\"El Cardinal\" \/>\n<meta property=\"article:publisher\" content=\"https:\/\/www.facebook.com\/profile.php?id=100063093107011\" \/>\n<meta property=\"article:published_time\" content=\"2025-12-21T17:02:04+00:00\" \/>\n<meta property=\"og:image\" content=\"https:\/\/elcardinal.com\/wp-content\/uploads\/2025\/07\/490660254_996134765832951_4491792580100797416_n.jpg\" \/>\n\t<meta property=\"og:image:width\" content=\"940\" \/>\n\t<meta property=\"og:image:height\" content=\"788\" \/>\n\t<meta property=\"og:image:type\" content=\"image\/jpeg\" \/>\n<meta name=\"author\" content=\"Antonio Alcaraz\" \/>\n<meta name=\"twitter:card\" content=\"summary_large_image\" \/>\n<meta name=\"twitter:creator\" content=\"@ElCardinal_Mx\" \/>\n<meta name=\"twitter:site\" content=\"@ElCardinal_Mx\" \/>\n<meta name=\"twitter:label1\" content=\"Escrito por\" \/>\n\t<meta name=\"twitter:data1\" content=\"Antonio Alcaraz\" \/>\n\t<meta name=\"twitter:label2\" content=\"Tiempo de lectura\" \/>\n\t<meta name=\"twitter:data2\" content=\"3 minutos\" \/>\n<script type=\"application\/ld+json\" class=\"yoast-schema-graph\">{\"@context\":\"https:\/\/schema.org\",\"@graph\":[{\"@type\":\"Article\",\"@id\":\"https:\/\/elcardinal.com\/?p=5386#article\",\"isPartOf\":{\"@id\":\"https:\/\/elcardinal.com\/?p=5386\"},\"author\":{\"name\":\"Antonio Alcaraz\",\"@id\":\"https:\/\/elcardinal.com\/#\/schema\/person\/3c352ec0a33987fe275c0e8a2ea69f8b\"},\"headline\":\"Espiritualidad moderna: mucha luz, poca verdad\",\"datePublished\":\"2025-12-21T17:02:04+00:00\",\"mainEntityOfPage\":{\"@id\":\"https:\/\/elcardinal.com\/?p=5386\"},\"wordCount\":626,\"commentCount\":0,\"publisher\":{\"@id\":\"https:\/\/elcardinal.com\/#organization\"},\"image\":{\"@id\":\"https:\/\/elcardinal.com\/?p=5386#primaryimage\"},\"thumbnailUrl\":\"https:\/\/elcardinal.com\/wp-content\/uploads\/2025\/07\/490660254_996134765832951_4491792580100797416_n.jpg\",\"keywords\":[\"Espiritual\",\"Jos\u00e9 Antonio Alcaraz Su\u00e1rez\",\"Semillas Estelares\"],\"articleSection\":[\"Minuto a Minuto\",\"Opini\u00f3n\"],\"inLanguage\":\"es\",\"potentialAction\":[{\"@type\":\"CommentAction\",\"name\":\"Comment\",\"target\":[\"https:\/\/elcardinal.com\/?p=5386#respond\"]}]},{\"@type\":\"WebPage\",\"@id\":\"https:\/\/elcardinal.com\/?p=5386\",\"url\":\"https:\/\/elcardinal.com\/?p=5386\",\"name\":\"Espiritualidad moderna: mucha luz, poca verdad - El Cardinal\",\"isPartOf\":{\"@id\":\"https:\/\/elcardinal.com\/#website\"},\"primaryImageOfPage\":{\"@id\":\"https:\/\/elcardinal.com\/?p=5386#primaryimage\"},\"image\":{\"@id\":\"https:\/\/elcardinal.com\/?p=5386#primaryimage\"},\"thumbnailUrl\":\"https:\/\/elcardinal.com\/wp-content\/uploads\/2025\/07\/490660254_996134765832951_4491792580100797416_n.jpg\",\"datePublished\":\"2025-12-21T17:02:04+00:00\",\"breadcrumb\":{\"@id\":\"https:\/\/elcardinal.com\/?p=5386#breadcrumb\"},\"inLanguage\":\"es\",\"potentialAction\":[{\"@type\":\"ReadAction\",\"target\":[\"https:\/\/elcardinal.com\/?p=5386\"]}]},{\"@type\":\"ImageObject\",\"inLanguage\":\"es\",\"@id\":\"https:\/\/elcardinal.com\/?p=5386#primaryimage\",\"url\":\"https:\/\/elcardinal.com\/wp-content\/uploads\/2025\/07\/490660254_996134765832951_4491792580100797416_n.jpg\",\"contentUrl\":\"https:\/\/elcardinal.com\/wp-content\/uploads\/2025\/07\/490660254_996134765832951_4491792580100797416_n.jpg\",\"width\":940,\"height\":788},{\"@type\":\"BreadcrumbList\",\"@id\":\"https:\/\/elcardinal.com\/?p=5386#breadcrumb\",\"itemListElement\":[{\"@type\":\"ListItem\",\"position\":1,\"name\":\"Inicio\",\"item\":\"https:\/\/elcardinal.com\/\"},{\"@type\":\"ListItem\",\"position\":2,\"name\":\"Espiritualidad moderna: mucha luz, poca verdad\"}]},{\"@type\":\"WebSite\",\"@id\":\"https:\/\/elcardinal.com\/#website\",\"url\":\"https:\/\/elcardinal.com\/\",\"name\":\"El Cardinal\",\"description\":\"Periodismo honesto, con valor, sentido humano, a veces sarc\u00e1stico y divertido.\",\"publisher\":{\"@id\":\"https:\/\/elcardinal.com\/#organization\"},\"alternateName\":\"El Cardinal Noticias\",\"potentialAction\":[{\"@type\":\"SearchAction\",\"target\":{\"@type\":\"EntryPoint\",\"urlTemplate\":\"https:\/\/elcardinal.com\/?s={search_term_string}\"},\"query-input\":{\"@type\":\"PropertyValueSpecification\",\"valueRequired\":true,\"valueName\":\"search_term_string\"}}],\"inLanguage\":\"es\"},{\"@type\":\"Organization\",\"@id\":\"https:\/\/elcardinal.com\/#organization\",\"name\":\"El Cardinal\",\"url\":\"https:\/\/elcardinal.com\/\",\"logo\":{\"@type\":\"ImageObject\",\"inLanguage\":\"es\",\"@id\":\"https:\/\/elcardinal.com\/#\/schema\/logo\/image\/\",\"url\":\"https:\/\/elcardinal.com\/wp-content\/uploads\/2025\/04\/LOGO-EL-CARDINAL-Periodismo-con-valor.png\",\"contentUrl\":\"https:\/\/elcardinal.com\/wp-content\/uploads\/2025\/04\/LOGO-EL-CARDINAL-Periodismo-con-valor.png\",\"width\":755,\"height\":636,\"caption\":\"El Cardinal\"},\"image\":{\"@id\":\"https:\/\/elcardinal.com\/#\/schema\/logo\/image\/\"},\"sameAs\":[\"https:\/\/www.facebook.com\/profile.php?id=100063093107011\",\"https:\/\/x.com\/ElCardinal_Mx\"]},{\"@type\":\"Person\",\"@id\":\"https:\/\/elcardinal.com\/#\/schema\/person\/3c352ec0a33987fe275c0e8a2ea69f8b\",\"name\":\"Antonio Alcaraz\",\"image\":{\"@type\":\"ImageObject\",\"inLanguage\":\"es\",\"@id\":\"https:\/\/elcardinal.com\/#\/schema\/person\/image\/\",\"url\":\"https:\/\/elcardinal.com\/wp-content\/uploads\/2025\/05\/cropped-TONO-96x96.jpg\",\"contentUrl\":\"https:\/\/elcardinal.com\/wp-content\/uploads\/2025\/05\/cropped-TONO-96x96.jpg\",\"caption\":\"Antonio Alcaraz\"},\"url\":\"https:\/\/elcardinal.com\/?author=2\"}]}<\/script>\n<!-- \/ Yoast SEO plugin. -->","yoast_head_json":{"title":"Espiritualidad moderna: mucha luz, poca verdad - El Cardinal","robots":{"index":"index","follow":"follow","max-snippet":"max-snippet:-1","max-image-preview":"max-image-preview:large","max-video-preview":"max-video-preview:-1"},"canonical":"https:\/\/elcardinal.com\/?p=5386","og_locale":"es_MX","og_type":"article","og_title":"Espiritualidad moderna: mucha luz, poca verdad - El Cardinal","og_description":"Por: Jos\u00e9 Antonio Alcaraz Su\u00e1rez \u201cMe liber\u00e9 de la religi\u00f3n, pero ya no puedo enojarme porque bajo la vibraci\u00f3n. Dej\u00e9 la cruz, pero abrac\u00e9 el cuarzo. Cre\u00ed que sal\u00ed del sistema, pero solo entr\u00e9 a uno m\u00e1s colorido\u201d. Hace unas semanas escuch\u00e9 esa frase y algo hizo clic. Me llev\u00f3 directo a una etapa de","og_url":"https:\/\/elcardinal.com\/?p=5386","og_site_name":"El Cardinal","article_publisher":"https:\/\/www.facebook.com\/profile.php?id=100063093107011","article_published_time":"2025-12-21T17:02:04+00:00","og_image":[{"width":940,"height":788,"url":"https:\/\/elcardinal.com\/wp-content\/uploads\/2025\/07\/490660254_996134765832951_4491792580100797416_n.jpg","type":"image\/jpeg"}],"author":"Antonio Alcaraz","twitter_card":"summary_large_image","twitter_creator":"@ElCardinal_Mx","twitter_site":"@ElCardinal_Mx","twitter_misc":{"Escrito por":"Antonio Alcaraz","Tiempo de lectura":"3 minutos"},"schema":{"@context":"https:\/\/schema.org","@graph":[{"@type":"Article","@id":"https:\/\/elcardinal.com\/?p=5386#article","isPartOf":{"@id":"https:\/\/elcardinal.com\/?p=5386"},"author":{"name":"Antonio Alcaraz","@id":"https:\/\/elcardinal.com\/#\/schema\/person\/3c352ec0a33987fe275c0e8a2ea69f8b"},"headline":"Espiritualidad moderna: mucha luz, poca verdad","datePublished":"2025-12-21T17:02:04+00:00","mainEntityOfPage":{"@id":"https:\/\/elcardinal.com\/?p=5386"},"wordCount":626,"commentCount":0,"publisher":{"@id":"https:\/\/elcardinal.com\/#organization"},"image":{"@id":"https:\/\/elcardinal.com\/?p=5386#primaryimage"},"thumbnailUrl":"https:\/\/elcardinal.com\/wp-content\/uploads\/2025\/07\/490660254_996134765832951_4491792580100797416_n.jpg","keywords":["Espiritual","Jos\u00e9 Antonio Alcaraz Su\u00e1rez","Semillas Estelares"],"articleSection":["Minuto a Minuto","Opini\u00f3n"],"inLanguage":"es","potentialAction":[{"@type":"CommentAction","name":"Comment","target":["https:\/\/elcardinal.com\/?p=5386#respond"]}]},{"@type":"WebPage","@id":"https:\/\/elcardinal.com\/?p=5386","url":"https:\/\/elcardinal.com\/?p=5386","name":"Espiritualidad moderna: mucha luz, poca verdad - El Cardinal","isPartOf":{"@id":"https:\/\/elcardinal.com\/#website"},"primaryImageOfPage":{"@id":"https:\/\/elcardinal.com\/?p=5386#primaryimage"},"image":{"@id":"https:\/\/elcardinal.com\/?p=5386#primaryimage"},"thumbnailUrl":"https:\/\/elcardinal.com\/wp-content\/uploads\/2025\/07\/490660254_996134765832951_4491792580100797416_n.jpg","datePublished":"2025-12-21T17:02:04+00:00","breadcrumb":{"@id":"https:\/\/elcardinal.com\/?p=5386#breadcrumb"},"inLanguage":"es","potentialAction":[{"@type":"ReadAction","target":["https:\/\/elcardinal.com\/?p=5386"]}]},{"@type":"ImageObject","inLanguage":"es","@id":"https:\/\/elcardinal.com\/?p=5386#primaryimage","url":"https:\/\/elcardinal.com\/wp-content\/uploads\/2025\/07\/490660254_996134765832951_4491792580100797416_n.jpg","contentUrl":"https:\/\/elcardinal.com\/wp-content\/uploads\/2025\/07\/490660254_996134765832951_4491792580100797416_n.jpg","width":940,"height":788},{"@type":"BreadcrumbList","@id":"https:\/\/elcardinal.com\/?p=5386#breadcrumb","itemListElement":[{"@type":"ListItem","position":1,"name":"Inicio","item":"https:\/\/elcardinal.com\/"},{"@type":"ListItem","position":2,"name":"Espiritualidad moderna: mucha luz, poca verdad"}]},{"@type":"WebSite","@id":"https:\/\/elcardinal.com\/#website","url":"https:\/\/elcardinal.com\/","name":"El Cardinal","description":"Periodismo honesto, con valor, sentido humano, a veces sarc\u00e1stico y divertido.","publisher":{"@id":"https:\/\/elcardinal.com\/#organization"},"alternateName":"El Cardinal Noticias","potentialAction":[{"@type":"SearchAction","target":{"@type":"EntryPoint","urlTemplate":"https:\/\/elcardinal.com\/?s={search_term_string}"},"query-input":{"@type":"PropertyValueSpecification","valueRequired":true,"valueName":"search_term_string"}}],"inLanguage":"es"},{"@type":"Organization","@id":"https:\/\/elcardinal.com\/#organization","name":"El Cardinal","url":"https:\/\/elcardinal.com\/","logo":{"@type":"ImageObject","inLanguage":"es","@id":"https:\/\/elcardinal.com\/#\/schema\/logo\/image\/","url":"https:\/\/elcardinal.com\/wp-content\/uploads\/2025\/04\/LOGO-EL-CARDINAL-Periodismo-con-valor.png","contentUrl":"https:\/\/elcardinal.com\/wp-content\/uploads\/2025\/04\/LOGO-EL-CARDINAL-Periodismo-con-valor.png","width":755,"height":636,"caption":"El Cardinal"},"image":{"@id":"https:\/\/elcardinal.com\/#\/schema\/logo\/image\/"},"sameAs":["https:\/\/www.facebook.com\/profile.php?id=100063093107011","https:\/\/x.com\/ElCardinal_Mx"]},{"@type":"Person","@id":"https:\/\/elcardinal.com\/#\/schema\/person\/3c352ec0a33987fe275c0e8a2ea69f8b","name":"Antonio Alcaraz","image":{"@type":"ImageObject","inLanguage":"es","@id":"https:\/\/elcardinal.com\/#\/schema\/person\/image\/","url":"https:\/\/elcardinal.com\/wp-content\/uploads\/2025\/05\/cropped-TONO-96x96.jpg","contentUrl":"https:\/\/elcardinal.com\/wp-content\/uploads\/2025\/05\/cropped-TONO-96x96.jpg","caption":"Antonio Alcaraz"},"url":"https:\/\/elcardinal.com\/?author=2"}]}},"_links":{"self":[{"href":"https:\/\/elcardinal.com\/index.php?rest_route=\/wp\/v2\/posts\/5386","targetHints":{"allow":["GET"]}}],"collection":[{"href":"https:\/\/elcardinal.com\/index.php?rest_route=\/wp\/v2\/posts"}],"about":[{"href":"https:\/\/elcardinal.com\/index.php?rest_route=\/wp\/v2\/types\/post"}],"author":[{"embeddable":true,"href":"https:\/\/elcardinal.com\/index.php?rest_route=\/wp\/v2\/users\/2"}],"replies":[{"embeddable":true,"href":"https:\/\/elcardinal.com\/index.php?rest_route=%2Fwp%2Fv2%2Fcomments&post=5386"}],"version-history":[{"count":1,"href":"https:\/\/elcardinal.com\/index.php?rest_route=\/wp\/v2\/posts\/5386\/revisions"}],"predecessor-version":[{"id":5387,"href":"https:\/\/elcardinal.com\/index.php?rest_route=\/wp\/v2\/posts\/5386\/revisions\/5387"}],"wp:featuredmedia":[{"embeddable":true,"href":"https:\/\/elcardinal.com\/index.php?rest_route=\/wp\/v2\/media\/4879"}],"wp:attachment":[{"href":"https:\/\/elcardinal.com\/index.php?rest_route=%2Fwp%2Fv2%2Fmedia&parent=5386"}],"wp:term":[{"taxonomy":"category","embeddable":true,"href":"https:\/\/elcardinal.com\/index.php?rest_route=%2Fwp%2Fv2%2Fcategories&post=5386"},{"taxonomy":"post_tag","embeddable":true,"href":"https:\/\/elcardinal.com\/index.php?rest_route=%2Fwp%2Fv2%2Ftags&post=5386"}],"curies":[{"name":"wp","href":"https:\/\/api.w.org\/{rel}","templated":true}]}}