{"id":5405,"date":"2026-01-14T18:49:37","date_gmt":"2026-01-15T00:49:37","guid":{"rendered":"https:\/\/elcardinal.com\/?p=5405"},"modified":"2026-01-14T18:49:37","modified_gmt":"2026-01-15T00:49:37","slug":"congreso-de-hidalgo-rinde-homenaje-postumo-a-jaime-jesus-asturiano-hernandez","status":"publish","type":"post","link":"https:\/\/elcardinal.com\/?p=5405","title":{"rendered":"Congreso de Hidalgo rinde homenaje p\u00f3stumo a Jaime Jes\u00fas Asturiano Hern\u00e1ndez"},"content":{"rendered":"<p>Por: Antonio Alcaraz<\/p>\n<p>El Congreso del Estado de Hidalgo entreg\u00f3 la distinci\u00f3n \u201cLa Mina del Tiempo\u201d, de manera p\u00f3stuma, al ingeniero Jaime Jes\u00fas Asturiano Hern\u00e1ndez, fundador del Grupo Tele Urban, empresa que transform\u00f3 el transporte p\u00fablico en un medio de comunicaci\u00f3n de alto impacto.<\/p>\n<p>Durante la ceremonia, el presidente de la Junta de Gobierno del Congreso local, Andr\u00e9s Vel\u00e1zquez V\u00e1zquez, destac\u00f3 que el legado del ingeniero Asturiano \u201cno se puede medir en cifras ni en pantallas, sino en la vida de cada persona que fue tocada por su visi\u00f3n, su ejemplo y su amor por Hidalgo y M\u00e9xico\u201d, expresando adem\u00e1s un reconocimiento profundo a su familia.<\/p>\n<p>El diputado Jos\u00e9 Luis Rodr\u00edguez Higareda, presidente de la directiva de la Diputaci\u00f3n Permanente, dio lectura a la semblanza del homenajeado y record\u00f3 que Jaime Asturiano, nacido en Zacualtip\u00e1n el 10 de marzo de 1946, represent\u00f3 \u201clo mejor del esfuerzo, la visi\u00f3n y el compromiso con M\u00e9xico\u201d, dejando una trayectoria que contin\u00faa vigente en cada proyecto que impuls\u00f3.<\/p>\n<p>En representaci\u00f3n de la familia, Juan Carlos Asturiano Z\u00fa\u00f1iga, presidente de Grupo Tele Urban, recibi\u00f3 la distinci\u00f3n y se\u00f1al\u00f3 que este reconocimiento \u201creconforta y llena de orgullo, porque confirma que su vida tuvo un profundo sentido y que su ejemplo trascendi\u00f3\u201d.<\/p>\n<p>Por su parte, el coordinador de Comunicaci\u00f3n Gubernamental, Pedro Edmundo Pineda L\u00f3pez, en representaci\u00f3n del gobernador Julio Menchaca Salazar, afirm\u00f3 que el legado del ingeniero Asturiano \u201ctransita por diferentes rutas en distintas ciudades de M\u00e9xico\u201d y subray\u00f3 que detr\u00e1s del visionario empresario exist\u00eda una persona de profunda sencillez y generosidad, asumidas como una forma de vida.<\/p>\n<p>Al homenaje asistieron diputadas y diputados federales y locales, la senadora Simey Olvera Bautista, el contralor general del Poder Judicial del Estado de Hidalgo Jos\u00e9 Alfredo Valdivia P\u00e9rez, el presidente municipal de Pachuca Jorge Reyes Hern\u00e1ndez, representantes de c\u00e1maras y asociaciones empresariales, as\u00ed como familiares del galardonado.<\/p>\n","protected":false},"excerpt":{"rendered":"<p>Por: Antonio Alcaraz El Congreso del Estado de Hidalgo entreg\u00f3 la distinci\u00f3n \u201cLa Mina del Tiempo\u201d, de manera p\u00f3stuma, al ingeniero Jaime Jes\u00fas Asturiano Hern\u00e1ndez, fundador del Grupo Tele Urban, empresa que transform\u00f3 el transporte p\u00fablico en un medio de comunicaci\u00f3n de alto impacto. Durante la ceremonia, el presidente de la Junta de Gobierno del<\/p>\n","protected":false},"author":2,"featured_media":5406,"comment_status":"open","ping_status":"open","sticky":false,"template":"","format":"standard","meta":{"footnotes":""},"categories":[31,44,39],"tags":[],"class_list":{"0":"post-5405","1":"post","2":"type-post","3":"status-publish","4":"format-standard","5":"has-post-thumbnail","7":"category-hidalgo","8":"category-minuto-a-minuto","9":"category-politica"},"yoast_head":"<!-- This site is optimized with the Yoast SEO plugin v26.1.1 - https:\/\/yoast.com\/wordpress\/plugins\/seo\/ -->\n<title>Congreso de Hidalgo rinde homenaje p\u00f3stumo a Jaime Jes\u00fas Asturiano Hern\u00e1ndez - El Cardinal<\/title>\n<meta name=\"robots\" content=\"index, follow, max-snippet:-1, max-image-preview:large, max-video-preview:-1\" \/>\n<link rel=\"canonical\" href=\"https:\/\/elcardinal.com\/?p=5405\" \/>\n<meta property=\"og:locale\" content=\"es_MX\" \/>\n<meta property=\"og:type\" content=\"article\" \/>\n<meta property=\"og:title\" content=\"Congreso de Hidalgo rinde homenaje p\u00f3stumo a Jaime Jes\u00fas Asturiano Hern\u00e1ndez - El Cardinal\" \/>\n<meta property=\"og:description\" content=\"Por: Antonio Alcaraz El Congreso del Estado de Hidalgo entreg\u00f3 la distinci\u00f3n \u201cLa Mina del Tiempo\u201d, de manera p\u00f3stuma, al ingeniero Jaime Jes\u00fas Asturiano Hern\u00e1ndez, fundador del Grupo Tele Urban, empresa que transform\u00f3 el transporte p\u00fablico en un medio de comunicaci\u00f3n de alto impacto. Durante la ceremonia, el presidente de la Junta de Gobierno del\" \/>\n<meta property=\"og:url\" content=\"https:\/\/elcardinal.com\/?p=5405\" \/>\n<meta property=\"og:site_name\" content=\"El Cardinal\" \/>\n<meta property=\"article:publisher\" content=\"https:\/\/www.facebook.com\/profile.php?id=100063093107011\" \/>\n<meta property=\"article:published_time\" content=\"2026-01-15T00:49:37+00:00\" \/>\n<meta property=\"og:image\" content=\"https:\/\/elcardinal.com\/wp-content\/uploads\/2026\/01\/14.01.2026-Entrega-reconocimiento-Mina-del-tiempo-2-scaled.jpg\" \/>\n\t<meta property=\"og:image:width\" content=\"2560\" \/>\n\t<meta property=\"og:image:height\" content=\"1707\" \/>\n\t<meta property=\"og:image:type\" content=\"image\/jpeg\" \/>\n<meta name=\"author\" content=\"Antonio Alcaraz\" \/>\n<meta name=\"twitter:card\" content=\"summary_large_image\" \/>\n<meta name=\"twitter:creator\" content=\"@ElCardinal_Mx\" \/>\n<meta name=\"twitter:site\" content=\"@ElCardinal_Mx\" \/>\n<meta name=\"twitter:label1\" content=\"Escrito por\" \/>\n\t<meta name=\"twitter:data1\" content=\"Antonio Alcaraz\" \/>\n\t<meta name=\"twitter:label2\" content=\"Tiempo de lectura\" \/>\n\t<meta name=\"twitter:data2\" content=\"2 minutos\" \/>\n<script type=\"application\/ld+json\" class=\"yoast-schema-graph\">{\"@context\":\"https:\/\/schema.org\",\"@graph\":[{\"@type\":\"Article\",\"@id\":\"https:\/\/elcardinal.com\/?p=5405#article\",\"isPartOf\":{\"@id\":\"https:\/\/elcardinal.com\/?p=5405\"},\"author\":{\"name\":\"Antonio Alcaraz\",\"@id\":\"https:\/\/elcardinal.com\/#\/schema\/person\/3c352ec0a33987fe275c0e8a2ea69f8b\"},\"headline\":\"Congreso de Hidalgo rinde homenaje p\u00f3stumo a Jaime Jes\u00fas Asturiano Hern\u00e1ndez\",\"datePublished\":\"2026-01-15T00:49:37+00:00\",\"mainEntityOfPage\":{\"@id\":\"https:\/\/elcardinal.com\/?p=5405\"},\"wordCount\":351,\"commentCount\":0,\"publisher\":{\"@id\":\"https:\/\/elcardinal.com\/#organization\"},\"image\":{\"@id\":\"https:\/\/elcardinal.com\/?p=5405#primaryimage\"},\"thumbnailUrl\":\"https:\/\/elcardinal.com\/wp-content\/uploads\/2026\/01\/14.01.2026-Entrega-reconocimiento-Mina-del-tiempo-2-scaled.jpg\",\"articleSection\":[\"Hidalgo\",\"Minuto a Minuto\",\"Pol\u00edtica\"],\"inLanguage\":\"es\",\"potentialAction\":[{\"@type\":\"CommentAction\",\"name\":\"Comment\",\"target\":[\"https:\/\/elcardinal.com\/?p=5405#respond\"]}]},{\"@type\":\"WebPage\",\"@id\":\"https:\/\/elcardinal.com\/?p=5405\",\"url\":\"https:\/\/elcardinal.com\/?p=5405\",\"name\":\"Congreso de Hidalgo rinde homenaje p\u00f3stumo a Jaime Jes\u00fas Asturiano Hern\u00e1ndez - El Cardinal\",\"isPartOf\":{\"@id\":\"https:\/\/elcardinal.com\/#website\"},\"primaryImageOfPage\":{\"@id\":\"https:\/\/elcardinal.com\/?p=5405#primaryimage\"},\"image\":{\"@id\":\"https:\/\/elcardinal.com\/?p=5405#primaryimage\"},\"thumbnailUrl\":\"https:\/\/elcardinal.com\/wp-content\/uploads\/2026\/01\/14.01.2026-Entrega-reconocimiento-Mina-del-tiempo-2-scaled.jpg\",\"datePublished\":\"2026-01-15T00:49:37+00:00\",\"breadcrumb\":{\"@id\":\"https:\/\/elcardinal.com\/?p=5405#breadcrumb\"},\"inLanguage\":\"es\",\"potentialAction\":[{\"@type\":\"ReadAction\",\"target\":[\"https:\/\/elcardinal.com\/?p=5405\"]}]},{\"@type\":\"ImageObject\",\"inLanguage\":\"es\",\"@id\":\"https:\/\/elcardinal.com\/?p=5405#primaryimage\",\"url\":\"https:\/\/elcardinal.com\/wp-content\/uploads\/2026\/01\/14.01.2026-Entrega-reconocimiento-Mina-del-tiempo-2-scaled.jpg\",\"contentUrl\":\"https:\/\/elcardinal.com\/wp-content\/uploads\/2026\/01\/14.01.2026-Entrega-reconocimiento-Mina-del-tiempo-2-scaled.jpg\",\"width\":2560,\"height\":1707},{\"@type\":\"BreadcrumbList\",\"@id\":\"https:\/\/elcardinal.com\/?p=5405#breadcrumb\",\"itemListElement\":[{\"@type\":\"ListItem\",\"position\":1,\"name\":\"Inicio\",\"item\":\"https:\/\/elcardinal.com\/\"},{\"@type\":\"ListItem\",\"position\":2,\"name\":\"Congreso de Hidalgo rinde homenaje p\u00f3stumo a Jaime Jes\u00fas Asturiano Hern\u00e1ndez\"}]},{\"@type\":\"WebSite\",\"@id\":\"https:\/\/elcardinal.com\/#website\",\"url\":\"https:\/\/elcardinal.com\/\",\"name\":\"El Cardinal\",\"description\":\"Periodismo honesto, con valor, sentido humano, a veces sarc\u00e1stico y divertido.\",\"publisher\":{\"@id\":\"https:\/\/elcardinal.com\/#organization\"},\"alternateName\":\"El Cardinal Noticias\",\"potentialAction\":[{\"@type\":\"SearchAction\",\"target\":{\"@type\":\"EntryPoint\",\"urlTemplate\":\"https:\/\/elcardinal.com\/?s={search_term_string}\"},\"query-input\":{\"@type\":\"PropertyValueSpecification\",\"valueRequired\":true,\"valueName\":\"search_term_string\"}}],\"inLanguage\":\"es\"},{\"@type\":\"Organization\",\"@id\":\"https:\/\/elcardinal.com\/#organization\",\"name\":\"El Cardinal\",\"url\":\"https:\/\/elcardinal.com\/\",\"logo\":{\"@type\":\"ImageObject\",\"inLanguage\":\"es\",\"@id\":\"https:\/\/elcardinal.com\/#\/schema\/logo\/image\/\",\"url\":\"https:\/\/elcardinal.com\/wp-content\/uploads\/2025\/04\/LOGO-EL-CARDINAL-Periodismo-con-valor.png\",\"contentUrl\":\"https:\/\/elcardinal.com\/wp-content\/uploads\/2025\/04\/LOGO-EL-CARDINAL-Periodismo-con-valor.png\",\"width\":755,\"height\":636,\"caption\":\"El Cardinal\"},\"image\":{\"@id\":\"https:\/\/elcardinal.com\/#\/schema\/logo\/image\/\"},\"sameAs\":[\"https:\/\/www.facebook.com\/profile.php?id=100063093107011\",\"https:\/\/x.com\/ElCardinal_Mx\"]},{\"@type\":\"Person\",\"@id\":\"https:\/\/elcardinal.com\/#\/schema\/person\/3c352ec0a33987fe275c0e8a2ea69f8b\",\"name\":\"Antonio Alcaraz\",\"image\":{\"@type\":\"ImageObject\",\"inLanguage\":\"es\",\"@id\":\"https:\/\/elcardinal.com\/#\/schema\/person\/image\/\",\"url\":\"https:\/\/elcardinal.com\/wp-content\/uploads\/2025\/05\/cropped-TONO-96x96.jpg\",\"contentUrl\":\"https:\/\/elcardinal.com\/wp-content\/uploads\/2025\/05\/cropped-TONO-96x96.jpg\",\"caption\":\"Antonio Alcaraz\"},\"url\":\"https:\/\/elcardinal.com\/?author=2\"}]}<\/script>\n<!-- \/ Yoast SEO plugin. -->","yoast_head_json":{"title":"Congreso de Hidalgo rinde homenaje p\u00f3stumo a Jaime Jes\u00fas Asturiano Hern\u00e1ndez - El Cardinal","robots":{"index":"index","follow":"follow","max-snippet":"max-snippet:-1","max-image-preview":"max-image-preview:large","max-video-preview":"max-video-preview:-1"},"canonical":"https:\/\/elcardinal.com\/?p=5405","og_locale":"es_MX","og_type":"article","og_title":"Congreso de Hidalgo rinde homenaje p\u00f3stumo a Jaime Jes\u00fas Asturiano Hern\u00e1ndez - El Cardinal","og_description":"Por: Antonio Alcaraz El Congreso del Estado de Hidalgo entreg\u00f3 la distinci\u00f3n \u201cLa Mina del Tiempo\u201d, de manera p\u00f3stuma, al ingeniero Jaime Jes\u00fas Asturiano Hern\u00e1ndez, fundador del Grupo Tele Urban, empresa que transform\u00f3 el transporte p\u00fablico en un medio de comunicaci\u00f3n de alto impacto. Durante la ceremonia, el presidente de la Junta de Gobierno del","og_url":"https:\/\/elcardinal.com\/?p=5405","og_site_name":"El Cardinal","article_publisher":"https:\/\/www.facebook.com\/profile.php?id=100063093107011","article_published_time":"2026-01-15T00:49:37+00:00","og_image":[{"width":2560,"height":1707,"url":"https:\/\/elcardinal.com\/wp-content\/uploads\/2026\/01\/14.01.2026-Entrega-reconocimiento-Mina-del-tiempo-2-scaled.jpg","type":"image\/jpeg"}],"author":"Antonio Alcaraz","twitter_card":"summary_large_image","twitter_creator":"@ElCardinal_Mx","twitter_site":"@ElCardinal_Mx","twitter_misc":{"Escrito por":"Antonio Alcaraz","Tiempo de lectura":"2 minutos"},"schema":{"@context":"https:\/\/schema.org","@graph":[{"@type":"Article","@id":"https:\/\/elcardinal.com\/?p=5405#article","isPartOf":{"@id":"https:\/\/elcardinal.com\/?p=5405"},"author":{"name":"Antonio Alcaraz","@id":"https:\/\/elcardinal.com\/#\/schema\/person\/3c352ec0a33987fe275c0e8a2ea69f8b"},"headline":"Congreso de Hidalgo rinde homenaje p\u00f3stumo a Jaime Jes\u00fas Asturiano Hern\u00e1ndez","datePublished":"2026-01-15T00:49:37+00:00","mainEntityOfPage":{"@id":"https:\/\/elcardinal.com\/?p=5405"},"wordCount":351,"commentCount":0,"publisher":{"@id":"https:\/\/elcardinal.com\/#organization"},"image":{"@id":"https:\/\/elcardinal.com\/?p=5405#primaryimage"},"thumbnailUrl":"https:\/\/elcardinal.com\/wp-content\/uploads\/2026\/01\/14.01.2026-Entrega-reconocimiento-Mina-del-tiempo-2-scaled.jpg","articleSection":["Hidalgo","Minuto a Minuto","Pol\u00edtica"],"inLanguage":"es","potentialAction":[{"@type":"CommentAction","name":"Comment","target":["https:\/\/elcardinal.com\/?p=5405#respond"]}]},{"@type":"WebPage","@id":"https:\/\/elcardinal.com\/?p=5405","url":"https:\/\/elcardinal.com\/?p=5405","name":"Congreso de Hidalgo rinde homenaje p\u00f3stumo a Jaime Jes\u00fas Asturiano Hern\u00e1ndez - El Cardinal","isPartOf":{"@id":"https:\/\/elcardinal.com\/#website"},"primaryImageOfPage":{"@id":"https:\/\/elcardinal.com\/?p=5405#primaryimage"},"image":{"@id":"https:\/\/elcardinal.com\/?p=5405#primaryimage"},"thumbnailUrl":"https:\/\/elcardinal.com\/wp-content\/uploads\/2026\/01\/14.01.2026-Entrega-reconocimiento-Mina-del-tiempo-2-scaled.jpg","datePublished":"2026-01-15T00:49:37+00:00","breadcrumb":{"@id":"https:\/\/elcardinal.com\/?p=5405#breadcrumb"},"inLanguage":"es","potentialAction":[{"@type":"ReadAction","target":["https:\/\/elcardinal.com\/?p=5405"]}]},{"@type":"ImageObject","inLanguage":"es","@id":"https:\/\/elcardinal.com\/?p=5405#primaryimage","url":"https:\/\/elcardinal.com\/wp-content\/uploads\/2026\/01\/14.01.2026-Entrega-reconocimiento-Mina-del-tiempo-2-scaled.jpg","contentUrl":"https:\/\/elcardinal.com\/wp-content\/uploads\/2026\/01\/14.01.2026-Entrega-reconocimiento-Mina-del-tiempo-2-scaled.jpg","width":2560,"height":1707},{"@type":"BreadcrumbList","@id":"https:\/\/elcardinal.com\/?p=5405#breadcrumb","itemListElement":[{"@type":"ListItem","position":1,"name":"Inicio","item":"https:\/\/elcardinal.com\/"},{"@type":"ListItem","position":2,"name":"Congreso de Hidalgo rinde homenaje p\u00f3stumo a Jaime Jes\u00fas Asturiano Hern\u00e1ndez"}]},{"@type":"WebSite","@id":"https:\/\/elcardinal.com\/#website","url":"https:\/\/elcardinal.com\/","name":"El Cardinal","description":"Periodismo honesto, con valor, sentido humano, a veces sarc\u00e1stico y divertido.","publisher":{"@id":"https:\/\/elcardinal.com\/#organization"},"alternateName":"El Cardinal Noticias","potentialAction":[{"@type":"SearchAction","target":{"@type":"EntryPoint","urlTemplate":"https:\/\/elcardinal.com\/?s={search_term_string}"},"query-input":{"@type":"PropertyValueSpecification","valueRequired":true,"valueName":"search_term_string"}}],"inLanguage":"es"},{"@type":"Organization","@id":"https:\/\/elcardinal.com\/#organization","name":"El Cardinal","url":"https:\/\/elcardinal.com\/","logo":{"@type":"ImageObject","inLanguage":"es","@id":"https:\/\/elcardinal.com\/#\/schema\/logo\/image\/","url":"https:\/\/elcardinal.com\/wp-content\/uploads\/2025\/04\/LOGO-EL-CARDINAL-Periodismo-con-valor.png","contentUrl":"https:\/\/elcardinal.com\/wp-content\/uploads\/2025\/04\/LOGO-EL-CARDINAL-Periodismo-con-valor.png","width":755,"height":636,"caption":"El Cardinal"},"image":{"@id":"https:\/\/elcardinal.com\/#\/schema\/logo\/image\/"},"sameAs":["https:\/\/www.facebook.com\/profile.php?id=100063093107011","https:\/\/x.com\/ElCardinal_Mx"]},{"@type":"Person","@id":"https:\/\/elcardinal.com\/#\/schema\/person\/3c352ec0a33987fe275c0e8a2ea69f8b","name":"Antonio Alcaraz","image":{"@type":"ImageObject","inLanguage":"es","@id":"https:\/\/elcardinal.com\/#\/schema\/person\/image\/","url":"https:\/\/elcardinal.com\/wp-content\/uploads\/2025\/05\/cropped-TONO-96x96.jpg","contentUrl":"https:\/\/elcardinal.com\/wp-content\/uploads\/2025\/05\/cropped-TONO-96x96.jpg","caption":"Antonio Alcaraz"},"url":"https:\/\/elcardinal.com\/?author=2"}]}},"_links":{"self":[{"href":"https:\/\/elcardinal.com\/index.php?rest_route=\/wp\/v2\/posts\/5405","targetHints":{"allow":["GET"]}}],"collection":[{"href":"https:\/\/elcardinal.com\/index.php?rest_route=\/wp\/v2\/posts"}],"about":[{"href":"https:\/\/elcardinal.com\/index.php?rest_route=\/wp\/v2\/types\/post"}],"author":[{"embeddable":true,"href":"https:\/\/elcardinal.com\/index.php?rest_route=\/wp\/v2\/users\/2"}],"replies":[{"embeddable":true,"href":"https:\/\/elcardinal.com\/index.php?rest_route=%2Fwp%2Fv2%2Fcomments&post=5405"}],"version-history":[{"count":1,"href":"https:\/\/elcardinal.com\/index.php?rest_route=\/wp\/v2\/posts\/5405\/revisions"}],"predecessor-version":[{"id":5407,"href":"https:\/\/elcardinal.com\/index.php?rest_route=\/wp\/v2\/posts\/5405\/revisions\/5407"}],"wp:featuredmedia":[{"embeddable":true,"href":"https:\/\/elcardinal.com\/index.php?rest_route=\/wp\/v2\/media\/5406"}],"wp:attachment":[{"href":"https:\/\/elcardinal.com\/index.php?rest_route=%2Fwp%2Fv2%2Fmedia&parent=5405"}],"wp:term":[{"taxonomy":"category","embeddable":true,"href":"https:\/\/elcardinal.com\/index.php?rest_route=%2Fwp%2Fv2%2Fcategories&post=5405"},{"taxonomy":"post_tag","embeddable":true,"href":"https:\/\/elcardinal.com\/index.php?rest_route=%2Fwp%2Fv2%2Ftags&post=5405"}],"curies":[{"name":"wp","href":"https:\/\/api.w.org\/{rel}","templated":true}]}}