{"id":5409,"date":"2026-01-14T19:00:12","date_gmt":"2026-01-15T01:00:12","guid":{"rendered":"https:\/\/elcardinal.com\/?p=5409"},"modified":"2026-01-14T19:00:12","modified_gmt":"2026-01-15T01:00:12","slug":"asi-va-la-demolicion-del-salon-de-plenos-del-congreso-de-hidalgo","status":"publish","type":"post","link":"https:\/\/elcardinal.com\/?p=5409","title":{"rendered":"As\u00ed va la demolici\u00f3n del Sal\u00f3n de Plenos del Congreso de Hidalgo"},"content":{"rendered":"<p>Por: Redacci\u00f3n<\/p>\n<p>El Congreso del Estado de Hidalgo inform\u00f3 que los trabajos de demolici\u00f3n del Sal\u00f3n de Plenos registran un avance general del 60 por ciento, conforme al programa establecido y a los dict\u00e1menes t\u00e9cnicos correspondientes.<\/p>\n<p>La obra inici\u00f3 el 18 de noviembre de 2025 y se prev\u00e9 que concluya el 19 de marzo de 2026. El derrumbe se realiza en coordinaci\u00f3n con la Secretar\u00eda de Infraestructura P\u00fablica y Desarrollo Urbano Sostenible (SIPDUS), bajo estrictos criterios t\u00e9cnicos y de seguridad.<\/p>\n<p>Desde el inicio del proyecto, el \u00e1rea permanece acordonada con un margen de seguridad para prevenir cualquier incidente. De manera permanente, personal de la empresa responsable y de SIPDUS supervisan que las maniobras se desarrollen de forma segura, adem\u00e1s de atender las recomendaciones emitidas por la Subsecretar\u00eda de Protecci\u00f3n Civil estatal.<\/p>\n<p>En cuanto a los elementos art\u00edsticos del inmueble, el mural ubicado en el vest\u00edbulo fue retirado por personal especializado y actualmente se encuentra resguardado por el \u00e1rea de Servicios Generales del Congreso. En tanto, la obra situada en el muro sureste, del artista Silvino L\u00f3pez Tovar, estaba pintada sobre elementos estructurales que fue necesario demoler debido a las condiciones del inmueble.<\/p>\n<p>Paralelamente, se realizan las gestiones ante la Secretar\u00eda de Hacienda para obtener la validaci\u00f3n t\u00e9cnica del expediente y el oficio de autorizaci\u00f3n correspondiente para la construcci\u00f3n del nuevo recinto legislativo.<\/p>\n<p>El Poder Legislativo reiter\u00f3 su compromiso con la seguridad, la transparencia, la rendici\u00f3n de cuentas y el fortalecimiento de su infraestructura institucional.<\/p>\n","protected":false},"excerpt":{"rendered":"<p>Por: Redacci\u00f3n El Congreso del Estado de Hidalgo inform\u00f3 que los trabajos de demolici\u00f3n del Sal\u00f3n de Plenos registran un avance general del 60 por ciento, conforme al programa establecido y a los dict\u00e1menes t\u00e9cnicos correspondientes. La obra inici\u00f3 el 18 de noviembre de 2025 y se prev\u00e9 que concluya el 19 de marzo de<\/p>\n","protected":false},"author":2,"featured_media":5410,"comment_status":"open","ping_status":"open","sticky":false,"template":"","format":"standard","meta":{"footnotes":""},"categories":[31,44,39],"tags":[],"class_list":{"0":"post-5409","1":"post","2":"type-post","3":"status-publish","4":"format-standard","5":"has-post-thumbnail","7":"category-hidalgo","8":"category-minuto-a-minuto","9":"category-politica"},"yoast_head":"<!-- This site is optimized with the Yoast SEO plugin v26.1.1 - https:\/\/yoast.com\/wordpress\/plugins\/seo\/ -->\n<title>As\u00ed va la demolici\u00f3n del Sal\u00f3n de Plenos del Congreso de Hidalgo - El Cardinal<\/title>\n<meta name=\"robots\" content=\"index, follow, max-snippet:-1, max-image-preview:large, max-video-preview:-1\" \/>\n<link rel=\"canonical\" href=\"https:\/\/elcardinal.com\/?p=5409\" \/>\n<meta property=\"og:locale\" content=\"es_MX\" \/>\n<meta property=\"og:type\" content=\"article\" \/>\n<meta property=\"og:title\" content=\"As\u00ed va la demolici\u00f3n del Sal\u00f3n de Plenos del Congreso de Hidalgo - El Cardinal\" \/>\n<meta property=\"og:description\" content=\"Por: Redacci\u00f3n El Congreso del Estado de Hidalgo inform\u00f3 que los trabajos de demolici\u00f3n del Sal\u00f3n de Plenos registran un avance general del 60 por ciento, conforme al programa establecido y a los dict\u00e1menes t\u00e9cnicos correspondientes. La obra inici\u00f3 el 18 de noviembre de 2025 y se prev\u00e9 que concluya el 19 de marzo de\" \/>\n<meta property=\"og:url\" content=\"https:\/\/elcardinal.com\/?p=5409\" \/>\n<meta property=\"og:site_name\" content=\"El Cardinal\" \/>\n<meta property=\"article:publisher\" content=\"https:\/\/www.facebook.com\/profile.php?id=100063093107011\" \/>\n<meta property=\"article:published_time\" content=\"2026-01-15T01:00:12+00:00\" \/>\n<meta property=\"og:image\" content=\"https:\/\/elcardinal.com\/wp-content\/uploads\/2026\/01\/IMG_20260114_124950-scaled.jpg\" \/>\n\t<meta property=\"og:image:width\" content=\"2560\" \/>\n\t<meta property=\"og:image:height\" content=\"1920\" \/>\n\t<meta property=\"og:image:type\" content=\"image\/jpeg\" \/>\n<meta name=\"author\" content=\"Antonio Alcaraz\" \/>\n<meta name=\"twitter:card\" content=\"summary_large_image\" \/>\n<meta name=\"twitter:creator\" content=\"@ElCardinal_Mx\" \/>\n<meta name=\"twitter:site\" content=\"@ElCardinal_Mx\" \/>\n<meta name=\"twitter:label1\" content=\"Escrito por\" \/>\n\t<meta name=\"twitter:data1\" content=\"Antonio Alcaraz\" \/>\n\t<meta name=\"twitter:label2\" content=\"Tiempo de lectura\" \/>\n\t<meta name=\"twitter:data2\" content=\"2 minutos\" \/>\n<script type=\"application\/ld+json\" class=\"yoast-schema-graph\">{\"@context\":\"https:\/\/schema.org\",\"@graph\":[{\"@type\":\"Article\",\"@id\":\"https:\/\/elcardinal.com\/?p=5409#article\",\"isPartOf\":{\"@id\":\"https:\/\/elcardinal.com\/?p=5409\"},\"author\":{\"name\":\"Antonio Alcaraz\",\"@id\":\"https:\/\/elcardinal.com\/#\/schema\/person\/3c352ec0a33987fe275c0e8a2ea69f8b\"},\"headline\":\"As\u00ed va la demolici\u00f3n del Sal\u00f3n de Plenos del Congreso de Hidalgo\",\"datePublished\":\"2026-01-15T01:00:12+00:00\",\"mainEntityOfPage\":{\"@id\":\"https:\/\/elcardinal.com\/?p=5409\"},\"wordCount\":274,\"commentCount\":0,\"publisher\":{\"@id\":\"https:\/\/elcardinal.com\/#organization\"},\"image\":{\"@id\":\"https:\/\/elcardinal.com\/?p=5409#primaryimage\"},\"thumbnailUrl\":\"https:\/\/elcardinal.com\/wp-content\/uploads\/2026\/01\/IMG_20260114_124950-scaled.jpg\",\"articleSection\":[\"Hidalgo\",\"Minuto a Minuto\",\"Pol\u00edtica\"],\"inLanguage\":\"es\",\"potentialAction\":[{\"@type\":\"CommentAction\",\"name\":\"Comment\",\"target\":[\"https:\/\/elcardinal.com\/?p=5409#respond\"]}]},{\"@type\":\"WebPage\",\"@id\":\"https:\/\/elcardinal.com\/?p=5409\",\"url\":\"https:\/\/elcardinal.com\/?p=5409\",\"name\":\"As\u00ed va la demolici\u00f3n del Sal\u00f3n de Plenos del Congreso de Hidalgo - El Cardinal\",\"isPartOf\":{\"@id\":\"https:\/\/elcardinal.com\/#website\"},\"primaryImageOfPage\":{\"@id\":\"https:\/\/elcardinal.com\/?p=5409#primaryimage\"},\"image\":{\"@id\":\"https:\/\/elcardinal.com\/?p=5409#primaryimage\"},\"thumbnailUrl\":\"https:\/\/elcardinal.com\/wp-content\/uploads\/2026\/01\/IMG_20260114_124950-scaled.jpg\",\"datePublished\":\"2026-01-15T01:00:12+00:00\",\"breadcrumb\":{\"@id\":\"https:\/\/elcardinal.com\/?p=5409#breadcrumb\"},\"inLanguage\":\"es\",\"potentialAction\":[{\"@type\":\"ReadAction\",\"target\":[\"https:\/\/elcardinal.com\/?p=5409\"]}]},{\"@type\":\"ImageObject\",\"inLanguage\":\"es\",\"@id\":\"https:\/\/elcardinal.com\/?p=5409#primaryimage\",\"url\":\"https:\/\/elcardinal.com\/wp-content\/uploads\/2026\/01\/IMG_20260114_124950-scaled.jpg\",\"contentUrl\":\"https:\/\/elcardinal.com\/wp-content\/uploads\/2026\/01\/IMG_20260114_124950-scaled.jpg\",\"width\":2560,\"height\":1920},{\"@type\":\"BreadcrumbList\",\"@id\":\"https:\/\/elcardinal.com\/?p=5409#breadcrumb\",\"itemListElement\":[{\"@type\":\"ListItem\",\"position\":1,\"name\":\"Inicio\",\"item\":\"https:\/\/elcardinal.com\/\"},{\"@type\":\"ListItem\",\"position\":2,\"name\":\"As\u00ed va la demolici\u00f3n del Sal\u00f3n de Plenos del Congreso de Hidalgo\"}]},{\"@type\":\"WebSite\",\"@id\":\"https:\/\/elcardinal.com\/#website\",\"url\":\"https:\/\/elcardinal.com\/\",\"name\":\"El Cardinal\",\"description\":\"Periodismo honesto, con valor, sentido humano, a veces sarc\u00e1stico y divertido.\",\"publisher\":{\"@id\":\"https:\/\/elcardinal.com\/#organization\"},\"alternateName\":\"El Cardinal Noticias\",\"potentialAction\":[{\"@type\":\"SearchAction\",\"target\":{\"@type\":\"EntryPoint\",\"urlTemplate\":\"https:\/\/elcardinal.com\/?s={search_term_string}\"},\"query-input\":{\"@type\":\"PropertyValueSpecification\",\"valueRequired\":true,\"valueName\":\"search_term_string\"}}],\"inLanguage\":\"es\"},{\"@type\":\"Organization\",\"@id\":\"https:\/\/elcardinal.com\/#organization\",\"name\":\"El Cardinal\",\"url\":\"https:\/\/elcardinal.com\/\",\"logo\":{\"@type\":\"ImageObject\",\"inLanguage\":\"es\",\"@id\":\"https:\/\/elcardinal.com\/#\/schema\/logo\/image\/\",\"url\":\"https:\/\/elcardinal.com\/wp-content\/uploads\/2025\/04\/LOGO-EL-CARDINAL-Periodismo-con-valor.png\",\"contentUrl\":\"https:\/\/elcardinal.com\/wp-content\/uploads\/2025\/04\/LOGO-EL-CARDINAL-Periodismo-con-valor.png\",\"width\":755,\"height\":636,\"caption\":\"El Cardinal\"},\"image\":{\"@id\":\"https:\/\/elcardinal.com\/#\/schema\/logo\/image\/\"},\"sameAs\":[\"https:\/\/www.facebook.com\/profile.php?id=100063093107011\",\"https:\/\/x.com\/ElCardinal_Mx\"]},{\"@type\":\"Person\",\"@id\":\"https:\/\/elcardinal.com\/#\/schema\/person\/3c352ec0a33987fe275c0e8a2ea69f8b\",\"name\":\"Antonio Alcaraz\",\"image\":{\"@type\":\"ImageObject\",\"inLanguage\":\"es\",\"@id\":\"https:\/\/elcardinal.com\/#\/schema\/person\/image\/\",\"url\":\"https:\/\/elcardinal.com\/wp-content\/uploads\/2025\/05\/cropped-TONO-96x96.jpg\",\"contentUrl\":\"https:\/\/elcardinal.com\/wp-content\/uploads\/2025\/05\/cropped-TONO-96x96.jpg\",\"caption\":\"Antonio Alcaraz\"},\"url\":\"https:\/\/elcardinal.com\/?author=2\"}]}<\/script>\n<!-- \/ Yoast SEO plugin. -->","yoast_head_json":{"title":"As\u00ed va la demolici\u00f3n del Sal\u00f3n de Plenos del Congreso de Hidalgo - El Cardinal","robots":{"index":"index","follow":"follow","max-snippet":"max-snippet:-1","max-image-preview":"max-image-preview:large","max-video-preview":"max-video-preview:-1"},"canonical":"https:\/\/elcardinal.com\/?p=5409","og_locale":"es_MX","og_type":"article","og_title":"As\u00ed va la demolici\u00f3n del Sal\u00f3n de Plenos del Congreso de Hidalgo - El Cardinal","og_description":"Por: Redacci\u00f3n El Congreso del Estado de Hidalgo inform\u00f3 que los trabajos de demolici\u00f3n del Sal\u00f3n de Plenos registran un avance general del 60 por ciento, conforme al programa establecido y a los dict\u00e1menes t\u00e9cnicos correspondientes. La obra inici\u00f3 el 18 de noviembre de 2025 y se prev\u00e9 que concluya el 19 de marzo de","og_url":"https:\/\/elcardinal.com\/?p=5409","og_site_name":"El Cardinal","article_publisher":"https:\/\/www.facebook.com\/profile.php?id=100063093107011","article_published_time":"2026-01-15T01:00:12+00:00","og_image":[{"width":2560,"height":1920,"url":"https:\/\/elcardinal.com\/wp-content\/uploads\/2026\/01\/IMG_20260114_124950-scaled.jpg","type":"image\/jpeg"}],"author":"Antonio Alcaraz","twitter_card":"summary_large_image","twitter_creator":"@ElCardinal_Mx","twitter_site":"@ElCardinal_Mx","twitter_misc":{"Escrito por":"Antonio Alcaraz","Tiempo de lectura":"2 minutos"},"schema":{"@context":"https:\/\/schema.org","@graph":[{"@type":"Article","@id":"https:\/\/elcardinal.com\/?p=5409#article","isPartOf":{"@id":"https:\/\/elcardinal.com\/?p=5409"},"author":{"name":"Antonio Alcaraz","@id":"https:\/\/elcardinal.com\/#\/schema\/person\/3c352ec0a33987fe275c0e8a2ea69f8b"},"headline":"As\u00ed va la demolici\u00f3n del Sal\u00f3n de Plenos del Congreso de Hidalgo","datePublished":"2026-01-15T01:00:12+00:00","mainEntityOfPage":{"@id":"https:\/\/elcardinal.com\/?p=5409"},"wordCount":274,"commentCount":0,"publisher":{"@id":"https:\/\/elcardinal.com\/#organization"},"image":{"@id":"https:\/\/elcardinal.com\/?p=5409#primaryimage"},"thumbnailUrl":"https:\/\/elcardinal.com\/wp-content\/uploads\/2026\/01\/IMG_20260114_124950-scaled.jpg","articleSection":["Hidalgo","Minuto a Minuto","Pol\u00edtica"],"inLanguage":"es","potentialAction":[{"@type":"CommentAction","name":"Comment","target":["https:\/\/elcardinal.com\/?p=5409#respond"]}]},{"@type":"WebPage","@id":"https:\/\/elcardinal.com\/?p=5409","url":"https:\/\/elcardinal.com\/?p=5409","name":"As\u00ed va la demolici\u00f3n del Sal\u00f3n de Plenos del Congreso de Hidalgo - El Cardinal","isPartOf":{"@id":"https:\/\/elcardinal.com\/#website"},"primaryImageOfPage":{"@id":"https:\/\/elcardinal.com\/?p=5409#primaryimage"},"image":{"@id":"https:\/\/elcardinal.com\/?p=5409#primaryimage"},"thumbnailUrl":"https:\/\/elcardinal.com\/wp-content\/uploads\/2026\/01\/IMG_20260114_124950-scaled.jpg","datePublished":"2026-01-15T01:00:12+00:00","breadcrumb":{"@id":"https:\/\/elcardinal.com\/?p=5409#breadcrumb"},"inLanguage":"es","potentialAction":[{"@type":"ReadAction","target":["https:\/\/elcardinal.com\/?p=5409"]}]},{"@type":"ImageObject","inLanguage":"es","@id":"https:\/\/elcardinal.com\/?p=5409#primaryimage","url":"https:\/\/elcardinal.com\/wp-content\/uploads\/2026\/01\/IMG_20260114_124950-scaled.jpg","contentUrl":"https:\/\/elcardinal.com\/wp-content\/uploads\/2026\/01\/IMG_20260114_124950-scaled.jpg","width":2560,"height":1920},{"@type":"BreadcrumbList","@id":"https:\/\/elcardinal.com\/?p=5409#breadcrumb","itemListElement":[{"@type":"ListItem","position":1,"name":"Inicio","item":"https:\/\/elcardinal.com\/"},{"@type":"ListItem","position":2,"name":"As\u00ed va la demolici\u00f3n del Sal\u00f3n de Plenos del Congreso de Hidalgo"}]},{"@type":"WebSite","@id":"https:\/\/elcardinal.com\/#website","url":"https:\/\/elcardinal.com\/","name":"El Cardinal","description":"Periodismo honesto, con valor, sentido humano, a veces sarc\u00e1stico y divertido.","publisher":{"@id":"https:\/\/elcardinal.com\/#organization"},"alternateName":"El Cardinal Noticias","potentialAction":[{"@type":"SearchAction","target":{"@type":"EntryPoint","urlTemplate":"https:\/\/elcardinal.com\/?s={search_term_string}"},"query-input":{"@type":"PropertyValueSpecification","valueRequired":true,"valueName":"search_term_string"}}],"inLanguage":"es"},{"@type":"Organization","@id":"https:\/\/elcardinal.com\/#organization","name":"El Cardinal","url":"https:\/\/elcardinal.com\/","logo":{"@type":"ImageObject","inLanguage":"es","@id":"https:\/\/elcardinal.com\/#\/schema\/logo\/image\/","url":"https:\/\/elcardinal.com\/wp-content\/uploads\/2025\/04\/LOGO-EL-CARDINAL-Periodismo-con-valor.png","contentUrl":"https:\/\/elcardinal.com\/wp-content\/uploads\/2025\/04\/LOGO-EL-CARDINAL-Periodismo-con-valor.png","width":755,"height":636,"caption":"El Cardinal"},"image":{"@id":"https:\/\/elcardinal.com\/#\/schema\/logo\/image\/"},"sameAs":["https:\/\/www.facebook.com\/profile.php?id=100063093107011","https:\/\/x.com\/ElCardinal_Mx"]},{"@type":"Person","@id":"https:\/\/elcardinal.com\/#\/schema\/person\/3c352ec0a33987fe275c0e8a2ea69f8b","name":"Antonio Alcaraz","image":{"@type":"ImageObject","inLanguage":"es","@id":"https:\/\/elcardinal.com\/#\/schema\/person\/image\/","url":"https:\/\/elcardinal.com\/wp-content\/uploads\/2025\/05\/cropped-TONO-96x96.jpg","contentUrl":"https:\/\/elcardinal.com\/wp-content\/uploads\/2025\/05\/cropped-TONO-96x96.jpg","caption":"Antonio Alcaraz"},"url":"https:\/\/elcardinal.com\/?author=2"}]}},"_links":{"self":[{"href":"https:\/\/elcardinal.com\/index.php?rest_route=\/wp\/v2\/posts\/5409","targetHints":{"allow":["GET"]}}],"collection":[{"href":"https:\/\/elcardinal.com\/index.php?rest_route=\/wp\/v2\/posts"}],"about":[{"href":"https:\/\/elcardinal.com\/index.php?rest_route=\/wp\/v2\/types\/post"}],"author":[{"embeddable":true,"href":"https:\/\/elcardinal.com\/index.php?rest_route=\/wp\/v2\/users\/2"}],"replies":[{"embeddable":true,"href":"https:\/\/elcardinal.com\/index.php?rest_route=%2Fwp%2Fv2%2Fcomments&post=5409"}],"version-history":[{"count":1,"href":"https:\/\/elcardinal.com\/index.php?rest_route=\/wp\/v2\/posts\/5409\/revisions"}],"predecessor-version":[{"id":5411,"href":"https:\/\/elcardinal.com\/index.php?rest_route=\/wp\/v2\/posts\/5409\/revisions\/5411"}],"wp:featuredmedia":[{"embeddable":true,"href":"https:\/\/elcardinal.com\/index.php?rest_route=\/wp\/v2\/media\/5410"}],"wp:attachment":[{"href":"https:\/\/elcardinal.com\/index.php?rest_route=%2Fwp%2Fv2%2Fmedia&parent=5409"}],"wp:term":[{"taxonomy":"category","embeddable":true,"href":"https:\/\/elcardinal.com\/index.php?rest_route=%2Fwp%2Fv2%2Fcategories&post=5409"},{"taxonomy":"post_tag","embeddable":true,"href":"https:\/\/elcardinal.com\/index.php?rest_route=%2Fwp%2Fv2%2Ftags&post=5409"}],"curies":[{"name":"wp","href":"https:\/\/api.w.org\/{rel}","templated":true}]}}