{"id":5423,"date":"2026-01-18T10:51:42","date_gmt":"2026-01-18T16:51:42","guid":{"rendered":"https:\/\/elcardinal.com\/?p=5423"},"modified":"2026-01-18T10:51:42","modified_gmt":"2026-01-18T16:51:42","slug":"egoismo-consciente-antes-de-salvar-al-mundo-salvate-a-ti","status":"publish","type":"post","link":"https:\/\/elcardinal.com\/?p=5423","title":{"rendered":"Egoismo consciente: antes de salvar al mundo, s\u00e1lvate a ti"},"content":{"rendered":"<p>Por: <strong>Jos\u00e9 Antonio Alcaraz Su\u00e1rez<\/strong><\/p>\n<p>Hace mucho tiempo, un amigo <strong>me cont\u00f3 la historia<\/strong> <strong>de un hombre bondadoso y servicial<\/strong> que descansaba recostado en un camastro, junto a una piscina donde varias personas nadaban tranquilamente. De pronto, not\u00f3 que uno de los ba\u00f1istas se dirigi\u00f3 a la zona m\u00e1s profunda y comenz\u00f3 a ahogarse. Sin pensarlo, su primer impulso fue <strong>lanzarse al agua para salvarlo<\/strong>.<\/p>\n<p>Sin embargo, ya dentro de la piscina record\u00f3 algo crucial: no sab\u00eda nadar. <strong>El desenlace fue tr\u00e1gico<\/strong>. El hombre que se ahogaba muri\u00f3\u2026 y quien intent\u00f3 rescatarlo tambi\u00e9n. La historia no habla de falta de bondad, sino de falta de conciencia. Querer ayudar sin estar preparado puede convertir un acto noble en una tragedia doble.<\/p>\n<p>Cuando era ni\u00f1o, social y religiosamente me educaron para anteponer a los dem\u00e1s: &#8220;<strong>primero est\u00e1 el pr\u00f3jimo&#8221;<\/strong>, me dec\u00edan, porque en ese acto de sacrificio a los dem\u00e1s, recibir\u00eda una recompensa divina. Era algo incuestionable. Si pensaba primero en mi, se ve\u00eda como un acto sospechoso de ego\u00edsmo.<\/p>\n<blockquote><p>Hoy, despu\u00e9s de muchos a\u00f1os, las cosas cambiaron. <strong>SOY MI PRIORIDAD<\/strong> y hoy comparto lo que tengo, incluso como UN SERVICIO. Los estoicos lo entend\u00edan con una claridad brutal. Advert\u00eda que &#8220;<em>no somos responsables de lo que ocurre fuera de nosotros, pero s\u00ed de c\u00f3mo lo enfrentamos. El cuerpo, la mente y el esp\u00edritu son el primer territorio que debemos gobernar. Si ese territorio est\u00e1 en ruinas, nada de lo que construyamos hacia afuera se sostiene&#8221;.<\/em><\/p><\/blockquote>\n<p><strong>NADIE PUEDE VIVIR BIEN SI SE VIVE DESCUID\u00c1NDOSE A S\u00cd MISMO<\/strong><\/p>\n<p>Cuidarte no es abandonarlos a ellos. Es reconocer que solo puedes ofrecer lo que realmente tienes. <strong>Cuando est\u00e1s exhausto, das cansancio. Cuando est\u00e1s vac\u00edo, das carencias. Cuando est\u00e1s roto, repartes fragmentos.<\/strong> Y aun as\u00ed, muchos siguen dando, ayudando, sosteniendo, fingiendo fortaleza mientras por dentro se libran batallas silenciosas que nadie ve. Noches largas, pensamientos pesados, sonrisas ensayadas. Esa es la trinchera privada que solo t\u00fa conoces.<\/p>\n<blockquote><p>Desde una mirada m\u00e1s m\u00edstica, cuidarte es un acto de coherencia con el universo. <strong>La vida no te fue dada como un pr\u00e9stamo para gastarlo en el olvido de ti mismo,<\/strong> sino como una misi\u00f3n irrepetible. Hay un prop\u00f3sito que solo t\u00fa puedes cumplir, no porque seas m\u00e1s importante que los dem\u00e1s, sino porque eres \u00fanico. Cada vez que te ignoras, ese prop\u00f3sito se apaga un poco. Cada vez que te escuchas, se enciende.<\/p><\/blockquote>\n<p>El estoicismo y las tradiciones espirituales coinciden en algo esencial: el verdadero amor no empieza afuera. Empieza en el respeto profundo por uno mismo. Entrenar el cuerpo no es vanidad, es disciplina. Cuidar la mente no es debilidad, es sabidur\u00eda. <strong>Alimentar el alma no es lujo<\/strong>, es supervivencia. Todo lo dem\u00e1s es accesorio.<\/p>\n<p>Quiz\u00e1 lo m\u00e1s radical hoy no sea sacrificarse, sino detenerse. Preguntarse con honestidad: \u00bfc\u00f3mo estoy?, \u00bfqu\u00e9 necesito?, \u00bfqu\u00e9 estoy postergando de m\u00ed por cumplir con todos los dem\u00e1s? Porque al final, lo m\u00e1s valioso que tienes no son tus v\u00ednculos, ni tus logros, ni tus posesiones. Eres t\u00fa. Y si t\u00fa no te cuidas, nadie \u2014absolutamente nadie\u2014 puede hacerlo por ti.<\/p>\n<p style=\"text-align: left;\"><strong>GRACIAS<\/strong><\/p>\n","protected":false},"excerpt":{"rendered":"<p>Por: Jos\u00e9 Antonio Alcaraz Su\u00e1rez Hace mucho tiempo, un amigo me cont\u00f3 la historia de un hombre bondadoso y servicial que descansaba recostado en un camastro, junto a una piscina donde varias personas nadaban tranquilamente. De pronto, not\u00f3 que uno de los ba\u00f1istas se dirigi\u00f3 a la zona m\u00e1s profunda y comenz\u00f3 a ahogarse. Sin<\/p>\n","protected":false},"author":2,"featured_media":4879,"comment_status":"open","ping_status":"open","sticky":false,"template":"","format":"standard","meta":{"footnotes":""},"categories":[44,35],"tags":[81,232],"class_list":{"0":"post-5423","1":"post","2":"type-post","3":"status-publish","4":"format-standard","5":"has-post-thumbnail","7":"category-minuto-a-minuto","8":"category-opinion","9":"tag-jose-antonio-alcaraz-suarez","10":"tag-semillas-estelares"},"yoast_head":"<!-- This site is optimized with the Yoast SEO plugin v26.1.1 - https:\/\/yoast.com\/wordpress\/plugins\/seo\/ -->\n<title>Egoismo consciente: antes de salvar al mundo, s\u00e1lvate a ti - El Cardinal<\/title>\n<meta name=\"robots\" content=\"index, follow, max-snippet:-1, max-image-preview:large, max-video-preview:-1\" \/>\n<link rel=\"canonical\" href=\"https:\/\/elcardinal.com\/?p=5423\" \/>\n<meta property=\"og:locale\" content=\"es_MX\" \/>\n<meta property=\"og:type\" content=\"article\" \/>\n<meta property=\"og:title\" content=\"Egoismo consciente: antes de salvar al mundo, s\u00e1lvate a ti - El Cardinal\" \/>\n<meta property=\"og:description\" content=\"Por: Jos\u00e9 Antonio Alcaraz Su\u00e1rez Hace mucho tiempo, un amigo me cont\u00f3 la historia de un hombre bondadoso y servicial que descansaba recostado en un camastro, junto a una piscina donde varias personas nadaban tranquilamente. De pronto, not\u00f3 que uno de los ba\u00f1istas se dirigi\u00f3 a la zona m\u00e1s profunda y comenz\u00f3 a ahogarse. Sin\" \/>\n<meta property=\"og:url\" content=\"https:\/\/elcardinal.com\/?p=5423\" \/>\n<meta property=\"og:site_name\" content=\"El Cardinal\" \/>\n<meta property=\"article:publisher\" content=\"https:\/\/www.facebook.com\/profile.php?id=100063093107011\" \/>\n<meta property=\"article:published_time\" content=\"2026-01-18T16:51:42+00:00\" \/>\n<meta property=\"og:image\" content=\"https:\/\/elcardinal.com\/wp-content\/uploads\/2025\/07\/490660254_996134765832951_4491792580100797416_n.jpg\" \/>\n\t<meta property=\"og:image:width\" content=\"940\" \/>\n\t<meta property=\"og:image:height\" content=\"788\" \/>\n\t<meta property=\"og:image:type\" content=\"image\/jpeg\" \/>\n<meta name=\"author\" content=\"Antonio Alcaraz\" \/>\n<meta name=\"twitter:card\" content=\"summary_large_image\" \/>\n<meta name=\"twitter:creator\" content=\"@ElCardinal_Mx\" \/>\n<meta name=\"twitter:site\" content=\"@ElCardinal_Mx\" \/>\n<meta name=\"twitter:label1\" content=\"Escrito por\" \/>\n\t<meta name=\"twitter:data1\" content=\"Antonio Alcaraz\" \/>\n\t<meta name=\"twitter:label2\" content=\"Tiempo de lectura\" \/>\n\t<meta name=\"twitter:data2\" content=\"2 minutos\" \/>\n<script type=\"application\/ld+json\" class=\"yoast-schema-graph\">{\"@context\":\"https:\/\/schema.org\",\"@graph\":[{\"@type\":\"Article\",\"@id\":\"https:\/\/elcardinal.com\/?p=5423#article\",\"isPartOf\":{\"@id\":\"https:\/\/elcardinal.com\/?p=5423\"},\"author\":{\"name\":\"Antonio Alcaraz\",\"@id\":\"https:\/\/elcardinal.com\/#\/schema\/person\/3c352ec0a33987fe275c0e8a2ea69f8b\"},\"headline\":\"Egoismo consciente: antes de salvar al mundo, s\u00e1lvate a ti\",\"datePublished\":\"2026-01-18T16:51:42+00:00\",\"mainEntityOfPage\":{\"@id\":\"https:\/\/elcardinal.com\/?p=5423\"},\"wordCount\":561,\"commentCount\":0,\"publisher\":{\"@id\":\"https:\/\/elcardinal.com\/#organization\"},\"image\":{\"@id\":\"https:\/\/elcardinal.com\/?p=5423#primaryimage\"},\"thumbnailUrl\":\"https:\/\/elcardinal.com\/wp-content\/uploads\/2025\/07\/490660254_996134765832951_4491792580100797416_n.jpg\",\"keywords\":[\"Jos\u00e9 Antonio Alcaraz Su\u00e1rez\",\"Semillas Estelares\"],\"articleSection\":[\"Minuto a Minuto\",\"Opini\u00f3n\"],\"inLanguage\":\"es\",\"potentialAction\":[{\"@type\":\"CommentAction\",\"name\":\"Comment\",\"target\":[\"https:\/\/elcardinal.com\/?p=5423#respond\"]}]},{\"@type\":\"WebPage\",\"@id\":\"https:\/\/elcardinal.com\/?p=5423\",\"url\":\"https:\/\/elcardinal.com\/?p=5423\",\"name\":\"Egoismo consciente: antes de salvar al mundo, s\u00e1lvate a ti - El Cardinal\",\"isPartOf\":{\"@id\":\"https:\/\/elcardinal.com\/#website\"},\"primaryImageOfPage\":{\"@id\":\"https:\/\/elcardinal.com\/?p=5423#primaryimage\"},\"image\":{\"@id\":\"https:\/\/elcardinal.com\/?p=5423#primaryimage\"},\"thumbnailUrl\":\"https:\/\/elcardinal.com\/wp-content\/uploads\/2025\/07\/490660254_996134765832951_4491792580100797416_n.jpg\",\"datePublished\":\"2026-01-18T16:51:42+00:00\",\"breadcrumb\":{\"@id\":\"https:\/\/elcardinal.com\/?p=5423#breadcrumb\"},\"inLanguage\":\"es\",\"potentialAction\":[{\"@type\":\"ReadAction\",\"target\":[\"https:\/\/elcardinal.com\/?p=5423\"]}]},{\"@type\":\"ImageObject\",\"inLanguage\":\"es\",\"@id\":\"https:\/\/elcardinal.com\/?p=5423#primaryimage\",\"url\":\"https:\/\/elcardinal.com\/wp-content\/uploads\/2025\/07\/490660254_996134765832951_4491792580100797416_n.jpg\",\"contentUrl\":\"https:\/\/elcardinal.com\/wp-content\/uploads\/2025\/07\/490660254_996134765832951_4491792580100797416_n.jpg\",\"width\":940,\"height\":788},{\"@type\":\"BreadcrumbList\",\"@id\":\"https:\/\/elcardinal.com\/?p=5423#breadcrumb\",\"itemListElement\":[{\"@type\":\"ListItem\",\"position\":1,\"name\":\"Inicio\",\"item\":\"https:\/\/elcardinal.com\/\"},{\"@type\":\"ListItem\",\"position\":2,\"name\":\"Egoismo consciente: antes de salvar al mundo, s\u00e1lvate a ti\"}]},{\"@type\":\"WebSite\",\"@id\":\"https:\/\/elcardinal.com\/#website\",\"url\":\"https:\/\/elcardinal.com\/\",\"name\":\"El Cardinal\",\"description\":\"Periodismo honesto, con valor, sentido humano, a veces sarc\u00e1stico y divertido.\",\"publisher\":{\"@id\":\"https:\/\/elcardinal.com\/#organization\"},\"alternateName\":\"El Cardinal Noticias\",\"potentialAction\":[{\"@type\":\"SearchAction\",\"target\":{\"@type\":\"EntryPoint\",\"urlTemplate\":\"https:\/\/elcardinal.com\/?s={search_term_string}\"},\"query-input\":{\"@type\":\"PropertyValueSpecification\",\"valueRequired\":true,\"valueName\":\"search_term_string\"}}],\"inLanguage\":\"es\"},{\"@type\":\"Organization\",\"@id\":\"https:\/\/elcardinal.com\/#organization\",\"name\":\"El Cardinal\",\"url\":\"https:\/\/elcardinal.com\/\",\"logo\":{\"@type\":\"ImageObject\",\"inLanguage\":\"es\",\"@id\":\"https:\/\/elcardinal.com\/#\/schema\/logo\/image\/\",\"url\":\"https:\/\/elcardinal.com\/wp-content\/uploads\/2025\/04\/LOGO-EL-CARDINAL-Periodismo-con-valor.png\",\"contentUrl\":\"https:\/\/elcardinal.com\/wp-content\/uploads\/2025\/04\/LOGO-EL-CARDINAL-Periodismo-con-valor.png\",\"width\":755,\"height\":636,\"caption\":\"El Cardinal\"},\"image\":{\"@id\":\"https:\/\/elcardinal.com\/#\/schema\/logo\/image\/\"},\"sameAs\":[\"https:\/\/www.facebook.com\/profile.php?id=100063093107011\",\"https:\/\/x.com\/ElCardinal_Mx\"]},{\"@type\":\"Person\",\"@id\":\"https:\/\/elcardinal.com\/#\/schema\/person\/3c352ec0a33987fe275c0e8a2ea69f8b\",\"name\":\"Antonio Alcaraz\",\"image\":{\"@type\":\"ImageObject\",\"inLanguage\":\"es\",\"@id\":\"https:\/\/elcardinal.com\/#\/schema\/person\/image\/\",\"url\":\"https:\/\/elcardinal.com\/wp-content\/uploads\/2025\/05\/cropped-TONO-96x96.jpg\",\"contentUrl\":\"https:\/\/elcardinal.com\/wp-content\/uploads\/2025\/05\/cropped-TONO-96x96.jpg\",\"caption\":\"Antonio Alcaraz\"},\"url\":\"https:\/\/elcardinal.com\/?author=2\"}]}<\/script>\n<!-- \/ Yoast SEO plugin. -->","yoast_head_json":{"title":"Egoismo consciente: antes de salvar al mundo, s\u00e1lvate a ti - El Cardinal","robots":{"index":"index","follow":"follow","max-snippet":"max-snippet:-1","max-image-preview":"max-image-preview:large","max-video-preview":"max-video-preview:-1"},"canonical":"https:\/\/elcardinal.com\/?p=5423","og_locale":"es_MX","og_type":"article","og_title":"Egoismo consciente: antes de salvar al mundo, s\u00e1lvate a ti - El Cardinal","og_description":"Por: Jos\u00e9 Antonio Alcaraz Su\u00e1rez Hace mucho tiempo, un amigo me cont\u00f3 la historia de un hombre bondadoso y servicial que descansaba recostado en un camastro, junto a una piscina donde varias personas nadaban tranquilamente. De pronto, not\u00f3 que uno de los ba\u00f1istas se dirigi\u00f3 a la zona m\u00e1s profunda y comenz\u00f3 a ahogarse. Sin","og_url":"https:\/\/elcardinal.com\/?p=5423","og_site_name":"El Cardinal","article_publisher":"https:\/\/www.facebook.com\/profile.php?id=100063093107011","article_published_time":"2026-01-18T16:51:42+00:00","og_image":[{"width":940,"height":788,"url":"https:\/\/elcardinal.com\/wp-content\/uploads\/2025\/07\/490660254_996134765832951_4491792580100797416_n.jpg","type":"image\/jpeg"}],"author":"Antonio Alcaraz","twitter_card":"summary_large_image","twitter_creator":"@ElCardinal_Mx","twitter_site":"@ElCardinal_Mx","twitter_misc":{"Escrito por":"Antonio Alcaraz","Tiempo de lectura":"2 minutos"},"schema":{"@context":"https:\/\/schema.org","@graph":[{"@type":"Article","@id":"https:\/\/elcardinal.com\/?p=5423#article","isPartOf":{"@id":"https:\/\/elcardinal.com\/?p=5423"},"author":{"name":"Antonio Alcaraz","@id":"https:\/\/elcardinal.com\/#\/schema\/person\/3c352ec0a33987fe275c0e8a2ea69f8b"},"headline":"Egoismo consciente: antes de salvar al mundo, s\u00e1lvate a ti","datePublished":"2026-01-18T16:51:42+00:00","mainEntityOfPage":{"@id":"https:\/\/elcardinal.com\/?p=5423"},"wordCount":561,"commentCount":0,"publisher":{"@id":"https:\/\/elcardinal.com\/#organization"},"image":{"@id":"https:\/\/elcardinal.com\/?p=5423#primaryimage"},"thumbnailUrl":"https:\/\/elcardinal.com\/wp-content\/uploads\/2025\/07\/490660254_996134765832951_4491792580100797416_n.jpg","keywords":["Jos\u00e9 Antonio Alcaraz Su\u00e1rez","Semillas Estelares"],"articleSection":["Minuto a Minuto","Opini\u00f3n"],"inLanguage":"es","potentialAction":[{"@type":"CommentAction","name":"Comment","target":["https:\/\/elcardinal.com\/?p=5423#respond"]}]},{"@type":"WebPage","@id":"https:\/\/elcardinal.com\/?p=5423","url":"https:\/\/elcardinal.com\/?p=5423","name":"Egoismo consciente: antes de salvar al mundo, s\u00e1lvate a ti - El Cardinal","isPartOf":{"@id":"https:\/\/elcardinal.com\/#website"},"primaryImageOfPage":{"@id":"https:\/\/elcardinal.com\/?p=5423#primaryimage"},"image":{"@id":"https:\/\/elcardinal.com\/?p=5423#primaryimage"},"thumbnailUrl":"https:\/\/elcardinal.com\/wp-content\/uploads\/2025\/07\/490660254_996134765832951_4491792580100797416_n.jpg","datePublished":"2026-01-18T16:51:42+00:00","breadcrumb":{"@id":"https:\/\/elcardinal.com\/?p=5423#breadcrumb"},"inLanguage":"es","potentialAction":[{"@type":"ReadAction","target":["https:\/\/elcardinal.com\/?p=5423"]}]},{"@type":"ImageObject","inLanguage":"es","@id":"https:\/\/elcardinal.com\/?p=5423#primaryimage","url":"https:\/\/elcardinal.com\/wp-content\/uploads\/2025\/07\/490660254_996134765832951_4491792580100797416_n.jpg","contentUrl":"https:\/\/elcardinal.com\/wp-content\/uploads\/2025\/07\/490660254_996134765832951_4491792580100797416_n.jpg","width":940,"height":788},{"@type":"BreadcrumbList","@id":"https:\/\/elcardinal.com\/?p=5423#breadcrumb","itemListElement":[{"@type":"ListItem","position":1,"name":"Inicio","item":"https:\/\/elcardinal.com\/"},{"@type":"ListItem","position":2,"name":"Egoismo consciente: antes de salvar al mundo, s\u00e1lvate a ti"}]},{"@type":"WebSite","@id":"https:\/\/elcardinal.com\/#website","url":"https:\/\/elcardinal.com\/","name":"El Cardinal","description":"Periodismo honesto, con valor, sentido humano, a veces sarc\u00e1stico y divertido.","publisher":{"@id":"https:\/\/elcardinal.com\/#organization"},"alternateName":"El Cardinal Noticias","potentialAction":[{"@type":"SearchAction","target":{"@type":"EntryPoint","urlTemplate":"https:\/\/elcardinal.com\/?s={search_term_string}"},"query-input":{"@type":"PropertyValueSpecification","valueRequired":true,"valueName":"search_term_string"}}],"inLanguage":"es"},{"@type":"Organization","@id":"https:\/\/elcardinal.com\/#organization","name":"El Cardinal","url":"https:\/\/elcardinal.com\/","logo":{"@type":"ImageObject","inLanguage":"es","@id":"https:\/\/elcardinal.com\/#\/schema\/logo\/image\/","url":"https:\/\/elcardinal.com\/wp-content\/uploads\/2025\/04\/LOGO-EL-CARDINAL-Periodismo-con-valor.png","contentUrl":"https:\/\/elcardinal.com\/wp-content\/uploads\/2025\/04\/LOGO-EL-CARDINAL-Periodismo-con-valor.png","width":755,"height":636,"caption":"El Cardinal"},"image":{"@id":"https:\/\/elcardinal.com\/#\/schema\/logo\/image\/"},"sameAs":["https:\/\/www.facebook.com\/profile.php?id=100063093107011","https:\/\/x.com\/ElCardinal_Mx"]},{"@type":"Person","@id":"https:\/\/elcardinal.com\/#\/schema\/person\/3c352ec0a33987fe275c0e8a2ea69f8b","name":"Antonio Alcaraz","image":{"@type":"ImageObject","inLanguage":"es","@id":"https:\/\/elcardinal.com\/#\/schema\/person\/image\/","url":"https:\/\/elcardinal.com\/wp-content\/uploads\/2025\/05\/cropped-TONO-96x96.jpg","contentUrl":"https:\/\/elcardinal.com\/wp-content\/uploads\/2025\/05\/cropped-TONO-96x96.jpg","caption":"Antonio Alcaraz"},"url":"https:\/\/elcardinal.com\/?author=2"}]}},"_links":{"self":[{"href":"https:\/\/elcardinal.com\/index.php?rest_route=\/wp\/v2\/posts\/5423","targetHints":{"allow":["GET"]}}],"collection":[{"href":"https:\/\/elcardinal.com\/index.php?rest_route=\/wp\/v2\/posts"}],"about":[{"href":"https:\/\/elcardinal.com\/index.php?rest_route=\/wp\/v2\/types\/post"}],"author":[{"embeddable":true,"href":"https:\/\/elcardinal.com\/index.php?rest_route=\/wp\/v2\/users\/2"}],"replies":[{"embeddable":true,"href":"https:\/\/elcardinal.com\/index.php?rest_route=%2Fwp%2Fv2%2Fcomments&post=5423"}],"version-history":[{"count":1,"href":"https:\/\/elcardinal.com\/index.php?rest_route=\/wp\/v2\/posts\/5423\/revisions"}],"predecessor-version":[{"id":5424,"href":"https:\/\/elcardinal.com\/index.php?rest_route=\/wp\/v2\/posts\/5423\/revisions\/5424"}],"wp:featuredmedia":[{"embeddable":true,"href":"https:\/\/elcardinal.com\/index.php?rest_route=\/wp\/v2\/media\/4879"}],"wp:attachment":[{"href":"https:\/\/elcardinal.com\/index.php?rest_route=%2Fwp%2Fv2%2Fmedia&parent=5423"}],"wp:term":[{"taxonomy":"category","embeddable":true,"href":"https:\/\/elcardinal.com\/index.php?rest_route=%2Fwp%2Fv2%2Fcategories&post=5423"},{"taxonomy":"post_tag","embeddable":true,"href":"https:\/\/elcardinal.com\/index.php?rest_route=%2Fwp%2Fv2%2Ftags&post=5423"}],"curies":[{"name":"wp","href":"https:\/\/api.w.org\/{rel}","templated":true}]}}