{"id":5428,"date":"2026-01-21T23:09:05","date_gmt":"2026-01-22T05:09:05","guid":{"rendered":"https:\/\/elcardinal.com\/?p=5428"},"modified":"2026-01-21T23:09:05","modified_gmt":"2026-01-22T05:09:05","slug":"diputado-propone-crear-el-programa-estatal-de-prevencion-del-suicidio-en-ninas-ninos-y-adolescentes","status":"publish","type":"post","link":"https:\/\/elcardinal.com\/?p=5428","title":{"rendered":"Diputado propone crear el Programa Estatal de Prevenci\u00f3n del Suicidio en Ni\u00f1as, Ni\u00f1os y Adolescentes"},"content":{"rendered":"<p>Redacci\u00f3n<\/p>\n<p><span style=\"font-weight: 400;\">En sesi\u00f3n de la Diputaci\u00f3n Permanente, el diputado <\/span><b>Avelino Tovar Iglesias<\/b><span style=\"font-weight: 400;\"> (PVEM) present\u00f3 la iniciativa que reforma la Ley de Salud para el Estado de Hidalgo, con el objetivo de fortalecer el marco jur\u00eddico en materia de salud mental, mediante la incorporaci\u00f3n expresa de acciones de prevenci\u00f3n del suicidio dirigidas a ni\u00f1as, ni\u00f1os y adolescentes, reconociendo esta problem\u00e1tica como un asunto prioritario de salud p\u00fablica que requiere atenci\u00f3n preventiva, oportuna y especializada.<\/span><\/p>\n<p><span style=\"font-weight: 400;\">Asimismo, propone establecer dentro de las atribuciones de la Secretar\u00eda de Salud del estado, la creaci\u00f3n, implementaci\u00f3n, coordinaci\u00f3n y evaluaci\u00f3n del Programa Estatal de Prevenci\u00f3n del Suicidio en Ni\u00f1as, Ni\u00f1os y Adolescentes, como un instrumento de pol\u00edtica p\u00fablica permanente, orientado a la detecci\u00f3n oportuna, atenci\u00f3n temprana, canalizaci\u00f3n adecuada y seguimiento de conductas y factores de riesgo asociados a la conducta suicida, desde un enfoque preventivo y de protecci\u00f3n integral de la salud mental.<\/span><\/p>\n<p><b>Trato digno para los animales y transparencia en ayuntamientos<\/b><\/p>\n<p><span style=\"font-weight: 400;\">La legisladora <\/span><b>Claudia Lilia Luna Islas<\/b><span style=\"font-weight: 400;\"> (PAN) propuso la iniciativa que reforma la Ley de Educaci\u00f3n y la Ley de Protecci\u00f3n y Trato Digno para los Animales en el Estado de Hidalgo, con la finalidad de fortalecer el marco jur\u00eddico mediante la incorporaci\u00f3n de la educaci\u00f3n para el respeto, bienestar y trato digno de los animales como un fin del sistema y una obligaci\u00f3n reforzada de coordinaci\u00f3n entre las autoridades y las instancias responsables de la protecci\u00f3n de animales.<\/span><\/p>\n<p><span style=\"font-weight: 400;\">La diputada tambi\u00e9n detall\u00f3 la iniciativa que reforma la Ley Org\u00e1nica Municipal para el Estado de Hidalgo, con el prop\u00f3sito de precisar el alcance del deber de transparencia de los ayuntamientos, incorporando la obligaci\u00f3n de difundir informaci\u00f3n p\u00fablica municipal de forma previa, clara y oportuna cuando se trate de actos, decisiones o modificaciones en la prestaci\u00f3n de servicios p\u00fablicos que incidan de manera general en la poblaci\u00f3n.<\/span><\/p>\n<p><b>D\u00eda Hidalguense del Aguamiel y del Pulque<\/b><\/p>\n<p><span style=\"font-weight: 400;\">La legisladora <\/span><b>M\u00f3nica Leanett Reyes Mart\u00ednez<\/b><span style=\"font-weight: 400;\"> (Nueva Alianza) present\u00f3 la iniciativa que declara el primer domingo de febrero de cada a\u00f1o como el \u201cD\u00eda Hidalguense del Aguamiel y del Pulque\u201d, para rendir tributo a uno de los alimentos m\u00e1s emblem\u00e1ticos de la entidad, como un reconocimiento institucional a una de las tradiciones m\u00e1s arraigadas en la historia hidalguense y fomentar el inter\u00e9s de la poblaci\u00f3n por su historia, tradici\u00f3n, producci\u00f3n y consumo dentro y fuera del estado.<\/span><\/p>\n<p><b>Acompa\u00f1amiento \u00e9tico en procesos sensibles<\/b><\/p>\n<p><span style=\"font-weight: 400;\">El diputado <\/span><b>Francisco Javier T\u00e9llez S\u00e1nchez<\/b><span style=\"font-weight: 400;\"> (PT) propuso la iniciativa que reforma la Ley de Salud del Estado de Hidalgo, la cual pretende armonizar la pr\u00e1ctica local con est\u00e1ndares nacionales en materia de bio\u00e9tica, fomentando la participaci\u00f3n interdisciplinaria y el acompa\u00f1amiento \u00e9tico en procesos sensibles, particularmente aquellos que involucran investigaci\u00f3n en seres humanos, sin perder de vista el inter\u00e9s superior de las y los pacientes y el bienestar colectivo.<\/span><\/p>\n<p><b>Nombramiento de comisarios<\/b><\/p>\n<p><span style=\"font-weight: 400;\">El legislador <\/span><b>Jos\u00e9 Luis Rodr\u00edguez Higareda<\/b><span style=\"font-weight: 400;\"> (Morena) detall\u00f3 la iniciativa que reforma la Ley Org\u00e1nica Municipal para el Estado de Hidalgo, con el objetivo de reconocer la facultad de las personas titulares de la sindicatura municipal para nombrar a los comisarios encargados de la vigilancia de los organismos operadores de agua, en t\u00e9rminos de lo dispuesto por la Ley Estatal de Agua y Alcantarillado para el Estado de Hidalgo.<\/span><\/p>\n<p><b>Derecho humano al agua<\/b><\/p>\n<p><span style=\"font-weight: 400;\">El diputado <\/span><b>Carlos Alejandro Alc\u00e1ntara Carbajal<\/b><span style=\"font-weight: 400;\"> (MC) present\u00f3 la iniciativa que modifica la Ley Estatal de Agua y Alcantarillado, as\u00ed como de la Ley de Hacienda para los Municipios del Estado de Hidalgo, con el fin de fortalecer el marco jur\u00eddico estatal y municipal para garantizar que el derecho humano al agua sea ejercido en condiciones de asequibilidad, igualdad y no discriminaci\u00f3n.<\/span><\/p>\n<p><b>Asuntos generales<\/b><\/p>\n<p><b>Educaci\u00f3n b\u00e1sica en zonas marginadas<\/b><\/p>\n<p><span style=\"font-weight: 400;\">El legislador <\/span><b>Marco Antonio Mendoza Bustamante<\/b><span style=\"font-weight: 400;\"> (PRI) propuso el acuerdo econ\u00f3mico que exhorta a diversas autoridades en materia de educaci\u00f3n b\u00e1sica en zonas marginadas, a favor de los l\u00edderes para la educaci\u00f3n comunitaria del Conafe en Hidalgo, para garantizar sus derechos y el derecho a la educaci\u00f3n de las infancias y juventudes hidalguenses.<\/span><\/p>\n<p><b>Reconocimiento a edil fallecido<\/b><\/p>\n<p><span style=\"font-weight: 400;\">La diputada <\/span><b>M\u00f3nica Leanett Reyes Mart\u00ednez<\/b><span style=\"font-weight: 400;\"> (Nueva Alianza) rindi\u00f3 un reconocimiento p\u00f3stumo en memoria del presidente municipal de Tepeapulco, Alfredo Gonz\u00e1lez Quiroz, \u201csu fallecimiento nos duele porque se va un compa\u00f1ero de lucha\u201d, lament\u00f3.<\/span><\/p>\n","protected":false},"excerpt":{"rendered":"<p>Redacci\u00f3n En sesi\u00f3n de la Diputaci\u00f3n Permanente, el diputado Avelino Tovar Iglesias (PVEM) present\u00f3 la iniciativa que reforma la Ley de Salud para el Estado de Hidalgo, con el objetivo de fortalecer el marco jur\u00eddico en materia de salud mental, mediante la incorporaci\u00f3n expresa de acciones de prevenci\u00f3n del suicidio dirigidas a ni\u00f1as, ni\u00f1os y<\/p>\n","protected":false},"author":2,"featured_media":5429,"comment_status":"open","ping_status":"open","sticky":false,"template":"","format":"standard","meta":{"footnotes":""},"categories":[31,44,39],"tags":[],"class_list":{"0":"post-5428","1":"post","2":"type-post","3":"status-publish","4":"format-standard","5":"has-post-thumbnail","7":"category-hidalgo","8":"category-minuto-a-minuto","9":"category-politica"},"yoast_head":"<!-- This site is optimized with the Yoast SEO plugin v26.1.1 - https:\/\/yoast.com\/wordpress\/plugins\/seo\/ -->\n<title>Diputado propone crear el Programa Estatal de Prevenci\u00f3n del Suicidio en Ni\u00f1as, Ni\u00f1os y Adolescentes - El Cardinal<\/title>\n<meta name=\"robots\" content=\"index, follow, max-snippet:-1, max-image-preview:large, max-video-preview:-1\" \/>\n<link rel=\"canonical\" href=\"https:\/\/elcardinal.com\/?p=5428\" \/>\n<meta property=\"og:locale\" content=\"es_MX\" \/>\n<meta property=\"og:type\" content=\"article\" \/>\n<meta property=\"og:title\" content=\"Diputado propone crear el Programa Estatal de Prevenci\u00f3n del Suicidio en Ni\u00f1as, Ni\u00f1os y Adolescentes - El Cardinal\" \/>\n<meta property=\"og:description\" content=\"Redacci\u00f3n En sesi\u00f3n de la Diputaci\u00f3n Permanente, el diputado Avelino Tovar Iglesias (PVEM) present\u00f3 la iniciativa que reforma la Ley de Salud para el Estado de Hidalgo, con el objetivo de fortalecer el marco jur\u00eddico en materia de salud mental, mediante la incorporaci\u00f3n expresa de acciones de prevenci\u00f3n del suicidio dirigidas a ni\u00f1as, ni\u00f1os y\" \/>\n<meta property=\"og:url\" content=\"https:\/\/elcardinal.com\/?p=5428\" \/>\n<meta property=\"og:site_name\" content=\"El Cardinal\" \/>\n<meta property=\"article:publisher\" content=\"https:\/\/www.facebook.com\/profile.php?id=100063093107011\" \/>\n<meta property=\"article:published_time\" content=\"2026-01-22T05:09:05+00:00\" \/>\n<meta property=\"og:image\" content=\"https:\/\/elcardinal.com\/wp-content\/uploads\/2026\/01\/Sesion-21.01.2026-Permanente-66-scaled.jpg\" \/>\n\t<meta property=\"og:image:width\" content=\"2560\" \/>\n\t<meta property=\"og:image:height\" content=\"1492\" \/>\n\t<meta property=\"og:image:type\" content=\"image\/jpeg\" \/>\n<meta name=\"author\" content=\"Antonio Alcaraz\" \/>\n<meta name=\"twitter:card\" content=\"summary_large_image\" \/>\n<meta name=\"twitter:creator\" content=\"@ElCardinal_Mx\" \/>\n<meta name=\"twitter:site\" content=\"@ElCardinal_Mx\" \/>\n<meta name=\"twitter:label1\" content=\"Escrito por\" \/>\n\t<meta name=\"twitter:data1\" content=\"Antonio Alcaraz\" \/>\n\t<meta name=\"twitter:label2\" content=\"Tiempo de lectura\" \/>\n\t<meta name=\"twitter:data2\" content=\"4 minutos\" \/>\n<script type=\"application\/ld+json\" class=\"yoast-schema-graph\">{\"@context\":\"https:\/\/schema.org\",\"@graph\":[{\"@type\":\"Article\",\"@id\":\"https:\/\/elcardinal.com\/?p=5428#article\",\"isPartOf\":{\"@id\":\"https:\/\/elcardinal.com\/?p=5428\"},\"author\":{\"name\":\"Antonio Alcaraz\",\"@id\":\"https:\/\/elcardinal.com\/#\/schema\/person\/3c352ec0a33987fe275c0e8a2ea69f8b\"},\"headline\":\"Diputado propone crear el Programa Estatal de Prevenci\u00f3n del Suicidio en Ni\u00f1as, Ni\u00f1os y Adolescentes\",\"datePublished\":\"2026-01-22T05:09:05+00:00\",\"mainEntityOfPage\":{\"@id\":\"https:\/\/elcardinal.com\/?p=5428\"},\"wordCount\":796,\"commentCount\":0,\"publisher\":{\"@id\":\"https:\/\/elcardinal.com\/#organization\"},\"image\":{\"@id\":\"https:\/\/elcardinal.com\/?p=5428#primaryimage\"},\"thumbnailUrl\":\"https:\/\/elcardinal.com\/wp-content\/uploads\/2026\/01\/Sesion-21.01.2026-Permanente-66-scaled.jpg\",\"articleSection\":[\"Hidalgo\",\"Minuto a Minuto\",\"Pol\u00edtica\"],\"inLanguage\":\"es\",\"potentialAction\":[{\"@type\":\"CommentAction\",\"name\":\"Comment\",\"target\":[\"https:\/\/elcardinal.com\/?p=5428#respond\"]}]},{\"@type\":\"WebPage\",\"@id\":\"https:\/\/elcardinal.com\/?p=5428\",\"url\":\"https:\/\/elcardinal.com\/?p=5428\",\"name\":\"Diputado propone crear el Programa Estatal de Prevenci\u00f3n del Suicidio en Ni\u00f1as, Ni\u00f1os y Adolescentes - El Cardinal\",\"isPartOf\":{\"@id\":\"https:\/\/elcardinal.com\/#website\"},\"primaryImageOfPage\":{\"@id\":\"https:\/\/elcardinal.com\/?p=5428#primaryimage\"},\"image\":{\"@id\":\"https:\/\/elcardinal.com\/?p=5428#primaryimage\"},\"thumbnailUrl\":\"https:\/\/elcardinal.com\/wp-content\/uploads\/2026\/01\/Sesion-21.01.2026-Permanente-66-scaled.jpg\",\"datePublished\":\"2026-01-22T05:09:05+00:00\",\"breadcrumb\":{\"@id\":\"https:\/\/elcardinal.com\/?p=5428#breadcrumb\"},\"inLanguage\":\"es\",\"potentialAction\":[{\"@type\":\"ReadAction\",\"target\":[\"https:\/\/elcardinal.com\/?p=5428\"]}]},{\"@type\":\"ImageObject\",\"inLanguage\":\"es\",\"@id\":\"https:\/\/elcardinal.com\/?p=5428#primaryimage\",\"url\":\"https:\/\/elcardinal.com\/wp-content\/uploads\/2026\/01\/Sesion-21.01.2026-Permanente-66-scaled.jpg\",\"contentUrl\":\"https:\/\/elcardinal.com\/wp-content\/uploads\/2026\/01\/Sesion-21.01.2026-Permanente-66-scaled.jpg\",\"width\":2560,\"height\":1492},{\"@type\":\"BreadcrumbList\",\"@id\":\"https:\/\/elcardinal.com\/?p=5428#breadcrumb\",\"itemListElement\":[{\"@type\":\"ListItem\",\"position\":1,\"name\":\"Inicio\",\"item\":\"https:\/\/elcardinal.com\/\"},{\"@type\":\"ListItem\",\"position\":2,\"name\":\"Diputado propone crear el Programa Estatal de Prevenci\u00f3n del Suicidio en Ni\u00f1as, Ni\u00f1os y Adolescentes\"}]},{\"@type\":\"WebSite\",\"@id\":\"https:\/\/elcardinal.com\/#website\",\"url\":\"https:\/\/elcardinal.com\/\",\"name\":\"El Cardinal\",\"description\":\"Periodismo honesto, con valor, sentido humano, a veces sarc\u00e1stico y divertido.\",\"publisher\":{\"@id\":\"https:\/\/elcardinal.com\/#organization\"},\"alternateName\":\"El Cardinal Noticias\",\"potentialAction\":[{\"@type\":\"SearchAction\",\"target\":{\"@type\":\"EntryPoint\",\"urlTemplate\":\"https:\/\/elcardinal.com\/?s={search_term_string}\"},\"query-input\":{\"@type\":\"PropertyValueSpecification\",\"valueRequired\":true,\"valueName\":\"search_term_string\"}}],\"inLanguage\":\"es\"},{\"@type\":\"Organization\",\"@id\":\"https:\/\/elcardinal.com\/#organization\",\"name\":\"El Cardinal\",\"url\":\"https:\/\/elcardinal.com\/\",\"logo\":{\"@type\":\"ImageObject\",\"inLanguage\":\"es\",\"@id\":\"https:\/\/elcardinal.com\/#\/schema\/logo\/image\/\",\"url\":\"https:\/\/elcardinal.com\/wp-content\/uploads\/2025\/04\/LOGO-EL-CARDINAL-Periodismo-con-valor.png\",\"contentUrl\":\"https:\/\/elcardinal.com\/wp-content\/uploads\/2025\/04\/LOGO-EL-CARDINAL-Periodismo-con-valor.png\",\"width\":755,\"height\":636,\"caption\":\"El Cardinal\"},\"image\":{\"@id\":\"https:\/\/elcardinal.com\/#\/schema\/logo\/image\/\"},\"sameAs\":[\"https:\/\/www.facebook.com\/profile.php?id=100063093107011\",\"https:\/\/x.com\/ElCardinal_Mx\"]},{\"@type\":\"Person\",\"@id\":\"https:\/\/elcardinal.com\/#\/schema\/person\/3c352ec0a33987fe275c0e8a2ea69f8b\",\"name\":\"Antonio Alcaraz\",\"image\":{\"@type\":\"ImageObject\",\"inLanguage\":\"es\",\"@id\":\"https:\/\/elcardinal.com\/#\/schema\/person\/image\/\",\"url\":\"https:\/\/elcardinal.com\/wp-content\/uploads\/2025\/05\/cropped-TONO-96x96.jpg\",\"contentUrl\":\"https:\/\/elcardinal.com\/wp-content\/uploads\/2025\/05\/cropped-TONO-96x96.jpg\",\"caption\":\"Antonio Alcaraz\"},\"url\":\"https:\/\/elcardinal.com\/?author=2\"}]}<\/script>\n<!-- \/ Yoast SEO plugin. -->","yoast_head_json":{"title":"Diputado propone crear el Programa Estatal de Prevenci\u00f3n del Suicidio en Ni\u00f1as, Ni\u00f1os y Adolescentes - El Cardinal","robots":{"index":"index","follow":"follow","max-snippet":"max-snippet:-1","max-image-preview":"max-image-preview:large","max-video-preview":"max-video-preview:-1"},"canonical":"https:\/\/elcardinal.com\/?p=5428","og_locale":"es_MX","og_type":"article","og_title":"Diputado propone crear el Programa Estatal de Prevenci\u00f3n del Suicidio en Ni\u00f1as, Ni\u00f1os y Adolescentes - El Cardinal","og_description":"Redacci\u00f3n En sesi\u00f3n de la Diputaci\u00f3n Permanente, el diputado Avelino Tovar Iglesias (PVEM) present\u00f3 la iniciativa que reforma la Ley de Salud para el Estado de Hidalgo, con el objetivo de fortalecer el marco jur\u00eddico en materia de salud mental, mediante la incorporaci\u00f3n expresa de acciones de prevenci\u00f3n del suicidio dirigidas a ni\u00f1as, ni\u00f1os y","og_url":"https:\/\/elcardinal.com\/?p=5428","og_site_name":"El Cardinal","article_publisher":"https:\/\/www.facebook.com\/profile.php?id=100063093107011","article_published_time":"2026-01-22T05:09:05+00:00","og_image":[{"width":2560,"height":1492,"url":"https:\/\/elcardinal.com\/wp-content\/uploads\/2026\/01\/Sesion-21.01.2026-Permanente-66-scaled.jpg","type":"image\/jpeg"}],"author":"Antonio Alcaraz","twitter_card":"summary_large_image","twitter_creator":"@ElCardinal_Mx","twitter_site":"@ElCardinal_Mx","twitter_misc":{"Escrito por":"Antonio Alcaraz","Tiempo de lectura":"4 minutos"},"schema":{"@context":"https:\/\/schema.org","@graph":[{"@type":"Article","@id":"https:\/\/elcardinal.com\/?p=5428#article","isPartOf":{"@id":"https:\/\/elcardinal.com\/?p=5428"},"author":{"name":"Antonio Alcaraz","@id":"https:\/\/elcardinal.com\/#\/schema\/person\/3c352ec0a33987fe275c0e8a2ea69f8b"},"headline":"Diputado propone crear el Programa Estatal de Prevenci\u00f3n del Suicidio en Ni\u00f1as, Ni\u00f1os y Adolescentes","datePublished":"2026-01-22T05:09:05+00:00","mainEntityOfPage":{"@id":"https:\/\/elcardinal.com\/?p=5428"},"wordCount":796,"commentCount":0,"publisher":{"@id":"https:\/\/elcardinal.com\/#organization"},"image":{"@id":"https:\/\/elcardinal.com\/?p=5428#primaryimage"},"thumbnailUrl":"https:\/\/elcardinal.com\/wp-content\/uploads\/2026\/01\/Sesion-21.01.2026-Permanente-66-scaled.jpg","articleSection":["Hidalgo","Minuto a Minuto","Pol\u00edtica"],"inLanguage":"es","potentialAction":[{"@type":"CommentAction","name":"Comment","target":["https:\/\/elcardinal.com\/?p=5428#respond"]}]},{"@type":"WebPage","@id":"https:\/\/elcardinal.com\/?p=5428","url":"https:\/\/elcardinal.com\/?p=5428","name":"Diputado propone crear el Programa Estatal de Prevenci\u00f3n del Suicidio en Ni\u00f1as, Ni\u00f1os y Adolescentes - El Cardinal","isPartOf":{"@id":"https:\/\/elcardinal.com\/#website"},"primaryImageOfPage":{"@id":"https:\/\/elcardinal.com\/?p=5428#primaryimage"},"image":{"@id":"https:\/\/elcardinal.com\/?p=5428#primaryimage"},"thumbnailUrl":"https:\/\/elcardinal.com\/wp-content\/uploads\/2026\/01\/Sesion-21.01.2026-Permanente-66-scaled.jpg","datePublished":"2026-01-22T05:09:05+00:00","breadcrumb":{"@id":"https:\/\/elcardinal.com\/?p=5428#breadcrumb"},"inLanguage":"es","potentialAction":[{"@type":"ReadAction","target":["https:\/\/elcardinal.com\/?p=5428"]}]},{"@type":"ImageObject","inLanguage":"es","@id":"https:\/\/elcardinal.com\/?p=5428#primaryimage","url":"https:\/\/elcardinal.com\/wp-content\/uploads\/2026\/01\/Sesion-21.01.2026-Permanente-66-scaled.jpg","contentUrl":"https:\/\/elcardinal.com\/wp-content\/uploads\/2026\/01\/Sesion-21.01.2026-Permanente-66-scaled.jpg","width":2560,"height":1492},{"@type":"BreadcrumbList","@id":"https:\/\/elcardinal.com\/?p=5428#breadcrumb","itemListElement":[{"@type":"ListItem","position":1,"name":"Inicio","item":"https:\/\/elcardinal.com\/"},{"@type":"ListItem","position":2,"name":"Diputado propone crear el Programa Estatal de Prevenci\u00f3n del Suicidio en Ni\u00f1as, Ni\u00f1os y Adolescentes"}]},{"@type":"WebSite","@id":"https:\/\/elcardinal.com\/#website","url":"https:\/\/elcardinal.com\/","name":"El Cardinal","description":"Periodismo honesto, con valor, sentido humano, a veces sarc\u00e1stico y divertido.","publisher":{"@id":"https:\/\/elcardinal.com\/#organization"},"alternateName":"El Cardinal Noticias","potentialAction":[{"@type":"SearchAction","target":{"@type":"EntryPoint","urlTemplate":"https:\/\/elcardinal.com\/?s={search_term_string}"},"query-input":{"@type":"PropertyValueSpecification","valueRequired":true,"valueName":"search_term_string"}}],"inLanguage":"es"},{"@type":"Organization","@id":"https:\/\/elcardinal.com\/#organization","name":"El Cardinal","url":"https:\/\/elcardinal.com\/","logo":{"@type":"ImageObject","inLanguage":"es","@id":"https:\/\/elcardinal.com\/#\/schema\/logo\/image\/","url":"https:\/\/elcardinal.com\/wp-content\/uploads\/2025\/04\/LOGO-EL-CARDINAL-Periodismo-con-valor.png","contentUrl":"https:\/\/elcardinal.com\/wp-content\/uploads\/2025\/04\/LOGO-EL-CARDINAL-Periodismo-con-valor.png","width":755,"height":636,"caption":"El Cardinal"},"image":{"@id":"https:\/\/elcardinal.com\/#\/schema\/logo\/image\/"},"sameAs":["https:\/\/www.facebook.com\/profile.php?id=100063093107011","https:\/\/x.com\/ElCardinal_Mx"]},{"@type":"Person","@id":"https:\/\/elcardinal.com\/#\/schema\/person\/3c352ec0a33987fe275c0e8a2ea69f8b","name":"Antonio Alcaraz","image":{"@type":"ImageObject","inLanguage":"es","@id":"https:\/\/elcardinal.com\/#\/schema\/person\/image\/","url":"https:\/\/elcardinal.com\/wp-content\/uploads\/2025\/05\/cropped-TONO-96x96.jpg","contentUrl":"https:\/\/elcardinal.com\/wp-content\/uploads\/2025\/05\/cropped-TONO-96x96.jpg","caption":"Antonio Alcaraz"},"url":"https:\/\/elcardinal.com\/?author=2"}]}},"_links":{"self":[{"href":"https:\/\/elcardinal.com\/index.php?rest_route=\/wp\/v2\/posts\/5428","targetHints":{"allow":["GET"]}}],"collection":[{"href":"https:\/\/elcardinal.com\/index.php?rest_route=\/wp\/v2\/posts"}],"about":[{"href":"https:\/\/elcardinal.com\/index.php?rest_route=\/wp\/v2\/types\/post"}],"author":[{"embeddable":true,"href":"https:\/\/elcardinal.com\/index.php?rest_route=\/wp\/v2\/users\/2"}],"replies":[{"embeddable":true,"href":"https:\/\/elcardinal.com\/index.php?rest_route=%2Fwp%2Fv2%2Fcomments&post=5428"}],"version-history":[{"count":1,"href":"https:\/\/elcardinal.com\/index.php?rest_route=\/wp\/v2\/posts\/5428\/revisions"}],"predecessor-version":[{"id":5430,"href":"https:\/\/elcardinal.com\/index.php?rest_route=\/wp\/v2\/posts\/5428\/revisions\/5430"}],"wp:featuredmedia":[{"embeddable":true,"href":"https:\/\/elcardinal.com\/index.php?rest_route=\/wp\/v2\/media\/5429"}],"wp:attachment":[{"href":"https:\/\/elcardinal.com\/index.php?rest_route=%2Fwp%2Fv2%2Fmedia&parent=5428"}],"wp:term":[{"taxonomy":"category","embeddable":true,"href":"https:\/\/elcardinal.com\/index.php?rest_route=%2Fwp%2Fv2%2Fcategories&post=5428"},{"taxonomy":"post_tag","embeddable":true,"href":"https:\/\/elcardinal.com\/index.php?rest_route=%2Fwp%2Fv2%2Ftags&post=5428"}],"curies":[{"name":"wp","href":"https:\/\/api.w.org\/{rel}","templated":true}]}}