{"id":5433,"date":"2026-01-27T11:46:41","date_gmt":"2026-01-27T17:46:41","guid":{"rendered":"https:\/\/elcardinal.com\/?p=5433"},"modified":"2026-01-27T11:46:41","modified_gmt":"2026-01-27T17:46:41","slug":"congreso-de-hidalgo-se-deslinda-del-uso-de-recursos-por-diputada-con-licencia","status":"publish","type":"post","link":"https:\/\/elcardinal.com\/?p=5433","title":{"rendered":"Congreso de Hidalgo se deslinda del uso de recursos por diputada con licencia"},"content":{"rendered":"<p>Redacci\u00f3n<\/p>\n<p><span style=\"font-weight: 400;\">El <\/span><b>Congreso del Estado de Hidalgo<\/b><span style=\"font-weight: 400;\"> informa a la sociedad en general que se deslinda de manera categ\u00f3rica del uso, destino o aplicaci\u00f3n que la diputada local con licencia <\/span><b>Mar\u00eda Guadalupe Cruz Monta\u00f1o<\/b><span style=\"font-weight: 400;\">, integrante del Partido Verde Ecologista de M\u00e9xico (PVEM), haya realizado respecto a los recursos p\u00fablicos que le fueron entregados durante el ejercicio de sus funciones legislativas, espec\u00edficamente aquellos destinados a gesti\u00f3n social.<\/span><\/p>\n<p><span style=\"font-weight: 400;\">Con fundamento en la Constituci\u00f3n Pol\u00edtica de los Estados Unidos Mexicanos, la Ley Org\u00e1nica del Poder Legislativo del Estado Libre y Soberano de Hidalgo, la Ley de Responsabilidades Administrativas del Estado de Hidalgo y la Ley de Transparencia y Acceso a la Informaci\u00f3n P\u00fablica para el Estado de Hidalgo, el Congreso del Estado precisa que dichos recursos fueron otorgados con el prop\u00f3sito de atender necesidades sociales y apoyar actividades vinculadas al trabajo parlamentario, en estricto apego a los mecanismos presupuestales vigentes.<\/span><\/p>\n<p><span style=\"font-weight: 400;\">No obstante, el Congreso del Estado reitera que la correcta aplicaci\u00f3n, manejo y comprobaci\u00f3n de los recursos p\u00fablicos es una responsabilidad directa e individual de cada diputada y diputado, sin que este Poder Legislativo intervenga en su ejecuci\u00f3n.<\/span><\/p>\n<p><span style=\"font-weight: 400;\">De acuerdo con lo establecido en el \u201cManual de normas y lineamientos para el ejercicio del gasto de la partida 399004 desarrollo parlamentario para las y los diputados de la LXVI Legislatura y los \u00f3rganos auxiliares del Congreso\u201d, las y los legisladores est\u00e1n obligados a presentar la comprobaci\u00f3n correspondiente, conforme a los plazos, requisitos y disposiciones administrativas se\u00f1aladas en dicho ordenamiento, garantizando en todo momento la transparencia y rendici\u00f3n de cuentas.<\/span><\/p>\n<p><span style=\"font-weight: 400;\">El Poder Legislativo subraya que no avala, respalda ni asume responsabilidad alguna sobre acciones u omisiones que se encuentren fuera del marco legal, normativo y administrativo aplicable, se\u00f1alando que cualquier irregularidad en el ejercicio del gasto debe ser atendida conforme a los procedimientos establecidos y por las instancias competentes.<\/span><\/p>\n<p><span style=\"font-weight: 400;\">Asimismo, el Congreso comunica que la <\/span><b>Contralor\u00eda Interna<\/b><span style=\"font-weight: 400;\"> ya inici\u00f3 las diligencias de investigaci\u00f3n correspondientes para esclarecer cualquier presunta irregularidad administrativa en el Poder Legislativo, como una posible malversaci\u00f3n de recursos p\u00fablicos o la falsificaci\u00f3n de documentos cometida por servidores.<\/span><\/p>\n<p><span style=\"font-weight: 400;\">Conforme a la Ley de Responsabilidades Administrativas del Estado de Hidalgo, la etapa de investigaci\u00f3n es estrictamente reservada, por ello se debe garantizar la secrec\u00eda del proceso y el principio de presunci\u00f3n de inocencia.<\/span><\/p>\n<p><span style=\"font-weight: 400;\">Por esta raz\u00f3n, y para no entorpecer el curso de las indagatorias ni incurrir en responsabilidades, no se pueden compartir detalles espec\u00edficos, nombres o avances de la misma; ser\u00e1 la Contralor\u00eda Interna quien, acorde a los tiempos y etapas se\u00f1aladas en la ley, dar\u00e1 a conocer m\u00e1s detalles en los momentos procesales oportunos.<\/span><\/p>\n<p><span style=\"font-weight: 400;\">El Congreso del Estado reafirma su compromiso permanente con la legalidad, transparencia, correcta administraci\u00f3n de los recursos p\u00fablicos y rendici\u00f3n de cuentas. Adem\u00e1s, seguir\u00e1 fortaleciendo los mecanismos de control, supervisi\u00f3n y fiscalizaci\u00f3n interna para garantizar que los recursos p\u00fablicos se ejerzan en beneficio de la ciudadan\u00eda y conforme a los principios que rigen el servicio p\u00fablico.<\/span><\/p>\n","protected":false},"excerpt":{"rendered":"<p>Redacci\u00f3n El Congreso del Estado de Hidalgo informa a la sociedad en general que se deslinda de manera categ\u00f3rica del uso, destino o aplicaci\u00f3n que la diputada local con licencia Mar\u00eda Guadalupe Cruz Monta\u00f1o, integrante del Partido Verde Ecologista de M\u00e9xico (PVEM), haya realizado respecto a los recursos p\u00fablicos que le fueron entregados durante el<\/p>\n","protected":false},"author":2,"featured_media":5435,"comment_status":"open","ping_status":"open","sticky":false,"template":"","format":"standard","meta":{"footnotes":""},"categories":[31,44,39],"tags":[],"class_list":{"0":"post-5433","1":"post","2":"type-post","3":"status-publish","4":"format-standard","5":"has-post-thumbnail","7":"category-hidalgo","8":"category-minuto-a-minuto","9":"category-politica"},"yoast_head":"<!-- This site is optimized with the Yoast SEO plugin v26.1.1 - https:\/\/yoast.com\/wordpress\/plugins\/seo\/ -->\n<title>Congreso de Hidalgo se deslinda del uso de recursos por diputada con licencia - El Cardinal<\/title>\n<meta name=\"robots\" content=\"index, follow, max-snippet:-1, max-image-preview:large, max-video-preview:-1\" \/>\n<link rel=\"canonical\" href=\"https:\/\/elcardinal.com\/?p=5433\" \/>\n<meta property=\"og:locale\" content=\"es_MX\" \/>\n<meta property=\"og:type\" content=\"article\" \/>\n<meta property=\"og:title\" content=\"Congreso de Hidalgo se deslinda del uso de recursos por diputada con licencia - El Cardinal\" \/>\n<meta property=\"og:description\" content=\"Redacci\u00f3n El Congreso del Estado de Hidalgo informa a la sociedad en general que se deslinda de manera categ\u00f3rica del uso, destino o aplicaci\u00f3n que la diputada local con licencia Mar\u00eda Guadalupe Cruz Monta\u00f1o, integrante del Partido Verde Ecologista de M\u00e9xico (PVEM), haya realizado respecto a los recursos p\u00fablicos que le fueron entregados durante el\" \/>\n<meta property=\"og:url\" content=\"https:\/\/elcardinal.com\/?p=5433\" \/>\n<meta property=\"og:site_name\" content=\"El Cardinal\" \/>\n<meta property=\"article:publisher\" content=\"https:\/\/www.facebook.com\/profile.php?id=100063093107011\" \/>\n<meta property=\"article:published_time\" content=\"2026-01-27T17:46:41+00:00\" \/>\n<meta property=\"og:image\" content=\"https:\/\/elcardinal.com\/wp-content\/uploads\/2026\/01\/Fotos-comunicados-9.jpg\" \/>\n\t<meta property=\"og:image:width\" content=\"2200\" \/>\n\t<meta property=\"og:image:height\" content=\"1800\" \/>\n\t<meta property=\"og:image:type\" content=\"image\/jpeg\" \/>\n<meta name=\"author\" content=\"Antonio Alcaraz\" \/>\n<meta name=\"twitter:card\" content=\"summary_large_image\" \/>\n<meta name=\"twitter:creator\" content=\"@ElCardinal_Mx\" \/>\n<meta name=\"twitter:site\" content=\"@ElCardinal_Mx\" \/>\n<meta name=\"twitter:label1\" content=\"Escrito por\" \/>\n\t<meta name=\"twitter:data1\" content=\"Antonio Alcaraz\" \/>\n\t<meta name=\"twitter:label2\" content=\"Tiempo de lectura\" \/>\n\t<meta name=\"twitter:data2\" content=\"3 minutos\" \/>\n<script type=\"application\/ld+json\" class=\"yoast-schema-graph\">{\"@context\":\"https:\/\/schema.org\",\"@graph\":[{\"@type\":\"Article\",\"@id\":\"https:\/\/elcardinal.com\/?p=5433#article\",\"isPartOf\":{\"@id\":\"https:\/\/elcardinal.com\/?p=5433\"},\"author\":{\"name\":\"Antonio Alcaraz\",\"@id\":\"https:\/\/elcardinal.com\/#\/schema\/person\/3c352ec0a33987fe275c0e8a2ea69f8b\"},\"headline\":\"Congreso de Hidalgo se deslinda del uso de recursos por diputada con licencia\",\"datePublished\":\"2026-01-27T17:46:41+00:00\",\"mainEntityOfPage\":{\"@id\":\"https:\/\/elcardinal.com\/?p=5433\"},\"wordCount\":546,\"commentCount\":0,\"publisher\":{\"@id\":\"https:\/\/elcardinal.com\/#organization\"},\"image\":{\"@id\":\"https:\/\/elcardinal.com\/?p=5433#primaryimage\"},\"thumbnailUrl\":\"https:\/\/elcardinal.com\/wp-content\/uploads\/2026\/01\/Fotos-comunicados-9.jpg\",\"articleSection\":[\"Hidalgo\",\"Minuto a Minuto\",\"Pol\u00edtica\"],\"inLanguage\":\"es\",\"potentialAction\":[{\"@type\":\"CommentAction\",\"name\":\"Comment\",\"target\":[\"https:\/\/elcardinal.com\/?p=5433#respond\"]}]},{\"@type\":\"WebPage\",\"@id\":\"https:\/\/elcardinal.com\/?p=5433\",\"url\":\"https:\/\/elcardinal.com\/?p=5433\",\"name\":\"Congreso de Hidalgo se deslinda del uso de recursos por diputada con licencia - El Cardinal\",\"isPartOf\":{\"@id\":\"https:\/\/elcardinal.com\/#website\"},\"primaryImageOfPage\":{\"@id\":\"https:\/\/elcardinal.com\/?p=5433#primaryimage\"},\"image\":{\"@id\":\"https:\/\/elcardinal.com\/?p=5433#primaryimage\"},\"thumbnailUrl\":\"https:\/\/elcardinal.com\/wp-content\/uploads\/2026\/01\/Fotos-comunicados-9.jpg\",\"datePublished\":\"2026-01-27T17:46:41+00:00\",\"breadcrumb\":{\"@id\":\"https:\/\/elcardinal.com\/?p=5433#breadcrumb\"},\"inLanguage\":\"es\",\"potentialAction\":[{\"@type\":\"ReadAction\",\"target\":[\"https:\/\/elcardinal.com\/?p=5433\"]}]},{\"@type\":\"ImageObject\",\"inLanguage\":\"es\",\"@id\":\"https:\/\/elcardinal.com\/?p=5433#primaryimage\",\"url\":\"https:\/\/elcardinal.com\/wp-content\/uploads\/2026\/01\/Fotos-comunicados-9.jpg\",\"contentUrl\":\"https:\/\/elcardinal.com\/wp-content\/uploads\/2026\/01\/Fotos-comunicados-9.jpg\",\"width\":2200,\"height\":1800},{\"@type\":\"BreadcrumbList\",\"@id\":\"https:\/\/elcardinal.com\/?p=5433#breadcrumb\",\"itemListElement\":[{\"@type\":\"ListItem\",\"position\":1,\"name\":\"Inicio\",\"item\":\"https:\/\/elcardinal.com\/\"},{\"@type\":\"ListItem\",\"position\":2,\"name\":\"Congreso de Hidalgo se deslinda del uso de recursos por diputada con licencia\"}]},{\"@type\":\"WebSite\",\"@id\":\"https:\/\/elcardinal.com\/#website\",\"url\":\"https:\/\/elcardinal.com\/\",\"name\":\"El Cardinal\",\"description\":\"Periodismo honesto, con valor, sentido humano, a veces sarc\u00e1stico y divertido.\",\"publisher\":{\"@id\":\"https:\/\/elcardinal.com\/#organization\"},\"alternateName\":\"El Cardinal Noticias\",\"potentialAction\":[{\"@type\":\"SearchAction\",\"target\":{\"@type\":\"EntryPoint\",\"urlTemplate\":\"https:\/\/elcardinal.com\/?s={search_term_string}\"},\"query-input\":{\"@type\":\"PropertyValueSpecification\",\"valueRequired\":true,\"valueName\":\"search_term_string\"}}],\"inLanguage\":\"es\"},{\"@type\":\"Organization\",\"@id\":\"https:\/\/elcardinal.com\/#organization\",\"name\":\"El Cardinal\",\"url\":\"https:\/\/elcardinal.com\/\",\"logo\":{\"@type\":\"ImageObject\",\"inLanguage\":\"es\",\"@id\":\"https:\/\/elcardinal.com\/#\/schema\/logo\/image\/\",\"url\":\"https:\/\/elcardinal.com\/wp-content\/uploads\/2025\/04\/LOGO-EL-CARDINAL-Periodismo-con-valor.png\",\"contentUrl\":\"https:\/\/elcardinal.com\/wp-content\/uploads\/2025\/04\/LOGO-EL-CARDINAL-Periodismo-con-valor.png\",\"width\":755,\"height\":636,\"caption\":\"El Cardinal\"},\"image\":{\"@id\":\"https:\/\/elcardinal.com\/#\/schema\/logo\/image\/\"},\"sameAs\":[\"https:\/\/www.facebook.com\/profile.php?id=100063093107011\",\"https:\/\/x.com\/ElCardinal_Mx\"]},{\"@type\":\"Person\",\"@id\":\"https:\/\/elcardinal.com\/#\/schema\/person\/3c352ec0a33987fe275c0e8a2ea69f8b\",\"name\":\"Antonio Alcaraz\",\"image\":{\"@type\":\"ImageObject\",\"inLanguage\":\"es\",\"@id\":\"https:\/\/elcardinal.com\/#\/schema\/person\/image\/\",\"url\":\"https:\/\/elcardinal.com\/wp-content\/uploads\/2025\/05\/cropped-TONO-96x96.jpg\",\"contentUrl\":\"https:\/\/elcardinal.com\/wp-content\/uploads\/2025\/05\/cropped-TONO-96x96.jpg\",\"caption\":\"Antonio Alcaraz\"},\"url\":\"https:\/\/elcardinal.com\/?author=2\"}]}<\/script>\n<!-- \/ Yoast SEO plugin. -->","yoast_head_json":{"title":"Congreso de Hidalgo se deslinda del uso de recursos por diputada con licencia - El Cardinal","robots":{"index":"index","follow":"follow","max-snippet":"max-snippet:-1","max-image-preview":"max-image-preview:large","max-video-preview":"max-video-preview:-1"},"canonical":"https:\/\/elcardinal.com\/?p=5433","og_locale":"es_MX","og_type":"article","og_title":"Congreso de Hidalgo se deslinda del uso de recursos por diputada con licencia - El Cardinal","og_description":"Redacci\u00f3n El Congreso del Estado de Hidalgo informa a la sociedad en general que se deslinda de manera categ\u00f3rica del uso, destino o aplicaci\u00f3n que la diputada local con licencia Mar\u00eda Guadalupe Cruz Monta\u00f1o, integrante del Partido Verde Ecologista de M\u00e9xico (PVEM), haya realizado respecto a los recursos p\u00fablicos que le fueron entregados durante el","og_url":"https:\/\/elcardinal.com\/?p=5433","og_site_name":"El Cardinal","article_publisher":"https:\/\/www.facebook.com\/profile.php?id=100063093107011","article_published_time":"2026-01-27T17:46:41+00:00","og_image":[{"width":2200,"height":1800,"url":"https:\/\/elcardinal.com\/wp-content\/uploads\/2026\/01\/Fotos-comunicados-9.jpg","type":"image\/jpeg"}],"author":"Antonio Alcaraz","twitter_card":"summary_large_image","twitter_creator":"@ElCardinal_Mx","twitter_site":"@ElCardinal_Mx","twitter_misc":{"Escrito por":"Antonio Alcaraz","Tiempo de lectura":"3 minutos"},"schema":{"@context":"https:\/\/schema.org","@graph":[{"@type":"Article","@id":"https:\/\/elcardinal.com\/?p=5433#article","isPartOf":{"@id":"https:\/\/elcardinal.com\/?p=5433"},"author":{"name":"Antonio Alcaraz","@id":"https:\/\/elcardinal.com\/#\/schema\/person\/3c352ec0a33987fe275c0e8a2ea69f8b"},"headline":"Congreso de Hidalgo se deslinda del uso de recursos por diputada con licencia","datePublished":"2026-01-27T17:46:41+00:00","mainEntityOfPage":{"@id":"https:\/\/elcardinal.com\/?p=5433"},"wordCount":546,"commentCount":0,"publisher":{"@id":"https:\/\/elcardinal.com\/#organization"},"image":{"@id":"https:\/\/elcardinal.com\/?p=5433#primaryimage"},"thumbnailUrl":"https:\/\/elcardinal.com\/wp-content\/uploads\/2026\/01\/Fotos-comunicados-9.jpg","articleSection":["Hidalgo","Minuto a Minuto","Pol\u00edtica"],"inLanguage":"es","potentialAction":[{"@type":"CommentAction","name":"Comment","target":["https:\/\/elcardinal.com\/?p=5433#respond"]}]},{"@type":"WebPage","@id":"https:\/\/elcardinal.com\/?p=5433","url":"https:\/\/elcardinal.com\/?p=5433","name":"Congreso de Hidalgo se deslinda del uso de recursos por diputada con licencia - El Cardinal","isPartOf":{"@id":"https:\/\/elcardinal.com\/#website"},"primaryImageOfPage":{"@id":"https:\/\/elcardinal.com\/?p=5433#primaryimage"},"image":{"@id":"https:\/\/elcardinal.com\/?p=5433#primaryimage"},"thumbnailUrl":"https:\/\/elcardinal.com\/wp-content\/uploads\/2026\/01\/Fotos-comunicados-9.jpg","datePublished":"2026-01-27T17:46:41+00:00","breadcrumb":{"@id":"https:\/\/elcardinal.com\/?p=5433#breadcrumb"},"inLanguage":"es","potentialAction":[{"@type":"ReadAction","target":["https:\/\/elcardinal.com\/?p=5433"]}]},{"@type":"ImageObject","inLanguage":"es","@id":"https:\/\/elcardinal.com\/?p=5433#primaryimage","url":"https:\/\/elcardinal.com\/wp-content\/uploads\/2026\/01\/Fotos-comunicados-9.jpg","contentUrl":"https:\/\/elcardinal.com\/wp-content\/uploads\/2026\/01\/Fotos-comunicados-9.jpg","width":2200,"height":1800},{"@type":"BreadcrumbList","@id":"https:\/\/elcardinal.com\/?p=5433#breadcrumb","itemListElement":[{"@type":"ListItem","position":1,"name":"Inicio","item":"https:\/\/elcardinal.com\/"},{"@type":"ListItem","position":2,"name":"Congreso de Hidalgo se deslinda del uso de recursos por diputada con licencia"}]},{"@type":"WebSite","@id":"https:\/\/elcardinal.com\/#website","url":"https:\/\/elcardinal.com\/","name":"El Cardinal","description":"Periodismo honesto, con valor, sentido humano, a veces sarc\u00e1stico y divertido.","publisher":{"@id":"https:\/\/elcardinal.com\/#organization"},"alternateName":"El Cardinal Noticias","potentialAction":[{"@type":"SearchAction","target":{"@type":"EntryPoint","urlTemplate":"https:\/\/elcardinal.com\/?s={search_term_string}"},"query-input":{"@type":"PropertyValueSpecification","valueRequired":true,"valueName":"search_term_string"}}],"inLanguage":"es"},{"@type":"Organization","@id":"https:\/\/elcardinal.com\/#organization","name":"El Cardinal","url":"https:\/\/elcardinal.com\/","logo":{"@type":"ImageObject","inLanguage":"es","@id":"https:\/\/elcardinal.com\/#\/schema\/logo\/image\/","url":"https:\/\/elcardinal.com\/wp-content\/uploads\/2025\/04\/LOGO-EL-CARDINAL-Periodismo-con-valor.png","contentUrl":"https:\/\/elcardinal.com\/wp-content\/uploads\/2025\/04\/LOGO-EL-CARDINAL-Periodismo-con-valor.png","width":755,"height":636,"caption":"El Cardinal"},"image":{"@id":"https:\/\/elcardinal.com\/#\/schema\/logo\/image\/"},"sameAs":["https:\/\/www.facebook.com\/profile.php?id=100063093107011","https:\/\/x.com\/ElCardinal_Mx"]},{"@type":"Person","@id":"https:\/\/elcardinal.com\/#\/schema\/person\/3c352ec0a33987fe275c0e8a2ea69f8b","name":"Antonio Alcaraz","image":{"@type":"ImageObject","inLanguage":"es","@id":"https:\/\/elcardinal.com\/#\/schema\/person\/image\/","url":"https:\/\/elcardinal.com\/wp-content\/uploads\/2025\/05\/cropped-TONO-96x96.jpg","contentUrl":"https:\/\/elcardinal.com\/wp-content\/uploads\/2025\/05\/cropped-TONO-96x96.jpg","caption":"Antonio Alcaraz"},"url":"https:\/\/elcardinal.com\/?author=2"}]}},"_links":{"self":[{"href":"https:\/\/elcardinal.com\/index.php?rest_route=\/wp\/v2\/posts\/5433","targetHints":{"allow":["GET"]}}],"collection":[{"href":"https:\/\/elcardinal.com\/index.php?rest_route=\/wp\/v2\/posts"}],"about":[{"href":"https:\/\/elcardinal.com\/index.php?rest_route=\/wp\/v2\/types\/post"}],"author":[{"embeddable":true,"href":"https:\/\/elcardinal.com\/index.php?rest_route=\/wp\/v2\/users\/2"}],"replies":[{"embeddable":true,"href":"https:\/\/elcardinal.com\/index.php?rest_route=%2Fwp%2Fv2%2Fcomments&post=5433"}],"version-history":[{"count":1,"href":"https:\/\/elcardinal.com\/index.php?rest_route=\/wp\/v2\/posts\/5433\/revisions"}],"predecessor-version":[{"id":5436,"href":"https:\/\/elcardinal.com\/index.php?rest_route=\/wp\/v2\/posts\/5433\/revisions\/5436"}],"wp:featuredmedia":[{"embeddable":true,"href":"https:\/\/elcardinal.com\/index.php?rest_route=\/wp\/v2\/media\/5435"}],"wp:attachment":[{"href":"https:\/\/elcardinal.com\/index.php?rest_route=%2Fwp%2Fv2%2Fmedia&parent=5433"}],"wp:term":[{"taxonomy":"category","embeddable":true,"href":"https:\/\/elcardinal.com\/index.php?rest_route=%2Fwp%2Fv2%2Fcategories&post=5433"},{"taxonomy":"post_tag","embeddable":true,"href":"https:\/\/elcardinal.com\/index.php?rest_route=%2Fwp%2Fv2%2Ftags&post=5433"}],"curies":[{"name":"wp","href":"https:\/\/api.w.org\/{rel}","templated":true}]}}