{"id":5440,"date":"2026-01-28T20:53:55","date_gmt":"2026-01-29T02:53:55","guid":{"rendered":"https:\/\/elcardinal.com\/?p=5440"},"modified":"2026-01-28T20:53:55","modified_gmt":"2026-01-29T02:53:55","slug":"diputada-propone-fortalecer-la-seguridad-en-refugios-para-victimas-de-violencia","status":"publish","type":"post","link":"https:\/\/elcardinal.com\/?p=5440","title":{"rendered":"Diputada propone fortalecer la seguridad en refugios para v\u00edctimas de violencia"},"content":{"rendered":"<p>Redacci\u00f3n<\/p>\n<p><span style=\"font-weight: 400;\">La diputada <\/span><b>Paloma Barrag\u00e1n Santos<\/b><span style=\"font-weight: 400;\"> (Morena) present\u00f3 la iniciativa que reforma la Ley de Acceso de las Mujeres a una Vida Libre de Violencia, con el objetivo de establecer los mecanismos de protecci\u00f3n y atenci\u00f3n en los refugios destinados a v\u00edctimas, garantizando que el personal que labora en ellos cuente no solo con el perfil adecuado, tambi\u00e9n con idoneidad \u00e9tica y conductual para brindar un servicio seguro y de calidad.<\/span><\/p>\n<p><span style=\"font-weight: 400;\">Para ello, se propone incorporar la prohibici\u00f3n de contratar a personas que hayan sido sancionadas por ejercer alg\u00fan tipo de violencia, as\u00ed como establecer la obligaci\u00f3n de realizar ex\u00e1menes psicom\u00e9tricos previos a la contrataci\u00f3n, con el fin de asegurar que quieres integran estos espacios de protecci\u00f3n no representen riesgo alguno para las v\u00edctimas, sus hijas e hijos.<\/span><\/p>\n<p>&nbsp;<\/p>\n<p><b>Otras iniciativas<\/b><\/p>\n<p><b>Punibilidad del delito de homicidio y lesiones<\/b><\/p>\n<p><span style=\"font-weight: 400;\">El legislador <\/span><b>Jos\u00e9 Luis Rodr\u00edguez Higareda<\/b><span style=\"font-weight: 400;\"> (Morena) propuso la iniciativa que modifica el C\u00f3digo Penal para el Estado de Hidalgo, con la finalidad de establecer como una agravante a la punibilidad del delito de homicidio y lesiones, cuando la v\u00edctima sea integrante de alguna instituci\u00f3n de seguridad p\u00fablica y el delito se cometa en el ejercicio de sus funciones.<\/span><\/p>\n<p>&nbsp;<\/p>\n<p><b>Interposici\u00f3n de los medios de impugnaci\u00f3n<\/b><\/p>\n<p><span style=\"font-weight: 400;\">La diputada <\/span><b>M\u00f3nica Leanett Reyes Mart\u00ednez<\/b><span style=\"font-weight: 400;\"> (Nueva Alianza) detall\u00f3 la iniciativa que reforma el C\u00f3digo Electoral del Estado de Hidalgo, con el prop\u00f3sito de simplificar el procedimiento para la interposici\u00f3n de los medios de impugnaci\u00f3n en materia electoral, as\u00ed como los escritos de inconformidad, mediante la eliminaci\u00f3n del requisito de presentaci\u00f3n en triplicado, sustituy\u00e9ndolo por la presentaci\u00f3n del escrito en una sola copia.<\/span><\/p>\n<p>&nbsp;<\/p>\n<p><b>D\u00eda Estatal de la Seguridad Vial para Personas Usuarias de Motocicleta<\/b><\/p>\n<p><span style=\"font-weight: 400;\">La legisladora <\/span><b>Mar\u00eda del Rosario Guerrero Mart\u00ednez<\/b><span style=\"font-weight: 400;\"> (Morena) present\u00f3 la iniciativa que declara el primer domingo de diciembre como el D\u00eda Estatal de la Seguridad Vial para Personas Usuarias de Motocicleta, con el objetivo de institucionalizar una fecha de car\u00e1cter preventivo y pedag\u00f3gico orientada a visibilizar los riesgos viales asociados al uso de motocicletas, as\u00ed como promover una cultura de corresponsabilidad, legalidad y seguridad.<\/span><\/p>\n<p>&nbsp;<\/p>\n<p><b>Derecho al envejecimiento activo y atenci\u00f3n preferente a personas autistas<\/b><\/p>\n<p><span style=\"font-weight: 400;\">La diputada <\/span><b>Claudia Lilia Luna Islas<\/b><span style=\"font-weight: 400;\"> (PAN) propuso la iniciativa que modifica la Ley de los Derechos de las Personas Adultas Mayores del Estado de Hidalgo para reconocer el derecho al envejecimiento activo como un derecho sustantivo de las personas adultas mayores, a fin de garantizar su participaci\u00f3n plena, efectiva y continua en la vida social, econ\u00f3mica, cultural, educativa, comunitaria y c\u00edvica, en condiciones de dignidad, igualdad y accesibilidad.<\/span><\/p>\n<p><span style=\"font-weight: 400;\">Adem\u00e1s, detall\u00f3 la iniciativa que reforma la Ley para la Atenci\u00f3n, Protecci\u00f3n, Visibilizaci\u00f3n e Inclusi\u00f3n de las Personas con Condici\u00f3n del Espectro Autista para el Estado de Hidalgo, con el objetivo de reconocer el derecho a recibir atenci\u00f3n preferente o diferenciada en los servicios p\u00fablicos, cuando sus condiciones sensoriales, emocionales o de comunicaci\u00f3n as\u00ed lo requieran.<\/span><\/p>\n<p>&nbsp;<\/p>\n<p><b>Ludotecas escolares y comunitarias<\/b><\/p>\n<p><span style=\"font-weight: 400;\">El legislador <\/span><b>Marco Antonio Mendoza Bustamante<\/b><span style=\"font-weight: 400;\"> (PRI) present\u00f3 la iniciativa que reforma la Ley de Fomento para la Lectura y el Libro del Estado de Hidalgo, con el prop\u00f3sito de establecer la creaci\u00f3n y funcionamiento permanente de ludotecas escolares y comunitarias, las cuales tendr\u00e1n como funciones principales fomentar el aprendizaje cognitivo, motor y social, promover valores como la solidaridad y el compa\u00f1erismo, as\u00ed como ofrecer un entorno seguro para la socializaci\u00f3n, la creatividad y la diversi\u00f3n.<\/span><\/p>\n<p>&nbsp;<\/p>\n<p><b>Equilibrio ecol\u00f3gico<\/b><\/p>\n<p><span style=\"font-weight: 400;\">El diputado <\/span><b>Francisco Javier T\u00e9llez S\u00e1nchez<\/b><span style=\"font-weight: 400;\"> (PT) propuso la iniciativa que reforma la Ley para la Protecci\u00f3n al Ambiente del Estado de Hidalgo, la cual busca asegurar que las personas y comunidades con inter\u00e9s leg\u00edtimo cuenten con v\u00edas claras, oportunas y funcionales para impugnar decisiones administrativas, favoreciendo una actuaci\u00f3n responsable de las autoridades y garantizando que exista un control efectivo sobre sus determinaciones.<\/span><\/p>\n<p>&nbsp;<\/p>\n<p><b>Asuntos generales<\/b><\/p>\n<p><b>Maltrato animal<\/b><\/p>\n<p><span style=\"font-weight: 400;\">El legislador <\/span><b>Avelino Tovar Iglesias<\/b><span style=\"font-weight: 400;\"> (PVEM) present\u00f3 el acuerdo econ\u00f3mico que exhorta a los 84 ayuntamientos y a la Procuradur\u00eda General de Justicia del Estado, a reforzar las acciones de prevenci\u00f3n, investigaci\u00f3n, atenci\u00f3n, denuncia y sanci\u00f3n del maltrato animal, as\u00ed como a impulsar campa\u00f1as permanentes de concientizaci\u00f3n y participaci\u00f3n ciudadana.<\/span><\/p>\n<p>&nbsp;<\/p>\n<p><b>Otros puntos en la orden del d\u00eda<\/b><\/p>\n<p><b>Elecci\u00f3n de diputadas y diputados para integrar la directiva de febrero<\/b><\/p>\n<p><span style=\"font-weight: 400;\">La directiva de febrero, correspondiente al segundo periodo ordinario de sesiones del segundo a\u00f1o de ejercicio constitucional, quedar\u00e1 integrada por:<\/span><\/p>\n<ul>\n<li style=\"font-weight: 400;\" aria-level=\"1\"><span style=\"font-weight: 400;\">Diputada <\/span><b>Cynthia Citlali Delgado Mendoza<\/b><span style=\"font-weight: 400;\">, presidenta.<\/span><\/li>\n<li style=\"font-weight: 400;\" aria-level=\"1\"><span style=\"font-weight: 400;\">Diputado <\/span><b>Jorge Arg\u00fcelles Salazar<\/b><span style=\"font-weight: 400;\">, vicepresidente.<\/span><\/li>\n<li style=\"font-weight: 400;\" aria-level=\"1\"><span style=\"font-weight: 400;\">Diputada<\/span><b> Orqu\u00eddea Larragoiti Osorio<\/b><span style=\"font-weight: 400;\">, secretaria.<\/span><\/li>\n<li style=\"font-weight: 400;\" aria-level=\"1\"><span style=\"font-weight: 400;\">Diputado <\/span><b>Arturo G\u00f3mez Canales<\/b><span style=\"font-weight: 400;\">, secretario.<\/span><\/li>\n<li style=\"font-weight: 400;\" aria-level=\"1\"><span style=\"font-weight: 400;\">Diputada <\/span><b>Karla Perales Arrieta<\/b><span style=\"font-weight: 400;\">, secretaria suplente.<\/span><\/li>\n<li style=\"font-weight: 400;\" aria-level=\"1\"><span style=\"font-weight: 400;\">Diputado <\/span><b>Leonel Perusqu\u00eda Muedano<\/b><span style=\"font-weight: 400;\">, secretario suplente.<\/span><\/li>\n<\/ul>\n<p>&nbsp;<\/p>\n<p><b>Clausura de trabajos<\/b><\/p>\n<p><span style=\"font-weight: 400;\">Legisladoras y legisladores clausuraron los trabajos de la Diputaci\u00f3n Permanente correspondiente al primer receso del segundo a\u00f1o de ejercicio constitucional.<\/span><\/p>\n","protected":false},"excerpt":{"rendered":"<p>Redacci\u00f3n La diputada Paloma Barrag\u00e1n Santos (Morena) present\u00f3 la iniciativa que reforma la Ley de Acceso de las Mujeres a una Vida Libre de Violencia, con el objetivo de establecer los mecanismos de protecci\u00f3n y atenci\u00f3n en los refugios destinados a v\u00edctimas, garantizando que el personal que labora en ellos cuente no solo con el<\/p>\n","protected":false},"author":2,"featured_media":5441,"comment_status":"open","ping_status":"open","sticky":false,"template":"","format":"standard","meta":{"footnotes":""},"categories":[31,44,39],"tags":[],"class_list":{"0":"post-5440","1":"post","2":"type-post","3":"status-publish","4":"format-standard","5":"has-post-thumbnail","7":"category-hidalgo","8":"category-minuto-a-minuto","9":"category-politica"},"yoast_head":"<!-- This site is optimized with the Yoast SEO plugin v26.1.1 - https:\/\/yoast.com\/wordpress\/plugins\/seo\/ -->\n<title>Diputada propone fortalecer la seguridad en refugios para v\u00edctimas de violencia - El Cardinal<\/title>\n<meta name=\"robots\" content=\"index, follow, max-snippet:-1, max-image-preview:large, max-video-preview:-1\" \/>\n<link rel=\"canonical\" href=\"https:\/\/elcardinal.com\/?p=5440\" \/>\n<meta property=\"og:locale\" content=\"es_MX\" \/>\n<meta property=\"og:type\" content=\"article\" \/>\n<meta property=\"og:title\" content=\"Diputada propone fortalecer la seguridad en refugios para v\u00edctimas de violencia - El Cardinal\" \/>\n<meta property=\"og:description\" content=\"Redacci\u00f3n La diputada Paloma Barrag\u00e1n Santos (Morena) present\u00f3 la iniciativa que reforma la Ley de Acceso de las Mujeres a una Vida Libre de Violencia, con el objetivo de establecer los mecanismos de protecci\u00f3n y atenci\u00f3n en los refugios destinados a v\u00edctimas, garantizando que el personal que labora en ellos cuente no solo con el\" \/>\n<meta property=\"og:url\" content=\"https:\/\/elcardinal.com\/?p=5440\" \/>\n<meta property=\"og:site_name\" content=\"El Cardinal\" \/>\n<meta property=\"article:publisher\" content=\"https:\/\/www.facebook.com\/profile.php?id=100063093107011\" \/>\n<meta property=\"article:published_time\" content=\"2026-01-29T02:53:55+00:00\" \/>\n<meta property=\"og:image\" content=\"https:\/\/elcardinal.com\/wp-content\/uploads\/2026\/01\/Sesion-28.01.2026-Diputacion-Permanente-20.jpg\" \/>\n\t<meta property=\"og:image:width\" content=\"2400\" \/>\n\t<meta property=\"og:image:height\" content=\"1600\" \/>\n\t<meta property=\"og:image:type\" content=\"image\/jpeg\" \/>\n<meta name=\"author\" content=\"Antonio Alcaraz\" \/>\n<meta name=\"twitter:card\" content=\"summary_large_image\" \/>\n<meta name=\"twitter:creator\" content=\"@ElCardinal_Mx\" \/>\n<meta name=\"twitter:site\" content=\"@ElCardinal_Mx\" \/>\n<meta name=\"twitter:label1\" content=\"Escrito por\" \/>\n\t<meta name=\"twitter:data1\" content=\"Antonio Alcaraz\" \/>\n\t<meta name=\"twitter:label2\" content=\"Tiempo de lectura\" \/>\n\t<meta name=\"twitter:data2\" content=\"4 minutos\" \/>\n<script type=\"application\/ld+json\" class=\"yoast-schema-graph\">{\"@context\":\"https:\/\/schema.org\",\"@graph\":[{\"@type\":\"Article\",\"@id\":\"https:\/\/elcardinal.com\/?p=5440#article\",\"isPartOf\":{\"@id\":\"https:\/\/elcardinal.com\/?p=5440\"},\"author\":{\"name\":\"Antonio Alcaraz\",\"@id\":\"https:\/\/elcardinal.com\/#\/schema\/person\/3c352ec0a33987fe275c0e8a2ea69f8b\"},\"headline\":\"Diputada propone fortalecer la seguridad en refugios para v\u00edctimas de violencia\",\"datePublished\":\"2026-01-29T02:53:55+00:00\",\"mainEntityOfPage\":{\"@id\":\"https:\/\/elcardinal.com\/?p=5440\"},\"wordCount\":870,\"commentCount\":0,\"publisher\":{\"@id\":\"https:\/\/elcardinal.com\/#organization\"},\"image\":{\"@id\":\"https:\/\/elcardinal.com\/?p=5440#primaryimage\"},\"thumbnailUrl\":\"https:\/\/elcardinal.com\/wp-content\/uploads\/2026\/01\/Sesion-28.01.2026-Diputacion-Permanente-20.jpg\",\"articleSection\":[\"Hidalgo\",\"Minuto a Minuto\",\"Pol\u00edtica\"],\"inLanguage\":\"es\",\"potentialAction\":[{\"@type\":\"CommentAction\",\"name\":\"Comment\",\"target\":[\"https:\/\/elcardinal.com\/?p=5440#respond\"]}]},{\"@type\":\"WebPage\",\"@id\":\"https:\/\/elcardinal.com\/?p=5440\",\"url\":\"https:\/\/elcardinal.com\/?p=5440\",\"name\":\"Diputada propone fortalecer la seguridad en refugios para v\u00edctimas de violencia - El Cardinal\",\"isPartOf\":{\"@id\":\"https:\/\/elcardinal.com\/#website\"},\"primaryImageOfPage\":{\"@id\":\"https:\/\/elcardinal.com\/?p=5440#primaryimage\"},\"image\":{\"@id\":\"https:\/\/elcardinal.com\/?p=5440#primaryimage\"},\"thumbnailUrl\":\"https:\/\/elcardinal.com\/wp-content\/uploads\/2026\/01\/Sesion-28.01.2026-Diputacion-Permanente-20.jpg\",\"datePublished\":\"2026-01-29T02:53:55+00:00\",\"breadcrumb\":{\"@id\":\"https:\/\/elcardinal.com\/?p=5440#breadcrumb\"},\"inLanguage\":\"es\",\"potentialAction\":[{\"@type\":\"ReadAction\",\"target\":[\"https:\/\/elcardinal.com\/?p=5440\"]}]},{\"@type\":\"ImageObject\",\"inLanguage\":\"es\",\"@id\":\"https:\/\/elcardinal.com\/?p=5440#primaryimage\",\"url\":\"https:\/\/elcardinal.com\/wp-content\/uploads\/2026\/01\/Sesion-28.01.2026-Diputacion-Permanente-20.jpg\",\"contentUrl\":\"https:\/\/elcardinal.com\/wp-content\/uploads\/2026\/01\/Sesion-28.01.2026-Diputacion-Permanente-20.jpg\",\"width\":2400,\"height\":1600},{\"@type\":\"BreadcrumbList\",\"@id\":\"https:\/\/elcardinal.com\/?p=5440#breadcrumb\",\"itemListElement\":[{\"@type\":\"ListItem\",\"position\":1,\"name\":\"Inicio\",\"item\":\"https:\/\/elcardinal.com\/\"},{\"@type\":\"ListItem\",\"position\":2,\"name\":\"Diputada propone fortalecer la seguridad en refugios para v\u00edctimas de violencia\"}]},{\"@type\":\"WebSite\",\"@id\":\"https:\/\/elcardinal.com\/#website\",\"url\":\"https:\/\/elcardinal.com\/\",\"name\":\"El Cardinal\",\"description\":\"Periodismo honesto, con valor, sentido humano, a veces sarc\u00e1stico y divertido.\",\"publisher\":{\"@id\":\"https:\/\/elcardinal.com\/#organization\"},\"alternateName\":\"El Cardinal Noticias\",\"potentialAction\":[{\"@type\":\"SearchAction\",\"target\":{\"@type\":\"EntryPoint\",\"urlTemplate\":\"https:\/\/elcardinal.com\/?s={search_term_string}\"},\"query-input\":{\"@type\":\"PropertyValueSpecification\",\"valueRequired\":true,\"valueName\":\"search_term_string\"}}],\"inLanguage\":\"es\"},{\"@type\":\"Organization\",\"@id\":\"https:\/\/elcardinal.com\/#organization\",\"name\":\"El Cardinal\",\"url\":\"https:\/\/elcardinal.com\/\",\"logo\":{\"@type\":\"ImageObject\",\"inLanguage\":\"es\",\"@id\":\"https:\/\/elcardinal.com\/#\/schema\/logo\/image\/\",\"url\":\"https:\/\/elcardinal.com\/wp-content\/uploads\/2025\/04\/LOGO-EL-CARDINAL-Periodismo-con-valor.png\",\"contentUrl\":\"https:\/\/elcardinal.com\/wp-content\/uploads\/2025\/04\/LOGO-EL-CARDINAL-Periodismo-con-valor.png\",\"width\":755,\"height\":636,\"caption\":\"El Cardinal\"},\"image\":{\"@id\":\"https:\/\/elcardinal.com\/#\/schema\/logo\/image\/\"},\"sameAs\":[\"https:\/\/www.facebook.com\/profile.php?id=100063093107011\",\"https:\/\/x.com\/ElCardinal_Mx\"]},{\"@type\":\"Person\",\"@id\":\"https:\/\/elcardinal.com\/#\/schema\/person\/3c352ec0a33987fe275c0e8a2ea69f8b\",\"name\":\"Antonio Alcaraz\",\"image\":{\"@type\":\"ImageObject\",\"inLanguage\":\"es\",\"@id\":\"https:\/\/elcardinal.com\/#\/schema\/person\/image\/\",\"url\":\"https:\/\/elcardinal.com\/wp-content\/uploads\/2025\/05\/cropped-TONO-96x96.jpg\",\"contentUrl\":\"https:\/\/elcardinal.com\/wp-content\/uploads\/2025\/05\/cropped-TONO-96x96.jpg\",\"caption\":\"Antonio Alcaraz\"},\"url\":\"https:\/\/elcardinal.com\/?author=2\"}]}<\/script>\n<!-- \/ Yoast SEO plugin. -->","yoast_head_json":{"title":"Diputada propone fortalecer la seguridad en refugios para v\u00edctimas de violencia - El Cardinal","robots":{"index":"index","follow":"follow","max-snippet":"max-snippet:-1","max-image-preview":"max-image-preview:large","max-video-preview":"max-video-preview:-1"},"canonical":"https:\/\/elcardinal.com\/?p=5440","og_locale":"es_MX","og_type":"article","og_title":"Diputada propone fortalecer la seguridad en refugios para v\u00edctimas de violencia - El Cardinal","og_description":"Redacci\u00f3n La diputada Paloma Barrag\u00e1n Santos (Morena) present\u00f3 la iniciativa que reforma la Ley de Acceso de las Mujeres a una Vida Libre de Violencia, con el objetivo de establecer los mecanismos de protecci\u00f3n y atenci\u00f3n en los refugios destinados a v\u00edctimas, garantizando que el personal que labora en ellos cuente no solo con el","og_url":"https:\/\/elcardinal.com\/?p=5440","og_site_name":"El Cardinal","article_publisher":"https:\/\/www.facebook.com\/profile.php?id=100063093107011","article_published_time":"2026-01-29T02:53:55+00:00","og_image":[{"width":2400,"height":1600,"url":"https:\/\/elcardinal.com\/wp-content\/uploads\/2026\/01\/Sesion-28.01.2026-Diputacion-Permanente-20.jpg","type":"image\/jpeg"}],"author":"Antonio Alcaraz","twitter_card":"summary_large_image","twitter_creator":"@ElCardinal_Mx","twitter_site":"@ElCardinal_Mx","twitter_misc":{"Escrito por":"Antonio Alcaraz","Tiempo de lectura":"4 minutos"},"schema":{"@context":"https:\/\/schema.org","@graph":[{"@type":"Article","@id":"https:\/\/elcardinal.com\/?p=5440#article","isPartOf":{"@id":"https:\/\/elcardinal.com\/?p=5440"},"author":{"name":"Antonio Alcaraz","@id":"https:\/\/elcardinal.com\/#\/schema\/person\/3c352ec0a33987fe275c0e8a2ea69f8b"},"headline":"Diputada propone fortalecer la seguridad en refugios para v\u00edctimas de violencia","datePublished":"2026-01-29T02:53:55+00:00","mainEntityOfPage":{"@id":"https:\/\/elcardinal.com\/?p=5440"},"wordCount":870,"commentCount":0,"publisher":{"@id":"https:\/\/elcardinal.com\/#organization"},"image":{"@id":"https:\/\/elcardinal.com\/?p=5440#primaryimage"},"thumbnailUrl":"https:\/\/elcardinal.com\/wp-content\/uploads\/2026\/01\/Sesion-28.01.2026-Diputacion-Permanente-20.jpg","articleSection":["Hidalgo","Minuto a Minuto","Pol\u00edtica"],"inLanguage":"es","potentialAction":[{"@type":"CommentAction","name":"Comment","target":["https:\/\/elcardinal.com\/?p=5440#respond"]}]},{"@type":"WebPage","@id":"https:\/\/elcardinal.com\/?p=5440","url":"https:\/\/elcardinal.com\/?p=5440","name":"Diputada propone fortalecer la seguridad en refugios para v\u00edctimas de violencia - El Cardinal","isPartOf":{"@id":"https:\/\/elcardinal.com\/#website"},"primaryImageOfPage":{"@id":"https:\/\/elcardinal.com\/?p=5440#primaryimage"},"image":{"@id":"https:\/\/elcardinal.com\/?p=5440#primaryimage"},"thumbnailUrl":"https:\/\/elcardinal.com\/wp-content\/uploads\/2026\/01\/Sesion-28.01.2026-Diputacion-Permanente-20.jpg","datePublished":"2026-01-29T02:53:55+00:00","breadcrumb":{"@id":"https:\/\/elcardinal.com\/?p=5440#breadcrumb"},"inLanguage":"es","potentialAction":[{"@type":"ReadAction","target":["https:\/\/elcardinal.com\/?p=5440"]}]},{"@type":"ImageObject","inLanguage":"es","@id":"https:\/\/elcardinal.com\/?p=5440#primaryimage","url":"https:\/\/elcardinal.com\/wp-content\/uploads\/2026\/01\/Sesion-28.01.2026-Diputacion-Permanente-20.jpg","contentUrl":"https:\/\/elcardinal.com\/wp-content\/uploads\/2026\/01\/Sesion-28.01.2026-Diputacion-Permanente-20.jpg","width":2400,"height":1600},{"@type":"BreadcrumbList","@id":"https:\/\/elcardinal.com\/?p=5440#breadcrumb","itemListElement":[{"@type":"ListItem","position":1,"name":"Inicio","item":"https:\/\/elcardinal.com\/"},{"@type":"ListItem","position":2,"name":"Diputada propone fortalecer la seguridad en refugios para v\u00edctimas de violencia"}]},{"@type":"WebSite","@id":"https:\/\/elcardinal.com\/#website","url":"https:\/\/elcardinal.com\/","name":"El Cardinal","description":"Periodismo honesto, con valor, sentido humano, a veces sarc\u00e1stico y divertido.","publisher":{"@id":"https:\/\/elcardinal.com\/#organization"},"alternateName":"El Cardinal Noticias","potentialAction":[{"@type":"SearchAction","target":{"@type":"EntryPoint","urlTemplate":"https:\/\/elcardinal.com\/?s={search_term_string}"},"query-input":{"@type":"PropertyValueSpecification","valueRequired":true,"valueName":"search_term_string"}}],"inLanguage":"es"},{"@type":"Organization","@id":"https:\/\/elcardinal.com\/#organization","name":"El Cardinal","url":"https:\/\/elcardinal.com\/","logo":{"@type":"ImageObject","inLanguage":"es","@id":"https:\/\/elcardinal.com\/#\/schema\/logo\/image\/","url":"https:\/\/elcardinal.com\/wp-content\/uploads\/2025\/04\/LOGO-EL-CARDINAL-Periodismo-con-valor.png","contentUrl":"https:\/\/elcardinal.com\/wp-content\/uploads\/2025\/04\/LOGO-EL-CARDINAL-Periodismo-con-valor.png","width":755,"height":636,"caption":"El Cardinal"},"image":{"@id":"https:\/\/elcardinal.com\/#\/schema\/logo\/image\/"},"sameAs":["https:\/\/www.facebook.com\/profile.php?id=100063093107011","https:\/\/x.com\/ElCardinal_Mx"]},{"@type":"Person","@id":"https:\/\/elcardinal.com\/#\/schema\/person\/3c352ec0a33987fe275c0e8a2ea69f8b","name":"Antonio Alcaraz","image":{"@type":"ImageObject","inLanguage":"es","@id":"https:\/\/elcardinal.com\/#\/schema\/person\/image\/","url":"https:\/\/elcardinal.com\/wp-content\/uploads\/2025\/05\/cropped-TONO-96x96.jpg","contentUrl":"https:\/\/elcardinal.com\/wp-content\/uploads\/2025\/05\/cropped-TONO-96x96.jpg","caption":"Antonio Alcaraz"},"url":"https:\/\/elcardinal.com\/?author=2"}]}},"_links":{"self":[{"href":"https:\/\/elcardinal.com\/index.php?rest_route=\/wp\/v2\/posts\/5440","targetHints":{"allow":["GET"]}}],"collection":[{"href":"https:\/\/elcardinal.com\/index.php?rest_route=\/wp\/v2\/posts"}],"about":[{"href":"https:\/\/elcardinal.com\/index.php?rest_route=\/wp\/v2\/types\/post"}],"author":[{"embeddable":true,"href":"https:\/\/elcardinal.com\/index.php?rest_route=\/wp\/v2\/users\/2"}],"replies":[{"embeddable":true,"href":"https:\/\/elcardinal.com\/index.php?rest_route=%2Fwp%2Fv2%2Fcomments&post=5440"}],"version-history":[{"count":1,"href":"https:\/\/elcardinal.com\/index.php?rest_route=\/wp\/v2\/posts\/5440\/revisions"}],"predecessor-version":[{"id":5442,"href":"https:\/\/elcardinal.com\/index.php?rest_route=\/wp\/v2\/posts\/5440\/revisions\/5442"}],"wp:featuredmedia":[{"embeddable":true,"href":"https:\/\/elcardinal.com\/index.php?rest_route=\/wp\/v2\/media\/5441"}],"wp:attachment":[{"href":"https:\/\/elcardinal.com\/index.php?rest_route=%2Fwp%2Fv2%2Fmedia&parent=5440"}],"wp:term":[{"taxonomy":"category","embeddable":true,"href":"https:\/\/elcardinal.com\/index.php?rest_route=%2Fwp%2Fv2%2Fcategories&post=5440"},{"taxonomy":"post_tag","embeddable":true,"href":"https:\/\/elcardinal.com\/index.php?rest_route=%2Fwp%2Fv2%2Ftags&post=5440"}],"curies":[{"name":"wp","href":"https:\/\/api.w.org\/{rel}","templated":true}]}}