{"id":5443,"date":"2026-01-29T16:41:15","date_gmt":"2026-01-29T22:41:15","guid":{"rendered":"https:\/\/elcardinal.com\/?p=5443"},"modified":"2026-01-29T16:41:15","modified_gmt":"2026-01-29T22:41:15","slug":"lanza-congreso-del-estado-nueva-pagina-web-para-fortalecer-la-comunicacion-con-la-ciudadania","status":"publish","type":"post","link":"https:\/\/elcardinal.com\/?p=5443","title":{"rendered":"Lanza Congreso del Estado nueva p\u00e1gina web para fortalecer la comunicaci\u00f3n con la ciudadan\u00eda"},"content":{"rendered":"<p>Redacci\u00f3n<\/p>\n<p><span style=\"font-weight: 400;\">En conferencia de prensa, el <\/span><b>Congreso del Estado Libre y Soberano de Hidalgo<\/b><span style=\"font-weight: 400;\"> llev\u00f3 a cabo el lanzamiento de su nueva p\u00e1gina web, un proyecto desarrollado de manera coordinada por la Direcci\u00f3n General de Comunicaci\u00f3n Social y la Unidad de Inform\u00e1tica, con el objetivo de modernizar sus canales digitales y facilitar el acceso a la informaci\u00f3n legislativa para la ciudadan\u00eda.<\/span><\/p>\n<p><span style=\"font-weight: 400;\">La nueva plataforma representa un paso importante en la estrategia de transformaci\u00f3n digital del Poder Legislativo, al ofrecer un sitio m\u00e1s accesible, funcional y actualizado, que permite consultar informaci\u00f3n relevante sobre la actividad parlamentaria de diputadas y diputados, as\u00ed como documentos de inter\u00e9s p\u00fablico.<\/span><\/p>\n<p><span style=\"font-weight: 400;\">El presidente de la Junta de Gobierno, <\/span><b>Andr\u00e9s Vel\u00e1zquez V\u00e1zquez<\/b><span style=\"font-weight: 400;\"> explic\u00f3 que el Congreso Digital nace de la convicci\u00f3n de utilizar la innovaci\u00f3n tecnol\u00f3gica para servir mejor a Hidalgo. Se trata de \u201cuna plataforma completamente renovada, con un dise\u00f1o m\u00e1s visual, moderno e intuitivo, pensada para que cualquier persona, sin importar su formaci\u00f3n o ubicaci\u00f3n, pueda acceder de manera sencilla a la informaci\u00f3n legislativa\u201d.<\/span><\/p>\n<p><span style=\"font-weight: 400;\">Por su parte, el director general de Comunicaci\u00f3n Social, <\/span><b>Carlos Gami\u00f1o S\u00e1nchez<\/b><span style=\"font-weight: 400;\"> detall\u00f3 que el nuevo sitio es un espacio que facilita el acceso a la informaci\u00f3n legislativa, mejora la experiencia de las y los usuarios y consolida al Congreso como una instituci\u00f3n abierta, moderna y confiable.<\/span><\/p>\n<p><span style=\"font-weight: 400;\">Asimismo, inform\u00f3 que el proyecto se desarrolla por etapas claras y definidas: \u201cen una primera fase, el objetivo principal fue la carga informativa y medios de contacto de diputadas y diputados. La segunda etapa dar\u00e1 continuidad, ampliando y actualizando contenidos para ofrecer una plataforma cada vez m\u00e1s completa, din\u00e1mica y accesible de las \u00e1reas funcionales del Congreso que dan atenci\u00f3n a las peticiones de la ciudadan\u00eda. Finalmente se integrar\u00e1 la digitalizaci\u00f3n de la parte hist\u00f3rica del Poder Legislativo\u201d.<\/span><\/p>\n<p><b>Rogelio Olvera M\u00e1rquez<\/b><span style=\"font-weight: 400;\">, director general de la Unidad de Inform\u00e1tica, consider\u00f3 que su \u00e1rea tiene un reto doble: \u201cla informaci\u00f3n que les damos a ustedes hacia afuera y asegurar que se cumpla con el alineamiento interno. Somos esa parte que filtra y coloca la informaci\u00f3n como debe estar y nos tenemos que asegurar que nadie haga un mal uso de los datos. Es un reto importante por toda la informaci\u00f3n que se genera diariamente\u201d.<\/span><\/p>\n<p><span style=\"font-weight: 400;\">Para el desarrollo del proyecto se cont\u00f3 con el acompa\u00f1amiento de la consultor\u00eda externa de la empresa Deuz, la cual brind\u00f3 asesor\u00eda t\u00e9cnica especializada. La inversi\u00f3n total destinada para este servicio fue de 32 mil pesos, garantizando un uso responsable y eficiente de los recursos p\u00fablicos.<\/span><\/p>\n<p><span style=\"font-weight: 400;\">Con esta acci\u00f3n, el Congreso del Estado refrenda su compromiso con la transparencia, la innovaci\u00f3n tecnol\u00f3gica y el fortalecimiento de la comunicaci\u00f3n institucional, acercando su labor legislativa a la ciudadan\u00eda a trav\u00e9s de herramientas digitales modernas y confiables.<\/span><\/p>\n<p><span style=\"font-weight: 400;\">Al lanzamiento tambi\u00e9n asistieron las diputadas <\/span><b>Cynthia Citlali Delgado Mendoza, Hilda Miranda Miranda<\/b><span style=\"font-weight: 400;\"> y el diputado <\/span><b>Francisco Javier T\u00e9llez S\u00e1nchez<\/b><span style=\"font-weight: 400;\">; medios de comunicaci\u00f3n, as\u00ed como directores y personal del Congreso.<\/span><\/p>\n","protected":false},"excerpt":{"rendered":"<p>Redacci\u00f3n En conferencia de prensa, el Congreso del Estado Libre y Soberano de Hidalgo llev\u00f3 a cabo el lanzamiento de su nueva p\u00e1gina web, un proyecto desarrollado de manera coordinada por la Direcci\u00f3n General de Comunicaci\u00f3n Social y la Unidad de Inform\u00e1tica, con el objetivo de modernizar sus canales digitales y facilitar el acceso a<\/p>\n","protected":false},"author":2,"featured_media":5444,"comment_status":"open","ping_status":"open","sticky":false,"template":"","format":"standard","meta":{"footnotes":""},"categories":[31,44,39],"tags":[],"class_list":{"0":"post-5443","1":"post","2":"type-post","3":"status-publish","4":"format-standard","5":"has-post-thumbnail","7":"category-hidalgo","8":"category-minuto-a-minuto","9":"category-politica"},"yoast_head":"<!-- This site is optimized with the Yoast SEO plugin v26.1.1 - https:\/\/yoast.com\/wordpress\/plugins\/seo\/ -->\n<title>Lanza Congreso del Estado nueva p\u00e1gina web para fortalecer la comunicaci\u00f3n con la ciudadan\u00eda - El Cardinal<\/title>\n<meta name=\"robots\" content=\"index, follow, max-snippet:-1, max-image-preview:large, max-video-preview:-1\" \/>\n<link rel=\"canonical\" href=\"https:\/\/elcardinal.com\/?p=5443\" \/>\n<meta property=\"og:locale\" content=\"es_MX\" \/>\n<meta property=\"og:type\" content=\"article\" \/>\n<meta property=\"og:title\" content=\"Lanza Congreso del Estado nueva p\u00e1gina web para fortalecer la comunicaci\u00f3n con la ciudadan\u00eda - El Cardinal\" \/>\n<meta property=\"og:description\" content=\"Redacci\u00f3n En conferencia de prensa, el Congreso del Estado Libre y Soberano de Hidalgo llev\u00f3 a cabo el lanzamiento de su nueva p\u00e1gina web, un proyecto desarrollado de manera coordinada por la Direcci\u00f3n General de Comunicaci\u00f3n Social y la Unidad de Inform\u00e1tica, con el objetivo de modernizar sus canales digitales y facilitar el acceso a\" \/>\n<meta property=\"og:url\" content=\"https:\/\/elcardinal.com\/?p=5443\" \/>\n<meta property=\"og:site_name\" content=\"El Cardinal\" \/>\n<meta property=\"article:publisher\" content=\"https:\/\/www.facebook.com\/profile.php?id=100063093107011\" \/>\n<meta property=\"article:published_time\" content=\"2026-01-29T22:41:15+00:00\" \/>\n<meta property=\"og:image\" content=\"https:\/\/elcardinal.com\/wp-content\/uploads\/2026\/01\/29.01.2026-Presengtacion-Pagina-WEB-Congreso-51-scaled.jpg\" \/>\n\t<meta property=\"og:image:width\" content=\"2560\" \/>\n\t<meta property=\"og:image:height\" content=\"1707\" \/>\n\t<meta property=\"og:image:type\" content=\"image\/jpeg\" \/>\n<meta name=\"author\" content=\"Antonio Alcaraz\" \/>\n<meta name=\"twitter:card\" content=\"summary_large_image\" \/>\n<meta name=\"twitter:creator\" content=\"@ElCardinal_Mx\" \/>\n<meta name=\"twitter:site\" content=\"@ElCardinal_Mx\" \/>\n<meta name=\"twitter:label1\" content=\"Escrito por\" \/>\n\t<meta name=\"twitter:data1\" content=\"Antonio Alcaraz\" \/>\n\t<meta name=\"twitter:label2\" content=\"Tiempo de lectura\" \/>\n\t<meta name=\"twitter:data2\" content=\"3 minutos\" \/>\n<script type=\"application\/ld+json\" class=\"yoast-schema-graph\">{\"@context\":\"https:\/\/schema.org\",\"@graph\":[{\"@type\":\"Article\",\"@id\":\"https:\/\/elcardinal.com\/?p=5443#article\",\"isPartOf\":{\"@id\":\"https:\/\/elcardinal.com\/?p=5443\"},\"author\":{\"name\":\"Antonio Alcaraz\",\"@id\":\"https:\/\/elcardinal.com\/#\/schema\/person\/3c352ec0a33987fe275c0e8a2ea69f8b\"},\"headline\":\"Lanza Congreso del Estado nueva p\u00e1gina web para fortalecer la comunicaci\u00f3n con la ciudadan\u00eda\",\"datePublished\":\"2026-01-29T22:41:15+00:00\",\"mainEntityOfPage\":{\"@id\":\"https:\/\/elcardinal.com\/?p=5443\"},\"wordCount\":553,\"commentCount\":0,\"publisher\":{\"@id\":\"https:\/\/elcardinal.com\/#organization\"},\"image\":{\"@id\":\"https:\/\/elcardinal.com\/?p=5443#primaryimage\"},\"thumbnailUrl\":\"https:\/\/elcardinal.com\/wp-content\/uploads\/2026\/01\/29.01.2026-Presengtacion-Pagina-WEB-Congreso-51-scaled.jpg\",\"articleSection\":[\"Hidalgo\",\"Minuto a Minuto\",\"Pol\u00edtica\"],\"inLanguage\":\"es\",\"potentialAction\":[{\"@type\":\"CommentAction\",\"name\":\"Comment\",\"target\":[\"https:\/\/elcardinal.com\/?p=5443#respond\"]}]},{\"@type\":\"WebPage\",\"@id\":\"https:\/\/elcardinal.com\/?p=5443\",\"url\":\"https:\/\/elcardinal.com\/?p=5443\",\"name\":\"Lanza Congreso del Estado nueva p\u00e1gina web para fortalecer la comunicaci\u00f3n con la ciudadan\u00eda - El Cardinal\",\"isPartOf\":{\"@id\":\"https:\/\/elcardinal.com\/#website\"},\"primaryImageOfPage\":{\"@id\":\"https:\/\/elcardinal.com\/?p=5443#primaryimage\"},\"image\":{\"@id\":\"https:\/\/elcardinal.com\/?p=5443#primaryimage\"},\"thumbnailUrl\":\"https:\/\/elcardinal.com\/wp-content\/uploads\/2026\/01\/29.01.2026-Presengtacion-Pagina-WEB-Congreso-51-scaled.jpg\",\"datePublished\":\"2026-01-29T22:41:15+00:00\",\"breadcrumb\":{\"@id\":\"https:\/\/elcardinal.com\/?p=5443#breadcrumb\"},\"inLanguage\":\"es\",\"potentialAction\":[{\"@type\":\"ReadAction\",\"target\":[\"https:\/\/elcardinal.com\/?p=5443\"]}]},{\"@type\":\"ImageObject\",\"inLanguage\":\"es\",\"@id\":\"https:\/\/elcardinal.com\/?p=5443#primaryimage\",\"url\":\"https:\/\/elcardinal.com\/wp-content\/uploads\/2026\/01\/29.01.2026-Presengtacion-Pagina-WEB-Congreso-51-scaled.jpg\",\"contentUrl\":\"https:\/\/elcardinal.com\/wp-content\/uploads\/2026\/01\/29.01.2026-Presengtacion-Pagina-WEB-Congreso-51-scaled.jpg\",\"width\":2560,\"height\":1707},{\"@type\":\"BreadcrumbList\",\"@id\":\"https:\/\/elcardinal.com\/?p=5443#breadcrumb\",\"itemListElement\":[{\"@type\":\"ListItem\",\"position\":1,\"name\":\"Inicio\",\"item\":\"https:\/\/elcardinal.com\/\"},{\"@type\":\"ListItem\",\"position\":2,\"name\":\"Lanza Congreso del Estado nueva p\u00e1gina web para fortalecer la comunicaci\u00f3n con la ciudadan\u00eda\"}]},{\"@type\":\"WebSite\",\"@id\":\"https:\/\/elcardinal.com\/#website\",\"url\":\"https:\/\/elcardinal.com\/\",\"name\":\"El Cardinal\",\"description\":\"Periodismo honesto, con valor, sentido humano, a veces sarc\u00e1stico y divertido.\",\"publisher\":{\"@id\":\"https:\/\/elcardinal.com\/#organization\"},\"alternateName\":\"El Cardinal Noticias\",\"potentialAction\":[{\"@type\":\"SearchAction\",\"target\":{\"@type\":\"EntryPoint\",\"urlTemplate\":\"https:\/\/elcardinal.com\/?s={search_term_string}\"},\"query-input\":{\"@type\":\"PropertyValueSpecification\",\"valueRequired\":true,\"valueName\":\"search_term_string\"}}],\"inLanguage\":\"es\"},{\"@type\":\"Organization\",\"@id\":\"https:\/\/elcardinal.com\/#organization\",\"name\":\"El Cardinal\",\"url\":\"https:\/\/elcardinal.com\/\",\"logo\":{\"@type\":\"ImageObject\",\"inLanguage\":\"es\",\"@id\":\"https:\/\/elcardinal.com\/#\/schema\/logo\/image\/\",\"url\":\"https:\/\/elcardinal.com\/wp-content\/uploads\/2025\/04\/LOGO-EL-CARDINAL-Periodismo-con-valor.png\",\"contentUrl\":\"https:\/\/elcardinal.com\/wp-content\/uploads\/2025\/04\/LOGO-EL-CARDINAL-Periodismo-con-valor.png\",\"width\":755,\"height\":636,\"caption\":\"El Cardinal\"},\"image\":{\"@id\":\"https:\/\/elcardinal.com\/#\/schema\/logo\/image\/\"},\"sameAs\":[\"https:\/\/www.facebook.com\/profile.php?id=100063093107011\",\"https:\/\/x.com\/ElCardinal_Mx\"]},{\"@type\":\"Person\",\"@id\":\"https:\/\/elcardinal.com\/#\/schema\/person\/3c352ec0a33987fe275c0e8a2ea69f8b\",\"name\":\"Antonio Alcaraz\",\"image\":{\"@type\":\"ImageObject\",\"inLanguage\":\"es\",\"@id\":\"https:\/\/elcardinal.com\/#\/schema\/person\/image\/\",\"url\":\"https:\/\/elcardinal.com\/wp-content\/uploads\/2025\/05\/cropped-TONO-96x96.jpg\",\"contentUrl\":\"https:\/\/elcardinal.com\/wp-content\/uploads\/2025\/05\/cropped-TONO-96x96.jpg\",\"caption\":\"Antonio Alcaraz\"},\"url\":\"https:\/\/elcardinal.com\/?author=2\"}]}<\/script>\n<!-- \/ Yoast SEO plugin. -->","yoast_head_json":{"title":"Lanza Congreso del Estado nueva p\u00e1gina web para fortalecer la comunicaci\u00f3n con la ciudadan\u00eda - El Cardinal","robots":{"index":"index","follow":"follow","max-snippet":"max-snippet:-1","max-image-preview":"max-image-preview:large","max-video-preview":"max-video-preview:-1"},"canonical":"https:\/\/elcardinal.com\/?p=5443","og_locale":"es_MX","og_type":"article","og_title":"Lanza Congreso del Estado nueva p\u00e1gina web para fortalecer la comunicaci\u00f3n con la ciudadan\u00eda - El Cardinal","og_description":"Redacci\u00f3n En conferencia de prensa, el Congreso del Estado Libre y Soberano de Hidalgo llev\u00f3 a cabo el lanzamiento de su nueva p\u00e1gina web, un proyecto desarrollado de manera coordinada por la Direcci\u00f3n General de Comunicaci\u00f3n Social y la Unidad de Inform\u00e1tica, con el objetivo de modernizar sus canales digitales y facilitar el acceso a","og_url":"https:\/\/elcardinal.com\/?p=5443","og_site_name":"El Cardinal","article_publisher":"https:\/\/www.facebook.com\/profile.php?id=100063093107011","article_published_time":"2026-01-29T22:41:15+00:00","og_image":[{"width":2560,"height":1707,"url":"https:\/\/elcardinal.com\/wp-content\/uploads\/2026\/01\/29.01.2026-Presengtacion-Pagina-WEB-Congreso-51-scaled.jpg","type":"image\/jpeg"}],"author":"Antonio Alcaraz","twitter_card":"summary_large_image","twitter_creator":"@ElCardinal_Mx","twitter_site":"@ElCardinal_Mx","twitter_misc":{"Escrito por":"Antonio Alcaraz","Tiempo de lectura":"3 minutos"},"schema":{"@context":"https:\/\/schema.org","@graph":[{"@type":"Article","@id":"https:\/\/elcardinal.com\/?p=5443#article","isPartOf":{"@id":"https:\/\/elcardinal.com\/?p=5443"},"author":{"name":"Antonio Alcaraz","@id":"https:\/\/elcardinal.com\/#\/schema\/person\/3c352ec0a33987fe275c0e8a2ea69f8b"},"headline":"Lanza Congreso del Estado nueva p\u00e1gina web para fortalecer la comunicaci\u00f3n con la ciudadan\u00eda","datePublished":"2026-01-29T22:41:15+00:00","mainEntityOfPage":{"@id":"https:\/\/elcardinal.com\/?p=5443"},"wordCount":553,"commentCount":0,"publisher":{"@id":"https:\/\/elcardinal.com\/#organization"},"image":{"@id":"https:\/\/elcardinal.com\/?p=5443#primaryimage"},"thumbnailUrl":"https:\/\/elcardinal.com\/wp-content\/uploads\/2026\/01\/29.01.2026-Presengtacion-Pagina-WEB-Congreso-51-scaled.jpg","articleSection":["Hidalgo","Minuto a Minuto","Pol\u00edtica"],"inLanguage":"es","potentialAction":[{"@type":"CommentAction","name":"Comment","target":["https:\/\/elcardinal.com\/?p=5443#respond"]}]},{"@type":"WebPage","@id":"https:\/\/elcardinal.com\/?p=5443","url":"https:\/\/elcardinal.com\/?p=5443","name":"Lanza Congreso del Estado nueva p\u00e1gina web para fortalecer la comunicaci\u00f3n con la ciudadan\u00eda - El Cardinal","isPartOf":{"@id":"https:\/\/elcardinal.com\/#website"},"primaryImageOfPage":{"@id":"https:\/\/elcardinal.com\/?p=5443#primaryimage"},"image":{"@id":"https:\/\/elcardinal.com\/?p=5443#primaryimage"},"thumbnailUrl":"https:\/\/elcardinal.com\/wp-content\/uploads\/2026\/01\/29.01.2026-Presengtacion-Pagina-WEB-Congreso-51-scaled.jpg","datePublished":"2026-01-29T22:41:15+00:00","breadcrumb":{"@id":"https:\/\/elcardinal.com\/?p=5443#breadcrumb"},"inLanguage":"es","potentialAction":[{"@type":"ReadAction","target":["https:\/\/elcardinal.com\/?p=5443"]}]},{"@type":"ImageObject","inLanguage":"es","@id":"https:\/\/elcardinal.com\/?p=5443#primaryimage","url":"https:\/\/elcardinal.com\/wp-content\/uploads\/2026\/01\/29.01.2026-Presengtacion-Pagina-WEB-Congreso-51-scaled.jpg","contentUrl":"https:\/\/elcardinal.com\/wp-content\/uploads\/2026\/01\/29.01.2026-Presengtacion-Pagina-WEB-Congreso-51-scaled.jpg","width":2560,"height":1707},{"@type":"BreadcrumbList","@id":"https:\/\/elcardinal.com\/?p=5443#breadcrumb","itemListElement":[{"@type":"ListItem","position":1,"name":"Inicio","item":"https:\/\/elcardinal.com\/"},{"@type":"ListItem","position":2,"name":"Lanza Congreso del Estado nueva p\u00e1gina web para fortalecer la comunicaci\u00f3n con la ciudadan\u00eda"}]},{"@type":"WebSite","@id":"https:\/\/elcardinal.com\/#website","url":"https:\/\/elcardinal.com\/","name":"El Cardinal","description":"Periodismo honesto, con valor, sentido humano, a veces sarc\u00e1stico y divertido.","publisher":{"@id":"https:\/\/elcardinal.com\/#organization"},"alternateName":"El Cardinal Noticias","potentialAction":[{"@type":"SearchAction","target":{"@type":"EntryPoint","urlTemplate":"https:\/\/elcardinal.com\/?s={search_term_string}"},"query-input":{"@type":"PropertyValueSpecification","valueRequired":true,"valueName":"search_term_string"}}],"inLanguage":"es"},{"@type":"Organization","@id":"https:\/\/elcardinal.com\/#organization","name":"El Cardinal","url":"https:\/\/elcardinal.com\/","logo":{"@type":"ImageObject","inLanguage":"es","@id":"https:\/\/elcardinal.com\/#\/schema\/logo\/image\/","url":"https:\/\/elcardinal.com\/wp-content\/uploads\/2025\/04\/LOGO-EL-CARDINAL-Periodismo-con-valor.png","contentUrl":"https:\/\/elcardinal.com\/wp-content\/uploads\/2025\/04\/LOGO-EL-CARDINAL-Periodismo-con-valor.png","width":755,"height":636,"caption":"El Cardinal"},"image":{"@id":"https:\/\/elcardinal.com\/#\/schema\/logo\/image\/"},"sameAs":["https:\/\/www.facebook.com\/profile.php?id=100063093107011","https:\/\/x.com\/ElCardinal_Mx"]},{"@type":"Person","@id":"https:\/\/elcardinal.com\/#\/schema\/person\/3c352ec0a33987fe275c0e8a2ea69f8b","name":"Antonio Alcaraz","image":{"@type":"ImageObject","inLanguage":"es","@id":"https:\/\/elcardinal.com\/#\/schema\/person\/image\/","url":"https:\/\/elcardinal.com\/wp-content\/uploads\/2025\/05\/cropped-TONO-96x96.jpg","contentUrl":"https:\/\/elcardinal.com\/wp-content\/uploads\/2025\/05\/cropped-TONO-96x96.jpg","caption":"Antonio Alcaraz"},"url":"https:\/\/elcardinal.com\/?author=2"}]}},"_links":{"self":[{"href":"https:\/\/elcardinal.com\/index.php?rest_route=\/wp\/v2\/posts\/5443","targetHints":{"allow":["GET"]}}],"collection":[{"href":"https:\/\/elcardinal.com\/index.php?rest_route=\/wp\/v2\/posts"}],"about":[{"href":"https:\/\/elcardinal.com\/index.php?rest_route=\/wp\/v2\/types\/post"}],"author":[{"embeddable":true,"href":"https:\/\/elcardinal.com\/index.php?rest_route=\/wp\/v2\/users\/2"}],"replies":[{"embeddable":true,"href":"https:\/\/elcardinal.com\/index.php?rest_route=%2Fwp%2Fv2%2Fcomments&post=5443"}],"version-history":[{"count":1,"href":"https:\/\/elcardinal.com\/index.php?rest_route=\/wp\/v2\/posts\/5443\/revisions"}],"predecessor-version":[{"id":5445,"href":"https:\/\/elcardinal.com\/index.php?rest_route=\/wp\/v2\/posts\/5443\/revisions\/5445"}],"wp:featuredmedia":[{"embeddable":true,"href":"https:\/\/elcardinal.com\/index.php?rest_route=\/wp\/v2\/media\/5444"}],"wp:attachment":[{"href":"https:\/\/elcardinal.com\/index.php?rest_route=%2Fwp%2Fv2%2Fmedia&parent=5443"}],"wp:term":[{"taxonomy":"category","embeddable":true,"href":"https:\/\/elcardinal.com\/index.php?rest_route=%2Fwp%2Fv2%2Fcategories&post=5443"},{"taxonomy":"post_tag","embeddable":true,"href":"https:\/\/elcardinal.com\/index.php?rest_route=%2Fwp%2Fv2%2Ftags&post=5443"}],"curies":[{"name":"wp","href":"https:\/\/api.w.org\/{rel}","templated":true}]}}