{"id":5446,"date":"2026-01-31T14:26:36","date_gmt":"2026-01-31T20:26:36","guid":{"rendered":"https:\/\/elcardinal.com\/?p=5446"},"modified":"2026-01-31T14:26:36","modified_gmt":"2026-01-31T20:26:36","slug":"alegrate","status":"publish","type":"post","link":"https:\/\/elcardinal.com\/?p=5446","title":{"rendered":"Al\u00e9grate"},"content":{"rendered":"<p>Por: <strong>Tania Mart\u00ednez Su\u00e1rez<\/strong><\/p>\n<p>Somos presas, confinados a un ritual que no admite equivocaciones, una ola de eventos que nos aplastan es el d\u00eda a d\u00eda, la avalancha de efem\u00e9rides, aniversarios, conmemoraciones, lunes c\u00edvicos, santorales, cumplea\u00f1os \u2026 una agenda setting que marca las pautas de la vida en sociedad.<\/p>\n<p>Resulta complejo recordar tantas fechas, es humanamente imposible albergar cada hecho, y luego a\u00f1o con a\u00f1o tener siquiera tiempo para pensar en ello. As\u00ed en esta vor\u00e1gine de la agenda setting confluyen las fechas importantes que son comunes a todas las personas, y est\u00e1n desde luego los momentos que atesoramos en lo privado, desde lo individual, yo soy incapaz de recordar el d\u00eda exacto del cumplea\u00f1os de mi mam\u00e1 o el del d\u00eda en que muri\u00f3, solo que s\u00e9 abril me la recuerda con las flores que rebosan en los camellones de la ciudad y el rosal de la casa que ha crecido tanto como el techo de la segunda planta, junio me llena de tristeza y de colibr\u00edes que juguetean en mi jard\u00edn, as\u00ed ella est\u00e1 siempre entre p\u00e9talos y capullos, no preciso de aniversarios para recordarla.<\/p>\n<p>Ya no tomamos fotograf\u00edas, dice mi querido Juan Carlos: \u201c capturamos cientos de im\u00e1genes, pero ya no las imprimimos, no las seleccionamos o trabajamos\u201d permanecen en formato digital, pasan del tel\u00e9fono a la computadora, al disco de almacenamiento, por s\u00ed un d\u00eda podemos volver y mirarlas. La imagen entonces recobra ese car\u00e1cter ef\u00edmero, esas fotos que no vemos pueden ser el paisaje que solo nuestros ojos guardaron de aquel viaje entra\u00f1able o la carita de una ni\u00f1a salvaje que naci\u00f3 de ti, cuando el medico la levant\u00f3 con una mano y ella con ojitos negros busc\u00f3 mi voz en el fr\u00edo de la sala de expulsiones, ese recuerdo permanece como una imagen n\u00edtida en mi memor\u00eda, ahora que la veo danzar y desplazarse cada vez m\u00e1s independient ese momento pristino reverbera en m\u00ed.<\/p>\n<p>Pienso en la historia, en las fechas y la recapitulaci\u00f3n del pasado que muy pocas veces ofrece un contexto y un an\u00e1lisis de los sucesos, en la letra muerta que representan las leyes, la constituci\u00f3n, las oraciones, los libros sagrados o los profanos. S\u00e9 que no puedo recordarlo todo, que no puedo abarcarlo de forma absoluta; as\u00ed que vivo en el ahora; en el presente que me conduce al d\u00eda a d\u00eda, en el cotidiano y emergente proceso de mantener la vida y la cordura.<\/p>\n<p>&nbsp;<\/p>\n<p>\u00a1Al\u00e9grate, porque todo momento es aqu\u00ed y todo lugar es ahora!<\/p>\n<p>Buda<\/p>\n<p>&nbsp;<\/p>\n","protected":false},"excerpt":{"rendered":"<p>Por: Tania Mart\u00ednez Su\u00e1rez Somos presas, confinados a un ritual que no admite equivocaciones, una ola de eventos que nos aplastan es el d\u00eda a d\u00eda, la avalancha de efem\u00e9rides, aniversarios, conmemoraciones, lunes c\u00edvicos, santorales, cumplea\u00f1os \u2026 una agenda setting que marca las pautas de la vida en sociedad. Resulta complejo recordar tantas fechas, es<\/p>\n","protected":false},"author":2,"featured_media":5393,"comment_status":"open","ping_status":"open","sticky":false,"template":"","format":"standard","meta":{"footnotes":""},"categories":[31,44,35],"tags":[],"class_list":{"0":"post-5446","1":"post","2":"type-post","3":"status-publish","4":"format-standard","5":"has-post-thumbnail","7":"category-hidalgo","8":"category-minuto-a-minuto","9":"category-opinion"},"yoast_head":"<!-- This site is optimized with the Yoast SEO plugin v26.1.1 - https:\/\/yoast.com\/wordpress\/plugins\/seo\/ -->\n<title>Al\u00e9grate - El Cardinal<\/title>\n<meta name=\"robots\" content=\"index, follow, max-snippet:-1, max-image-preview:large, max-video-preview:-1\" \/>\n<link rel=\"canonical\" href=\"https:\/\/elcardinal.com\/?p=5446\" \/>\n<meta property=\"og:locale\" content=\"es_MX\" \/>\n<meta property=\"og:type\" content=\"article\" \/>\n<meta property=\"og:title\" content=\"Al\u00e9grate - El Cardinal\" \/>\n<meta property=\"og:description\" content=\"Por: Tania Mart\u00ednez Su\u00e1rez Somos presas, confinados a un ritual que no admite equivocaciones, una ola de eventos que nos aplastan es el d\u00eda a d\u00eda, la avalancha de efem\u00e9rides, aniversarios, conmemoraciones, lunes c\u00edvicos, santorales, cumplea\u00f1os \u2026 una agenda setting que marca las pautas de la vida en sociedad. Resulta complejo recordar tantas fechas, es\" \/>\n<meta property=\"og:url\" content=\"https:\/\/elcardinal.com\/?p=5446\" \/>\n<meta property=\"og:site_name\" content=\"El Cardinal\" \/>\n<meta property=\"article:publisher\" content=\"https:\/\/www.facebook.com\/profile.php?id=100063093107011\" \/>\n<meta property=\"article:published_time\" content=\"2026-01-31T20:26:36+00:00\" \/>\n<meta property=\"og:image\" content=\"https:\/\/elcardinal.com\/wp-content\/uploads\/2025\/12\/Semillas-Esterales.png\" \/>\n\t<meta property=\"og:image:width\" content=\"940\" \/>\n\t<meta property=\"og:image:height\" content=\"788\" \/>\n\t<meta property=\"og:image:type\" content=\"image\/png\" \/>\n<meta name=\"author\" content=\"Antonio Alcaraz\" \/>\n<meta name=\"twitter:card\" content=\"summary_large_image\" \/>\n<meta name=\"twitter:creator\" content=\"@ElCardinal_Mx\" \/>\n<meta name=\"twitter:site\" content=\"@ElCardinal_Mx\" \/>\n<meta name=\"twitter:label1\" content=\"Escrito por\" \/>\n\t<meta name=\"twitter:data1\" content=\"Antonio Alcaraz\" \/>\n\t<meta name=\"twitter:label2\" content=\"Tiempo de lectura\" \/>\n\t<meta name=\"twitter:data2\" content=\"3 minutos\" \/>\n<script type=\"application\/ld+json\" class=\"yoast-schema-graph\">{\"@context\":\"https:\/\/schema.org\",\"@graph\":[{\"@type\":\"Article\",\"@id\":\"https:\/\/elcardinal.com\/?p=5446#article\",\"isPartOf\":{\"@id\":\"https:\/\/elcardinal.com\/?p=5446\"},\"author\":{\"name\":\"Antonio Alcaraz\",\"@id\":\"https:\/\/elcardinal.com\/#\/schema\/person\/3c352ec0a33987fe275c0e8a2ea69f8b\"},\"headline\":\"Al\u00e9grate\",\"datePublished\":\"2026-01-31T20:26:36+00:00\",\"mainEntityOfPage\":{\"@id\":\"https:\/\/elcardinal.com\/?p=5446\"},\"wordCount\":454,\"commentCount\":0,\"publisher\":{\"@id\":\"https:\/\/elcardinal.com\/#organization\"},\"image\":{\"@id\":\"https:\/\/elcardinal.com\/?p=5446#primaryimage\"},\"thumbnailUrl\":\"https:\/\/elcardinal.com\/wp-content\/uploads\/2025\/12\/Semillas-Esterales.png\",\"articleSection\":[\"Hidalgo\",\"Minuto a Minuto\",\"Opini\u00f3n\"],\"inLanguage\":\"es\",\"potentialAction\":[{\"@type\":\"CommentAction\",\"name\":\"Comment\",\"target\":[\"https:\/\/elcardinal.com\/?p=5446#respond\"]}]},{\"@type\":\"WebPage\",\"@id\":\"https:\/\/elcardinal.com\/?p=5446\",\"url\":\"https:\/\/elcardinal.com\/?p=5446\",\"name\":\"Al\u00e9grate - El Cardinal\",\"isPartOf\":{\"@id\":\"https:\/\/elcardinal.com\/#website\"},\"primaryImageOfPage\":{\"@id\":\"https:\/\/elcardinal.com\/?p=5446#primaryimage\"},\"image\":{\"@id\":\"https:\/\/elcardinal.com\/?p=5446#primaryimage\"},\"thumbnailUrl\":\"https:\/\/elcardinal.com\/wp-content\/uploads\/2025\/12\/Semillas-Esterales.png\",\"datePublished\":\"2026-01-31T20:26:36+00:00\",\"breadcrumb\":{\"@id\":\"https:\/\/elcardinal.com\/?p=5446#breadcrumb\"},\"inLanguage\":\"es\",\"potentialAction\":[{\"@type\":\"ReadAction\",\"target\":[\"https:\/\/elcardinal.com\/?p=5446\"]}]},{\"@type\":\"ImageObject\",\"inLanguage\":\"es\",\"@id\":\"https:\/\/elcardinal.com\/?p=5446#primaryimage\",\"url\":\"https:\/\/elcardinal.com\/wp-content\/uploads\/2025\/12\/Semillas-Esterales.png\",\"contentUrl\":\"https:\/\/elcardinal.com\/wp-content\/uploads\/2025\/12\/Semillas-Esterales.png\",\"width\":940,\"height\":788},{\"@type\":\"BreadcrumbList\",\"@id\":\"https:\/\/elcardinal.com\/?p=5446#breadcrumb\",\"itemListElement\":[{\"@type\":\"ListItem\",\"position\":1,\"name\":\"Inicio\",\"item\":\"https:\/\/elcardinal.com\/\"},{\"@type\":\"ListItem\",\"position\":2,\"name\":\"Al\u00e9grate\"}]},{\"@type\":\"WebSite\",\"@id\":\"https:\/\/elcardinal.com\/#website\",\"url\":\"https:\/\/elcardinal.com\/\",\"name\":\"El Cardinal\",\"description\":\"Periodismo honesto, con valor, sentido humano, a veces sarc\u00e1stico y divertido.\",\"publisher\":{\"@id\":\"https:\/\/elcardinal.com\/#organization\"},\"alternateName\":\"El Cardinal Noticias\",\"potentialAction\":[{\"@type\":\"SearchAction\",\"target\":{\"@type\":\"EntryPoint\",\"urlTemplate\":\"https:\/\/elcardinal.com\/?s={search_term_string}\"},\"query-input\":{\"@type\":\"PropertyValueSpecification\",\"valueRequired\":true,\"valueName\":\"search_term_string\"}}],\"inLanguage\":\"es\"},{\"@type\":\"Organization\",\"@id\":\"https:\/\/elcardinal.com\/#organization\",\"name\":\"El Cardinal\",\"url\":\"https:\/\/elcardinal.com\/\",\"logo\":{\"@type\":\"ImageObject\",\"inLanguage\":\"es\",\"@id\":\"https:\/\/elcardinal.com\/#\/schema\/logo\/image\/\",\"url\":\"https:\/\/elcardinal.com\/wp-content\/uploads\/2025\/04\/LOGO-EL-CARDINAL-Periodismo-con-valor.png\",\"contentUrl\":\"https:\/\/elcardinal.com\/wp-content\/uploads\/2025\/04\/LOGO-EL-CARDINAL-Periodismo-con-valor.png\",\"width\":755,\"height\":636,\"caption\":\"El Cardinal\"},\"image\":{\"@id\":\"https:\/\/elcardinal.com\/#\/schema\/logo\/image\/\"},\"sameAs\":[\"https:\/\/www.facebook.com\/profile.php?id=100063093107011\",\"https:\/\/x.com\/ElCardinal_Mx\"]},{\"@type\":\"Person\",\"@id\":\"https:\/\/elcardinal.com\/#\/schema\/person\/3c352ec0a33987fe275c0e8a2ea69f8b\",\"name\":\"Antonio Alcaraz\",\"image\":{\"@type\":\"ImageObject\",\"inLanguage\":\"es\",\"@id\":\"https:\/\/elcardinal.com\/#\/schema\/person\/image\/\",\"url\":\"https:\/\/elcardinal.com\/wp-content\/uploads\/2025\/05\/cropped-TONO-96x96.jpg\",\"contentUrl\":\"https:\/\/elcardinal.com\/wp-content\/uploads\/2025\/05\/cropped-TONO-96x96.jpg\",\"caption\":\"Antonio Alcaraz\"},\"url\":\"https:\/\/elcardinal.com\/?author=2\"}]}<\/script>\n<!-- \/ Yoast SEO plugin. -->","yoast_head_json":{"title":"Al\u00e9grate - El Cardinal","robots":{"index":"index","follow":"follow","max-snippet":"max-snippet:-1","max-image-preview":"max-image-preview:large","max-video-preview":"max-video-preview:-1"},"canonical":"https:\/\/elcardinal.com\/?p=5446","og_locale":"es_MX","og_type":"article","og_title":"Al\u00e9grate - El Cardinal","og_description":"Por: Tania Mart\u00ednez Su\u00e1rez Somos presas, confinados a un ritual que no admite equivocaciones, una ola de eventos que nos aplastan es el d\u00eda a d\u00eda, la avalancha de efem\u00e9rides, aniversarios, conmemoraciones, lunes c\u00edvicos, santorales, cumplea\u00f1os \u2026 una agenda setting que marca las pautas de la vida en sociedad. Resulta complejo recordar tantas fechas, es","og_url":"https:\/\/elcardinal.com\/?p=5446","og_site_name":"El Cardinal","article_publisher":"https:\/\/www.facebook.com\/profile.php?id=100063093107011","article_published_time":"2026-01-31T20:26:36+00:00","og_image":[{"width":940,"height":788,"url":"https:\/\/elcardinal.com\/wp-content\/uploads\/2025\/12\/Semillas-Esterales.png","type":"image\/png"}],"author":"Antonio Alcaraz","twitter_card":"summary_large_image","twitter_creator":"@ElCardinal_Mx","twitter_site":"@ElCardinal_Mx","twitter_misc":{"Escrito por":"Antonio Alcaraz","Tiempo de lectura":"3 minutos"},"schema":{"@context":"https:\/\/schema.org","@graph":[{"@type":"Article","@id":"https:\/\/elcardinal.com\/?p=5446#article","isPartOf":{"@id":"https:\/\/elcardinal.com\/?p=5446"},"author":{"name":"Antonio Alcaraz","@id":"https:\/\/elcardinal.com\/#\/schema\/person\/3c352ec0a33987fe275c0e8a2ea69f8b"},"headline":"Al\u00e9grate","datePublished":"2026-01-31T20:26:36+00:00","mainEntityOfPage":{"@id":"https:\/\/elcardinal.com\/?p=5446"},"wordCount":454,"commentCount":0,"publisher":{"@id":"https:\/\/elcardinal.com\/#organization"},"image":{"@id":"https:\/\/elcardinal.com\/?p=5446#primaryimage"},"thumbnailUrl":"https:\/\/elcardinal.com\/wp-content\/uploads\/2025\/12\/Semillas-Esterales.png","articleSection":["Hidalgo","Minuto a Minuto","Opini\u00f3n"],"inLanguage":"es","potentialAction":[{"@type":"CommentAction","name":"Comment","target":["https:\/\/elcardinal.com\/?p=5446#respond"]}]},{"@type":"WebPage","@id":"https:\/\/elcardinal.com\/?p=5446","url":"https:\/\/elcardinal.com\/?p=5446","name":"Al\u00e9grate - El Cardinal","isPartOf":{"@id":"https:\/\/elcardinal.com\/#website"},"primaryImageOfPage":{"@id":"https:\/\/elcardinal.com\/?p=5446#primaryimage"},"image":{"@id":"https:\/\/elcardinal.com\/?p=5446#primaryimage"},"thumbnailUrl":"https:\/\/elcardinal.com\/wp-content\/uploads\/2025\/12\/Semillas-Esterales.png","datePublished":"2026-01-31T20:26:36+00:00","breadcrumb":{"@id":"https:\/\/elcardinal.com\/?p=5446#breadcrumb"},"inLanguage":"es","potentialAction":[{"@type":"ReadAction","target":["https:\/\/elcardinal.com\/?p=5446"]}]},{"@type":"ImageObject","inLanguage":"es","@id":"https:\/\/elcardinal.com\/?p=5446#primaryimage","url":"https:\/\/elcardinal.com\/wp-content\/uploads\/2025\/12\/Semillas-Esterales.png","contentUrl":"https:\/\/elcardinal.com\/wp-content\/uploads\/2025\/12\/Semillas-Esterales.png","width":940,"height":788},{"@type":"BreadcrumbList","@id":"https:\/\/elcardinal.com\/?p=5446#breadcrumb","itemListElement":[{"@type":"ListItem","position":1,"name":"Inicio","item":"https:\/\/elcardinal.com\/"},{"@type":"ListItem","position":2,"name":"Al\u00e9grate"}]},{"@type":"WebSite","@id":"https:\/\/elcardinal.com\/#website","url":"https:\/\/elcardinal.com\/","name":"El Cardinal","description":"Periodismo honesto, con valor, sentido humano, a veces sarc\u00e1stico y divertido.","publisher":{"@id":"https:\/\/elcardinal.com\/#organization"},"alternateName":"El Cardinal Noticias","potentialAction":[{"@type":"SearchAction","target":{"@type":"EntryPoint","urlTemplate":"https:\/\/elcardinal.com\/?s={search_term_string}"},"query-input":{"@type":"PropertyValueSpecification","valueRequired":true,"valueName":"search_term_string"}}],"inLanguage":"es"},{"@type":"Organization","@id":"https:\/\/elcardinal.com\/#organization","name":"El Cardinal","url":"https:\/\/elcardinal.com\/","logo":{"@type":"ImageObject","inLanguage":"es","@id":"https:\/\/elcardinal.com\/#\/schema\/logo\/image\/","url":"https:\/\/elcardinal.com\/wp-content\/uploads\/2025\/04\/LOGO-EL-CARDINAL-Periodismo-con-valor.png","contentUrl":"https:\/\/elcardinal.com\/wp-content\/uploads\/2025\/04\/LOGO-EL-CARDINAL-Periodismo-con-valor.png","width":755,"height":636,"caption":"El Cardinal"},"image":{"@id":"https:\/\/elcardinal.com\/#\/schema\/logo\/image\/"},"sameAs":["https:\/\/www.facebook.com\/profile.php?id=100063093107011","https:\/\/x.com\/ElCardinal_Mx"]},{"@type":"Person","@id":"https:\/\/elcardinal.com\/#\/schema\/person\/3c352ec0a33987fe275c0e8a2ea69f8b","name":"Antonio Alcaraz","image":{"@type":"ImageObject","inLanguage":"es","@id":"https:\/\/elcardinal.com\/#\/schema\/person\/image\/","url":"https:\/\/elcardinal.com\/wp-content\/uploads\/2025\/05\/cropped-TONO-96x96.jpg","contentUrl":"https:\/\/elcardinal.com\/wp-content\/uploads\/2025\/05\/cropped-TONO-96x96.jpg","caption":"Antonio Alcaraz"},"url":"https:\/\/elcardinal.com\/?author=2"}]}},"_links":{"self":[{"href":"https:\/\/elcardinal.com\/index.php?rest_route=\/wp\/v2\/posts\/5446","targetHints":{"allow":["GET"]}}],"collection":[{"href":"https:\/\/elcardinal.com\/index.php?rest_route=\/wp\/v2\/posts"}],"about":[{"href":"https:\/\/elcardinal.com\/index.php?rest_route=\/wp\/v2\/types\/post"}],"author":[{"embeddable":true,"href":"https:\/\/elcardinal.com\/index.php?rest_route=\/wp\/v2\/users\/2"}],"replies":[{"embeddable":true,"href":"https:\/\/elcardinal.com\/index.php?rest_route=%2Fwp%2Fv2%2Fcomments&post=5446"}],"version-history":[{"count":1,"href":"https:\/\/elcardinal.com\/index.php?rest_route=\/wp\/v2\/posts\/5446\/revisions"}],"predecessor-version":[{"id":5447,"href":"https:\/\/elcardinal.com\/index.php?rest_route=\/wp\/v2\/posts\/5446\/revisions\/5447"}],"wp:featuredmedia":[{"embeddable":true,"href":"https:\/\/elcardinal.com\/index.php?rest_route=\/wp\/v2\/media\/5393"}],"wp:attachment":[{"href":"https:\/\/elcardinal.com\/index.php?rest_route=%2Fwp%2Fv2%2Fmedia&parent=5446"}],"wp:term":[{"taxonomy":"category","embeddable":true,"href":"https:\/\/elcardinal.com\/index.php?rest_route=%2Fwp%2Fv2%2Fcategories&post=5446"},{"taxonomy":"post_tag","embeddable":true,"href":"https:\/\/elcardinal.com\/index.php?rest_route=%2Fwp%2Fv2%2Ftags&post=5446"}],"curies":[{"name":"wp","href":"https:\/\/api.w.org\/{rel}","templated":true}]}}