{"id":5450,"date":"2026-02-03T16:14:52","date_gmt":"2026-02-03T22:14:52","guid":{"rendered":"https:\/\/elcardinal.com\/?p=5450"},"modified":"2026-02-03T16:14:52","modified_gmt":"2026-02-03T22:14:52","slug":"tania-meza-propone-reforma-que-mejoraria-la-defensa-de-los-derechos-humanos-en-hidalgo","status":"publish","type":"post","link":"https:\/\/elcardinal.com\/?p=5450","title":{"rendered":"Tania Meza propone reforma que mejorar\u00eda la defensa de los derechos humanos en Hidalgo"},"content":{"rendered":"<p>Redacci\u00f3n<\/p>\n<p>La diputada de Morena, <strong>Tania Meza Escorza<\/strong>, present\u00f3 ante el Congreso local una iniciativa para reformar la Ley de Derechos Humanos del Estado de Hidalgo, con el objetivo de fortalecer la Comisi\u00f3n de Derechos Humanos, garantizar mayor inclusi\u00f3n, perspectiva de g\u00e9nero y abrir espacios reales para las juventudes.<\/p>\n<p>Durante su intervenci\u00f3n en tribuna, la legisladora destac\u00f3 que hablar de derechos humanos no puede quedarse solo en el discurso, sino que debe reflejarse en las instituciones que los garantizan.<\/p>\n<p>\u201cLa Comisi\u00f3n de Derechos Humanos debe ser un referente \u00e9tico y t\u00e9cnico, un espacio que no s\u00f3lo defienda derechos en el papel, sino que los encarne desde su propia estructura\u201d, expres\u00f3 Meza.<\/p>\n<p>La iniciativa propone actualizar el marco legal para que los cargos directivos y operativos de la Comisi\u00f3n se integren bajo principios de paridad de g\u00e9nero, lenguaje inclusivo y criterios de idoneidad profesional, por lo que deben priorizarse perfiles con experiencia comprobable en derechos humanos, igualdad sustantiva, no discriminaci\u00f3n y perspectiva de g\u00e9nero.<\/p>\n<p>Entre los principales cambios se encuentra la eliminaci\u00f3n de l\u00edmites de edad, que anteriormente imped\u00edan la participaci\u00f3n de personas j\u00f3venes en cargos clave, as\u00ed como la exigencia de trayectorias profesionales o sociales en la defensa de derechos humanos para quienes aspiren a dirigir o integrar las visitadur\u00edas.<\/p>\n<p>En su mensaje, Tania Meza subray\u00f3 que estas reformas responden a una deuda hist\u00f3rica con sectores que han sido excluidos<\/p>\n<p>\u201cNuestra historia como mujeres, como juventudes, como sociedad diversa ha estado marcada por largos periodos de exclusi\u00f3n, invisibilizaci\u00f3n y barreras institucionales. Desde esta tribuna hago un llamado para que pongamos al centro la dignidad de todas las personas. Que avancemos hacia un estado verdaderamente igualitario\u201d, afirm\u00f3 la morenista.<\/p>\n<p>Finalmente, Tania Meza destac\u00f3 que esta reforma busca que la Comisi\u00f3n de Derechos Humanos de Hidalgo sea coherente con los valores que defiende.<\/p>\n<p>\u201cPorque no puede haber justicia sin igualdad. Porque no puede haber derechos humanos sin inclusi\u00f3n. Y porque no puede haber transformaci\u00f3n real si no parte desde nuestras propias instituciones\u201d, concluy\u00f3 la legisladora.<\/p>\n","protected":false},"excerpt":{"rendered":"<p>Redacci\u00f3n La diputada de Morena, Tania Meza Escorza, present\u00f3 ante el Congreso local una iniciativa para reformar la Ley de Derechos Humanos del Estado de Hidalgo, con el objetivo de fortalecer la Comisi\u00f3n de Derechos Humanos, garantizar mayor inclusi\u00f3n, perspectiva de g\u00e9nero y abrir espacios reales para las juventudes. Durante su intervenci\u00f3n en tribuna, la<\/p>\n","protected":false},"author":2,"featured_media":5451,"comment_status":"open","ping_status":"open","sticky":false,"template":"","format":"standard","meta":{"footnotes":""},"categories":[31,44,39],"tags":[],"class_list":{"0":"post-5450","1":"post","2":"type-post","3":"status-publish","4":"format-standard","5":"has-post-thumbnail","7":"category-hidalgo","8":"category-minuto-a-minuto","9":"category-politica"},"yoast_head":"<!-- This site is optimized with the Yoast SEO plugin v26.1.1 - https:\/\/yoast.com\/wordpress\/plugins\/seo\/ -->\n<title>Tania Meza propone reforma que mejorar\u00eda la defensa de los derechos humanos en Hidalgo - El Cardinal<\/title>\n<meta name=\"robots\" content=\"index, follow, max-snippet:-1, max-image-preview:large, max-video-preview:-1\" \/>\n<link rel=\"canonical\" href=\"https:\/\/elcardinal.com\/?p=5450\" \/>\n<meta property=\"og:locale\" content=\"es_MX\" \/>\n<meta property=\"og:type\" content=\"article\" \/>\n<meta property=\"og:title\" content=\"Tania Meza propone reforma que mejorar\u00eda la defensa de los derechos humanos en Hidalgo - El Cardinal\" \/>\n<meta property=\"og:description\" content=\"Redacci\u00f3n La diputada de Morena, Tania Meza Escorza, present\u00f3 ante el Congreso local una iniciativa para reformar la Ley de Derechos Humanos del Estado de Hidalgo, con el objetivo de fortalecer la Comisi\u00f3n de Derechos Humanos, garantizar mayor inclusi\u00f3n, perspectiva de g\u00e9nero y abrir espacios reales para las juventudes. Durante su intervenci\u00f3n en tribuna, la\" \/>\n<meta property=\"og:url\" content=\"https:\/\/elcardinal.com\/?p=5450\" \/>\n<meta property=\"og:site_name\" content=\"El Cardinal\" \/>\n<meta property=\"article:publisher\" content=\"https:\/\/www.facebook.com\/profile.php?id=100063093107011\" \/>\n<meta property=\"article:published_time\" content=\"2026-02-03T22:14:52+00:00\" \/>\n<meta property=\"og:image\" content=\"https:\/\/elcardinal.com\/wp-content\/uploads\/2026\/02\/WhatsApp-Image-2026-02-03-at-12.37.05-PM-scaled.jpeg\" \/>\n\t<meta property=\"og:image:width\" content=\"2560\" \/>\n\t<meta property=\"og:image:height\" content=\"1707\" \/>\n\t<meta property=\"og:image:type\" content=\"image\/jpeg\" \/>\n<meta name=\"author\" content=\"Antonio Alcaraz\" \/>\n<meta name=\"twitter:card\" content=\"summary_large_image\" \/>\n<meta name=\"twitter:creator\" content=\"@ElCardinal_Mx\" \/>\n<meta name=\"twitter:site\" content=\"@ElCardinal_Mx\" \/>\n<meta name=\"twitter:label1\" content=\"Escrito por\" \/>\n\t<meta name=\"twitter:data1\" content=\"Antonio Alcaraz\" \/>\n\t<meta name=\"twitter:label2\" content=\"Tiempo de lectura\" \/>\n\t<meta name=\"twitter:data2\" content=\"2 minutos\" \/>\n<script type=\"application\/ld+json\" class=\"yoast-schema-graph\">{\"@context\":\"https:\/\/schema.org\",\"@graph\":[{\"@type\":\"Article\",\"@id\":\"https:\/\/elcardinal.com\/?p=5450#article\",\"isPartOf\":{\"@id\":\"https:\/\/elcardinal.com\/?p=5450\"},\"author\":{\"name\":\"Antonio Alcaraz\",\"@id\":\"https:\/\/elcardinal.com\/#\/schema\/person\/3c352ec0a33987fe275c0e8a2ea69f8b\"},\"headline\":\"Tania Meza propone reforma que mejorar\u00eda la defensa de los derechos humanos en Hidalgo\",\"datePublished\":\"2026-02-03T22:14:52+00:00\",\"mainEntityOfPage\":{\"@id\":\"https:\/\/elcardinal.com\/?p=5450\"},\"wordCount\":372,\"commentCount\":0,\"publisher\":{\"@id\":\"https:\/\/elcardinal.com\/#organization\"},\"image\":{\"@id\":\"https:\/\/elcardinal.com\/?p=5450#primaryimage\"},\"thumbnailUrl\":\"https:\/\/elcardinal.com\/wp-content\/uploads\/2026\/02\/WhatsApp-Image-2026-02-03-at-12.37.05-PM-scaled.jpeg\",\"articleSection\":[\"Hidalgo\",\"Minuto a Minuto\",\"Pol\u00edtica\"],\"inLanguage\":\"es\",\"potentialAction\":[{\"@type\":\"CommentAction\",\"name\":\"Comment\",\"target\":[\"https:\/\/elcardinal.com\/?p=5450#respond\"]}]},{\"@type\":\"WebPage\",\"@id\":\"https:\/\/elcardinal.com\/?p=5450\",\"url\":\"https:\/\/elcardinal.com\/?p=5450\",\"name\":\"Tania Meza propone reforma que mejorar\u00eda la defensa de los derechos humanos en Hidalgo - El Cardinal\",\"isPartOf\":{\"@id\":\"https:\/\/elcardinal.com\/#website\"},\"primaryImageOfPage\":{\"@id\":\"https:\/\/elcardinal.com\/?p=5450#primaryimage\"},\"image\":{\"@id\":\"https:\/\/elcardinal.com\/?p=5450#primaryimage\"},\"thumbnailUrl\":\"https:\/\/elcardinal.com\/wp-content\/uploads\/2026\/02\/WhatsApp-Image-2026-02-03-at-12.37.05-PM-scaled.jpeg\",\"datePublished\":\"2026-02-03T22:14:52+00:00\",\"breadcrumb\":{\"@id\":\"https:\/\/elcardinal.com\/?p=5450#breadcrumb\"},\"inLanguage\":\"es\",\"potentialAction\":[{\"@type\":\"ReadAction\",\"target\":[\"https:\/\/elcardinal.com\/?p=5450\"]}]},{\"@type\":\"ImageObject\",\"inLanguage\":\"es\",\"@id\":\"https:\/\/elcardinal.com\/?p=5450#primaryimage\",\"url\":\"https:\/\/elcardinal.com\/wp-content\/uploads\/2026\/02\/WhatsApp-Image-2026-02-03-at-12.37.05-PM-scaled.jpeg\",\"contentUrl\":\"https:\/\/elcardinal.com\/wp-content\/uploads\/2026\/02\/WhatsApp-Image-2026-02-03-at-12.37.05-PM-scaled.jpeg\",\"width\":2560,\"height\":1707},{\"@type\":\"BreadcrumbList\",\"@id\":\"https:\/\/elcardinal.com\/?p=5450#breadcrumb\",\"itemListElement\":[{\"@type\":\"ListItem\",\"position\":1,\"name\":\"Inicio\",\"item\":\"https:\/\/elcardinal.com\/\"},{\"@type\":\"ListItem\",\"position\":2,\"name\":\"Tania Meza propone reforma que mejorar\u00eda la defensa de los derechos humanos en Hidalgo\"}]},{\"@type\":\"WebSite\",\"@id\":\"https:\/\/elcardinal.com\/#website\",\"url\":\"https:\/\/elcardinal.com\/\",\"name\":\"El Cardinal\",\"description\":\"Periodismo honesto, con valor, sentido humano, a veces sarc\u00e1stico y divertido.\",\"publisher\":{\"@id\":\"https:\/\/elcardinal.com\/#organization\"},\"alternateName\":\"El Cardinal Noticias\",\"potentialAction\":[{\"@type\":\"SearchAction\",\"target\":{\"@type\":\"EntryPoint\",\"urlTemplate\":\"https:\/\/elcardinal.com\/?s={search_term_string}\"},\"query-input\":{\"@type\":\"PropertyValueSpecification\",\"valueRequired\":true,\"valueName\":\"search_term_string\"}}],\"inLanguage\":\"es\"},{\"@type\":\"Organization\",\"@id\":\"https:\/\/elcardinal.com\/#organization\",\"name\":\"El Cardinal\",\"url\":\"https:\/\/elcardinal.com\/\",\"logo\":{\"@type\":\"ImageObject\",\"inLanguage\":\"es\",\"@id\":\"https:\/\/elcardinal.com\/#\/schema\/logo\/image\/\",\"url\":\"https:\/\/elcardinal.com\/wp-content\/uploads\/2025\/04\/LOGO-EL-CARDINAL-Periodismo-con-valor.png\",\"contentUrl\":\"https:\/\/elcardinal.com\/wp-content\/uploads\/2025\/04\/LOGO-EL-CARDINAL-Periodismo-con-valor.png\",\"width\":755,\"height\":636,\"caption\":\"El Cardinal\"},\"image\":{\"@id\":\"https:\/\/elcardinal.com\/#\/schema\/logo\/image\/\"},\"sameAs\":[\"https:\/\/www.facebook.com\/profile.php?id=100063093107011\",\"https:\/\/x.com\/ElCardinal_Mx\"]},{\"@type\":\"Person\",\"@id\":\"https:\/\/elcardinal.com\/#\/schema\/person\/3c352ec0a33987fe275c0e8a2ea69f8b\",\"name\":\"Antonio Alcaraz\",\"image\":{\"@type\":\"ImageObject\",\"inLanguage\":\"es\",\"@id\":\"https:\/\/elcardinal.com\/#\/schema\/person\/image\/\",\"url\":\"https:\/\/elcardinal.com\/wp-content\/uploads\/2025\/05\/cropped-TONO-96x96.jpg\",\"contentUrl\":\"https:\/\/elcardinal.com\/wp-content\/uploads\/2025\/05\/cropped-TONO-96x96.jpg\",\"caption\":\"Antonio Alcaraz\"},\"url\":\"https:\/\/elcardinal.com\/?author=2\"}]}<\/script>\n<!-- \/ Yoast SEO plugin. -->","yoast_head_json":{"title":"Tania Meza propone reforma que mejorar\u00eda la defensa de los derechos humanos en Hidalgo - El Cardinal","robots":{"index":"index","follow":"follow","max-snippet":"max-snippet:-1","max-image-preview":"max-image-preview:large","max-video-preview":"max-video-preview:-1"},"canonical":"https:\/\/elcardinal.com\/?p=5450","og_locale":"es_MX","og_type":"article","og_title":"Tania Meza propone reforma que mejorar\u00eda la defensa de los derechos humanos en Hidalgo - El Cardinal","og_description":"Redacci\u00f3n La diputada de Morena, Tania Meza Escorza, present\u00f3 ante el Congreso local una iniciativa para reformar la Ley de Derechos Humanos del Estado de Hidalgo, con el objetivo de fortalecer la Comisi\u00f3n de Derechos Humanos, garantizar mayor inclusi\u00f3n, perspectiva de g\u00e9nero y abrir espacios reales para las juventudes. Durante su intervenci\u00f3n en tribuna, la","og_url":"https:\/\/elcardinal.com\/?p=5450","og_site_name":"El Cardinal","article_publisher":"https:\/\/www.facebook.com\/profile.php?id=100063093107011","article_published_time":"2026-02-03T22:14:52+00:00","og_image":[{"width":2560,"height":1707,"url":"https:\/\/elcardinal.com\/wp-content\/uploads\/2026\/02\/WhatsApp-Image-2026-02-03-at-12.37.05-PM-scaled.jpeg","type":"image\/jpeg"}],"author":"Antonio Alcaraz","twitter_card":"summary_large_image","twitter_creator":"@ElCardinal_Mx","twitter_site":"@ElCardinal_Mx","twitter_misc":{"Escrito por":"Antonio Alcaraz","Tiempo de lectura":"2 minutos"},"schema":{"@context":"https:\/\/schema.org","@graph":[{"@type":"Article","@id":"https:\/\/elcardinal.com\/?p=5450#article","isPartOf":{"@id":"https:\/\/elcardinal.com\/?p=5450"},"author":{"name":"Antonio Alcaraz","@id":"https:\/\/elcardinal.com\/#\/schema\/person\/3c352ec0a33987fe275c0e8a2ea69f8b"},"headline":"Tania Meza propone reforma que mejorar\u00eda la defensa de los derechos humanos en Hidalgo","datePublished":"2026-02-03T22:14:52+00:00","mainEntityOfPage":{"@id":"https:\/\/elcardinal.com\/?p=5450"},"wordCount":372,"commentCount":0,"publisher":{"@id":"https:\/\/elcardinal.com\/#organization"},"image":{"@id":"https:\/\/elcardinal.com\/?p=5450#primaryimage"},"thumbnailUrl":"https:\/\/elcardinal.com\/wp-content\/uploads\/2026\/02\/WhatsApp-Image-2026-02-03-at-12.37.05-PM-scaled.jpeg","articleSection":["Hidalgo","Minuto a Minuto","Pol\u00edtica"],"inLanguage":"es","potentialAction":[{"@type":"CommentAction","name":"Comment","target":["https:\/\/elcardinal.com\/?p=5450#respond"]}]},{"@type":"WebPage","@id":"https:\/\/elcardinal.com\/?p=5450","url":"https:\/\/elcardinal.com\/?p=5450","name":"Tania Meza propone reforma que mejorar\u00eda la defensa de los derechos humanos en Hidalgo - El Cardinal","isPartOf":{"@id":"https:\/\/elcardinal.com\/#website"},"primaryImageOfPage":{"@id":"https:\/\/elcardinal.com\/?p=5450#primaryimage"},"image":{"@id":"https:\/\/elcardinal.com\/?p=5450#primaryimage"},"thumbnailUrl":"https:\/\/elcardinal.com\/wp-content\/uploads\/2026\/02\/WhatsApp-Image-2026-02-03-at-12.37.05-PM-scaled.jpeg","datePublished":"2026-02-03T22:14:52+00:00","breadcrumb":{"@id":"https:\/\/elcardinal.com\/?p=5450#breadcrumb"},"inLanguage":"es","potentialAction":[{"@type":"ReadAction","target":["https:\/\/elcardinal.com\/?p=5450"]}]},{"@type":"ImageObject","inLanguage":"es","@id":"https:\/\/elcardinal.com\/?p=5450#primaryimage","url":"https:\/\/elcardinal.com\/wp-content\/uploads\/2026\/02\/WhatsApp-Image-2026-02-03-at-12.37.05-PM-scaled.jpeg","contentUrl":"https:\/\/elcardinal.com\/wp-content\/uploads\/2026\/02\/WhatsApp-Image-2026-02-03-at-12.37.05-PM-scaled.jpeg","width":2560,"height":1707},{"@type":"BreadcrumbList","@id":"https:\/\/elcardinal.com\/?p=5450#breadcrumb","itemListElement":[{"@type":"ListItem","position":1,"name":"Inicio","item":"https:\/\/elcardinal.com\/"},{"@type":"ListItem","position":2,"name":"Tania Meza propone reforma que mejorar\u00eda la defensa de los derechos humanos en Hidalgo"}]},{"@type":"WebSite","@id":"https:\/\/elcardinal.com\/#website","url":"https:\/\/elcardinal.com\/","name":"El Cardinal","description":"Periodismo honesto, con valor, sentido humano, a veces sarc\u00e1stico y divertido.","publisher":{"@id":"https:\/\/elcardinal.com\/#organization"},"alternateName":"El Cardinal Noticias","potentialAction":[{"@type":"SearchAction","target":{"@type":"EntryPoint","urlTemplate":"https:\/\/elcardinal.com\/?s={search_term_string}"},"query-input":{"@type":"PropertyValueSpecification","valueRequired":true,"valueName":"search_term_string"}}],"inLanguage":"es"},{"@type":"Organization","@id":"https:\/\/elcardinal.com\/#organization","name":"El Cardinal","url":"https:\/\/elcardinal.com\/","logo":{"@type":"ImageObject","inLanguage":"es","@id":"https:\/\/elcardinal.com\/#\/schema\/logo\/image\/","url":"https:\/\/elcardinal.com\/wp-content\/uploads\/2025\/04\/LOGO-EL-CARDINAL-Periodismo-con-valor.png","contentUrl":"https:\/\/elcardinal.com\/wp-content\/uploads\/2025\/04\/LOGO-EL-CARDINAL-Periodismo-con-valor.png","width":755,"height":636,"caption":"El Cardinal"},"image":{"@id":"https:\/\/elcardinal.com\/#\/schema\/logo\/image\/"},"sameAs":["https:\/\/www.facebook.com\/profile.php?id=100063093107011","https:\/\/x.com\/ElCardinal_Mx"]},{"@type":"Person","@id":"https:\/\/elcardinal.com\/#\/schema\/person\/3c352ec0a33987fe275c0e8a2ea69f8b","name":"Antonio Alcaraz","image":{"@type":"ImageObject","inLanguage":"es","@id":"https:\/\/elcardinal.com\/#\/schema\/person\/image\/","url":"https:\/\/elcardinal.com\/wp-content\/uploads\/2025\/05\/cropped-TONO-96x96.jpg","contentUrl":"https:\/\/elcardinal.com\/wp-content\/uploads\/2025\/05\/cropped-TONO-96x96.jpg","caption":"Antonio Alcaraz"},"url":"https:\/\/elcardinal.com\/?author=2"}]}},"_links":{"self":[{"href":"https:\/\/elcardinal.com\/index.php?rest_route=\/wp\/v2\/posts\/5450","targetHints":{"allow":["GET"]}}],"collection":[{"href":"https:\/\/elcardinal.com\/index.php?rest_route=\/wp\/v2\/posts"}],"about":[{"href":"https:\/\/elcardinal.com\/index.php?rest_route=\/wp\/v2\/types\/post"}],"author":[{"embeddable":true,"href":"https:\/\/elcardinal.com\/index.php?rest_route=\/wp\/v2\/users\/2"}],"replies":[{"embeddable":true,"href":"https:\/\/elcardinal.com\/index.php?rest_route=%2Fwp%2Fv2%2Fcomments&post=5450"}],"version-history":[{"count":1,"href":"https:\/\/elcardinal.com\/index.php?rest_route=\/wp\/v2\/posts\/5450\/revisions"}],"predecessor-version":[{"id":5452,"href":"https:\/\/elcardinal.com\/index.php?rest_route=\/wp\/v2\/posts\/5450\/revisions\/5452"}],"wp:featuredmedia":[{"embeddable":true,"href":"https:\/\/elcardinal.com\/index.php?rest_route=\/wp\/v2\/media\/5451"}],"wp:attachment":[{"href":"https:\/\/elcardinal.com\/index.php?rest_route=%2Fwp%2Fv2%2Fmedia&parent=5450"}],"wp:term":[{"taxonomy":"category","embeddable":true,"href":"https:\/\/elcardinal.com\/index.php?rest_route=%2Fwp%2Fv2%2Fcategories&post=5450"},{"taxonomy":"post_tag","embeddable":true,"href":"https:\/\/elcardinal.com\/index.php?rest_route=%2Fwp%2Fv2%2Ftags&post=5450"}],"curies":[{"name":"wp","href":"https:\/\/api.w.org\/{rel}","templated":true}]}}