{"id":5453,"date":"2026-02-03T16:18:11","date_gmt":"2026-02-03T22:18:11","guid":{"rendered":"https:\/\/elcardinal.com\/?p=5453"},"modified":"2026-02-03T16:18:11","modified_gmt":"2026-02-03T22:18:11","slug":"pachuca-se-convierte-en-capital-del-periodismo-con-la-semana-del-periodismo-mexico-2026","status":"publish","type":"post","link":"https:\/\/elcardinal.com\/?p=5453","title":{"rendered":"Pachuca se convierte en capital del periodismo con la Semana del Periodismo M\u00e9xico 2026"},"content":{"rendered":"<p>Por: Antonio Alcaraz<\/p>\n<p data-start=\"68\" data-end=\"514\">La ciudad de Pachuca se consolida como un referente nacional e internacional del ejercicio period\u00edstico con la realizaci\u00f3n de la <strong data-start=\"197\" data-end=\"241\">Novena Semana del Periodismo M\u00e9xico 2026<\/strong>, un evento impulsado por la Fundaci\u00f3n para la Comunicaci\u00f3n y el Periodismo, que se llevar\u00e1 a cabo del <strong data-start=\"344\" data-end=\"367\">23 al 27 de febrero<\/strong>, con una intensa agenda de actividades, talleres, conferencias, presentaciones editoriales y reconocimientos a la trayectoria period\u00edstica.<\/p>\n<p data-start=\"516\" data-end=\"917\">Durante la presentaci\u00f3n oficial, se destac\u00f3 que este encuentro ya cuenta con proyecci\u00f3n internacional y se ha convertido en un espacio clave para el an\u00e1lisis, la reflexi\u00f3n y la capacitaci\u00f3n de periodistas, comunicadores y estudiantes. La sede principal ser\u00e1 <strong data-start=\"774\" data-end=\"791\">La Maestranza<\/strong>, un edificio hist\u00f3rico de Pachuca que albergar\u00e1 una semana completa dedicada al periodismo cr\u00edtico, libre y profesional.<\/p>\n<p data-start=\"919\" data-end=\"1402\">El programa contempla talleres especializados como <strong data-start=\"970\" data-end=\"993\">periodismo de datos<\/strong>, <strong data-start=\"995\" data-end=\"1026\">periodismo de investigaci\u00f3n<\/strong>, <strong data-start=\"1028\" data-end=\"1059\">periodismo sonoro y podcast<\/strong>, as\u00ed como conferencias sobre <strong data-start=\"1089\" data-end=\"1107\">desinformaci\u00f3n<\/strong>, <strong data-start=\"1109\" data-end=\"1146\">acoso judicial contra periodistas<\/strong>, <strong data-start=\"1148\" data-end=\"1180\">violencia pol\u00edtica de g\u00e9nero<\/strong>, <strong data-start=\"1182\" data-end=\"1202\">medios digitales<\/strong>, <strong data-start=\"1204\" data-end=\"1229\">libertad de expresi\u00f3n<\/strong> y <strong data-start=\"1232\" data-end=\"1260\">mujeres en el periodismo<\/strong>. Entre los ponentes destacan periodistas, analistas, abogados, caricaturistas y corresponsales de prestigio nacional e internacional.<\/p>\n<p data-start=\"1404\" data-end=\"1813\">Uno de los momentos m\u00e1s esperados ser\u00e1 la <strong data-start=\"1446\" data-end=\"1505\">entrega del Galard\u00f3n a la Trayectoria Period\u00edstica 2026<\/strong>, una presea elaborada en obsidiana por el artista hidalguense <strong data-start=\"1568\" data-end=\"1591\">Silvino L\u00f3pez Tobar<\/strong>, s\u00edmbolo de resistencia, verdad y justicia, que se otorgar\u00e1 a comunicadores destacados en diversas categor\u00edas, incluyendo reporter\u00eda, fotoperiodismo, radio, televisi\u00f3n, medios digitales y reconocimiento post mortem.<\/p>\n<p data-start=\"1815\" data-end=\"2108\">Adem\u00e1s, por primera vez se realizar\u00e1 una <strong data-start=\"1856\" data-end=\"1875\">Feria de Medios<\/strong>, donde comunicadores y proyectos period\u00edsticos podr\u00e1n instalar stands sin costo, generar contenidos, realizar entrevistas y fortalecer la uni\u00f3n gremial, reafirmando que este evento es <strong data-start=\"2060\" data-end=\"2102\">abierto, gratuito y sin fines de lucro<\/strong>.<\/p>\n<p data-start=\"2110\" data-end=\"2470\">Los organizadores subrayaron que la Semana del Periodismo se sostiene gracias al apoyo de la iniciativa privada, sin v\u00ednculos partidistas ni manejo de recursos en efectivo, privilegiando la transparencia y la independencia del ejercicio period\u00edstico. Tambi\u00e9n se confirm\u00f3 que varias actividades ser\u00e1n transmitidas v\u00eda redes sociales para ampliar su alcance.<\/p>\n","protected":false},"excerpt":{"rendered":"<p>Por: Antonio Alcaraz La ciudad de Pachuca se consolida como un referente nacional e internacional del ejercicio period\u00edstico con la realizaci\u00f3n de la Novena Semana del Periodismo M\u00e9xico 2026, un evento impulsado por la Fundaci\u00f3n para la Comunicaci\u00f3n y el Periodismo, que se llevar\u00e1 a cabo del 23 al 27 de febrero, con una intensa<\/p>\n","protected":false},"author":2,"featured_media":5454,"comment_status":"open","ping_status":"open","sticky":false,"template":"","format":"standard","meta":{"footnotes":""},"categories":[31,32,44],"tags":[],"class_list":{"0":"post-5453","1":"post","2":"type-post","3":"status-publish","4":"format-standard","5":"has-post-thumbnail","7":"category-hidalgo","8":"category-metropoli","9":"category-minuto-a-minuto"},"yoast_head":"<!-- This site is optimized with the Yoast SEO plugin v26.1.1 - https:\/\/yoast.com\/wordpress\/plugins\/seo\/ -->\n<title>Pachuca se convierte en capital del periodismo con la Semana del Periodismo M\u00e9xico 2026 - El Cardinal<\/title>\n<meta name=\"robots\" content=\"index, follow, max-snippet:-1, max-image-preview:large, max-video-preview:-1\" \/>\n<link rel=\"canonical\" href=\"https:\/\/elcardinal.com\/?p=5453\" \/>\n<meta property=\"og:locale\" content=\"es_MX\" \/>\n<meta property=\"og:type\" content=\"article\" \/>\n<meta property=\"og:title\" content=\"Pachuca se convierte en capital del periodismo con la Semana del Periodismo M\u00e9xico 2026 - El Cardinal\" \/>\n<meta property=\"og:description\" content=\"Por: Antonio Alcaraz La ciudad de Pachuca se consolida como un referente nacional e internacional del ejercicio period\u00edstico con la realizaci\u00f3n de la Novena Semana del Periodismo M\u00e9xico 2026, un evento impulsado por la Fundaci\u00f3n para la Comunicaci\u00f3n y el Periodismo, que se llevar\u00e1 a cabo del 23 al 27 de febrero, con una intensa\" \/>\n<meta property=\"og:url\" content=\"https:\/\/elcardinal.com\/?p=5453\" \/>\n<meta property=\"og:site_name\" content=\"El Cardinal\" \/>\n<meta property=\"article:publisher\" content=\"https:\/\/www.facebook.com\/profile.php?id=100063093107011\" \/>\n<meta property=\"article:published_time\" content=\"2026-02-03T22:18:11+00:00\" \/>\n<meta property=\"og:image\" content=\"https:\/\/elcardinal.com\/wp-content\/uploads\/2026\/02\/627483691_1355331203275032_7567957754449180113_n.jpg\" \/>\n\t<meta property=\"og:image:width\" content=\"1170\" \/>\n\t<meta property=\"og:image:height\" content=\"801\" \/>\n\t<meta property=\"og:image:type\" content=\"image\/jpeg\" \/>\n<meta name=\"author\" content=\"Antonio Alcaraz\" \/>\n<meta name=\"twitter:card\" content=\"summary_large_image\" \/>\n<meta name=\"twitter:creator\" content=\"@ElCardinal_Mx\" \/>\n<meta name=\"twitter:site\" content=\"@ElCardinal_Mx\" \/>\n<meta name=\"twitter:label1\" content=\"Escrito por\" \/>\n\t<meta name=\"twitter:data1\" content=\"Antonio Alcaraz\" \/>\n\t<meta name=\"twitter:label2\" content=\"Tiempo de lectura\" \/>\n\t<meta name=\"twitter:data2\" content=\"2 minutos\" \/>\n<script type=\"application\/ld+json\" class=\"yoast-schema-graph\">{\"@context\":\"https:\/\/schema.org\",\"@graph\":[{\"@type\":\"Article\",\"@id\":\"https:\/\/elcardinal.com\/?p=5453#article\",\"isPartOf\":{\"@id\":\"https:\/\/elcardinal.com\/?p=5453\"},\"author\":{\"name\":\"Antonio Alcaraz\",\"@id\":\"https:\/\/elcardinal.com\/#\/schema\/person\/3c352ec0a33987fe275c0e8a2ea69f8b\"},\"headline\":\"Pachuca se convierte en capital del periodismo con la Semana del Periodismo M\u00e9xico 2026\",\"datePublished\":\"2026-02-03T22:18:11+00:00\",\"mainEntityOfPage\":{\"@id\":\"https:\/\/elcardinal.com\/?p=5453\"},\"wordCount\":370,\"commentCount\":0,\"publisher\":{\"@id\":\"https:\/\/elcardinal.com\/#organization\"},\"image\":{\"@id\":\"https:\/\/elcardinal.com\/?p=5453#primaryimage\"},\"thumbnailUrl\":\"https:\/\/elcardinal.com\/wp-content\/uploads\/2026\/02\/627483691_1355331203275032_7567957754449180113_n.jpg\",\"articleSection\":[\"Hidalgo\",\"Metr\u00f3poli\",\"Minuto a Minuto\"],\"inLanguage\":\"es\",\"potentialAction\":[{\"@type\":\"CommentAction\",\"name\":\"Comment\",\"target\":[\"https:\/\/elcardinal.com\/?p=5453#respond\"]}]},{\"@type\":\"WebPage\",\"@id\":\"https:\/\/elcardinal.com\/?p=5453\",\"url\":\"https:\/\/elcardinal.com\/?p=5453\",\"name\":\"Pachuca se convierte en capital del periodismo con la Semana del Periodismo M\u00e9xico 2026 - El Cardinal\",\"isPartOf\":{\"@id\":\"https:\/\/elcardinal.com\/#website\"},\"primaryImageOfPage\":{\"@id\":\"https:\/\/elcardinal.com\/?p=5453#primaryimage\"},\"image\":{\"@id\":\"https:\/\/elcardinal.com\/?p=5453#primaryimage\"},\"thumbnailUrl\":\"https:\/\/elcardinal.com\/wp-content\/uploads\/2026\/02\/627483691_1355331203275032_7567957754449180113_n.jpg\",\"datePublished\":\"2026-02-03T22:18:11+00:00\",\"breadcrumb\":{\"@id\":\"https:\/\/elcardinal.com\/?p=5453#breadcrumb\"},\"inLanguage\":\"es\",\"potentialAction\":[{\"@type\":\"ReadAction\",\"target\":[\"https:\/\/elcardinal.com\/?p=5453\"]}]},{\"@type\":\"ImageObject\",\"inLanguage\":\"es\",\"@id\":\"https:\/\/elcardinal.com\/?p=5453#primaryimage\",\"url\":\"https:\/\/elcardinal.com\/wp-content\/uploads\/2026\/02\/627483691_1355331203275032_7567957754449180113_n.jpg\",\"contentUrl\":\"https:\/\/elcardinal.com\/wp-content\/uploads\/2026\/02\/627483691_1355331203275032_7567957754449180113_n.jpg\",\"width\":1170,\"height\":801},{\"@type\":\"BreadcrumbList\",\"@id\":\"https:\/\/elcardinal.com\/?p=5453#breadcrumb\",\"itemListElement\":[{\"@type\":\"ListItem\",\"position\":1,\"name\":\"Inicio\",\"item\":\"https:\/\/elcardinal.com\/\"},{\"@type\":\"ListItem\",\"position\":2,\"name\":\"Pachuca se convierte en capital del periodismo con la Semana del Periodismo M\u00e9xico 2026\"}]},{\"@type\":\"WebSite\",\"@id\":\"https:\/\/elcardinal.com\/#website\",\"url\":\"https:\/\/elcardinal.com\/\",\"name\":\"El Cardinal\",\"description\":\"Periodismo honesto, con valor, sentido humano, a veces sarc\u00e1stico y divertido.\",\"publisher\":{\"@id\":\"https:\/\/elcardinal.com\/#organization\"},\"alternateName\":\"El Cardinal Noticias\",\"potentialAction\":[{\"@type\":\"SearchAction\",\"target\":{\"@type\":\"EntryPoint\",\"urlTemplate\":\"https:\/\/elcardinal.com\/?s={search_term_string}\"},\"query-input\":{\"@type\":\"PropertyValueSpecification\",\"valueRequired\":true,\"valueName\":\"search_term_string\"}}],\"inLanguage\":\"es\"},{\"@type\":\"Organization\",\"@id\":\"https:\/\/elcardinal.com\/#organization\",\"name\":\"El Cardinal\",\"url\":\"https:\/\/elcardinal.com\/\",\"logo\":{\"@type\":\"ImageObject\",\"inLanguage\":\"es\",\"@id\":\"https:\/\/elcardinal.com\/#\/schema\/logo\/image\/\",\"url\":\"https:\/\/elcardinal.com\/wp-content\/uploads\/2025\/04\/LOGO-EL-CARDINAL-Periodismo-con-valor.png\",\"contentUrl\":\"https:\/\/elcardinal.com\/wp-content\/uploads\/2025\/04\/LOGO-EL-CARDINAL-Periodismo-con-valor.png\",\"width\":755,\"height\":636,\"caption\":\"El Cardinal\"},\"image\":{\"@id\":\"https:\/\/elcardinal.com\/#\/schema\/logo\/image\/\"},\"sameAs\":[\"https:\/\/www.facebook.com\/profile.php?id=100063093107011\",\"https:\/\/x.com\/ElCardinal_Mx\"]},{\"@type\":\"Person\",\"@id\":\"https:\/\/elcardinal.com\/#\/schema\/person\/3c352ec0a33987fe275c0e8a2ea69f8b\",\"name\":\"Antonio Alcaraz\",\"image\":{\"@type\":\"ImageObject\",\"inLanguage\":\"es\",\"@id\":\"https:\/\/elcardinal.com\/#\/schema\/person\/image\/\",\"url\":\"https:\/\/elcardinal.com\/wp-content\/uploads\/2025\/05\/cropped-TONO-96x96.jpg\",\"contentUrl\":\"https:\/\/elcardinal.com\/wp-content\/uploads\/2025\/05\/cropped-TONO-96x96.jpg\",\"caption\":\"Antonio Alcaraz\"},\"url\":\"https:\/\/elcardinal.com\/?author=2\"}]}<\/script>\n<!-- \/ Yoast SEO plugin. -->","yoast_head_json":{"title":"Pachuca se convierte en capital del periodismo con la Semana del Periodismo M\u00e9xico 2026 - El Cardinal","robots":{"index":"index","follow":"follow","max-snippet":"max-snippet:-1","max-image-preview":"max-image-preview:large","max-video-preview":"max-video-preview:-1"},"canonical":"https:\/\/elcardinal.com\/?p=5453","og_locale":"es_MX","og_type":"article","og_title":"Pachuca se convierte en capital del periodismo con la Semana del Periodismo M\u00e9xico 2026 - El Cardinal","og_description":"Por: Antonio Alcaraz La ciudad de Pachuca se consolida como un referente nacional e internacional del ejercicio period\u00edstico con la realizaci\u00f3n de la Novena Semana del Periodismo M\u00e9xico 2026, un evento impulsado por la Fundaci\u00f3n para la Comunicaci\u00f3n y el Periodismo, que se llevar\u00e1 a cabo del 23 al 27 de febrero, con una intensa","og_url":"https:\/\/elcardinal.com\/?p=5453","og_site_name":"El Cardinal","article_publisher":"https:\/\/www.facebook.com\/profile.php?id=100063093107011","article_published_time":"2026-02-03T22:18:11+00:00","og_image":[{"width":1170,"height":801,"url":"https:\/\/elcardinal.com\/wp-content\/uploads\/2026\/02\/627483691_1355331203275032_7567957754449180113_n.jpg","type":"image\/jpeg"}],"author":"Antonio Alcaraz","twitter_card":"summary_large_image","twitter_creator":"@ElCardinal_Mx","twitter_site":"@ElCardinal_Mx","twitter_misc":{"Escrito por":"Antonio Alcaraz","Tiempo de lectura":"2 minutos"},"schema":{"@context":"https:\/\/schema.org","@graph":[{"@type":"Article","@id":"https:\/\/elcardinal.com\/?p=5453#article","isPartOf":{"@id":"https:\/\/elcardinal.com\/?p=5453"},"author":{"name":"Antonio Alcaraz","@id":"https:\/\/elcardinal.com\/#\/schema\/person\/3c352ec0a33987fe275c0e8a2ea69f8b"},"headline":"Pachuca se convierte en capital del periodismo con la Semana del Periodismo M\u00e9xico 2026","datePublished":"2026-02-03T22:18:11+00:00","mainEntityOfPage":{"@id":"https:\/\/elcardinal.com\/?p=5453"},"wordCount":370,"commentCount":0,"publisher":{"@id":"https:\/\/elcardinal.com\/#organization"},"image":{"@id":"https:\/\/elcardinal.com\/?p=5453#primaryimage"},"thumbnailUrl":"https:\/\/elcardinal.com\/wp-content\/uploads\/2026\/02\/627483691_1355331203275032_7567957754449180113_n.jpg","articleSection":["Hidalgo","Metr\u00f3poli","Minuto a Minuto"],"inLanguage":"es","potentialAction":[{"@type":"CommentAction","name":"Comment","target":["https:\/\/elcardinal.com\/?p=5453#respond"]}]},{"@type":"WebPage","@id":"https:\/\/elcardinal.com\/?p=5453","url":"https:\/\/elcardinal.com\/?p=5453","name":"Pachuca se convierte en capital del periodismo con la Semana del Periodismo M\u00e9xico 2026 - El Cardinal","isPartOf":{"@id":"https:\/\/elcardinal.com\/#website"},"primaryImageOfPage":{"@id":"https:\/\/elcardinal.com\/?p=5453#primaryimage"},"image":{"@id":"https:\/\/elcardinal.com\/?p=5453#primaryimage"},"thumbnailUrl":"https:\/\/elcardinal.com\/wp-content\/uploads\/2026\/02\/627483691_1355331203275032_7567957754449180113_n.jpg","datePublished":"2026-02-03T22:18:11+00:00","breadcrumb":{"@id":"https:\/\/elcardinal.com\/?p=5453#breadcrumb"},"inLanguage":"es","potentialAction":[{"@type":"ReadAction","target":["https:\/\/elcardinal.com\/?p=5453"]}]},{"@type":"ImageObject","inLanguage":"es","@id":"https:\/\/elcardinal.com\/?p=5453#primaryimage","url":"https:\/\/elcardinal.com\/wp-content\/uploads\/2026\/02\/627483691_1355331203275032_7567957754449180113_n.jpg","contentUrl":"https:\/\/elcardinal.com\/wp-content\/uploads\/2026\/02\/627483691_1355331203275032_7567957754449180113_n.jpg","width":1170,"height":801},{"@type":"BreadcrumbList","@id":"https:\/\/elcardinal.com\/?p=5453#breadcrumb","itemListElement":[{"@type":"ListItem","position":1,"name":"Inicio","item":"https:\/\/elcardinal.com\/"},{"@type":"ListItem","position":2,"name":"Pachuca se convierte en capital del periodismo con la Semana del Periodismo M\u00e9xico 2026"}]},{"@type":"WebSite","@id":"https:\/\/elcardinal.com\/#website","url":"https:\/\/elcardinal.com\/","name":"El Cardinal","description":"Periodismo honesto, con valor, sentido humano, a veces sarc\u00e1stico y divertido.","publisher":{"@id":"https:\/\/elcardinal.com\/#organization"},"alternateName":"El Cardinal Noticias","potentialAction":[{"@type":"SearchAction","target":{"@type":"EntryPoint","urlTemplate":"https:\/\/elcardinal.com\/?s={search_term_string}"},"query-input":{"@type":"PropertyValueSpecification","valueRequired":true,"valueName":"search_term_string"}}],"inLanguage":"es"},{"@type":"Organization","@id":"https:\/\/elcardinal.com\/#organization","name":"El Cardinal","url":"https:\/\/elcardinal.com\/","logo":{"@type":"ImageObject","inLanguage":"es","@id":"https:\/\/elcardinal.com\/#\/schema\/logo\/image\/","url":"https:\/\/elcardinal.com\/wp-content\/uploads\/2025\/04\/LOGO-EL-CARDINAL-Periodismo-con-valor.png","contentUrl":"https:\/\/elcardinal.com\/wp-content\/uploads\/2025\/04\/LOGO-EL-CARDINAL-Periodismo-con-valor.png","width":755,"height":636,"caption":"El Cardinal"},"image":{"@id":"https:\/\/elcardinal.com\/#\/schema\/logo\/image\/"},"sameAs":["https:\/\/www.facebook.com\/profile.php?id=100063093107011","https:\/\/x.com\/ElCardinal_Mx"]},{"@type":"Person","@id":"https:\/\/elcardinal.com\/#\/schema\/person\/3c352ec0a33987fe275c0e8a2ea69f8b","name":"Antonio Alcaraz","image":{"@type":"ImageObject","inLanguage":"es","@id":"https:\/\/elcardinal.com\/#\/schema\/person\/image\/","url":"https:\/\/elcardinal.com\/wp-content\/uploads\/2025\/05\/cropped-TONO-96x96.jpg","contentUrl":"https:\/\/elcardinal.com\/wp-content\/uploads\/2025\/05\/cropped-TONO-96x96.jpg","caption":"Antonio Alcaraz"},"url":"https:\/\/elcardinal.com\/?author=2"}]}},"_links":{"self":[{"href":"https:\/\/elcardinal.com\/index.php?rest_route=\/wp\/v2\/posts\/5453","targetHints":{"allow":["GET"]}}],"collection":[{"href":"https:\/\/elcardinal.com\/index.php?rest_route=\/wp\/v2\/posts"}],"about":[{"href":"https:\/\/elcardinal.com\/index.php?rest_route=\/wp\/v2\/types\/post"}],"author":[{"embeddable":true,"href":"https:\/\/elcardinal.com\/index.php?rest_route=\/wp\/v2\/users\/2"}],"replies":[{"embeddable":true,"href":"https:\/\/elcardinal.com\/index.php?rest_route=%2Fwp%2Fv2%2Fcomments&post=5453"}],"version-history":[{"count":1,"href":"https:\/\/elcardinal.com\/index.php?rest_route=\/wp\/v2\/posts\/5453\/revisions"}],"predecessor-version":[{"id":5455,"href":"https:\/\/elcardinal.com\/index.php?rest_route=\/wp\/v2\/posts\/5453\/revisions\/5455"}],"wp:featuredmedia":[{"embeddable":true,"href":"https:\/\/elcardinal.com\/index.php?rest_route=\/wp\/v2\/media\/5454"}],"wp:attachment":[{"href":"https:\/\/elcardinal.com\/index.php?rest_route=%2Fwp%2Fv2%2Fmedia&parent=5453"}],"wp:term":[{"taxonomy":"category","embeddable":true,"href":"https:\/\/elcardinal.com\/index.php?rest_route=%2Fwp%2Fv2%2Fcategories&post=5453"},{"taxonomy":"post_tag","embeddable":true,"href":"https:\/\/elcardinal.com\/index.php?rest_route=%2Fwp%2Fv2%2Ftags&post=5453"}],"curies":[{"name":"wp","href":"https:\/\/api.w.org\/{rel}","templated":true}]}}