{"id":5457,"date":"2026-02-03T22:30:47","date_gmt":"2026-02-04T04:30:47","guid":{"rendered":"https:\/\/elcardinal.com\/?p=5457"},"modified":"2026-02-03T22:30:47","modified_gmt":"2026-02-04T04:30:47","slug":"lxvi-legislatura-se-suma-a-exhortos-para-avanzar-en-reformas-en-materia-laboral-y-de-seguridad-social","status":"publish","type":"post","link":"https:\/\/elcardinal.com\/?p=5457","title":{"rendered":"LXVI Legislatura se suma a exhortos para avanzar en reformas en materia laboral y de seguridad social"},"content":{"rendered":"<p>Redacci\u00f3n<\/p>\n<p><span style=\"font-weight: 400;\">En sesi\u00f3n ordinaria, diputadas y diputados integrantes de la <\/span><b>LXVI Legislatura<\/b><span style=\"font-weight: 400;\"> aprobaron con 26 votos a favor, cero en contra y cero abstenciones, el acuerdo econ\u00f3mico por medio del cual el <\/span><b>Congreso del Estado de Hidalgo<\/b><span style=\"font-weight: 400;\"> se adhiere al acuerdo parlamentario de la LXIV del Congreso del Estado de Guerrero, que exhorta a la mesa directiva del Senado de la Rep\u00fablica para que emita una excitativa a las comisiones unidas de Trabajo y Previsi\u00f3n Social y de Estudios Legislativos, con la finalidad de que dictaminen la minuta que reforma el art\u00edculo 54 de la Ley Federal de los Trabajadores al Servicios del Estado, emitido por la primera Comisi\u00f3n Permanente del Trabajo.<\/span><\/p>\n<p><span style=\"font-weight: 400;\">La legisladora <\/span><b>Claudia Lilia Luna Islas<\/b><span style=\"font-weight: 400;\"> (PAN) record\u00f3 que la Ley Federal de los Trabajadores al Servicio del Estado reconoce el derecho de las y los trabajadores a constituir sindicatos sin necesidad de autorizaci\u00f3n previa, as\u00ed como decidir libremente su afiliaci\u00f3n, defini\u00e9ndose como las asociaciones de trabajo que laboran en una misma dependencia.<\/span><\/p>\n<p><span style=\"font-weight: 400;\">Asimismo, aprobaron con 26 votos a favor, cero en contra y cero abstenciones, el acuerdo econ\u00f3mico por medio del cual la <\/span><b>LXVI Legislatura<\/b><span style=\"font-weight: 400;\"> se adhiere al acuerdo parlamentario de la LXIV del Congreso del Estado de Guerrero, que exhorta a la Mesa Directiva y a la Junta de Coordinaci\u00f3n Pol\u00edtica de la C\u00e1mara de Diputados del Congreso de la Uni\u00f3n, a continuar con el proceso legislativo del dictamen relativo a la iniciativa que reforma los art\u00edculos transitorios cuarto y s\u00e9ptimo de la Ley del Instituto de Seguridad y Servicios Sociales de los Trabajadores del Estado, formulado por la Comisi\u00f3n de Seguridad Social de dicha soberan\u00eda, emitido por la primera Comisi\u00f3n Permanente del Trabajo.<\/span><\/p>\n<p><span style=\"font-weight: 400;\">La diputada <\/span><b>Tania Er\u00e9ndira Meza Escorza<\/b><span style=\"font-weight: 400;\"> (Morena) precis\u00f3 que el prop\u00f3sito es que dicho proceso sea resuelto en sentido favorable por tratarse de un tema vinculado con la justicia laboral y la dignidad de trabajadoras y trabajadores al servicio del Estado mexicano.<\/span><\/p>\n<p>&nbsp;<\/p>\n<p><b>Iniciativas<\/b><\/p>\n<p><b>Incorporaci\u00f3n de lenguaje inclusivo<\/b><\/p>\n<p><span style=\"font-weight: 400;\">Las diputadas <\/span><b>Tania Er\u00e9ndira Meza Escorza<\/b><span style=\"font-weight: 400;\">, <\/span><b>Diana Rangel Z\u00fa\u00f1iga<\/b><span style=\"font-weight: 400;\">, <\/span><b>Alma Rosa El\u00edas Paso<\/b><span style=\"font-weight: 400;\"> (Morena) y <\/span><b>Juana Olivia Alarc\u00f3n Rivera<\/b><span style=\"font-weight: 400;\"> (Nueva Alianza) presentaron la iniciativa que reforma la Ley de los Derechos Humanos del Estado de Hidalgo, con el objetivo de fortalecer el marco jur\u00eddico de la Comisi\u00f3n de Derechos Humanos del Estado de Hidalgo, mediante la incorporaci\u00f3n de lenguaje inclusivo y la perspectiva de g\u00e9nero en los requisitos, funciones y denominaciones de sus cargos principales.<\/span><\/p>\n<p>&nbsp;<\/p>\n<p><b>Acceso efectivo a la justicia<\/b><\/p>\n<p><span style=\"font-weight: 400;\">Las legisladoras <\/span><b>Diana Rangel Z\u00fa\u00f1iga<\/b><span style=\"font-weight: 400;\">, <\/span><b>Tania Er\u00e9ndira Meza Escorza<\/b><span style=\"font-weight: 400;\"> (Morena) y <\/span><b>Juana Olivia Alarc\u00f3n Rivera<\/b><span style=\"font-weight: 400;\"> (Nueva Alianza) propusieron la iniciativa que modifica la Ley de V\u00edctimas para el Estado de Hidalgo, con la finalidad de armonizar la legislaci\u00f3n estatal con la normativa federal, incorporando est\u00e1ndares que garanticen un acceso efectivo a la justicia, una actuaci\u00f3n institucional con perspectiva de g\u00e9nero y la restituci\u00f3n plena de derechos frente a delitos de alto impacto, especialmente el feminicidio.<\/span><\/p>\n<p>&nbsp;<\/p>\n<p><b>Registro estatal de control del c\u00e1ncer<\/b><\/p>\n<p><span style=\"font-weight: 400;\">La diputada <\/span><b>Johana Montcerrat Hern\u00e1ndez P\u00e9rez<\/b><span style=\"font-weight: 400;\"> (PRI) detall\u00f3 la iniciativa que reforma la Ley de Salud para el Estado de Hidalgo, con el fin de crear el registro estatal de control del c\u00e1ncer como instrumento de acceso y gesti\u00f3n de recursos del presupuesto federal.<\/span><\/p>\n<p>&nbsp;<\/p>\n<p><b>Erradicaci\u00f3n de la violencia escolar<\/b><\/p>\n<p><span style=\"font-weight: 400;\">La legisladora <\/span><b>Yarabi Gonz\u00e1lez Mart\u00ednez<\/b><span style=\"font-weight: 400;\"> (Morena) present\u00f3 la iniciativa que reforma la Ley para la Prevenci\u00f3n, Atenci\u00f3n y Erradicaci\u00f3n de Violencia Escolar en el Estado de Hidalgo para garantizar y promover con respeto a los derechos humanos, la prevenci\u00f3n y atenci\u00f3n temprana del acoso y la violencia originada en el entorno escolar mediante la intervenci\u00f3n de crimin\u00f3logos y otros profesionales.<\/span><\/p>\n<p>&nbsp;<\/p>\n<p><b>Presunci\u00f3n de inocencia<\/b><\/p>\n<p><span style=\"font-weight: 400;\">La legisladora <\/span><b>M\u00f3nica Leanett Reyes Mart\u00ednez<\/b><span style=\"font-weight: 400;\"> (Nueva Alianza) detall\u00f3 la iniciativa que reforma la Ley de Educaci\u00f3n del Estado Hidalgo con el objetivo de incorporar un art\u00edculo espec\u00edfico que establezca obligaciones claras para las autoridades educativas y las comunidades escolares en materia de prevenci\u00f3n, detecci\u00f3n, atenci\u00f3n y canalizaci\u00f3n de cualquier forma de violencia o vulneraci\u00f3n de derechos de ni\u00f1as, ni\u00f1os y adolescentes, garantizando entornos escolares seguros, protectores y respetuosos de la dignidad humana.<\/span><\/p>\n<p>&nbsp;<\/p>\n<p><b>Asuntos generales<\/b><\/p>\n<p><b>Derechos de ni\u00f1as, ni\u00f1os y adolescentes en Copa Mundial<\/b><\/p>\n<p><span style=\"font-weight: 400;\">La legisladora <\/span><b>Karla Perales Arrieta<\/b><span style=\"font-weight: 400;\"> (MC) present\u00f3 el acuerdo econ\u00f3mico que exhorta al Sistema de Protecci\u00f3n Integral de Ni\u00f1as, Ni\u00f1os y Adolescentes del Estado de Hidalgo a elaborar, adecuar y fortalecer el programa estatal correspondiente, incorporando l\u00edneas de acci\u00f3n, estrategias espec\u00edficas, rutas de actuaci\u00f3n y coordinaci\u00f3n interinstitucional para salvaguardar los derechos de las ni\u00f1as, ni\u00f1os y adolescentes, en el marco de las actividades asociadas a la Copa Mundial de la FIFA 2026.<\/span><\/p>\n<p>&nbsp;<\/p>\n<p><b>Agresi\u00f3n contra diputados en Sinaloa<\/b><\/p>\n<p><span style=\"font-weight: 400;\">Tras el ataque a la diputada Elizabeth Montoya y el diputado Sergio Torres, del Congreso de Sinaloa, el diputado <\/span><b>Carlos Alejandro Alc\u00e1ntara Carbajal<\/b><span style=\"font-weight: 400;\"> (MC) expres\u00f3 su solidaridad \u201ccon ellos, sus familias y deseo que se recuperen pronto. Tambi\u00e9n exigimos que se investigue, esclarezca y se encuentre a los responsables\u201d.<\/span><\/p>\n<p><span style=\"font-weight: 400;\">Mientras que la legisladora <\/span><b>Karla Perales Arrieta<\/b><span style=\"font-weight: 400;\"> (MC) inform\u00f3 que la bancada naranja \u201ccreemos en la v\u00eda pac\u00edfica como una decisi\u00f3n pol\u00edtica consciente. Creemos en la construcci\u00f3n de paz como un proceso que exige verdad, justicia y acciones concretas\u201d.<\/span><\/p>\n<p>&nbsp;<\/p>\n<p><b>Promulgaci\u00f3n de la Constituci\u00f3n de 1917<\/b><\/p>\n<p><span style=\"font-weight: 400;\">En el marco del 109 aniversario de la promulgaci\u00f3n de la Constituci\u00f3n Pol\u00edtica de los Estados Unidos Mexicanos de 1917, el diputado <\/span><b>Avelino Tovar Iglesias<\/b><span style=\"font-weight: 400;\"> (PVEM), asegur\u00f3 que esta Carta Magna trascendi\u00f3 \u201cporque no se qued\u00f3 en discurso y se convirti\u00f3 en derechos: a la educaci\u00f3n, a la tierra, al trabajo digno y con el tiempo incorpor\u00f3 derechos fundamentales como el derecho a un medio ambiente sano, que hoy es m\u00e1s vigente que nunca\u201d.<\/span><\/p>\n<p>&nbsp;<\/p>\n<p><b>Otros puntos en la orden del d\u00eda<\/b><\/p>\n<p><span style=\"font-weight: 400;\">La diputada <\/span><b>Cynthia Citlali Delgado Mendoza <\/b><span style=\"font-weight: 400;\">(Morena), presidenta de la directiva de febrero, comunic\u00f3 el escrito firmado por la diputada <\/span><b>Mar\u00eda Guadalupe Cruz Monta\u00f1o <\/b><span style=\"font-weight: 400;\">(PVEM), quien con fundamento en el art\u00edculo 9 del reglamento de la Ley Org\u00e1nica del Poder Legislativo, inform\u00f3 sobre la reincorporaci\u00f3n a sus funciones como integrante de la <\/span><b>LXVI Legislatura<\/b><span style=\"font-weight: 400;\">.<\/span><\/p>\n","protected":false},"excerpt":{"rendered":"<p>Redacci\u00f3n En sesi\u00f3n ordinaria, diputadas y diputados integrantes de la LXVI Legislatura aprobaron con 26 votos a favor, cero en contra y cero abstenciones, el acuerdo econ\u00f3mico por medio del cual el Congreso del Estado de Hidalgo se adhiere al acuerdo parlamentario de la LXIV del Congreso del Estado de Guerrero, que exhorta a la<\/p>\n","protected":false},"author":2,"featured_media":5458,"comment_status":"open","ping_status":"open","sticky":false,"template":"","format":"standard","meta":{"footnotes":""},"categories":[31,44,39],"tags":[],"class_list":{"0":"post-5457","1":"post","2":"type-post","3":"status-publish","4":"format-standard","5":"has-post-thumbnail","7":"category-hidalgo","8":"category-minuto-a-minuto","9":"category-politica"},"yoast_head":"<!-- This site is optimized with the Yoast SEO plugin v26.1.1 - https:\/\/yoast.com\/wordpress\/plugins\/seo\/ -->\n<title>LXVI Legislatura se suma a exhortos para avanzar en reformas en materia laboral y de seguridad social - El Cardinal<\/title>\n<meta name=\"robots\" content=\"index, follow, max-snippet:-1, max-image-preview:large, max-video-preview:-1\" \/>\n<link rel=\"canonical\" href=\"https:\/\/elcardinal.com\/?p=5457\" \/>\n<meta property=\"og:locale\" content=\"es_MX\" \/>\n<meta property=\"og:type\" content=\"article\" \/>\n<meta property=\"og:title\" content=\"LXVI Legislatura se suma a exhortos para avanzar en reformas en materia laboral y de seguridad social - El Cardinal\" \/>\n<meta property=\"og:description\" content=\"Redacci\u00f3n En sesi\u00f3n ordinaria, diputadas y diputados integrantes de la LXVI Legislatura aprobaron con 26 votos a favor, cero en contra y cero abstenciones, el acuerdo econ\u00f3mico por medio del cual el Congreso del Estado de Hidalgo se adhiere al acuerdo parlamentario de la LXIV del Congreso del Estado de Guerrero, que exhorta a la\" \/>\n<meta property=\"og:url\" content=\"https:\/\/elcardinal.com\/?p=5457\" \/>\n<meta property=\"og:site_name\" content=\"El Cardinal\" \/>\n<meta property=\"article:publisher\" content=\"https:\/\/www.facebook.com\/profile.php?id=100063093107011\" \/>\n<meta property=\"article:published_time\" content=\"2026-02-04T04:30:47+00:00\" \/>\n<meta property=\"og:image\" content=\"https:\/\/elcardinal.com\/wp-content\/uploads\/2026\/02\/Sesion-03.02.2026-Ordinaria-121-scaled.jpg\" \/>\n\t<meta property=\"og:image:width\" content=\"2560\" \/>\n\t<meta property=\"og:image:height\" content=\"1682\" \/>\n\t<meta property=\"og:image:type\" content=\"image\/jpeg\" \/>\n<meta name=\"author\" content=\"Antonio Alcaraz\" \/>\n<meta name=\"twitter:card\" content=\"summary_large_image\" \/>\n<meta name=\"twitter:creator\" content=\"@ElCardinal_Mx\" \/>\n<meta name=\"twitter:site\" content=\"@ElCardinal_Mx\" \/>\n<meta name=\"twitter:label1\" content=\"Escrito por\" \/>\n\t<meta name=\"twitter:data1\" content=\"Antonio Alcaraz\" \/>\n\t<meta name=\"twitter:label2\" content=\"Tiempo de lectura\" \/>\n\t<meta name=\"twitter:data2\" content=\"5 minutos\" \/>\n<script type=\"application\/ld+json\" class=\"yoast-schema-graph\">{\"@context\":\"https:\/\/schema.org\",\"@graph\":[{\"@type\":\"Article\",\"@id\":\"https:\/\/elcardinal.com\/?p=5457#article\",\"isPartOf\":{\"@id\":\"https:\/\/elcardinal.com\/?p=5457\"},\"author\":{\"name\":\"Antonio Alcaraz\",\"@id\":\"https:\/\/elcardinal.com\/#\/schema\/person\/3c352ec0a33987fe275c0e8a2ea69f8b\"},\"headline\":\"LXVI Legislatura se suma a exhortos para avanzar en reformas en materia laboral y de seguridad social\",\"datePublished\":\"2026-02-04T04:30:47+00:00\",\"mainEntityOfPage\":{\"@id\":\"https:\/\/elcardinal.com\/?p=5457\"},\"wordCount\":1108,\"commentCount\":0,\"publisher\":{\"@id\":\"https:\/\/elcardinal.com\/#organization\"},\"image\":{\"@id\":\"https:\/\/elcardinal.com\/?p=5457#primaryimage\"},\"thumbnailUrl\":\"https:\/\/elcardinal.com\/wp-content\/uploads\/2026\/02\/Sesion-03.02.2026-Ordinaria-121-scaled.jpg\",\"articleSection\":[\"Hidalgo\",\"Minuto a Minuto\",\"Pol\u00edtica\"],\"inLanguage\":\"es\",\"potentialAction\":[{\"@type\":\"CommentAction\",\"name\":\"Comment\",\"target\":[\"https:\/\/elcardinal.com\/?p=5457#respond\"]}]},{\"@type\":\"WebPage\",\"@id\":\"https:\/\/elcardinal.com\/?p=5457\",\"url\":\"https:\/\/elcardinal.com\/?p=5457\",\"name\":\"LXVI Legislatura se suma a exhortos para avanzar en reformas en materia laboral y de seguridad social - El Cardinal\",\"isPartOf\":{\"@id\":\"https:\/\/elcardinal.com\/#website\"},\"primaryImageOfPage\":{\"@id\":\"https:\/\/elcardinal.com\/?p=5457#primaryimage\"},\"image\":{\"@id\":\"https:\/\/elcardinal.com\/?p=5457#primaryimage\"},\"thumbnailUrl\":\"https:\/\/elcardinal.com\/wp-content\/uploads\/2026\/02\/Sesion-03.02.2026-Ordinaria-121-scaled.jpg\",\"datePublished\":\"2026-02-04T04:30:47+00:00\",\"breadcrumb\":{\"@id\":\"https:\/\/elcardinal.com\/?p=5457#breadcrumb\"},\"inLanguage\":\"es\",\"potentialAction\":[{\"@type\":\"ReadAction\",\"target\":[\"https:\/\/elcardinal.com\/?p=5457\"]}]},{\"@type\":\"ImageObject\",\"inLanguage\":\"es\",\"@id\":\"https:\/\/elcardinal.com\/?p=5457#primaryimage\",\"url\":\"https:\/\/elcardinal.com\/wp-content\/uploads\/2026\/02\/Sesion-03.02.2026-Ordinaria-121-scaled.jpg\",\"contentUrl\":\"https:\/\/elcardinal.com\/wp-content\/uploads\/2026\/02\/Sesion-03.02.2026-Ordinaria-121-scaled.jpg\",\"width\":2560,\"height\":1682},{\"@type\":\"BreadcrumbList\",\"@id\":\"https:\/\/elcardinal.com\/?p=5457#breadcrumb\",\"itemListElement\":[{\"@type\":\"ListItem\",\"position\":1,\"name\":\"Inicio\",\"item\":\"https:\/\/elcardinal.com\/\"},{\"@type\":\"ListItem\",\"position\":2,\"name\":\"LXVI Legislatura se suma a exhortos para avanzar en reformas en materia laboral y de seguridad social\"}]},{\"@type\":\"WebSite\",\"@id\":\"https:\/\/elcardinal.com\/#website\",\"url\":\"https:\/\/elcardinal.com\/\",\"name\":\"El Cardinal\",\"description\":\"Periodismo honesto, con valor, sentido humano, a veces sarc\u00e1stico y divertido.\",\"publisher\":{\"@id\":\"https:\/\/elcardinal.com\/#organization\"},\"alternateName\":\"El Cardinal Noticias\",\"potentialAction\":[{\"@type\":\"SearchAction\",\"target\":{\"@type\":\"EntryPoint\",\"urlTemplate\":\"https:\/\/elcardinal.com\/?s={search_term_string}\"},\"query-input\":{\"@type\":\"PropertyValueSpecification\",\"valueRequired\":true,\"valueName\":\"search_term_string\"}}],\"inLanguage\":\"es\"},{\"@type\":\"Organization\",\"@id\":\"https:\/\/elcardinal.com\/#organization\",\"name\":\"El Cardinal\",\"url\":\"https:\/\/elcardinal.com\/\",\"logo\":{\"@type\":\"ImageObject\",\"inLanguage\":\"es\",\"@id\":\"https:\/\/elcardinal.com\/#\/schema\/logo\/image\/\",\"url\":\"https:\/\/elcardinal.com\/wp-content\/uploads\/2025\/04\/LOGO-EL-CARDINAL-Periodismo-con-valor.png\",\"contentUrl\":\"https:\/\/elcardinal.com\/wp-content\/uploads\/2025\/04\/LOGO-EL-CARDINAL-Periodismo-con-valor.png\",\"width\":755,\"height\":636,\"caption\":\"El Cardinal\"},\"image\":{\"@id\":\"https:\/\/elcardinal.com\/#\/schema\/logo\/image\/\"},\"sameAs\":[\"https:\/\/www.facebook.com\/profile.php?id=100063093107011\",\"https:\/\/x.com\/ElCardinal_Mx\"]},{\"@type\":\"Person\",\"@id\":\"https:\/\/elcardinal.com\/#\/schema\/person\/3c352ec0a33987fe275c0e8a2ea69f8b\",\"name\":\"Antonio Alcaraz\",\"image\":{\"@type\":\"ImageObject\",\"inLanguage\":\"es\",\"@id\":\"https:\/\/elcardinal.com\/#\/schema\/person\/image\/\",\"url\":\"https:\/\/elcardinal.com\/wp-content\/uploads\/2025\/05\/cropped-TONO-96x96.jpg\",\"contentUrl\":\"https:\/\/elcardinal.com\/wp-content\/uploads\/2025\/05\/cropped-TONO-96x96.jpg\",\"caption\":\"Antonio Alcaraz\"},\"url\":\"https:\/\/elcardinal.com\/?author=2\"}]}<\/script>\n<!-- \/ Yoast SEO plugin. -->","yoast_head_json":{"title":"LXVI Legislatura se suma a exhortos para avanzar en reformas en materia laboral y de seguridad social - El Cardinal","robots":{"index":"index","follow":"follow","max-snippet":"max-snippet:-1","max-image-preview":"max-image-preview:large","max-video-preview":"max-video-preview:-1"},"canonical":"https:\/\/elcardinal.com\/?p=5457","og_locale":"es_MX","og_type":"article","og_title":"LXVI Legislatura se suma a exhortos para avanzar en reformas en materia laboral y de seguridad social - El Cardinal","og_description":"Redacci\u00f3n En sesi\u00f3n ordinaria, diputadas y diputados integrantes de la LXVI Legislatura aprobaron con 26 votos a favor, cero en contra y cero abstenciones, el acuerdo econ\u00f3mico por medio del cual el Congreso del Estado de Hidalgo se adhiere al acuerdo parlamentario de la LXIV del Congreso del Estado de Guerrero, que exhorta a la","og_url":"https:\/\/elcardinal.com\/?p=5457","og_site_name":"El Cardinal","article_publisher":"https:\/\/www.facebook.com\/profile.php?id=100063093107011","article_published_time":"2026-02-04T04:30:47+00:00","og_image":[{"width":2560,"height":1682,"url":"https:\/\/elcardinal.com\/wp-content\/uploads\/2026\/02\/Sesion-03.02.2026-Ordinaria-121-scaled.jpg","type":"image\/jpeg"}],"author":"Antonio Alcaraz","twitter_card":"summary_large_image","twitter_creator":"@ElCardinal_Mx","twitter_site":"@ElCardinal_Mx","twitter_misc":{"Escrito por":"Antonio Alcaraz","Tiempo de lectura":"5 minutos"},"schema":{"@context":"https:\/\/schema.org","@graph":[{"@type":"Article","@id":"https:\/\/elcardinal.com\/?p=5457#article","isPartOf":{"@id":"https:\/\/elcardinal.com\/?p=5457"},"author":{"name":"Antonio Alcaraz","@id":"https:\/\/elcardinal.com\/#\/schema\/person\/3c352ec0a33987fe275c0e8a2ea69f8b"},"headline":"LXVI Legislatura se suma a exhortos para avanzar en reformas en materia laboral y de seguridad social","datePublished":"2026-02-04T04:30:47+00:00","mainEntityOfPage":{"@id":"https:\/\/elcardinal.com\/?p=5457"},"wordCount":1108,"commentCount":0,"publisher":{"@id":"https:\/\/elcardinal.com\/#organization"},"image":{"@id":"https:\/\/elcardinal.com\/?p=5457#primaryimage"},"thumbnailUrl":"https:\/\/elcardinal.com\/wp-content\/uploads\/2026\/02\/Sesion-03.02.2026-Ordinaria-121-scaled.jpg","articleSection":["Hidalgo","Minuto a Minuto","Pol\u00edtica"],"inLanguage":"es","potentialAction":[{"@type":"CommentAction","name":"Comment","target":["https:\/\/elcardinal.com\/?p=5457#respond"]}]},{"@type":"WebPage","@id":"https:\/\/elcardinal.com\/?p=5457","url":"https:\/\/elcardinal.com\/?p=5457","name":"LXVI Legislatura se suma a exhortos para avanzar en reformas en materia laboral y de seguridad social - El Cardinal","isPartOf":{"@id":"https:\/\/elcardinal.com\/#website"},"primaryImageOfPage":{"@id":"https:\/\/elcardinal.com\/?p=5457#primaryimage"},"image":{"@id":"https:\/\/elcardinal.com\/?p=5457#primaryimage"},"thumbnailUrl":"https:\/\/elcardinal.com\/wp-content\/uploads\/2026\/02\/Sesion-03.02.2026-Ordinaria-121-scaled.jpg","datePublished":"2026-02-04T04:30:47+00:00","breadcrumb":{"@id":"https:\/\/elcardinal.com\/?p=5457#breadcrumb"},"inLanguage":"es","potentialAction":[{"@type":"ReadAction","target":["https:\/\/elcardinal.com\/?p=5457"]}]},{"@type":"ImageObject","inLanguage":"es","@id":"https:\/\/elcardinal.com\/?p=5457#primaryimage","url":"https:\/\/elcardinal.com\/wp-content\/uploads\/2026\/02\/Sesion-03.02.2026-Ordinaria-121-scaled.jpg","contentUrl":"https:\/\/elcardinal.com\/wp-content\/uploads\/2026\/02\/Sesion-03.02.2026-Ordinaria-121-scaled.jpg","width":2560,"height":1682},{"@type":"BreadcrumbList","@id":"https:\/\/elcardinal.com\/?p=5457#breadcrumb","itemListElement":[{"@type":"ListItem","position":1,"name":"Inicio","item":"https:\/\/elcardinal.com\/"},{"@type":"ListItem","position":2,"name":"LXVI Legislatura se suma a exhortos para avanzar en reformas en materia laboral y de seguridad social"}]},{"@type":"WebSite","@id":"https:\/\/elcardinal.com\/#website","url":"https:\/\/elcardinal.com\/","name":"El Cardinal","description":"Periodismo honesto, con valor, sentido humano, a veces sarc\u00e1stico y divertido.","publisher":{"@id":"https:\/\/elcardinal.com\/#organization"},"alternateName":"El Cardinal Noticias","potentialAction":[{"@type":"SearchAction","target":{"@type":"EntryPoint","urlTemplate":"https:\/\/elcardinal.com\/?s={search_term_string}"},"query-input":{"@type":"PropertyValueSpecification","valueRequired":true,"valueName":"search_term_string"}}],"inLanguage":"es"},{"@type":"Organization","@id":"https:\/\/elcardinal.com\/#organization","name":"El Cardinal","url":"https:\/\/elcardinal.com\/","logo":{"@type":"ImageObject","inLanguage":"es","@id":"https:\/\/elcardinal.com\/#\/schema\/logo\/image\/","url":"https:\/\/elcardinal.com\/wp-content\/uploads\/2025\/04\/LOGO-EL-CARDINAL-Periodismo-con-valor.png","contentUrl":"https:\/\/elcardinal.com\/wp-content\/uploads\/2025\/04\/LOGO-EL-CARDINAL-Periodismo-con-valor.png","width":755,"height":636,"caption":"El Cardinal"},"image":{"@id":"https:\/\/elcardinal.com\/#\/schema\/logo\/image\/"},"sameAs":["https:\/\/www.facebook.com\/profile.php?id=100063093107011","https:\/\/x.com\/ElCardinal_Mx"]},{"@type":"Person","@id":"https:\/\/elcardinal.com\/#\/schema\/person\/3c352ec0a33987fe275c0e8a2ea69f8b","name":"Antonio Alcaraz","image":{"@type":"ImageObject","inLanguage":"es","@id":"https:\/\/elcardinal.com\/#\/schema\/person\/image\/","url":"https:\/\/elcardinal.com\/wp-content\/uploads\/2025\/05\/cropped-TONO-96x96.jpg","contentUrl":"https:\/\/elcardinal.com\/wp-content\/uploads\/2025\/05\/cropped-TONO-96x96.jpg","caption":"Antonio Alcaraz"},"url":"https:\/\/elcardinal.com\/?author=2"}]}},"_links":{"self":[{"href":"https:\/\/elcardinal.com\/index.php?rest_route=\/wp\/v2\/posts\/5457","targetHints":{"allow":["GET"]}}],"collection":[{"href":"https:\/\/elcardinal.com\/index.php?rest_route=\/wp\/v2\/posts"}],"about":[{"href":"https:\/\/elcardinal.com\/index.php?rest_route=\/wp\/v2\/types\/post"}],"author":[{"embeddable":true,"href":"https:\/\/elcardinal.com\/index.php?rest_route=\/wp\/v2\/users\/2"}],"replies":[{"embeddable":true,"href":"https:\/\/elcardinal.com\/index.php?rest_route=%2Fwp%2Fv2%2Fcomments&post=5457"}],"version-history":[{"count":1,"href":"https:\/\/elcardinal.com\/index.php?rest_route=\/wp\/v2\/posts\/5457\/revisions"}],"predecessor-version":[{"id":5459,"href":"https:\/\/elcardinal.com\/index.php?rest_route=\/wp\/v2\/posts\/5457\/revisions\/5459"}],"wp:featuredmedia":[{"embeddable":true,"href":"https:\/\/elcardinal.com\/index.php?rest_route=\/wp\/v2\/media\/5458"}],"wp:attachment":[{"href":"https:\/\/elcardinal.com\/index.php?rest_route=%2Fwp%2Fv2%2Fmedia&parent=5457"}],"wp:term":[{"taxonomy":"category","embeddable":true,"href":"https:\/\/elcardinal.com\/index.php?rest_route=%2Fwp%2Fv2%2Fcategories&post=5457"},{"taxonomy":"post_tag","embeddable":true,"href":"https:\/\/elcardinal.com\/index.php?rest_route=%2Fwp%2Fv2%2Ftags&post=5457"}],"curies":[{"name":"wp","href":"https:\/\/api.w.org\/{rel}","templated":true}]}}