{"id":5460,"date":"2026-02-03T22:34:59","date_gmt":"2026-02-04T04:34:59","guid":{"rendered":"https:\/\/elcardinal.com\/?p=5460"},"modified":"2026-02-03T22:34:59","modified_gmt":"2026-02-04T04:34:59","slug":"congreso-del-estado-alberga-toma-de-protesta-de-la-asociacion-nacional-de-estudiantes-de-ciencias-politicas-y-administracion-publica-en-hidalgo","status":"publish","type":"post","link":"https:\/\/elcardinal.com\/?p=5460","title":{"rendered":"Congreso del Estado alberga toma de protesta de la Asociaci\u00f3n Nacional de Estudiantes de Ciencias Pol\u00edticas y Administraci\u00f3n P\u00fablica en Hidalgo"},"content":{"rendered":"<p>Redacci\u00f3n<\/p>\n<p><span style=\"font-weight: 400;\">El <\/span><b>Congreso del Estado de Hidalgo<\/b><span style=\"font-weight: 400;\"> fue sede de la toma de protesta de la Asociaci\u00f3n Nacional de Estudiantes de Ciencias Pol\u00edticas y Administraci\u00f3n P\u00fablica (ANECPAP), Comit\u00e9 Estatal \u201cNicol\u00e1s Romero\u201d, acto que representa el compromiso con la formaci\u00f3n acad\u00e9mica y pol\u00edtica de las juventudes hidalguenses.<\/span><\/p>\n<p><span style=\"font-weight: 400;\">La diputada <\/span><b>Cynthia Citlali Delgado Mendoza<\/b><span style=\"font-weight: 400;\">, presidenta de la directiva de febrero, celebr\u00f3 que, por medio de estos espacios, las juventudes incentiven el pensamiento cr\u00edtico, el estudio cient\u00edfico y la acci\u00f3n colectiva. \u201cQue este evento sirva para reafirmar convicciones, fortalecer lazos y recordar que decidimos estar aqu\u00ed porque creemos en la educaci\u00f3n, en la pol\u00edtica como herramienta de cambio y en un pa\u00eds donde el conocimiento, la justicia y la dignidad no sean privilegios, sino derechos del pueblo\u201d.<\/span><\/p>\n<p><span style=\"font-weight: 400;\">El legislador <\/span><b>Carlos Alejandro Alc\u00e1ntara Carbajal<\/b><span style=\"font-weight: 400;\">, presidente de las comisiones de Desarrollo Econ\u00f3mico y Diversidad Sexogen\u00e9rica, asegur\u00f3 que esta asociaci\u00f3n no surge de la nada, \u201ces el resultado de a\u00f1os de esfuerzo colectivo de generaciones que entendieron que estudiar ciencia pol\u00edtica y administraci\u00f3n p\u00fablica no solo implica acumular teor\u00eda, sino prepararse para servir, cuestionar, transformar y mejorar a las instituciones\u201d.<\/span><\/p>\n<p><b>Julio Daniel Reyes Rivero<\/b><span style=\"font-weight: 400;\">, contralor interno del Congreso, en representaci\u00f3n del presidente de la Junta de Gobierno, <\/span><b>Andr\u00e9s Vel\u00e1zquez V\u00e1zquez<\/b><span style=\"font-weight: 400;\">, confi\u00f3 en que los j\u00f3venes actuar\u00e1n con responsabilidad, transparencia y solidaridad, inspirando a m\u00e1s estudiantes a involucrarse en la construcci\u00f3n de pol\u00edticas p\u00fablicas justas.<\/span><\/p>\n<p><b>Sa\u00fal Isa\u00ed Mart\u00ednez Cl\u00edmaco<\/b><span style=\"font-weight: 400;\">, presidente nacional de la ANECPAP, tom\u00f3 protesta a los nuevos integrantes de la asociaci\u00f3n y les deseo \u00e9xito en su nueva encomienda.<\/span><\/p>\n<p><b>Miguel \u00c1ngel Mej\u00eda Cruz<\/b><span style=\"font-weight: 400;\">, director nacional de Acci\u00f3n Social y Enlace Institucional, solicit\u00f3 a los nuevos miembros transmitir los conocimientos con pasi\u00f3n, amor y decencia humana para que cualquiera pueda aprender sobre pol\u00edtica, administraci\u00f3n o asuntos legislativos.<\/span><\/p>\n<p><b>Samuel Romero Vite<\/b><span style=\"font-weight: 400;\">, director de la ANECPAP en Hidalgo, agradeci\u00f3 esta nueva oportunidad de poder ayudar, contribuir y marcar la diferencia en las juventudes.<\/span><\/p>\n<p><span style=\"font-weight: 400;\">Al evento tambi\u00e9n asistieron las diputadas <\/span><b>Karla Perales Arrieta<\/b><span style=\"font-weight: 400;\">, <\/span><b>Orqu\u00eddea Larragoiti Osorio<\/b><span style=\"font-weight: 400;\">, regidoras, regidores, directores de organismos e instituciones p\u00fablicas, as\u00ed como directores y personal del Congreso.<\/span><\/p>\n","protected":false},"excerpt":{"rendered":"<p>Redacci\u00f3n El Congreso del Estado de Hidalgo fue sede de la toma de protesta de la Asociaci\u00f3n Nacional de Estudiantes de Ciencias Pol\u00edticas y Administraci\u00f3n P\u00fablica (ANECPAP), Comit\u00e9 Estatal \u201cNicol\u00e1s Romero\u201d, acto que representa el compromiso con la formaci\u00f3n acad\u00e9mica y pol\u00edtica de las juventudes hidalguenses. La diputada Cynthia Citlali Delgado Mendoza, presidenta de la<\/p>\n","protected":false},"author":2,"featured_media":5461,"comment_status":"open","ping_status":"open","sticky":false,"template":"","format":"standard","meta":{"footnotes":""},"categories":[31,44,39],"tags":[],"class_list":{"0":"post-5460","1":"post","2":"type-post","3":"status-publish","4":"format-standard","5":"has-post-thumbnail","7":"category-hidalgo","8":"category-minuto-a-minuto","9":"category-politica"},"yoast_head":"<!-- This site is optimized with the Yoast SEO plugin v26.1.1 - https:\/\/yoast.com\/wordpress\/plugins\/seo\/ -->\n<title>Congreso del Estado alberga toma de protesta de la Asociaci\u00f3n Nacional de Estudiantes de Ciencias Pol\u00edticas y Administraci\u00f3n P\u00fablica en Hidalgo - El Cardinal<\/title>\n<meta name=\"robots\" content=\"index, follow, max-snippet:-1, max-image-preview:large, max-video-preview:-1\" \/>\n<link rel=\"canonical\" href=\"https:\/\/elcardinal.com\/?p=5460\" \/>\n<meta property=\"og:locale\" content=\"es_MX\" \/>\n<meta property=\"og:type\" content=\"article\" \/>\n<meta property=\"og:title\" content=\"Congreso del Estado alberga toma de protesta de la Asociaci\u00f3n Nacional de Estudiantes de Ciencias Pol\u00edticas y Administraci\u00f3n P\u00fablica en Hidalgo - El Cardinal\" \/>\n<meta property=\"og:description\" content=\"Redacci\u00f3n El Congreso del Estado de Hidalgo fue sede de la toma de protesta de la Asociaci\u00f3n Nacional de Estudiantes de Ciencias Pol\u00edticas y Administraci\u00f3n P\u00fablica (ANECPAP), Comit\u00e9 Estatal \u201cNicol\u00e1s Romero\u201d, acto que representa el compromiso con la formaci\u00f3n acad\u00e9mica y pol\u00edtica de las juventudes hidalguenses. La diputada Cynthia Citlali Delgado Mendoza, presidenta de la\" \/>\n<meta property=\"og:url\" content=\"https:\/\/elcardinal.com\/?p=5460\" \/>\n<meta property=\"og:site_name\" content=\"El Cardinal\" \/>\n<meta property=\"article:publisher\" content=\"https:\/\/www.facebook.com\/profile.php?id=100063093107011\" \/>\n<meta property=\"article:published_time\" content=\"2026-02-04T04:34:59+00:00\" \/>\n<meta property=\"og:image\" content=\"https:\/\/elcardinal.com\/wp-content\/uploads\/2026\/02\/03.02.2026-Toma-de-protesta-de-Asociacion-Estudiantes-59-scaled.jpg\" \/>\n\t<meta property=\"og:image:width\" content=\"2560\" \/>\n\t<meta property=\"og:image:height\" content=\"1707\" \/>\n\t<meta property=\"og:image:type\" content=\"image\/jpeg\" \/>\n<meta name=\"author\" content=\"Antonio Alcaraz\" \/>\n<meta name=\"twitter:card\" content=\"summary_large_image\" \/>\n<meta name=\"twitter:creator\" content=\"@ElCardinal_Mx\" \/>\n<meta name=\"twitter:site\" content=\"@ElCardinal_Mx\" \/>\n<meta name=\"twitter:label1\" content=\"Escrito por\" \/>\n\t<meta name=\"twitter:data1\" content=\"Antonio Alcaraz\" \/>\n\t<meta name=\"twitter:label2\" content=\"Tiempo de lectura\" \/>\n\t<meta name=\"twitter:data2\" content=\"2 minutos\" \/>\n<script type=\"application\/ld+json\" class=\"yoast-schema-graph\">{\"@context\":\"https:\/\/schema.org\",\"@graph\":[{\"@type\":\"Article\",\"@id\":\"https:\/\/elcardinal.com\/?p=5460#article\",\"isPartOf\":{\"@id\":\"https:\/\/elcardinal.com\/?p=5460\"},\"author\":{\"name\":\"Antonio Alcaraz\",\"@id\":\"https:\/\/elcardinal.com\/#\/schema\/person\/3c352ec0a33987fe275c0e8a2ea69f8b\"},\"headline\":\"Congreso del Estado alberga toma de protesta de la Asociaci\u00f3n Nacional de Estudiantes de Ciencias Pol\u00edticas y Administraci\u00f3n P\u00fablica en Hidalgo\",\"datePublished\":\"2026-02-04T04:34:59+00:00\",\"mainEntityOfPage\":{\"@id\":\"https:\/\/elcardinal.com\/?p=5460\"},\"wordCount\":413,\"commentCount\":0,\"publisher\":{\"@id\":\"https:\/\/elcardinal.com\/#organization\"},\"image\":{\"@id\":\"https:\/\/elcardinal.com\/?p=5460#primaryimage\"},\"thumbnailUrl\":\"https:\/\/elcardinal.com\/wp-content\/uploads\/2026\/02\/03.02.2026-Toma-de-protesta-de-Asociacion-Estudiantes-59-scaled.jpg\",\"articleSection\":[\"Hidalgo\",\"Minuto a Minuto\",\"Pol\u00edtica\"],\"inLanguage\":\"es\",\"potentialAction\":[{\"@type\":\"CommentAction\",\"name\":\"Comment\",\"target\":[\"https:\/\/elcardinal.com\/?p=5460#respond\"]}]},{\"@type\":\"WebPage\",\"@id\":\"https:\/\/elcardinal.com\/?p=5460\",\"url\":\"https:\/\/elcardinal.com\/?p=5460\",\"name\":\"Congreso del Estado alberga toma de protesta de la Asociaci\u00f3n Nacional de Estudiantes de Ciencias Pol\u00edticas y Administraci\u00f3n P\u00fablica en Hidalgo - El Cardinal\",\"isPartOf\":{\"@id\":\"https:\/\/elcardinal.com\/#website\"},\"primaryImageOfPage\":{\"@id\":\"https:\/\/elcardinal.com\/?p=5460#primaryimage\"},\"image\":{\"@id\":\"https:\/\/elcardinal.com\/?p=5460#primaryimage\"},\"thumbnailUrl\":\"https:\/\/elcardinal.com\/wp-content\/uploads\/2026\/02\/03.02.2026-Toma-de-protesta-de-Asociacion-Estudiantes-59-scaled.jpg\",\"datePublished\":\"2026-02-04T04:34:59+00:00\",\"breadcrumb\":{\"@id\":\"https:\/\/elcardinal.com\/?p=5460#breadcrumb\"},\"inLanguage\":\"es\",\"potentialAction\":[{\"@type\":\"ReadAction\",\"target\":[\"https:\/\/elcardinal.com\/?p=5460\"]}]},{\"@type\":\"ImageObject\",\"inLanguage\":\"es\",\"@id\":\"https:\/\/elcardinal.com\/?p=5460#primaryimage\",\"url\":\"https:\/\/elcardinal.com\/wp-content\/uploads\/2026\/02\/03.02.2026-Toma-de-protesta-de-Asociacion-Estudiantes-59-scaled.jpg\",\"contentUrl\":\"https:\/\/elcardinal.com\/wp-content\/uploads\/2026\/02\/03.02.2026-Toma-de-protesta-de-Asociacion-Estudiantes-59-scaled.jpg\",\"width\":2560,\"height\":1707},{\"@type\":\"BreadcrumbList\",\"@id\":\"https:\/\/elcardinal.com\/?p=5460#breadcrumb\",\"itemListElement\":[{\"@type\":\"ListItem\",\"position\":1,\"name\":\"Inicio\",\"item\":\"https:\/\/elcardinal.com\/\"},{\"@type\":\"ListItem\",\"position\":2,\"name\":\"Congreso del Estado alberga toma de protesta de la Asociaci\u00f3n Nacional de Estudiantes de Ciencias Pol\u00edticas y Administraci\u00f3n P\u00fablica en Hidalgo\"}]},{\"@type\":\"WebSite\",\"@id\":\"https:\/\/elcardinal.com\/#website\",\"url\":\"https:\/\/elcardinal.com\/\",\"name\":\"El Cardinal\",\"description\":\"Periodismo honesto, con valor, sentido humano, a veces sarc\u00e1stico y divertido.\",\"publisher\":{\"@id\":\"https:\/\/elcardinal.com\/#organization\"},\"alternateName\":\"El Cardinal Noticias\",\"potentialAction\":[{\"@type\":\"SearchAction\",\"target\":{\"@type\":\"EntryPoint\",\"urlTemplate\":\"https:\/\/elcardinal.com\/?s={search_term_string}\"},\"query-input\":{\"@type\":\"PropertyValueSpecification\",\"valueRequired\":true,\"valueName\":\"search_term_string\"}}],\"inLanguage\":\"es\"},{\"@type\":\"Organization\",\"@id\":\"https:\/\/elcardinal.com\/#organization\",\"name\":\"El Cardinal\",\"url\":\"https:\/\/elcardinal.com\/\",\"logo\":{\"@type\":\"ImageObject\",\"inLanguage\":\"es\",\"@id\":\"https:\/\/elcardinal.com\/#\/schema\/logo\/image\/\",\"url\":\"https:\/\/elcardinal.com\/wp-content\/uploads\/2025\/04\/LOGO-EL-CARDINAL-Periodismo-con-valor.png\",\"contentUrl\":\"https:\/\/elcardinal.com\/wp-content\/uploads\/2025\/04\/LOGO-EL-CARDINAL-Periodismo-con-valor.png\",\"width\":755,\"height\":636,\"caption\":\"El Cardinal\"},\"image\":{\"@id\":\"https:\/\/elcardinal.com\/#\/schema\/logo\/image\/\"},\"sameAs\":[\"https:\/\/www.facebook.com\/profile.php?id=100063093107011\",\"https:\/\/x.com\/ElCardinal_Mx\"]},{\"@type\":\"Person\",\"@id\":\"https:\/\/elcardinal.com\/#\/schema\/person\/3c352ec0a33987fe275c0e8a2ea69f8b\",\"name\":\"Antonio Alcaraz\",\"image\":{\"@type\":\"ImageObject\",\"inLanguage\":\"es\",\"@id\":\"https:\/\/elcardinal.com\/#\/schema\/person\/image\/\",\"url\":\"https:\/\/elcardinal.com\/wp-content\/uploads\/2025\/05\/cropped-TONO-96x96.jpg\",\"contentUrl\":\"https:\/\/elcardinal.com\/wp-content\/uploads\/2025\/05\/cropped-TONO-96x96.jpg\",\"caption\":\"Antonio Alcaraz\"},\"url\":\"https:\/\/elcardinal.com\/?author=2\"}]}<\/script>\n<!-- \/ Yoast SEO plugin. -->","yoast_head_json":{"title":"Congreso del Estado alberga toma de protesta de la Asociaci\u00f3n Nacional de Estudiantes de Ciencias Pol\u00edticas y Administraci\u00f3n P\u00fablica en Hidalgo - El Cardinal","robots":{"index":"index","follow":"follow","max-snippet":"max-snippet:-1","max-image-preview":"max-image-preview:large","max-video-preview":"max-video-preview:-1"},"canonical":"https:\/\/elcardinal.com\/?p=5460","og_locale":"es_MX","og_type":"article","og_title":"Congreso del Estado alberga toma de protesta de la Asociaci\u00f3n Nacional de Estudiantes de Ciencias Pol\u00edticas y Administraci\u00f3n P\u00fablica en Hidalgo - El Cardinal","og_description":"Redacci\u00f3n El Congreso del Estado de Hidalgo fue sede de la toma de protesta de la Asociaci\u00f3n Nacional de Estudiantes de Ciencias Pol\u00edticas y Administraci\u00f3n P\u00fablica (ANECPAP), Comit\u00e9 Estatal \u201cNicol\u00e1s Romero\u201d, acto que representa el compromiso con la formaci\u00f3n acad\u00e9mica y pol\u00edtica de las juventudes hidalguenses. La diputada Cynthia Citlali Delgado Mendoza, presidenta de la","og_url":"https:\/\/elcardinal.com\/?p=5460","og_site_name":"El Cardinal","article_publisher":"https:\/\/www.facebook.com\/profile.php?id=100063093107011","article_published_time":"2026-02-04T04:34:59+00:00","og_image":[{"width":2560,"height":1707,"url":"https:\/\/elcardinal.com\/wp-content\/uploads\/2026\/02\/03.02.2026-Toma-de-protesta-de-Asociacion-Estudiantes-59-scaled.jpg","type":"image\/jpeg"}],"author":"Antonio Alcaraz","twitter_card":"summary_large_image","twitter_creator":"@ElCardinal_Mx","twitter_site":"@ElCardinal_Mx","twitter_misc":{"Escrito por":"Antonio Alcaraz","Tiempo de lectura":"2 minutos"},"schema":{"@context":"https:\/\/schema.org","@graph":[{"@type":"Article","@id":"https:\/\/elcardinal.com\/?p=5460#article","isPartOf":{"@id":"https:\/\/elcardinal.com\/?p=5460"},"author":{"name":"Antonio Alcaraz","@id":"https:\/\/elcardinal.com\/#\/schema\/person\/3c352ec0a33987fe275c0e8a2ea69f8b"},"headline":"Congreso del Estado alberga toma de protesta de la Asociaci\u00f3n Nacional de Estudiantes de Ciencias Pol\u00edticas y Administraci\u00f3n P\u00fablica en Hidalgo","datePublished":"2026-02-04T04:34:59+00:00","mainEntityOfPage":{"@id":"https:\/\/elcardinal.com\/?p=5460"},"wordCount":413,"commentCount":0,"publisher":{"@id":"https:\/\/elcardinal.com\/#organization"},"image":{"@id":"https:\/\/elcardinal.com\/?p=5460#primaryimage"},"thumbnailUrl":"https:\/\/elcardinal.com\/wp-content\/uploads\/2026\/02\/03.02.2026-Toma-de-protesta-de-Asociacion-Estudiantes-59-scaled.jpg","articleSection":["Hidalgo","Minuto a Minuto","Pol\u00edtica"],"inLanguage":"es","potentialAction":[{"@type":"CommentAction","name":"Comment","target":["https:\/\/elcardinal.com\/?p=5460#respond"]}]},{"@type":"WebPage","@id":"https:\/\/elcardinal.com\/?p=5460","url":"https:\/\/elcardinal.com\/?p=5460","name":"Congreso del Estado alberga toma de protesta de la Asociaci\u00f3n Nacional de Estudiantes de Ciencias Pol\u00edticas y Administraci\u00f3n P\u00fablica en Hidalgo - El Cardinal","isPartOf":{"@id":"https:\/\/elcardinal.com\/#website"},"primaryImageOfPage":{"@id":"https:\/\/elcardinal.com\/?p=5460#primaryimage"},"image":{"@id":"https:\/\/elcardinal.com\/?p=5460#primaryimage"},"thumbnailUrl":"https:\/\/elcardinal.com\/wp-content\/uploads\/2026\/02\/03.02.2026-Toma-de-protesta-de-Asociacion-Estudiantes-59-scaled.jpg","datePublished":"2026-02-04T04:34:59+00:00","breadcrumb":{"@id":"https:\/\/elcardinal.com\/?p=5460#breadcrumb"},"inLanguage":"es","potentialAction":[{"@type":"ReadAction","target":["https:\/\/elcardinal.com\/?p=5460"]}]},{"@type":"ImageObject","inLanguage":"es","@id":"https:\/\/elcardinal.com\/?p=5460#primaryimage","url":"https:\/\/elcardinal.com\/wp-content\/uploads\/2026\/02\/03.02.2026-Toma-de-protesta-de-Asociacion-Estudiantes-59-scaled.jpg","contentUrl":"https:\/\/elcardinal.com\/wp-content\/uploads\/2026\/02\/03.02.2026-Toma-de-protesta-de-Asociacion-Estudiantes-59-scaled.jpg","width":2560,"height":1707},{"@type":"BreadcrumbList","@id":"https:\/\/elcardinal.com\/?p=5460#breadcrumb","itemListElement":[{"@type":"ListItem","position":1,"name":"Inicio","item":"https:\/\/elcardinal.com\/"},{"@type":"ListItem","position":2,"name":"Congreso del Estado alberga toma de protesta de la Asociaci\u00f3n Nacional de Estudiantes de Ciencias Pol\u00edticas y Administraci\u00f3n P\u00fablica en Hidalgo"}]},{"@type":"WebSite","@id":"https:\/\/elcardinal.com\/#website","url":"https:\/\/elcardinal.com\/","name":"El Cardinal","description":"Periodismo honesto, con valor, sentido humano, a veces sarc\u00e1stico y divertido.","publisher":{"@id":"https:\/\/elcardinal.com\/#organization"},"alternateName":"El Cardinal Noticias","potentialAction":[{"@type":"SearchAction","target":{"@type":"EntryPoint","urlTemplate":"https:\/\/elcardinal.com\/?s={search_term_string}"},"query-input":{"@type":"PropertyValueSpecification","valueRequired":true,"valueName":"search_term_string"}}],"inLanguage":"es"},{"@type":"Organization","@id":"https:\/\/elcardinal.com\/#organization","name":"El Cardinal","url":"https:\/\/elcardinal.com\/","logo":{"@type":"ImageObject","inLanguage":"es","@id":"https:\/\/elcardinal.com\/#\/schema\/logo\/image\/","url":"https:\/\/elcardinal.com\/wp-content\/uploads\/2025\/04\/LOGO-EL-CARDINAL-Periodismo-con-valor.png","contentUrl":"https:\/\/elcardinal.com\/wp-content\/uploads\/2025\/04\/LOGO-EL-CARDINAL-Periodismo-con-valor.png","width":755,"height":636,"caption":"El Cardinal"},"image":{"@id":"https:\/\/elcardinal.com\/#\/schema\/logo\/image\/"},"sameAs":["https:\/\/www.facebook.com\/profile.php?id=100063093107011","https:\/\/x.com\/ElCardinal_Mx"]},{"@type":"Person","@id":"https:\/\/elcardinal.com\/#\/schema\/person\/3c352ec0a33987fe275c0e8a2ea69f8b","name":"Antonio Alcaraz","image":{"@type":"ImageObject","inLanguage":"es","@id":"https:\/\/elcardinal.com\/#\/schema\/person\/image\/","url":"https:\/\/elcardinal.com\/wp-content\/uploads\/2025\/05\/cropped-TONO-96x96.jpg","contentUrl":"https:\/\/elcardinal.com\/wp-content\/uploads\/2025\/05\/cropped-TONO-96x96.jpg","caption":"Antonio Alcaraz"},"url":"https:\/\/elcardinal.com\/?author=2"}]}},"_links":{"self":[{"href":"https:\/\/elcardinal.com\/index.php?rest_route=\/wp\/v2\/posts\/5460","targetHints":{"allow":["GET"]}}],"collection":[{"href":"https:\/\/elcardinal.com\/index.php?rest_route=\/wp\/v2\/posts"}],"about":[{"href":"https:\/\/elcardinal.com\/index.php?rest_route=\/wp\/v2\/types\/post"}],"author":[{"embeddable":true,"href":"https:\/\/elcardinal.com\/index.php?rest_route=\/wp\/v2\/users\/2"}],"replies":[{"embeddable":true,"href":"https:\/\/elcardinal.com\/index.php?rest_route=%2Fwp%2Fv2%2Fcomments&post=5460"}],"version-history":[{"count":1,"href":"https:\/\/elcardinal.com\/index.php?rest_route=\/wp\/v2\/posts\/5460\/revisions"}],"predecessor-version":[{"id":5462,"href":"https:\/\/elcardinal.com\/index.php?rest_route=\/wp\/v2\/posts\/5460\/revisions\/5462"}],"wp:featuredmedia":[{"embeddable":true,"href":"https:\/\/elcardinal.com\/index.php?rest_route=\/wp\/v2\/media\/5461"}],"wp:attachment":[{"href":"https:\/\/elcardinal.com\/index.php?rest_route=%2Fwp%2Fv2%2Fmedia&parent=5460"}],"wp:term":[{"taxonomy":"category","embeddable":true,"href":"https:\/\/elcardinal.com\/index.php?rest_route=%2Fwp%2Fv2%2Fcategories&post=5460"},{"taxonomy":"post_tag","embeddable":true,"href":"https:\/\/elcardinal.com\/index.php?rest_route=%2Fwp%2Fv2%2Ftags&post=5460"}],"curies":[{"name":"wp","href":"https:\/\/api.w.org\/{rel}","templated":true}]}}