{"id":5463,"date":"2026-02-03T23:10:56","date_gmt":"2026-02-04T05:10:56","guid":{"rendered":"https:\/\/elcardinal.com\/?p=5463"},"modified":"2026-02-03T23:13:50","modified_gmt":"2026-02-04T05:13:50","slug":"conferencia-por-la-paz-en-tizayuca-enero-cierra-con-avances-en-seguridad-prevencion-y-atencion-a-emergencias","status":"publish","type":"post","link":"https:\/\/elcardinal.com\/?p=5463","title":{"rendered":"Conferencia por la Paz en Tizayuca: enero cierra con avances en seguridad, prevenci\u00f3n y atenci\u00f3n a emergencias"},"content":{"rendered":"<p>Por: Jos\u00e9 Antonio Alcaraz Su\u00e1rz<\/p>\n<p>Durante la conferencia de prensa &#8220;Consolidando la Paz&#8221;, encabezadas por la presidenta municipal de Tizayuca, <strong>Gretchen Atilano Moreno<\/strong>, se presentaron los resultados correspondientes al periodo del 1 al 31 de enero de 2026, destacando avances en prevenci\u00f3n del delito, atenci\u00f3n a emergencias, operativos especiales y acciones relevantes en materia de seguridad p\u00fablica en el municipio.<\/p>\n<p>En su informe, la <strong>Secretar\u00eda de Seguridad Ciudadana<\/strong> dio a conocer que durante enero se registraron 33 puestas a disposici\u00f3n por delitos, se asegur\u00f3 un arma de fuego, se recuperaron 11 veh\u00edculos y se atendieron 132 faltas administrativas canalizadas al Centro de Justicia C\u00edvica. Adem\u00e1s, se recibieron y atendieron 510 reportes ciudadanos a trav\u00e9s del sistema SeguriChat.<\/p>\n<blockquote><p>En materia de prevenci\u00f3n social del delito, se realizaron 29 pl\u00e1ticas dirigidas a ni\u00f1as, ni\u00f1os, adolescentes y familias, enfocadas en fortalecer la cultura de la legalidad y la convivencia pac\u00edfica. Tambi\u00e9n se otorgaron 175 medidas de protecci\u00f3n, principalmente a mujeres y personas en situaci\u00f3n de riesgo, y se desplegaron 270 operativos preventivos en colonias y zonas de mayor incidencia.<\/p><\/blockquote>\n<p>En el rubro de tr\u00e1nsito y vialidad, se <strong>aplicaron 483 infracciones<\/strong>, cifra que refleja una disminuci\u00f3n en comparaci\u00f3n con periodos anteriores, adem\u00e1s de siete operativos para el retiro de objetos que obstru\u00edan la v\u00eda p\u00fablica y la localizaci\u00f3n de 12 personas, en cumplimiento del derecho humano a ser buscado y localizado.<\/p>\n<p>Uno de los hechos m\u00e1s relevantes del mes fue la atenci\u00f3n a la fuga de gas natural registrada sobre la autopista M\u00e9xico\u2013Pachuca, a la altura del fraccionamiento Rancho Don Antonio el pasado 24 de enero. La emergencia fue atendida de manera coordinada por la Polic\u00eda Municipal, Protecci\u00f3n Civil, Bomberos y autoridades estatales, activando protocolos de seguridad y habilitando dos refugios temporales. Gracias a esta respuesta oportuna, se resguard\u00f3 a 134 personas y 32 mascotas, concluyendo el incidente con saldo blanco y sin personas lesionadas.<\/p>\n<p>Protecci\u00f3n Civil inform\u00f3 que la emergencia fue reportada a las 17:21 horas y controlada a las 20:45 horas, tras el cierre de v\u00e1lvulas del gasoducto administrado por SENAGAS, con apoyo t\u00e9cnico de Pemex. Durante la evacuaci\u00f3n se emplearon ocho unidades de Protecci\u00f3n Civil, 20 unidades de Seguridad Ciudadana y m\u00e1s de 25 elementos operativos.<\/p>\n<p>Asimismo, se dio a conocer el Operativo Rastrillo, implementado para retirar veh\u00edculos en estado de abandono, recuperar espacios p\u00fablicos, mejorar la movilidad urbana y fortalecer la seguridad vial, contribuyendo a entornos m\u00e1s ordenados y seguros.<\/p>\n<p>En otro hecho relevante, se destac\u00f3 la recuperaci\u00f3n de un veh\u00edculo tipo pipa y la detenci\u00f3n de un probable responsable por el presunto robo de una unidad de carga, gracias al trabajo coordinado entre la Polic\u00eda de Tizayuca, la Secretar\u00eda de Seguridad P\u00fablica del Estado y el uso de videovigilancia del C5i.<\/p>\n<p>Durante la conferencia tambi\u00e9n se abord\u00f3 el tema de incendios de pasto y hierba seca, como el registrado en el fraccionamiento Jardines Uno, el cual fue controlado sin riesgo para la poblaci\u00f3n. Autoridades exhortaron a la ciudadan\u00eda a evitar quemas, advirtiendo que estas pr\u00e1cticas est\u00e1n prohibidas y ser\u00e1n sancionadas, al igual que la falta de mantenimiento en predios bald\u00edos.<\/p>\n<p>&nbsp;<\/p>\n<p>Finalmente, la presidenta municipal subray\u00f3 que durante enero de 2026 no solo se realizaron operativos y acciones administrativas, sino que se protegieron vidas, se actu\u00f3 con responsabilidad ante emergencias mayores y se fortaleci\u00f3 la confianza ciudadana, reiterando el compromiso de su administraci\u00f3n para seguir construyendo un Tizayuca m\u00e1s seguro, ordenado y en paz.<\/p>\n","protected":false},"excerpt":{"rendered":"<p>Por: Jos\u00e9 Antonio Alcaraz Su\u00e1rz Durante la conferencia de prensa &#8220;Consolidando la Paz&#8221;, encabezadas por la presidenta municipal de Tizayuca, Gretchen Atilano Moreno, se presentaron los resultados correspondientes al periodo del 1 al 31 de enero de 2026, destacando avances en prevenci\u00f3n del delito, atenci\u00f3n a emergencias, operativos especiales y acciones relevantes en materia de<\/p>\n","protected":false},"author":2,"featured_media":5464,"comment_status":"open","ping_status":"open","sticky":false,"template":"","format":"standard","meta":{"footnotes":""},"categories":[31,32,44,38],"tags":[],"class_list":{"0":"post-5463","1":"post","2":"type-post","3":"status-publish","4":"format-standard","5":"has-post-thumbnail","7":"category-hidalgo","8":"category-metropoli","9":"category-minuto-a-minuto","10":"category-seguridad"},"yoast_head":"<!-- This site is optimized with the Yoast SEO plugin v26.1.1 - https:\/\/yoast.com\/wordpress\/plugins\/seo\/ -->\n<title>Conferencia por la Paz en Tizayuca: enero cierra con avances en seguridad, prevenci\u00f3n y atenci\u00f3n a emergencias - El Cardinal<\/title>\n<meta name=\"robots\" content=\"index, follow, max-snippet:-1, max-image-preview:large, max-video-preview:-1\" \/>\n<link rel=\"canonical\" href=\"https:\/\/elcardinal.com\/?p=5463\" \/>\n<meta property=\"og:locale\" content=\"es_MX\" \/>\n<meta property=\"og:type\" content=\"article\" \/>\n<meta property=\"og:title\" content=\"Conferencia por la Paz en Tizayuca: enero cierra con avances en seguridad, prevenci\u00f3n y atenci\u00f3n a emergencias - El Cardinal\" \/>\n<meta property=\"og:description\" content=\"Por: Jos\u00e9 Antonio Alcaraz Su\u00e1rz Durante la conferencia de prensa &#8220;Consolidando la Paz&#8221;, encabezadas por la presidenta municipal de Tizayuca, Gretchen Atilano Moreno, se presentaron los resultados correspondientes al periodo del 1 al 31 de enero de 2026, destacando avances en prevenci\u00f3n del delito, atenci\u00f3n a emergencias, operativos especiales y acciones relevantes en materia de\" \/>\n<meta property=\"og:url\" content=\"https:\/\/elcardinal.com\/?p=5463\" \/>\n<meta property=\"og:site_name\" content=\"El Cardinal\" \/>\n<meta property=\"article:publisher\" content=\"https:\/\/www.facebook.com\/profile.php?id=100063093107011\" \/>\n<meta property=\"article:published_time\" content=\"2026-02-04T05:10:56+00:00\" \/>\n<meta property=\"article:modified_time\" content=\"2026-02-04T05:13:50+00:00\" \/>\n<meta property=\"og:image\" content=\"https:\/\/elcardinal.com\/wp-content\/uploads\/2026\/02\/Screenshot_1.jpg\" \/>\n\t<meta property=\"og:image:width\" content=\"1565\" \/>\n\t<meta property=\"og:image:height\" content=\"880\" \/>\n\t<meta property=\"og:image:type\" content=\"image\/jpeg\" \/>\n<meta name=\"author\" content=\"Antonio Alcaraz\" \/>\n<meta name=\"twitter:card\" content=\"summary_large_image\" \/>\n<meta name=\"twitter:creator\" content=\"@ElCardinal_Mx\" \/>\n<meta name=\"twitter:site\" content=\"@ElCardinal_Mx\" \/>\n<meta name=\"twitter:label1\" content=\"Escrito por\" \/>\n\t<meta name=\"twitter:data1\" content=\"Antonio Alcaraz\" \/>\n\t<meta name=\"twitter:label2\" content=\"Tiempo de lectura\" \/>\n\t<meta name=\"twitter:data2\" content=\"3 minutos\" \/>\n<script type=\"application\/ld+json\" class=\"yoast-schema-graph\">{\"@context\":\"https:\/\/schema.org\",\"@graph\":[{\"@type\":\"Article\",\"@id\":\"https:\/\/elcardinal.com\/?p=5463#article\",\"isPartOf\":{\"@id\":\"https:\/\/elcardinal.com\/?p=5463\"},\"author\":{\"name\":\"Antonio Alcaraz\",\"@id\":\"https:\/\/elcardinal.com\/#\/schema\/person\/3c352ec0a33987fe275c0e8a2ea69f8b\"},\"headline\":\"Conferencia por la Paz en Tizayuca: enero cierra con avances en seguridad, prevenci\u00f3n y atenci\u00f3n a emergencias\",\"datePublished\":\"2026-02-04T05:10:56+00:00\",\"dateModified\":\"2026-02-04T05:13:50+00:00\",\"mainEntityOfPage\":{\"@id\":\"https:\/\/elcardinal.com\/?p=5463\"},\"wordCount\":621,\"commentCount\":0,\"publisher\":{\"@id\":\"https:\/\/elcardinal.com\/#organization\"},\"image\":{\"@id\":\"https:\/\/elcardinal.com\/?p=5463#primaryimage\"},\"thumbnailUrl\":\"https:\/\/elcardinal.com\/wp-content\/uploads\/2026\/02\/Screenshot_1.jpg\",\"articleSection\":[\"Hidalgo\",\"Metr\u00f3poli\",\"Minuto a Minuto\",\"Seguridad\"],\"inLanguage\":\"es\",\"potentialAction\":[{\"@type\":\"CommentAction\",\"name\":\"Comment\",\"target\":[\"https:\/\/elcardinal.com\/?p=5463#respond\"]}]},{\"@type\":\"WebPage\",\"@id\":\"https:\/\/elcardinal.com\/?p=5463\",\"url\":\"https:\/\/elcardinal.com\/?p=5463\",\"name\":\"Conferencia por la Paz en Tizayuca: enero cierra con avances en seguridad, prevenci\u00f3n y atenci\u00f3n a emergencias - El Cardinal\",\"isPartOf\":{\"@id\":\"https:\/\/elcardinal.com\/#website\"},\"primaryImageOfPage\":{\"@id\":\"https:\/\/elcardinal.com\/?p=5463#primaryimage\"},\"image\":{\"@id\":\"https:\/\/elcardinal.com\/?p=5463#primaryimage\"},\"thumbnailUrl\":\"https:\/\/elcardinal.com\/wp-content\/uploads\/2026\/02\/Screenshot_1.jpg\",\"datePublished\":\"2026-02-04T05:10:56+00:00\",\"dateModified\":\"2026-02-04T05:13:50+00:00\",\"breadcrumb\":{\"@id\":\"https:\/\/elcardinal.com\/?p=5463#breadcrumb\"},\"inLanguage\":\"es\",\"potentialAction\":[{\"@type\":\"ReadAction\",\"target\":[\"https:\/\/elcardinal.com\/?p=5463\"]}]},{\"@type\":\"ImageObject\",\"inLanguage\":\"es\",\"@id\":\"https:\/\/elcardinal.com\/?p=5463#primaryimage\",\"url\":\"https:\/\/elcardinal.com\/wp-content\/uploads\/2026\/02\/Screenshot_1.jpg\",\"contentUrl\":\"https:\/\/elcardinal.com\/wp-content\/uploads\/2026\/02\/Screenshot_1.jpg\",\"width\":1565,\"height\":880},{\"@type\":\"BreadcrumbList\",\"@id\":\"https:\/\/elcardinal.com\/?p=5463#breadcrumb\",\"itemListElement\":[{\"@type\":\"ListItem\",\"position\":1,\"name\":\"Inicio\",\"item\":\"https:\/\/elcardinal.com\/\"},{\"@type\":\"ListItem\",\"position\":2,\"name\":\"Conferencia por la Paz en Tizayuca: enero cierra con avances en seguridad, prevenci\u00f3n y atenci\u00f3n a emergencias\"}]},{\"@type\":\"WebSite\",\"@id\":\"https:\/\/elcardinal.com\/#website\",\"url\":\"https:\/\/elcardinal.com\/\",\"name\":\"El Cardinal\",\"description\":\"Periodismo honesto, con valor, sentido humano, a veces sarc\u00e1stico y divertido.\",\"publisher\":{\"@id\":\"https:\/\/elcardinal.com\/#organization\"},\"alternateName\":\"El Cardinal Noticias\",\"potentialAction\":[{\"@type\":\"SearchAction\",\"target\":{\"@type\":\"EntryPoint\",\"urlTemplate\":\"https:\/\/elcardinal.com\/?s={search_term_string}\"},\"query-input\":{\"@type\":\"PropertyValueSpecification\",\"valueRequired\":true,\"valueName\":\"search_term_string\"}}],\"inLanguage\":\"es\"},{\"@type\":\"Organization\",\"@id\":\"https:\/\/elcardinal.com\/#organization\",\"name\":\"El Cardinal\",\"url\":\"https:\/\/elcardinal.com\/\",\"logo\":{\"@type\":\"ImageObject\",\"inLanguage\":\"es\",\"@id\":\"https:\/\/elcardinal.com\/#\/schema\/logo\/image\/\",\"url\":\"https:\/\/elcardinal.com\/wp-content\/uploads\/2025\/04\/LOGO-EL-CARDINAL-Periodismo-con-valor.png\",\"contentUrl\":\"https:\/\/elcardinal.com\/wp-content\/uploads\/2025\/04\/LOGO-EL-CARDINAL-Periodismo-con-valor.png\",\"width\":755,\"height\":636,\"caption\":\"El Cardinal\"},\"image\":{\"@id\":\"https:\/\/elcardinal.com\/#\/schema\/logo\/image\/\"},\"sameAs\":[\"https:\/\/www.facebook.com\/profile.php?id=100063093107011\",\"https:\/\/x.com\/ElCardinal_Mx\"]},{\"@type\":\"Person\",\"@id\":\"https:\/\/elcardinal.com\/#\/schema\/person\/3c352ec0a33987fe275c0e8a2ea69f8b\",\"name\":\"Antonio Alcaraz\",\"image\":{\"@type\":\"ImageObject\",\"inLanguage\":\"es\",\"@id\":\"https:\/\/elcardinal.com\/#\/schema\/person\/image\/\",\"url\":\"https:\/\/elcardinal.com\/wp-content\/uploads\/2025\/05\/cropped-TONO-96x96.jpg\",\"contentUrl\":\"https:\/\/elcardinal.com\/wp-content\/uploads\/2025\/05\/cropped-TONO-96x96.jpg\",\"caption\":\"Antonio Alcaraz\"},\"url\":\"https:\/\/elcardinal.com\/?author=2\"}]}<\/script>\n<!-- \/ Yoast SEO plugin. -->","yoast_head_json":{"title":"Conferencia por la Paz en Tizayuca: enero cierra con avances en seguridad, prevenci\u00f3n y atenci\u00f3n a emergencias - El Cardinal","robots":{"index":"index","follow":"follow","max-snippet":"max-snippet:-1","max-image-preview":"max-image-preview:large","max-video-preview":"max-video-preview:-1"},"canonical":"https:\/\/elcardinal.com\/?p=5463","og_locale":"es_MX","og_type":"article","og_title":"Conferencia por la Paz en Tizayuca: enero cierra con avances en seguridad, prevenci\u00f3n y atenci\u00f3n a emergencias - El Cardinal","og_description":"Por: Jos\u00e9 Antonio Alcaraz Su\u00e1rz Durante la conferencia de prensa &#8220;Consolidando la Paz&#8221;, encabezadas por la presidenta municipal de Tizayuca, Gretchen Atilano Moreno, se presentaron los resultados correspondientes al periodo del 1 al 31 de enero de 2026, destacando avances en prevenci\u00f3n del delito, atenci\u00f3n a emergencias, operativos especiales y acciones relevantes en materia de","og_url":"https:\/\/elcardinal.com\/?p=5463","og_site_name":"El Cardinal","article_publisher":"https:\/\/www.facebook.com\/profile.php?id=100063093107011","article_published_time":"2026-02-04T05:10:56+00:00","article_modified_time":"2026-02-04T05:13:50+00:00","og_image":[{"width":1565,"height":880,"url":"https:\/\/elcardinal.com\/wp-content\/uploads\/2026\/02\/Screenshot_1.jpg","type":"image\/jpeg"}],"author":"Antonio Alcaraz","twitter_card":"summary_large_image","twitter_creator":"@ElCardinal_Mx","twitter_site":"@ElCardinal_Mx","twitter_misc":{"Escrito por":"Antonio Alcaraz","Tiempo de lectura":"3 minutos"},"schema":{"@context":"https:\/\/schema.org","@graph":[{"@type":"Article","@id":"https:\/\/elcardinal.com\/?p=5463#article","isPartOf":{"@id":"https:\/\/elcardinal.com\/?p=5463"},"author":{"name":"Antonio Alcaraz","@id":"https:\/\/elcardinal.com\/#\/schema\/person\/3c352ec0a33987fe275c0e8a2ea69f8b"},"headline":"Conferencia por la Paz en Tizayuca: enero cierra con avances en seguridad, prevenci\u00f3n y atenci\u00f3n a emergencias","datePublished":"2026-02-04T05:10:56+00:00","dateModified":"2026-02-04T05:13:50+00:00","mainEntityOfPage":{"@id":"https:\/\/elcardinal.com\/?p=5463"},"wordCount":621,"commentCount":0,"publisher":{"@id":"https:\/\/elcardinal.com\/#organization"},"image":{"@id":"https:\/\/elcardinal.com\/?p=5463#primaryimage"},"thumbnailUrl":"https:\/\/elcardinal.com\/wp-content\/uploads\/2026\/02\/Screenshot_1.jpg","articleSection":["Hidalgo","Metr\u00f3poli","Minuto a Minuto","Seguridad"],"inLanguage":"es","potentialAction":[{"@type":"CommentAction","name":"Comment","target":["https:\/\/elcardinal.com\/?p=5463#respond"]}]},{"@type":"WebPage","@id":"https:\/\/elcardinal.com\/?p=5463","url":"https:\/\/elcardinal.com\/?p=5463","name":"Conferencia por la Paz en Tizayuca: enero cierra con avances en seguridad, prevenci\u00f3n y atenci\u00f3n a emergencias - El Cardinal","isPartOf":{"@id":"https:\/\/elcardinal.com\/#website"},"primaryImageOfPage":{"@id":"https:\/\/elcardinal.com\/?p=5463#primaryimage"},"image":{"@id":"https:\/\/elcardinal.com\/?p=5463#primaryimage"},"thumbnailUrl":"https:\/\/elcardinal.com\/wp-content\/uploads\/2026\/02\/Screenshot_1.jpg","datePublished":"2026-02-04T05:10:56+00:00","dateModified":"2026-02-04T05:13:50+00:00","breadcrumb":{"@id":"https:\/\/elcardinal.com\/?p=5463#breadcrumb"},"inLanguage":"es","potentialAction":[{"@type":"ReadAction","target":["https:\/\/elcardinal.com\/?p=5463"]}]},{"@type":"ImageObject","inLanguage":"es","@id":"https:\/\/elcardinal.com\/?p=5463#primaryimage","url":"https:\/\/elcardinal.com\/wp-content\/uploads\/2026\/02\/Screenshot_1.jpg","contentUrl":"https:\/\/elcardinal.com\/wp-content\/uploads\/2026\/02\/Screenshot_1.jpg","width":1565,"height":880},{"@type":"BreadcrumbList","@id":"https:\/\/elcardinal.com\/?p=5463#breadcrumb","itemListElement":[{"@type":"ListItem","position":1,"name":"Inicio","item":"https:\/\/elcardinal.com\/"},{"@type":"ListItem","position":2,"name":"Conferencia por la Paz en Tizayuca: enero cierra con avances en seguridad, prevenci\u00f3n y atenci\u00f3n a emergencias"}]},{"@type":"WebSite","@id":"https:\/\/elcardinal.com\/#website","url":"https:\/\/elcardinal.com\/","name":"El Cardinal","description":"Periodismo honesto, con valor, sentido humano, a veces sarc\u00e1stico y divertido.","publisher":{"@id":"https:\/\/elcardinal.com\/#organization"},"alternateName":"El Cardinal Noticias","potentialAction":[{"@type":"SearchAction","target":{"@type":"EntryPoint","urlTemplate":"https:\/\/elcardinal.com\/?s={search_term_string}"},"query-input":{"@type":"PropertyValueSpecification","valueRequired":true,"valueName":"search_term_string"}}],"inLanguage":"es"},{"@type":"Organization","@id":"https:\/\/elcardinal.com\/#organization","name":"El Cardinal","url":"https:\/\/elcardinal.com\/","logo":{"@type":"ImageObject","inLanguage":"es","@id":"https:\/\/elcardinal.com\/#\/schema\/logo\/image\/","url":"https:\/\/elcardinal.com\/wp-content\/uploads\/2025\/04\/LOGO-EL-CARDINAL-Periodismo-con-valor.png","contentUrl":"https:\/\/elcardinal.com\/wp-content\/uploads\/2025\/04\/LOGO-EL-CARDINAL-Periodismo-con-valor.png","width":755,"height":636,"caption":"El Cardinal"},"image":{"@id":"https:\/\/elcardinal.com\/#\/schema\/logo\/image\/"},"sameAs":["https:\/\/www.facebook.com\/profile.php?id=100063093107011","https:\/\/x.com\/ElCardinal_Mx"]},{"@type":"Person","@id":"https:\/\/elcardinal.com\/#\/schema\/person\/3c352ec0a33987fe275c0e8a2ea69f8b","name":"Antonio Alcaraz","image":{"@type":"ImageObject","inLanguage":"es","@id":"https:\/\/elcardinal.com\/#\/schema\/person\/image\/","url":"https:\/\/elcardinal.com\/wp-content\/uploads\/2025\/05\/cropped-TONO-96x96.jpg","contentUrl":"https:\/\/elcardinal.com\/wp-content\/uploads\/2025\/05\/cropped-TONO-96x96.jpg","caption":"Antonio Alcaraz"},"url":"https:\/\/elcardinal.com\/?author=2"}]}},"_links":{"self":[{"href":"https:\/\/elcardinal.com\/index.php?rest_route=\/wp\/v2\/posts\/5463","targetHints":{"allow":["GET"]}}],"collection":[{"href":"https:\/\/elcardinal.com\/index.php?rest_route=\/wp\/v2\/posts"}],"about":[{"href":"https:\/\/elcardinal.com\/index.php?rest_route=\/wp\/v2\/types\/post"}],"author":[{"embeddable":true,"href":"https:\/\/elcardinal.com\/index.php?rest_route=\/wp\/v2\/users\/2"}],"replies":[{"embeddable":true,"href":"https:\/\/elcardinal.com\/index.php?rest_route=%2Fwp%2Fv2%2Fcomments&post=5463"}],"version-history":[{"count":2,"href":"https:\/\/elcardinal.com\/index.php?rest_route=\/wp\/v2\/posts\/5463\/revisions"}],"predecessor-version":[{"id":5466,"href":"https:\/\/elcardinal.com\/index.php?rest_route=\/wp\/v2\/posts\/5463\/revisions\/5466"}],"wp:featuredmedia":[{"embeddable":true,"href":"https:\/\/elcardinal.com\/index.php?rest_route=\/wp\/v2\/media\/5464"}],"wp:attachment":[{"href":"https:\/\/elcardinal.com\/index.php?rest_route=%2Fwp%2Fv2%2Fmedia&parent=5463"}],"wp:term":[{"taxonomy":"category","embeddable":true,"href":"https:\/\/elcardinal.com\/index.php?rest_route=%2Fwp%2Fv2%2Fcategories&post=5463"},{"taxonomy":"post_tag","embeddable":true,"href":"https:\/\/elcardinal.com\/index.php?rest_route=%2Fwp%2Fv2%2Ftags&post=5463"}],"curies":[{"name":"wp","href":"https:\/\/api.w.org\/{rel}","templated":true}]}}