{"id":5467,"date":"2026-02-04T22:03:18","date_gmt":"2026-02-05T04:03:18","guid":{"rendered":"https:\/\/elcardinal.com\/?p=5467"},"modified":"2026-02-04T22:03:18","modified_gmt":"2026-02-05T04:03:18","slug":"con-dictamen-legisladores-aprueban-cambio-de-nombre-del-idefom","status":"publish","type":"post","link":"https:\/\/elcardinal.com\/?p=5467","title":{"rendered":"Con dictamen, legisladores aprueban cambio de nombre del IDEFOM"},"content":{"rendered":"<p>Redacci\u00f3n<\/p>\n<p><span style=\"font-weight: 400;\">En sesi\u00f3n ordinaria, diputadas y diputados integrantes de la <\/span><b>LXVI Legislatura<\/b><span style=\"font-weight: 400;\"> avalaron con 23 votos a favor, cero en contra y cero abstenciones, el dictamen que aprueba con modificaciones la iniciativa que reforma la Ley Org\u00e1nica del Poder Legislativo del Estado de Hidalgo y su reglamento, por la que se actualiza la denominaci\u00f3n de la Ley del Instituto para el Desarrollo y Fortalecimiento Municipal del Estado de Hidalgo por el de Ley del Instituto para el Desarrollo, Fortalecimiento Municipal y Metropolitano del Estado de Hidalgo, promovido por la diputada <\/span><b>Hilda Miranda Miranda<\/b><span style=\"font-weight: 400;\"> y el diputado <\/span><b>Andr\u00e9s Vel\u00e1zquez V\u00e1zquez<\/b><span style=\"font-weight: 400;\"> (Morena),emitido por la primera Comisi\u00f3n Permanente de Legislaci\u00f3n y Puntos Constitucionales.<\/span><\/p>\n<p><span style=\"font-weight: 400;\">La legisladora <\/span><b>Alma Rosa El\u00edas Paso<\/b><span style=\"font-weight: 400;\"> (Morena) indic\u00f3 que el Instituto para el Desarrollo y Fortalecimiento Municipal del Estado de Hidalgo (IDEFOM) ha desempe\u00f1ado una labor importante como \u00f3rgano t\u00e9cnico especializado del Congreso del Estado, pero es necesario actualizar su denominaci\u00f3n y alcance para incorporar tambi\u00e9n el componente metropolitano.<\/span><\/p>\n<p>&nbsp;<\/p>\n<p><b>Otros dict\u00e1menes<\/b><\/p>\n<p><b>Respeto a los derechos de las personas en situaci\u00f3n de calle<\/b><\/p>\n<p><span style=\"font-weight: 400;\">Tambi\u00e9n avalaron con 22 votos a favor, cero en contra y cero abstenciones, el dictamen que aprueba con modificaciones la iniciativa que reforma la Ley de Educaci\u00f3n del Estado de Hidalgo, emitido por la primera Comisi\u00f3n Permanente de Legislaci\u00f3n y Puntos Constitucionales.<\/span><\/p>\n<p><span style=\"font-weight: 400;\">El legislador <\/span><b>Juan Pablo Escalante Urb\u00e1n<\/b><span style=\"font-weight: 400;\"> (Morena), uno de las y los promoventes del dictamen, explic\u00f3 que la finalidad es establecer el principio de no discriminaci\u00f3n y respeto a los derechos de las personas en situaci\u00f3n de calle como fin y criterio de la educaci\u00f3n impartida en el estado de Hidalgo para reducir la propensi\u00f3n de rechazo y violencia que sufre este grupo de la poblaci\u00f3n en la sociedad.<\/span><\/p>\n<p>&nbsp;<\/p>\n<p><b>Seguridad p\u00fablica<\/b><\/p>\n<p><span style=\"font-weight: 400;\">Adem\u00e1s, avalaron con 24 votos a favor, cero en contra y cero abstenciones, el dictamen que aprueba la iniciativa que reforma la Constituci\u00f3n Pol\u00edtica para el Estado de Hidalgo, emitido por la primera Comisi\u00f3n Permanente de Legislaci\u00f3n y Puntos Constitucionales.<\/span><\/p>\n<p><span style=\"font-weight: 400;\">La diputada <\/span><b>M\u00f3nica Leanett Reyes Mart\u00ednez<\/b><span style=\"font-weight: 400;\"> (Nueva Alianza), promovente de la iniciativa junto con la diputada <\/span><b>Juana Olivia Alarc\u00f3n Rivera<\/b><span style=\"font-weight: 400;\"> (Nueva Alianza) y el diputado <\/span><b>Andr\u00e9s Vel\u00e1zquez V\u00e1zquez<\/b><span style=\"font-weight: 400;\"> (Morena), record\u00f3 que se plantea reformar la Constituci\u00f3n para que la investigaci\u00f3n de los delitos corresponda al Ministerio P\u00fablico, a la Secretar\u00eda de Seguridad P\u00fablica del estado y a las corporaciones de polic\u00eda, en el \u00e1mbito de sus competencias.<\/span><\/p>\n<p>&nbsp;<\/p>\n<p><b>Iniciativas<\/b><\/p>\n<p><b>Fomento al emprendimiento<\/b><\/p>\n<p><span style=\"font-weight: 400;\">La diputada <\/span><b>Mar\u00eda del Rosario Guerrero Mart\u00ednez<\/b><span style=\"font-weight: 400;\"> (Morena) present\u00f3 la iniciativa que reforma la Ley de Fomento y Promoci\u00f3n al Emprendimiento del Estado de Hidalgo, con el objetivo de reordenar, depurar y fortalecer el art\u00edculo 6 para consolidar un cat\u00e1logo de principios fundamentales claro, coherente y t\u00e9cnicamente homog\u00e9neo, que oriente de manera efectiva la acci\u00f3n normativa, las pol\u00edticas p\u00fablicas y los instrumentos de fomento al emprendimiento en la entidad.<\/span><\/p>\n<p>&nbsp;<\/p>\n<p><b>Planeaci\u00f3n ambiental y acceso a cuidados paliativos<\/b><\/p>\n<p><span style=\"font-weight: 400;\">La legisladora <\/span><b>Claudia Lilia Luna Islas<\/b><span style=\"font-weight: 400;\"> (PAN) propuso la iniciativa que modifica la Ley para la Protecci\u00f3n al Ambiente del Estado de Hidalgo, con la finalidad de fortalecer el marco jur\u00eddico de la planeaci\u00f3n ambiental para que los programas que la integran no solo se conciban como instrumentos t\u00e9cnicos de ordenamiento ecol\u00f3gico, sino como verdaderas herramientas preventivas orientadas a la protecci\u00f3n de la salud y calidad de vida de la poblaci\u00f3n.<\/span><\/p>\n<p><span style=\"font-weight: 400;\">La diputada tambi\u00e9n detall\u00f3 la iniciativa que reforma la Ley de los Derechos de las Personas Adultas Mayores del Estado de Hidalgo para incorporar de manera expl\u00edcita el acceso a cuidados paliativos y atenci\u00f3n integral en el manejo de enfermedades cr\u00f3nicas, degenerativas o en etapa avanzada, con el prop\u00f3sito de garantizar la dignidad humana, la calidad de vida y el acompa\u00f1amiento familiar de las personas adultas mayores.<\/span><\/p>\n<p>&nbsp;<\/p>\n<p><b>Definici\u00f3n de violencia familiar<\/b><\/p>\n<p><span style=\"font-weight: 400;\">Las diputadas y los diputados <\/span><b>Paloma Barrag\u00e1n Santos<\/b><span style=\"font-weight: 400;\">, <\/span><b>Miguel \u00c1ngel Moreno Zamora<\/b><span style=\"font-weight: 400;\">, <\/span><b>Hilda Miranda Miranda<\/b><span style=\"font-weight: 400;\">, <\/span><b>Lizbeth Ira\u00eds Ordaz Islas<\/b><span style=\"font-weight: 400;\">, <\/span><b>Arturo G\u00f3mez Canales<\/b><span style=\"font-weight: 400;\">, <\/span><b>Juan Pablo Escalante Urb\u00e1n<\/b><span style=\"font-weight: 400;\">, <\/span><b>Alma Rosa El\u00edas Paso<\/b><span style=\"font-weight: 400;\">, <\/span><b>Andr\u00e9s Vel\u00e1zquez V\u00e1zquez <\/b><span style=\"font-weight: 400;\">(Morena), <\/span><b>Jorge Arg\u00fcelles Salazar<\/b><span style=\"font-weight: 400;\"> y <\/span><b>Jos\u00e9 Mar\u00eda Alejandro P\u00e9rez Ram\u00edrez <\/b><span style=\"font-weight: 400;\">(Nueva Alianza) presentaron la iniciativa que reforma la Ley para la Atenci\u00f3n y Sanci\u00f3n de la Violencia Familiar para el Estado de Hidalgo, con el fin de ampliar y actualizar la definici\u00f3n de violencia familiar, lo cual fortalecer\u00e1 el marco legal de protecci\u00f3n a los integrantes del n\u00facleo familiar frente a nuevas formas y expresiones de violencia.<\/span><\/p>\n<p><span style=\"font-weight: 400;\">Para ello, se incorpora de manera expresa la violencia por omisi\u00f3n, incluyendo la negligencia y el abandono, como conductas que generan da\u00f1o y vulneran los derechos de las personas en contextos familiares.<\/span><\/p>\n<p>&nbsp;<\/p>\n<p><b>Bienestar de personas cuidadoras<\/b><\/p>\n<p><span style=\"font-weight: 400;\">La legisladora <\/span><b>Paloma Barrag\u00e1n Santos<\/b><span style=\"font-weight: 400;\"> (Morena) propuso la iniciativa que modifica la Ley de los Derechos de Ni\u00f1as, Ni\u00f1os y Adolescentes para el Estado de Hidalgo, para que el estado y los municipios establezcan medidas de protecci\u00f3n y apoyo con el fin de garantizar a las personas cuidadoras el bienestar, el autocuidado y la preservaci\u00f3n de la integridad f\u00edsica, psicol\u00f3gica y emocional.<\/span><\/p>\n<p>&nbsp;<\/p>\n<p><b>Restricciones absolutas de capacidad jur\u00eddica<\/b><\/p>\n<p><span style=\"font-weight: 400;\">La diputada <\/span><b>Hilda Miranda Miranda<\/b><span style=\"font-weight: 400;\"> (Morena) detall\u00f3 la iniciativa que reforma el C\u00f3digo Civil del Estado de Hidalgo, con el objetivo de eliminar toda referencia a restricciones absolutas de capacidad jur\u00eddica por motivos de discapacidad o estados de salud, conforme al mandato del art\u00edculo d\u00e9cimo noveno transitorio del C\u00f3digo Nacional de Procedimientos Civiles y Familiares.<\/span><\/p>\n<p>&nbsp;<\/p>\n<p><b>Educaci\u00f3n vial y opini\u00f3n de infancias y juventudes<\/b><\/p>\n<p><span style=\"font-weight: 400;\">El legislador <\/span><b>Marco Antonio Mendoza Bustamante<\/b><span style=\"font-weight: 400;\"> (PRI) present\u00f3 la iniciativa que modifica la Ley Integral para las Personas con Discapacidad del Estado de Hidalgo, con el prop\u00f3sito de establecer la facultad y obligaci\u00f3n del gobierno del estado y los municipios, para que, a trav\u00e9s de sus organismos de Seguridad P\u00fablica y Tr\u00e1nsito, instrumenten, proyectos y campa\u00f1as de educaci\u00f3n vial, encaminadas a motivar el respeto hacia las personas con discapacidad.<\/span><\/p>\n<p><span style=\"font-weight: 400;\">Asimismo, propuso la iniciativa que reforma la Ley de los Derechos de Ni\u00f1as, Ni\u00f1os y Adolescentes para el Estado de Hidalgo, la cual busca garantizar la protecci\u00f3n de los derechos de ni\u00f1as, ni\u00f1os y adolescentes, por lo que las autoridades deber\u00e1n considerar el principio de \u201copini\u00f3n y participaci\u00f3n\u201d de las infancias y juventudes hidalguenses, quienes tienen derecho a expresarse libremente.<\/span><\/p>\n<p>&nbsp;<\/p>\n<p><b>D\u00eda Estatal del Silvicultor<\/b><\/p>\n<p><span style=\"font-weight: 400;\">El legislador <\/span><b>Arturo G\u00f3mez Canales<\/b><span style=\"font-weight: 400;\"> (Morena) present\u00f3 la iniciativa que declara el segundo viernes de julio de cada a\u00f1o como el D\u00eda Estatal del Silvicultor, con la finalidad de reconocer de manera oficial la trascendente labor que realizan las y los silvicultores hidalguenses en el cuidado, conservaci\u00f3n y aprovechamiento sustentable de los recursos forestales, en beneficio directo del medio ambiente, las comunidades rurales y la sociedad en general.<\/span><\/p>\n<p>&nbsp;<\/p>\n<p><b>Asuntos generales<\/b><\/p>\n<p><b>Trabajo infantil<\/b><\/p>\n<p><span style=\"font-weight: 400;\">La diputada <\/span><b>Yarabi Gonz\u00e1lez Mart\u00ednez<\/b><span style=\"font-weight: 400;\"> (Morena) present\u00f3 el acuerdo econ\u00f3mico que exhorta a los Sistemas Municipales de Protecci\u00f3n Integral de Ni\u00f1as, Ni\u00f1os y Adolescentes a fortalecer, implementar y supervisar acciones integrales de prevenci\u00f3n, detecci\u00f3n y sanci\u00f3n del trabajo infantil, privilegiando el inter\u00e9s superior de ni\u00f1as, ni\u00f1os y adolescentes, as\u00ed como el enfoque de derechos humanos, igualdad sustantiva y bienestar social.<\/span><\/p>\n<p>&nbsp;<\/p>\n<p><b>Sanci\u00f3n para veh\u00edculos que no cuenten con seguro<\/b><\/p>\n<p><span style=\"font-weight: 400;\">El legislador <\/span><b>Juan Pablo Escalante Urb\u00e1n<\/b><span style=\"font-weight: 400;\"> (Morena) propuso el acuerdo econ\u00f3mico que exhorta al titular de la Secretar\u00eda de Seguridad P\u00fablica a reforzar las acciones de vigilancia y sanci\u00f3n para los veh\u00edculos que no cuenten con una p\u00f3liza de seguro vigente.<\/span><\/p>\n<p>&nbsp;<\/p>\n<p><b>Campa\u00f1a de vacunaci\u00f3n<\/b><\/p>\n<p><span style=\"font-weight: 400;\">El diputado <\/span><b>Avelino Tovar Iglesias<\/b><span style=\"font-weight: 400;\"> (PVEM) present\u00f3 el acuerdo econ\u00f3mico que exhorta a la Secretar\u00eda de Salud y la Secretar\u00eda de Educaci\u00f3n P\u00fablica del Estado de Hidalgo, a dise\u00f1ar e implementar una campa\u00f1a estatal de sensibilizaci\u00f3n dirigida a alumnos, padres de familia y tutores sobre la importancia de completar el esquema nacional de vacunaci\u00f3n (vacuna triple viral-SRP).<\/span><\/p>\n<p>&nbsp;<\/p>\n<p><b>Homenaje a El Santo<\/b><\/p>\n<p><span style=\"font-weight: 400;\">El diputado <\/span><b>Arturo G\u00f3mez Canales<\/b><span style=\"font-weight: 400;\"> (Morena) record\u00f3 a El Santo, en el marco de su aniversario luctuoso, \u201cno fue una figura pasajera del espect\u00e1culo, fue un s\u00edmbolo forjado con esfuerzo y profundo respeto por su pueblo. Su muerte marc\u00f3 el final de una presencia f\u00edsica, pero tambi\u00e9n el inicio de una permanencia hist\u00f3rica que contin\u00faa viva en la cultura, la memoria y la identidad nacional. Desde Tulancingo comenz\u00f3 un camino que lo llevar\u00eda a convertirse en un referente moral de generaciones enteras, en una \u00e9poca en la que el pa\u00eds necesitaba figuras que representaran justicia y esperanza\u201d.<\/span><\/p>\n<p>&nbsp;<\/p>\n<p><b>Otros puntos en la orden del d\u00eda<\/b><\/p>\n<p><b>Informe de actividades de la Diputaci\u00f3n Permanente<\/b><\/p>\n<p><span style=\"font-weight: 400;\">El legislador <\/span><b>Jos\u00e9 Luis Rodr\u00edguez Higareda<\/b><span style=\"font-weight: 400;\"> (Morena) ley\u00f3 el informe de actividades de la Diputaci\u00f3n Permanente que fungi\u00f3 en el primer receso del segundo a\u00f1o de ejercicio constitucional, de la cual fue presidente, por lo que precis\u00f3 que se presentaron 19 iniciativas de ley, \u201clo que representa un promedio cercano a cinco iniciativas por sesi\u00f3n, una cifra significativa para un periodo de receso legislativo. Estas abordaron temas estrat\u00e9gicos como derechos de las personas adultas mayores, salud p\u00fablica, juventudes y empleo, diversidad sexual y de g\u00e9nero, prevenci\u00f3n del suicidio, protecci\u00f3n animal, transparencia municipal, medio ambiente, movilidad y seguridad vial, derechos de las personas con discapacidad, fomento a la lectura, reformas al C\u00f3digo Penal y a la legislaci\u00f3n electoral\u201d.<\/span><\/p>\n","protected":false},"excerpt":{"rendered":"<p>Redacci\u00f3n En sesi\u00f3n ordinaria, diputadas y diputados integrantes de la LXVI Legislatura avalaron con 23 votos a favor, cero en contra y cero abstenciones, el dictamen que aprueba con modificaciones la iniciativa que reforma la Ley Org\u00e1nica del Poder Legislativo del Estado de Hidalgo y su reglamento, por la que se actualiza la denominaci\u00f3n de<\/p>\n","protected":false},"author":2,"featured_media":5468,"comment_status":"open","ping_status":"open","sticky":false,"template":"","format":"standard","meta":{"footnotes":""},"categories":[31,44,39],"tags":[],"class_list":{"0":"post-5467","1":"post","2":"type-post","3":"status-publish","4":"format-standard","5":"has-post-thumbnail","7":"category-hidalgo","8":"category-minuto-a-minuto","9":"category-politica"},"yoast_head":"<!-- This site is optimized with the Yoast SEO plugin v26.1.1 - https:\/\/yoast.com\/wordpress\/plugins\/seo\/ -->\n<title>Con dictamen, legisladores aprueban cambio de nombre del IDEFOM - El Cardinal<\/title>\n<meta name=\"robots\" content=\"index, follow, max-snippet:-1, max-image-preview:large, max-video-preview:-1\" \/>\n<link rel=\"canonical\" href=\"https:\/\/elcardinal.com\/?p=5467\" \/>\n<meta property=\"og:locale\" content=\"es_MX\" \/>\n<meta property=\"og:type\" content=\"article\" \/>\n<meta property=\"og:title\" content=\"Con dictamen, legisladores aprueban cambio de nombre del IDEFOM - El Cardinal\" \/>\n<meta property=\"og:description\" content=\"Redacci\u00f3n En sesi\u00f3n ordinaria, diputadas y diputados integrantes de la LXVI Legislatura avalaron con 23 votos a favor, cero en contra y cero abstenciones, el dictamen que aprueba con modificaciones la iniciativa que reforma la Ley Org\u00e1nica del Poder Legislativo del Estado de Hidalgo y su reglamento, por la que se actualiza la denominaci\u00f3n de\" \/>\n<meta property=\"og:url\" content=\"https:\/\/elcardinal.com\/?p=5467\" \/>\n<meta property=\"og:site_name\" content=\"El Cardinal\" \/>\n<meta property=\"article:publisher\" content=\"https:\/\/www.facebook.com\/profile.php?id=100063093107011\" \/>\n<meta property=\"article:published_time\" content=\"2026-02-05T04:03:18+00:00\" \/>\n<meta property=\"og:image\" content=\"https:\/\/elcardinal.com\/wp-content\/uploads\/2026\/02\/Sesion-04.02.2026-Ordinaria-69.jpg\" \/>\n\t<meta property=\"og:image:width\" content=\"1208\" \/>\n\t<meta property=\"og:image:height\" content=\"1800\" \/>\n\t<meta property=\"og:image:type\" content=\"image\/jpeg\" \/>\n<meta name=\"author\" content=\"Antonio Alcaraz\" \/>\n<meta name=\"twitter:card\" content=\"summary_large_image\" \/>\n<meta name=\"twitter:creator\" content=\"@ElCardinal_Mx\" \/>\n<meta name=\"twitter:site\" content=\"@ElCardinal_Mx\" \/>\n<meta name=\"twitter:label1\" content=\"Escrito por\" \/>\n\t<meta name=\"twitter:data1\" content=\"Antonio Alcaraz\" \/>\n\t<meta name=\"twitter:label2\" content=\"Tiempo de lectura\" \/>\n\t<meta name=\"twitter:data2\" content=\"8 minutos\" \/>\n<script type=\"application\/ld+json\" class=\"yoast-schema-graph\">{\"@context\":\"https:\/\/schema.org\",\"@graph\":[{\"@type\":\"Article\",\"@id\":\"https:\/\/elcardinal.com\/?p=5467#article\",\"isPartOf\":{\"@id\":\"https:\/\/elcardinal.com\/?p=5467\"},\"author\":{\"name\":\"Antonio Alcaraz\",\"@id\":\"https:\/\/elcardinal.com\/#\/schema\/person\/3c352ec0a33987fe275c0e8a2ea69f8b\"},\"headline\":\"Con dictamen, legisladores aprueban cambio de nombre del IDEFOM\",\"datePublished\":\"2026-02-05T04:03:18+00:00\",\"mainEntityOfPage\":{\"@id\":\"https:\/\/elcardinal.com\/?p=5467\"},\"wordCount\":1682,\"commentCount\":0,\"publisher\":{\"@id\":\"https:\/\/elcardinal.com\/#organization\"},\"image\":{\"@id\":\"https:\/\/elcardinal.com\/?p=5467#primaryimage\"},\"thumbnailUrl\":\"https:\/\/elcardinal.com\/wp-content\/uploads\/2026\/02\/Sesion-04.02.2026-Ordinaria-69.jpg\",\"articleSection\":[\"Hidalgo\",\"Minuto a Minuto\",\"Pol\u00edtica\"],\"inLanguage\":\"es\",\"potentialAction\":[{\"@type\":\"CommentAction\",\"name\":\"Comment\",\"target\":[\"https:\/\/elcardinal.com\/?p=5467#respond\"]}]},{\"@type\":\"WebPage\",\"@id\":\"https:\/\/elcardinal.com\/?p=5467\",\"url\":\"https:\/\/elcardinal.com\/?p=5467\",\"name\":\"Con dictamen, legisladores aprueban cambio de nombre del IDEFOM - El Cardinal\",\"isPartOf\":{\"@id\":\"https:\/\/elcardinal.com\/#website\"},\"primaryImageOfPage\":{\"@id\":\"https:\/\/elcardinal.com\/?p=5467#primaryimage\"},\"image\":{\"@id\":\"https:\/\/elcardinal.com\/?p=5467#primaryimage\"},\"thumbnailUrl\":\"https:\/\/elcardinal.com\/wp-content\/uploads\/2026\/02\/Sesion-04.02.2026-Ordinaria-69.jpg\",\"datePublished\":\"2026-02-05T04:03:18+00:00\",\"breadcrumb\":{\"@id\":\"https:\/\/elcardinal.com\/?p=5467#breadcrumb\"},\"inLanguage\":\"es\",\"potentialAction\":[{\"@type\":\"ReadAction\",\"target\":[\"https:\/\/elcardinal.com\/?p=5467\"]}]},{\"@type\":\"ImageObject\",\"inLanguage\":\"es\",\"@id\":\"https:\/\/elcardinal.com\/?p=5467#primaryimage\",\"url\":\"https:\/\/elcardinal.com\/wp-content\/uploads\/2026\/02\/Sesion-04.02.2026-Ordinaria-69.jpg\",\"contentUrl\":\"https:\/\/elcardinal.com\/wp-content\/uploads\/2026\/02\/Sesion-04.02.2026-Ordinaria-69.jpg\",\"width\":1208,\"height\":1800},{\"@type\":\"BreadcrumbList\",\"@id\":\"https:\/\/elcardinal.com\/?p=5467#breadcrumb\",\"itemListElement\":[{\"@type\":\"ListItem\",\"position\":1,\"name\":\"Inicio\",\"item\":\"https:\/\/elcardinal.com\/\"},{\"@type\":\"ListItem\",\"position\":2,\"name\":\"Con dictamen, legisladores aprueban cambio de nombre del IDEFOM\"}]},{\"@type\":\"WebSite\",\"@id\":\"https:\/\/elcardinal.com\/#website\",\"url\":\"https:\/\/elcardinal.com\/\",\"name\":\"El Cardinal\",\"description\":\"Periodismo honesto, con valor, sentido humano, a veces sarc\u00e1stico y divertido.\",\"publisher\":{\"@id\":\"https:\/\/elcardinal.com\/#organization\"},\"alternateName\":\"El Cardinal Noticias\",\"potentialAction\":[{\"@type\":\"SearchAction\",\"target\":{\"@type\":\"EntryPoint\",\"urlTemplate\":\"https:\/\/elcardinal.com\/?s={search_term_string}\"},\"query-input\":{\"@type\":\"PropertyValueSpecification\",\"valueRequired\":true,\"valueName\":\"search_term_string\"}}],\"inLanguage\":\"es\"},{\"@type\":\"Organization\",\"@id\":\"https:\/\/elcardinal.com\/#organization\",\"name\":\"El Cardinal\",\"url\":\"https:\/\/elcardinal.com\/\",\"logo\":{\"@type\":\"ImageObject\",\"inLanguage\":\"es\",\"@id\":\"https:\/\/elcardinal.com\/#\/schema\/logo\/image\/\",\"url\":\"https:\/\/elcardinal.com\/wp-content\/uploads\/2025\/04\/LOGO-EL-CARDINAL-Periodismo-con-valor.png\",\"contentUrl\":\"https:\/\/elcardinal.com\/wp-content\/uploads\/2025\/04\/LOGO-EL-CARDINAL-Periodismo-con-valor.png\",\"width\":755,\"height\":636,\"caption\":\"El Cardinal\"},\"image\":{\"@id\":\"https:\/\/elcardinal.com\/#\/schema\/logo\/image\/\"},\"sameAs\":[\"https:\/\/www.facebook.com\/profile.php?id=100063093107011\",\"https:\/\/x.com\/ElCardinal_Mx\"]},{\"@type\":\"Person\",\"@id\":\"https:\/\/elcardinal.com\/#\/schema\/person\/3c352ec0a33987fe275c0e8a2ea69f8b\",\"name\":\"Antonio Alcaraz\",\"image\":{\"@type\":\"ImageObject\",\"inLanguage\":\"es\",\"@id\":\"https:\/\/elcardinal.com\/#\/schema\/person\/image\/\",\"url\":\"https:\/\/elcardinal.com\/wp-content\/uploads\/2025\/05\/cropped-TONO-96x96.jpg\",\"contentUrl\":\"https:\/\/elcardinal.com\/wp-content\/uploads\/2025\/05\/cropped-TONO-96x96.jpg\",\"caption\":\"Antonio Alcaraz\"},\"url\":\"https:\/\/elcardinal.com\/?author=2\"}]}<\/script>\n<!-- \/ Yoast SEO plugin. -->","yoast_head_json":{"title":"Con dictamen, legisladores aprueban cambio de nombre del IDEFOM - El Cardinal","robots":{"index":"index","follow":"follow","max-snippet":"max-snippet:-1","max-image-preview":"max-image-preview:large","max-video-preview":"max-video-preview:-1"},"canonical":"https:\/\/elcardinal.com\/?p=5467","og_locale":"es_MX","og_type":"article","og_title":"Con dictamen, legisladores aprueban cambio de nombre del IDEFOM - El Cardinal","og_description":"Redacci\u00f3n En sesi\u00f3n ordinaria, diputadas y diputados integrantes de la LXVI Legislatura avalaron con 23 votos a favor, cero en contra y cero abstenciones, el dictamen que aprueba con modificaciones la iniciativa que reforma la Ley Org\u00e1nica del Poder Legislativo del Estado de Hidalgo y su reglamento, por la que se actualiza la denominaci\u00f3n de","og_url":"https:\/\/elcardinal.com\/?p=5467","og_site_name":"El Cardinal","article_publisher":"https:\/\/www.facebook.com\/profile.php?id=100063093107011","article_published_time":"2026-02-05T04:03:18+00:00","og_image":[{"width":1208,"height":1800,"url":"https:\/\/elcardinal.com\/wp-content\/uploads\/2026\/02\/Sesion-04.02.2026-Ordinaria-69.jpg","type":"image\/jpeg"}],"author":"Antonio Alcaraz","twitter_card":"summary_large_image","twitter_creator":"@ElCardinal_Mx","twitter_site":"@ElCardinal_Mx","twitter_misc":{"Escrito por":"Antonio Alcaraz","Tiempo de lectura":"8 minutos"},"schema":{"@context":"https:\/\/schema.org","@graph":[{"@type":"Article","@id":"https:\/\/elcardinal.com\/?p=5467#article","isPartOf":{"@id":"https:\/\/elcardinal.com\/?p=5467"},"author":{"name":"Antonio Alcaraz","@id":"https:\/\/elcardinal.com\/#\/schema\/person\/3c352ec0a33987fe275c0e8a2ea69f8b"},"headline":"Con dictamen, legisladores aprueban cambio de nombre del IDEFOM","datePublished":"2026-02-05T04:03:18+00:00","mainEntityOfPage":{"@id":"https:\/\/elcardinal.com\/?p=5467"},"wordCount":1682,"commentCount":0,"publisher":{"@id":"https:\/\/elcardinal.com\/#organization"},"image":{"@id":"https:\/\/elcardinal.com\/?p=5467#primaryimage"},"thumbnailUrl":"https:\/\/elcardinal.com\/wp-content\/uploads\/2026\/02\/Sesion-04.02.2026-Ordinaria-69.jpg","articleSection":["Hidalgo","Minuto a Minuto","Pol\u00edtica"],"inLanguage":"es","potentialAction":[{"@type":"CommentAction","name":"Comment","target":["https:\/\/elcardinal.com\/?p=5467#respond"]}]},{"@type":"WebPage","@id":"https:\/\/elcardinal.com\/?p=5467","url":"https:\/\/elcardinal.com\/?p=5467","name":"Con dictamen, legisladores aprueban cambio de nombre del IDEFOM - El Cardinal","isPartOf":{"@id":"https:\/\/elcardinal.com\/#website"},"primaryImageOfPage":{"@id":"https:\/\/elcardinal.com\/?p=5467#primaryimage"},"image":{"@id":"https:\/\/elcardinal.com\/?p=5467#primaryimage"},"thumbnailUrl":"https:\/\/elcardinal.com\/wp-content\/uploads\/2026\/02\/Sesion-04.02.2026-Ordinaria-69.jpg","datePublished":"2026-02-05T04:03:18+00:00","breadcrumb":{"@id":"https:\/\/elcardinal.com\/?p=5467#breadcrumb"},"inLanguage":"es","potentialAction":[{"@type":"ReadAction","target":["https:\/\/elcardinal.com\/?p=5467"]}]},{"@type":"ImageObject","inLanguage":"es","@id":"https:\/\/elcardinal.com\/?p=5467#primaryimage","url":"https:\/\/elcardinal.com\/wp-content\/uploads\/2026\/02\/Sesion-04.02.2026-Ordinaria-69.jpg","contentUrl":"https:\/\/elcardinal.com\/wp-content\/uploads\/2026\/02\/Sesion-04.02.2026-Ordinaria-69.jpg","width":1208,"height":1800},{"@type":"BreadcrumbList","@id":"https:\/\/elcardinal.com\/?p=5467#breadcrumb","itemListElement":[{"@type":"ListItem","position":1,"name":"Inicio","item":"https:\/\/elcardinal.com\/"},{"@type":"ListItem","position":2,"name":"Con dictamen, legisladores aprueban cambio de nombre del IDEFOM"}]},{"@type":"WebSite","@id":"https:\/\/elcardinal.com\/#website","url":"https:\/\/elcardinal.com\/","name":"El Cardinal","description":"Periodismo honesto, con valor, sentido humano, a veces sarc\u00e1stico y divertido.","publisher":{"@id":"https:\/\/elcardinal.com\/#organization"},"alternateName":"El Cardinal Noticias","potentialAction":[{"@type":"SearchAction","target":{"@type":"EntryPoint","urlTemplate":"https:\/\/elcardinal.com\/?s={search_term_string}"},"query-input":{"@type":"PropertyValueSpecification","valueRequired":true,"valueName":"search_term_string"}}],"inLanguage":"es"},{"@type":"Organization","@id":"https:\/\/elcardinal.com\/#organization","name":"El Cardinal","url":"https:\/\/elcardinal.com\/","logo":{"@type":"ImageObject","inLanguage":"es","@id":"https:\/\/elcardinal.com\/#\/schema\/logo\/image\/","url":"https:\/\/elcardinal.com\/wp-content\/uploads\/2025\/04\/LOGO-EL-CARDINAL-Periodismo-con-valor.png","contentUrl":"https:\/\/elcardinal.com\/wp-content\/uploads\/2025\/04\/LOGO-EL-CARDINAL-Periodismo-con-valor.png","width":755,"height":636,"caption":"El Cardinal"},"image":{"@id":"https:\/\/elcardinal.com\/#\/schema\/logo\/image\/"},"sameAs":["https:\/\/www.facebook.com\/profile.php?id=100063093107011","https:\/\/x.com\/ElCardinal_Mx"]},{"@type":"Person","@id":"https:\/\/elcardinal.com\/#\/schema\/person\/3c352ec0a33987fe275c0e8a2ea69f8b","name":"Antonio Alcaraz","image":{"@type":"ImageObject","inLanguage":"es","@id":"https:\/\/elcardinal.com\/#\/schema\/person\/image\/","url":"https:\/\/elcardinal.com\/wp-content\/uploads\/2025\/05\/cropped-TONO-96x96.jpg","contentUrl":"https:\/\/elcardinal.com\/wp-content\/uploads\/2025\/05\/cropped-TONO-96x96.jpg","caption":"Antonio Alcaraz"},"url":"https:\/\/elcardinal.com\/?author=2"}]}},"_links":{"self":[{"href":"https:\/\/elcardinal.com\/index.php?rest_route=\/wp\/v2\/posts\/5467","targetHints":{"allow":["GET"]}}],"collection":[{"href":"https:\/\/elcardinal.com\/index.php?rest_route=\/wp\/v2\/posts"}],"about":[{"href":"https:\/\/elcardinal.com\/index.php?rest_route=\/wp\/v2\/types\/post"}],"author":[{"embeddable":true,"href":"https:\/\/elcardinal.com\/index.php?rest_route=\/wp\/v2\/users\/2"}],"replies":[{"embeddable":true,"href":"https:\/\/elcardinal.com\/index.php?rest_route=%2Fwp%2Fv2%2Fcomments&post=5467"}],"version-history":[{"count":1,"href":"https:\/\/elcardinal.com\/index.php?rest_route=\/wp\/v2\/posts\/5467\/revisions"}],"predecessor-version":[{"id":5469,"href":"https:\/\/elcardinal.com\/index.php?rest_route=\/wp\/v2\/posts\/5467\/revisions\/5469"}],"wp:featuredmedia":[{"embeddable":true,"href":"https:\/\/elcardinal.com\/index.php?rest_route=\/wp\/v2\/media\/5468"}],"wp:attachment":[{"href":"https:\/\/elcardinal.com\/index.php?rest_route=%2Fwp%2Fv2%2Fmedia&parent=5467"}],"wp:term":[{"taxonomy":"category","embeddable":true,"href":"https:\/\/elcardinal.com\/index.php?rest_route=%2Fwp%2Fv2%2Fcategories&post=5467"},{"taxonomy":"post_tag","embeddable":true,"href":"https:\/\/elcardinal.com\/index.php?rest_route=%2Fwp%2Fv2%2Ftags&post=5467"}],"curies":[{"name":"wp","href":"https:\/\/api.w.org\/{rel}","templated":true}]}}