{"id":5470,"date":"2026-02-06T11:36:21","date_gmt":"2026-02-06T17:36:21","guid":{"rendered":"https:\/\/elcardinal.com\/?p=5470"},"modified":"2026-02-06T11:36:34","modified_gmt":"2026-02-06T17:36:34","slug":"aplastar-basura-y-echar-cal-la-solucion-sanitaria-del-ayuntamiento-de-metzquititlan-para-relleno-sanitario","status":"publish","type":"post","link":"https:\/\/elcardinal.com\/?p=5470","title":{"rendered":"Aplastar basura y echar cal: la \u201csoluci\u00f3n\u201d sanitaria del ayuntamiento de Metzquititl\u00e1n para relleno sanitario\u00a0"},"content":{"rendered":"<p>By El Cardinalito<\/p>\n<p>Ciudadanos del municipio de <strong>San Agust\u00edn Metzquititl\u00e1n<\/strong> denunciaron que el presidente <strong>Germ\u00e1n Hern\u00e1ndez P\u00e9rez<\/strong>, y la titular de Ecolog\u00eda, <strong>Perla Mayari Trejo Ram\u00edrez<\/strong>, optaron por una medida tan r\u00e1pida como cuestionada para solucionar el problema ambiental y de salud en el basurero municipal:<\/p>\n<blockquote><p>Aplastar la basura y echarle cal al relleno sanitario, es presentado como una \u201csoluci\u00f3n\u201d al problema de salud p\u00fablica provocado por la acumulaci\u00f3n de residuos s\u00f3lidos.<\/p><\/blockquote>\n<p>La acci\u00f3n se realiz\u00f3 mientras, de manera paralela, se busca concretar un nuevo acuerdo con la Semarnath y la Profepa para un nuevo relleno sanitario, pese a que desde hace m\u00e1s de cuatro a\u00f1os el predio permanece clausurado por encontrarse dentro de la <strong>Reserva de la Bi\u00f3sfera de Metztitl\u00e1n<\/strong>.<\/p>\n<blockquote><p>El contexto no ayuda: el Ayuntamiento enfrenta una severa crisis financiera. Se habla incluso de la intenci\u00f3n de colocar un \u201cdiablito\u201d para tener energ\u00eda el\u00e9ctrica en la presidencia municipal, ante la imposibilidad de cubrir adeudos que superar\u00edan los 200 mil pesos.<\/p><\/blockquote>\n<p>A la lista se suma la falta de servicios b\u00e1sicos. Comunidades como <strong>\u00c1lamos, Agua Bendita, El Apartadero, La Pe\u00f1a, El Durazno, Veladero, Loma La Pareja y Ca\u00f1ada de Agua Bendita<\/strong> permanecen sin agua potable, mientras la inconformidad social va en aumento.<\/p>\n","protected":false},"excerpt":{"rendered":"<p>By El Cardinalito Ciudadanos del municipio de San Agust\u00edn Metzquititl\u00e1n denunciaron que el presidente Germ\u00e1n Hern\u00e1ndez P\u00e9rez, y la titular de Ecolog\u00eda, Perla Mayari Trejo Ram\u00edrez, optaron por una medida tan r\u00e1pida como cuestionada para solucionar el problema ambiental y de salud en el basurero municipal: Aplastar la basura y echarle cal al relleno sanitario,<\/p>\n","protected":false},"author":2,"featured_media":5471,"comment_status":"open","ping_status":"open","sticky":false,"template":"","format":"standard","meta":{"footnotes":""},"categories":[31,44,33],"tags":[321],"class_list":{"0":"post-5470","1":"post","2":"type-post","3":"status-publish","4":"format-standard","5":"has-post-thumbnail","7":"category-hidalgo","8":"category-minuto-a-minuto","9":"category-regiones","10":"tag-san-agustin-metzquititlan"},"yoast_head":"<!-- This site is optimized with the Yoast SEO plugin v26.1.1 - https:\/\/yoast.com\/wordpress\/plugins\/seo\/ -->\n<title>Aplastar basura y echar cal: la \u201csoluci\u00f3n\u201d sanitaria del ayuntamiento de Metzquititl\u00e1n para relleno sanitario\u00a0 - El Cardinal<\/title>\n<meta name=\"robots\" content=\"index, follow, max-snippet:-1, max-image-preview:large, max-video-preview:-1\" \/>\n<link rel=\"canonical\" href=\"https:\/\/elcardinal.com\/?p=5470\" \/>\n<meta property=\"og:locale\" content=\"es_MX\" \/>\n<meta property=\"og:type\" content=\"article\" \/>\n<meta property=\"og:title\" content=\"Aplastar basura y echar cal: la \u201csoluci\u00f3n\u201d sanitaria del ayuntamiento de Metzquititl\u00e1n para relleno sanitario\u00a0 - El Cardinal\" \/>\n<meta property=\"og:description\" content=\"By El Cardinalito Ciudadanos del municipio de San Agust\u00edn Metzquititl\u00e1n denunciaron que el presidente Germ\u00e1n Hern\u00e1ndez P\u00e9rez, y la titular de Ecolog\u00eda, Perla Mayari Trejo Ram\u00edrez, optaron por una medida tan r\u00e1pida como cuestionada para solucionar el problema ambiental y de salud en el basurero municipal: Aplastar la basura y echarle cal al relleno sanitario,\" \/>\n<meta property=\"og:url\" content=\"https:\/\/elcardinal.com\/?p=5470\" \/>\n<meta property=\"og:site_name\" content=\"El Cardinal\" \/>\n<meta property=\"article:publisher\" content=\"https:\/\/www.facebook.com\/profile.php?id=100063093107011\" \/>\n<meta property=\"article:published_time\" content=\"2026-02-06T17:36:21+00:00\" \/>\n<meta property=\"article:modified_time\" content=\"2026-02-06T17:36:34+00:00\" \/>\n<meta property=\"og:image\" content=\"https:\/\/elcardinal.com\/wp-content\/uploads\/2026\/02\/IMG-20260205-WA0131.jpg\" \/>\n\t<meta property=\"og:image:width\" content=\"1200\" \/>\n\t<meta property=\"og:image:height\" content=\"1600\" \/>\n\t<meta property=\"og:image:type\" content=\"image\/jpeg\" \/>\n<meta name=\"author\" content=\"Antonio Alcaraz\" \/>\n<meta name=\"twitter:card\" content=\"summary_large_image\" \/>\n<meta name=\"twitter:creator\" content=\"@ElCardinal_Mx\" \/>\n<meta name=\"twitter:site\" content=\"@ElCardinal_Mx\" \/>\n<meta name=\"twitter:label1\" content=\"Escrito por\" \/>\n\t<meta name=\"twitter:data1\" content=\"Antonio Alcaraz\" \/>\n\t<meta name=\"twitter:label2\" content=\"Tiempo de lectura\" \/>\n\t<meta name=\"twitter:data2\" content=\"1 minuto\" \/>\n<script type=\"application\/ld+json\" class=\"yoast-schema-graph\">{\"@context\":\"https:\/\/schema.org\",\"@graph\":[{\"@type\":\"Article\",\"@id\":\"https:\/\/elcardinal.com\/?p=5470#article\",\"isPartOf\":{\"@id\":\"https:\/\/elcardinal.com\/?p=5470\"},\"author\":{\"name\":\"Antonio Alcaraz\",\"@id\":\"https:\/\/elcardinal.com\/#\/schema\/person\/3c352ec0a33987fe275c0e8a2ea69f8b\"},\"headline\":\"Aplastar basura y echar cal: la \u201csoluci\u00f3n\u201d sanitaria del ayuntamiento de Metzquititl\u00e1n para relleno sanitario\u00a0\",\"datePublished\":\"2026-02-06T17:36:21+00:00\",\"dateModified\":\"2026-02-06T17:36:34+00:00\",\"mainEntityOfPage\":{\"@id\":\"https:\/\/elcardinal.com\/?p=5470\"},\"wordCount\":243,\"commentCount\":0,\"publisher\":{\"@id\":\"https:\/\/elcardinal.com\/#organization\"},\"image\":{\"@id\":\"https:\/\/elcardinal.com\/?p=5470#primaryimage\"},\"thumbnailUrl\":\"https:\/\/elcardinal.com\/wp-content\/uploads\/2026\/02\/IMG-20260205-WA0131.jpg\",\"keywords\":[\"San Agust\u00edn Metzquititlan\"],\"articleSection\":[\"Hidalgo\",\"Minuto a Minuto\",\"Regiones\"],\"inLanguage\":\"es\",\"potentialAction\":[{\"@type\":\"CommentAction\",\"name\":\"Comment\",\"target\":[\"https:\/\/elcardinal.com\/?p=5470#respond\"]}]},{\"@type\":\"WebPage\",\"@id\":\"https:\/\/elcardinal.com\/?p=5470\",\"url\":\"https:\/\/elcardinal.com\/?p=5470\",\"name\":\"Aplastar basura y echar cal: la \u201csoluci\u00f3n\u201d sanitaria del ayuntamiento de Metzquititl\u00e1n para relleno sanitario\u00a0 - El Cardinal\",\"isPartOf\":{\"@id\":\"https:\/\/elcardinal.com\/#website\"},\"primaryImageOfPage\":{\"@id\":\"https:\/\/elcardinal.com\/?p=5470#primaryimage\"},\"image\":{\"@id\":\"https:\/\/elcardinal.com\/?p=5470#primaryimage\"},\"thumbnailUrl\":\"https:\/\/elcardinal.com\/wp-content\/uploads\/2026\/02\/IMG-20260205-WA0131.jpg\",\"datePublished\":\"2026-02-06T17:36:21+00:00\",\"dateModified\":\"2026-02-06T17:36:34+00:00\",\"breadcrumb\":{\"@id\":\"https:\/\/elcardinal.com\/?p=5470#breadcrumb\"},\"inLanguage\":\"es\",\"potentialAction\":[{\"@type\":\"ReadAction\",\"target\":[\"https:\/\/elcardinal.com\/?p=5470\"]}]},{\"@type\":\"ImageObject\",\"inLanguage\":\"es\",\"@id\":\"https:\/\/elcardinal.com\/?p=5470#primaryimage\",\"url\":\"https:\/\/elcardinal.com\/wp-content\/uploads\/2026\/02\/IMG-20260205-WA0131.jpg\",\"contentUrl\":\"https:\/\/elcardinal.com\/wp-content\/uploads\/2026\/02\/IMG-20260205-WA0131.jpg\",\"width\":1200,\"height\":1600},{\"@type\":\"BreadcrumbList\",\"@id\":\"https:\/\/elcardinal.com\/?p=5470#breadcrumb\",\"itemListElement\":[{\"@type\":\"ListItem\",\"position\":1,\"name\":\"Inicio\",\"item\":\"https:\/\/elcardinal.com\/\"},{\"@type\":\"ListItem\",\"position\":2,\"name\":\"Aplastar basura y echar cal: la \u201csoluci\u00f3n\u201d sanitaria del ayuntamiento de Metzquititl\u00e1n para relleno sanitario\u00a0\"}]},{\"@type\":\"WebSite\",\"@id\":\"https:\/\/elcardinal.com\/#website\",\"url\":\"https:\/\/elcardinal.com\/\",\"name\":\"El Cardinal\",\"description\":\"Periodismo honesto, con valor, sentido humano, a veces sarc\u00e1stico y divertido.\",\"publisher\":{\"@id\":\"https:\/\/elcardinal.com\/#organization\"},\"alternateName\":\"El Cardinal Noticias\",\"potentialAction\":[{\"@type\":\"SearchAction\",\"target\":{\"@type\":\"EntryPoint\",\"urlTemplate\":\"https:\/\/elcardinal.com\/?s={search_term_string}\"},\"query-input\":{\"@type\":\"PropertyValueSpecification\",\"valueRequired\":true,\"valueName\":\"search_term_string\"}}],\"inLanguage\":\"es\"},{\"@type\":\"Organization\",\"@id\":\"https:\/\/elcardinal.com\/#organization\",\"name\":\"El Cardinal\",\"url\":\"https:\/\/elcardinal.com\/\",\"logo\":{\"@type\":\"ImageObject\",\"inLanguage\":\"es\",\"@id\":\"https:\/\/elcardinal.com\/#\/schema\/logo\/image\/\",\"url\":\"https:\/\/elcardinal.com\/wp-content\/uploads\/2025\/04\/LOGO-EL-CARDINAL-Periodismo-con-valor.png\",\"contentUrl\":\"https:\/\/elcardinal.com\/wp-content\/uploads\/2025\/04\/LOGO-EL-CARDINAL-Periodismo-con-valor.png\",\"width\":755,\"height\":636,\"caption\":\"El Cardinal\"},\"image\":{\"@id\":\"https:\/\/elcardinal.com\/#\/schema\/logo\/image\/\"},\"sameAs\":[\"https:\/\/www.facebook.com\/profile.php?id=100063093107011\",\"https:\/\/x.com\/ElCardinal_Mx\"]},{\"@type\":\"Person\",\"@id\":\"https:\/\/elcardinal.com\/#\/schema\/person\/3c352ec0a33987fe275c0e8a2ea69f8b\",\"name\":\"Antonio Alcaraz\",\"image\":{\"@type\":\"ImageObject\",\"inLanguage\":\"es\",\"@id\":\"https:\/\/elcardinal.com\/#\/schema\/person\/image\/\",\"url\":\"https:\/\/elcardinal.com\/wp-content\/uploads\/2025\/05\/cropped-TONO-96x96.jpg\",\"contentUrl\":\"https:\/\/elcardinal.com\/wp-content\/uploads\/2025\/05\/cropped-TONO-96x96.jpg\",\"caption\":\"Antonio Alcaraz\"},\"url\":\"https:\/\/elcardinal.com\/?author=2\"}]}<\/script>\n<!-- \/ Yoast SEO plugin. -->","yoast_head_json":{"title":"Aplastar basura y echar cal: la \u201csoluci\u00f3n\u201d sanitaria del ayuntamiento de Metzquititl\u00e1n para relleno sanitario\u00a0 - El Cardinal","robots":{"index":"index","follow":"follow","max-snippet":"max-snippet:-1","max-image-preview":"max-image-preview:large","max-video-preview":"max-video-preview:-1"},"canonical":"https:\/\/elcardinal.com\/?p=5470","og_locale":"es_MX","og_type":"article","og_title":"Aplastar basura y echar cal: la \u201csoluci\u00f3n\u201d sanitaria del ayuntamiento de Metzquititl\u00e1n para relleno sanitario\u00a0 - El Cardinal","og_description":"By El Cardinalito Ciudadanos del municipio de San Agust\u00edn Metzquititl\u00e1n denunciaron que el presidente Germ\u00e1n Hern\u00e1ndez P\u00e9rez, y la titular de Ecolog\u00eda, Perla Mayari Trejo Ram\u00edrez, optaron por una medida tan r\u00e1pida como cuestionada para solucionar el problema ambiental y de salud en el basurero municipal: Aplastar la basura y echarle cal al relleno sanitario,","og_url":"https:\/\/elcardinal.com\/?p=5470","og_site_name":"El Cardinal","article_publisher":"https:\/\/www.facebook.com\/profile.php?id=100063093107011","article_published_time":"2026-02-06T17:36:21+00:00","article_modified_time":"2026-02-06T17:36:34+00:00","og_image":[{"width":1200,"height":1600,"url":"https:\/\/elcardinal.com\/wp-content\/uploads\/2026\/02\/IMG-20260205-WA0131.jpg","type":"image\/jpeg"}],"author":"Antonio Alcaraz","twitter_card":"summary_large_image","twitter_creator":"@ElCardinal_Mx","twitter_site":"@ElCardinal_Mx","twitter_misc":{"Escrito por":"Antonio Alcaraz","Tiempo de lectura":"1 minuto"},"schema":{"@context":"https:\/\/schema.org","@graph":[{"@type":"Article","@id":"https:\/\/elcardinal.com\/?p=5470#article","isPartOf":{"@id":"https:\/\/elcardinal.com\/?p=5470"},"author":{"name":"Antonio Alcaraz","@id":"https:\/\/elcardinal.com\/#\/schema\/person\/3c352ec0a33987fe275c0e8a2ea69f8b"},"headline":"Aplastar basura y echar cal: la \u201csoluci\u00f3n\u201d sanitaria del ayuntamiento de Metzquititl\u00e1n para relleno sanitario\u00a0","datePublished":"2026-02-06T17:36:21+00:00","dateModified":"2026-02-06T17:36:34+00:00","mainEntityOfPage":{"@id":"https:\/\/elcardinal.com\/?p=5470"},"wordCount":243,"commentCount":0,"publisher":{"@id":"https:\/\/elcardinal.com\/#organization"},"image":{"@id":"https:\/\/elcardinal.com\/?p=5470#primaryimage"},"thumbnailUrl":"https:\/\/elcardinal.com\/wp-content\/uploads\/2026\/02\/IMG-20260205-WA0131.jpg","keywords":["San Agust\u00edn Metzquititlan"],"articleSection":["Hidalgo","Minuto a Minuto","Regiones"],"inLanguage":"es","potentialAction":[{"@type":"CommentAction","name":"Comment","target":["https:\/\/elcardinal.com\/?p=5470#respond"]}]},{"@type":"WebPage","@id":"https:\/\/elcardinal.com\/?p=5470","url":"https:\/\/elcardinal.com\/?p=5470","name":"Aplastar basura y echar cal: la \u201csoluci\u00f3n\u201d sanitaria del ayuntamiento de Metzquititl\u00e1n para relleno sanitario\u00a0 - El Cardinal","isPartOf":{"@id":"https:\/\/elcardinal.com\/#website"},"primaryImageOfPage":{"@id":"https:\/\/elcardinal.com\/?p=5470#primaryimage"},"image":{"@id":"https:\/\/elcardinal.com\/?p=5470#primaryimage"},"thumbnailUrl":"https:\/\/elcardinal.com\/wp-content\/uploads\/2026\/02\/IMG-20260205-WA0131.jpg","datePublished":"2026-02-06T17:36:21+00:00","dateModified":"2026-02-06T17:36:34+00:00","breadcrumb":{"@id":"https:\/\/elcardinal.com\/?p=5470#breadcrumb"},"inLanguage":"es","potentialAction":[{"@type":"ReadAction","target":["https:\/\/elcardinal.com\/?p=5470"]}]},{"@type":"ImageObject","inLanguage":"es","@id":"https:\/\/elcardinal.com\/?p=5470#primaryimage","url":"https:\/\/elcardinal.com\/wp-content\/uploads\/2026\/02\/IMG-20260205-WA0131.jpg","contentUrl":"https:\/\/elcardinal.com\/wp-content\/uploads\/2026\/02\/IMG-20260205-WA0131.jpg","width":1200,"height":1600},{"@type":"BreadcrumbList","@id":"https:\/\/elcardinal.com\/?p=5470#breadcrumb","itemListElement":[{"@type":"ListItem","position":1,"name":"Inicio","item":"https:\/\/elcardinal.com\/"},{"@type":"ListItem","position":2,"name":"Aplastar basura y echar cal: la \u201csoluci\u00f3n\u201d sanitaria del ayuntamiento de Metzquititl\u00e1n para relleno sanitario\u00a0"}]},{"@type":"WebSite","@id":"https:\/\/elcardinal.com\/#website","url":"https:\/\/elcardinal.com\/","name":"El Cardinal","description":"Periodismo honesto, con valor, sentido humano, a veces sarc\u00e1stico y divertido.","publisher":{"@id":"https:\/\/elcardinal.com\/#organization"},"alternateName":"El Cardinal Noticias","potentialAction":[{"@type":"SearchAction","target":{"@type":"EntryPoint","urlTemplate":"https:\/\/elcardinal.com\/?s={search_term_string}"},"query-input":{"@type":"PropertyValueSpecification","valueRequired":true,"valueName":"search_term_string"}}],"inLanguage":"es"},{"@type":"Organization","@id":"https:\/\/elcardinal.com\/#organization","name":"El Cardinal","url":"https:\/\/elcardinal.com\/","logo":{"@type":"ImageObject","inLanguage":"es","@id":"https:\/\/elcardinal.com\/#\/schema\/logo\/image\/","url":"https:\/\/elcardinal.com\/wp-content\/uploads\/2025\/04\/LOGO-EL-CARDINAL-Periodismo-con-valor.png","contentUrl":"https:\/\/elcardinal.com\/wp-content\/uploads\/2025\/04\/LOGO-EL-CARDINAL-Periodismo-con-valor.png","width":755,"height":636,"caption":"El Cardinal"},"image":{"@id":"https:\/\/elcardinal.com\/#\/schema\/logo\/image\/"},"sameAs":["https:\/\/www.facebook.com\/profile.php?id=100063093107011","https:\/\/x.com\/ElCardinal_Mx"]},{"@type":"Person","@id":"https:\/\/elcardinal.com\/#\/schema\/person\/3c352ec0a33987fe275c0e8a2ea69f8b","name":"Antonio Alcaraz","image":{"@type":"ImageObject","inLanguage":"es","@id":"https:\/\/elcardinal.com\/#\/schema\/person\/image\/","url":"https:\/\/elcardinal.com\/wp-content\/uploads\/2025\/05\/cropped-TONO-96x96.jpg","contentUrl":"https:\/\/elcardinal.com\/wp-content\/uploads\/2025\/05\/cropped-TONO-96x96.jpg","caption":"Antonio Alcaraz"},"url":"https:\/\/elcardinal.com\/?author=2"}]}},"_links":{"self":[{"href":"https:\/\/elcardinal.com\/index.php?rest_route=\/wp\/v2\/posts\/5470","targetHints":{"allow":["GET"]}}],"collection":[{"href":"https:\/\/elcardinal.com\/index.php?rest_route=\/wp\/v2\/posts"}],"about":[{"href":"https:\/\/elcardinal.com\/index.php?rest_route=\/wp\/v2\/types\/post"}],"author":[{"embeddable":true,"href":"https:\/\/elcardinal.com\/index.php?rest_route=\/wp\/v2\/users\/2"}],"replies":[{"embeddable":true,"href":"https:\/\/elcardinal.com\/index.php?rest_route=%2Fwp%2Fv2%2Fcomments&post=5470"}],"version-history":[{"count":2,"href":"https:\/\/elcardinal.com\/index.php?rest_route=\/wp\/v2\/posts\/5470\/revisions"}],"predecessor-version":[{"id":5473,"href":"https:\/\/elcardinal.com\/index.php?rest_route=\/wp\/v2\/posts\/5470\/revisions\/5473"}],"wp:featuredmedia":[{"embeddable":true,"href":"https:\/\/elcardinal.com\/index.php?rest_route=\/wp\/v2\/media\/5471"}],"wp:attachment":[{"href":"https:\/\/elcardinal.com\/index.php?rest_route=%2Fwp%2Fv2%2Fmedia&parent=5470"}],"wp:term":[{"taxonomy":"category","embeddable":true,"href":"https:\/\/elcardinal.com\/index.php?rest_route=%2Fwp%2Fv2%2Fcategories&post=5470"},{"taxonomy":"post_tag","embeddable":true,"href":"https:\/\/elcardinal.com\/index.php?rest_route=%2Fwp%2Fv2%2Ftags&post=5470"}],"curies":[{"name":"wp","href":"https:\/\/api.w.org\/{rel}","templated":true}]}}