{"id":5475,"date":"2026-02-10T18:51:10","date_gmt":"2026-02-11T00:51:10","guid":{"rendered":"https:\/\/elcardinal.com\/?p=5475"},"modified":"2026-02-10T18:51:10","modified_gmt":"2026-02-11T00:51:10","slug":"con-iniciativa-diputado-propone-reconocer-como-derecho-de-las-y-los-legisladores-la-realizacion-de-gestiones-sociales","status":"publish","type":"post","link":"https:\/\/elcardinal.com\/?p=5475","title":{"rendered":"Con iniciativa, diputado propone reconocer como derecho de las y los legisladores la realizaci\u00f3n de gestiones sociales"},"content":{"rendered":"<p>Redacci\u00f3n<\/p>\n<p><span style=\"font-weight: 400;\">El diputado <\/span><b>Arturo G\u00f3mez Canales<\/b><span style=\"font-weight: 400;\"> (Morena) present\u00f3 la iniciativa que modifica la Ley Org\u00e1nica del Poder Legislativo del Estado de Hidalgo, con la finalidad de reconocer de manera expresa como derecho de las diputadas y los diputados la realizaci\u00f3n de gestiones sociales y la promoci\u00f3n de acciones que contribuyan al bienestar social, como parte de su funci\u00f3n de representaci\u00f3n.<\/span><\/p>\n<p><span style=\"font-weight: 400;\">Con ello, se busca fortalecer el v\u00ednculo entre el Poder Legislativo y la ciudadan\u00eda, dotando de certeza jur\u00eddica a una pr\u00e1ctica leg\u00edtima y recurrente en el ejercicio parlamentario, sin invadir competencias de otros poderes ni generar nuevas obligaciones administrativas.<\/span><\/p>\n<p><b>Otras iniciativas<\/b><\/p>\n<p><b>Cultura de la donaci\u00f3n de \u00f3rganos<\/b><\/p>\n<p><span style=\"font-weight: 400;\">El diputado <\/span><b>Juan Pablo Escalante Urb\u00e1n<\/b><span style=\"font-weight: 400;\"> (Morena) present\u00f3 la iniciativa que reforma la Ley de Tr\u00e1nsito y Seguridad Vial para el Estado de Hidalgo, con el objetivo de establecer una atribuci\u00f3n para la persona titular de Seguridad P\u00fablica, quien en coordinaci\u00f3n de con la persona titular de Salud, podr\u00e1 instrumentar un programa permanente para fomentar la cultura de la donaci\u00f3n de \u00f3rganos y tejidos durante el proceso de expedici\u00f3n o renovaci\u00f3n de licencias para conducir.<\/span><\/p>\n<p><b>Eliminaci\u00f3n de material con apolog\u00eda de la violencia<\/b><\/p>\n<p><span style=\"font-weight: 400;\">Las legisladoras <\/span><b>Tania Er\u00e9ndira Meza Escorza<\/b><span style=\"font-weight: 400;\">, <\/span><b>Diana Rangel Z\u00fa\u00f1iga<\/b><span style=\"font-weight: 400;\">, <\/span><b>Alma Rosa El\u00edas Paso<\/b><span style=\"font-weight: 400;\">, <\/span><b>Paloma Barrag\u00e1n Santos<\/b><span style=\"font-weight: 400;\"> (Morena), <\/span><b>Mar\u00eda Guadalupe Cruz Monta\u00f1o<\/b><span style=\"font-weight: 400;\"> (PVEM), <\/span><b>Juana Olivia Alarc\u00f3n Rivera<\/b><span style=\"font-weight: 400;\"> (Nueva Alianza) y <\/span><b>Orqu\u00eddea Larragoiti Osorio<\/b><span style=\"font-weight: 400;\"> (PT) propusieron la iniciativa que reforma la Ley de V\u00edctimas y la Ley de Educaci\u00f3n del Estado de Hidalgo, con la finalidad de contribuir a que los contenidos educativos promuevan el pleno ejercicio del derecho de las mujeres, garantizando la eliminaci\u00f3n de todo material educativo que haga apolog\u00eda de la violencia contra las mujeres o reproduzca estereotipos que generen discriminaci\u00f3n y desigualdad.<\/span><\/p>\n<p><b>Capacitaci\u00f3n obligatoria para la prevenci\u00f3n de la violencia<\/b><\/p>\n<p><span style=\"font-weight: 400;\">Las diputadas <\/span><b>Diana Rangel Z\u00fa\u00f1iga<\/b><span style=\"font-weight: 400;\">, <\/span><b>Tania Er\u00e9ndira Meza Escorza<\/b><span style=\"font-weight: 400;\">, <\/span><b>Paloma Barrag\u00e1n Santos<\/b><span style=\"font-weight: 400;\">, <\/span><b>Alma Rosa El\u00edas Paso<\/b><span style=\"font-weight: 400;\"> (Morena), <\/span><b>Juana Olivia Alarc\u00f3n Rivera<\/b><span style=\"font-weight: 400;\"> (Nueva Alianza) y <\/span><b>Orqu\u00eddea Larragoiti Osorio<\/b><span style=\"font-weight: 400;\"> (PT) detallaron la iniciativa que modifica la Ley del Instituto Hidalguense de las Mujeres, Ley de Acceso de las Mujeres a una Vida Libre de Violencia y la Ley de los Trabajadores al Servicio de los Gobiernos Estatal y Municipales, as\u00ed como de los Organismos Descentralizados del Estado de Hidalgo, con el prop\u00f3sito de establecer la capacitaci\u00f3n obligatoria para la prevenci\u00f3n y erradicaci\u00f3n de todo tipo de violencia contra las mujeres, en sus distintas modalidades, dirigida a las personas servidoras p\u00fablicas o que presten servicios profesionales.<\/span><\/p>\n<p><b>Licencias con goce de sueldo para el cuidado de familiares<\/b><\/p>\n<p><span style=\"font-weight: 400;\">El legislador <\/span><b>Avelino Tovar Iglesias<\/b><span style=\"font-weight: 400;\"> (PVEM) present\u00f3 la iniciativa que modifica la Ley de los Trabajadores al Servicio de los Gobiernos Estatal y Municipales, as\u00ed como de los Organismos Descentralizados del Estado de Hidalgo, con el fin de fortalecer el marco de protecci\u00f3n laboral de las y los servidores p\u00fablicos, mediante el reconocimiento expreso del derecho a acceder a licencias con goce de sueldo para el cuidado de familiares en primer grado diagnosticados con c\u00e1ncer o enfermedades en estado terminal.<\/span><\/p>\n<p><b>Promoci\u00f3n de la salud menstrual<\/b><\/p>\n<p><span style=\"font-weight: 400;\">La diputada <\/span><b>Yarabi Gonz\u00e1lez Mart\u00ednez<\/b><span style=\"font-weight: 400;\"> (Morena) propuso la iniciativa que reforma la Ley de Educaci\u00f3n del Estado de Hidalgo para garantizar y promover la salud menstrual de las alumnas del sistema educativo estatal, por lo que resulta fundamental que las instituciones educativas contemplen la posibilidad de otorgar permisos acad\u00e9micos, flexibilizar la asistencia o facilitar alternativas como actividades virtuales o reprogramaci\u00f3n de evaluaciones, con el fin de resguardar el bienestar y la integridad de las alumnas.<\/span><\/p>\n<p><b>Programas de protecci\u00f3n civil con enfoque de derechos humanos<\/b><\/p>\n<p><span style=\"font-weight: 400;\">La legisladora <\/span><b>Hilda Miranda Miranda<\/b><span style=\"font-weight: 400;\"> (Morena) detall\u00f3 la iniciativa que reforma la Ley de Protecci\u00f3n Civil del Estado de Hidalgo, con el objetivo de incorporar la obligaci\u00f3n de incluir en los programas preventivos y de capacitaci\u00f3n en materia de protecci\u00f3n civil los enfoques de derechos humanos y de perspectiva de g\u00e9nero, como elementos transversales e indispensables para una gesti\u00f3n de riesgos inclusiva, eficaz y socialmente justa.<\/span><\/p>\n<p><b>Cuidado de hijas e hijos<\/b><\/p>\n<p><span style=\"font-weight: 400;\">El legislador <\/span><b>Francisco Javier T\u00e9llez S\u00e1nchez<\/b><span style=\"font-weight: 400;\"> (PT) propuso la iniciativa que reforma la Ley de los Trabajadores al Servicio de los Gobiernos Estatal y Municipales, as\u00ed Como de los Organismos Descentralizados del Estado de Hidalgo, con el prop\u00f3sito de fortalecer una visi\u00f3n de trabajo digno y socialmente responsable dentro del servicio p\u00fablico estatal y municipal, reconociendo que las y los trabajadores no solo desempe\u00f1an una funci\u00f3n laboral, tambi\u00e9n cumplen un papel fundamental en el cuidado, acompa\u00f1amiento y formaci\u00f3n de sus hijas e hijos.<\/span><\/p>\n<p><b>Capacitaci\u00f3n para atender a personas autistas<\/b><\/p>\n<p><span style=\"font-weight: 400;\">El diputado <\/span><b>Leonel Perusqu\u00eda Muedano<\/b><span style=\"font-weight: 400;\"> (PRD) detall\u00f3 la iniciativa que reforma la Ley para la Atenci\u00f3n, Protecci\u00f3n, Visibilizaci\u00f3n e Inclusi\u00f3n de las Personas con Condici\u00f3n del Espectro Autista del Estado de Hidalgo para fortalecer la educaci\u00f3n inclusiva mediante el establecimiento de la obligaci\u00f3n de capacitaci\u00f3n peri\u00f3dica, especializada y verificable del personal docente, directivo y de apoyo a la educaci\u00f3n, con \u00e9nfasis en la atenci\u00f3n de ni\u00f1as, ni\u00f1os y adolescentes con trastorno del espectro autista.<\/span><\/p>\n<p><b>Atenci\u00f3n de mujeres v\u00edctimas de violencia<\/b><\/p>\n<p><span style=\"font-weight: 400;\">La diputada <\/span><b>Orqu\u00eddea Larragoiti Osorio<\/b><span style=\"font-weight: 400;\"> (PT) propuso la iniciativa que reforma la Ley de Acceso de las Mujeres a una Vida Libre de Violencia y la Ley de V\u00edctimas para el Estado de Hidalgo, con la finalidad de fortalecer la actuaci\u00f3n del Ministerio P\u00fablico en la atenci\u00f3n de dicho sector, garantizando un acceso efectivo, digno y libre de revictimizaci\u00f3n a la justicia desde el primer contacto con la autoridad, mediante la incorporaci\u00f3n obligatoria de la perspectiva de g\u00e9nero, la debida diligencia reforzada y la adopci\u00f3n inmediata de medidas de protecci\u00f3n.<\/span><\/p>\n<p><b>Asuntos generales<\/b><\/p>\n<p><b>Tarifas preferenciales de transporte<\/b><\/p>\n<p><span style=\"font-weight: 400;\">El legislador <\/span><b>Jos\u00e9 Luis Rodr\u00edguez Higareda<\/b><span style=\"font-weight: 400;\"> (Morena) present\u00f3 el acuerdo econ\u00f3mico que exhorta a las autoridades de movilidad y a las personas concesionarias del transporte p\u00fablico a garantizar el cumplimiento efectivo de las tarifas preferenciales para personas adultas mayores y con discapacidad.<\/span><\/p>\n<p><b>Combate al c\u00e1ncer infantil<\/b><\/p>\n<p><span style=\"font-weight: 400;\">En el marco del D\u00eda internacional del C\u00e1ncer Infantil (15 de febrero), la legisladora <\/span><b>Karla Perales Arrieta<\/b><span style=\"font-weight: 400;\"> (MC) solicit\u00f3 dejar atr\u00e1s la pol\u00edtica de la reacci\u00f3n tard\u00eda y apostar por pol\u00edticas p\u00fablicas preventivas, sostenidas y evaluables. \u201cEsto implica asumir que la salud de la ni\u00f1ez no puede depender de la coyuntura, del \u00e1nimo del momento ni de la fecha en el calendario, sino de decisiones estructurales que se mantengan en el tiempo\u201d.<\/span><\/p>\n<p><b>Falta de seguridad en la entidad<\/b><\/p>\n<p><span style=\"font-weight: 400;\">Ante las desapariciones y las personas halladas sin vida en el estado, la diputada <\/span><b>Johana Montcerrat Hern\u00e1ndez P\u00e9rez<\/b><span style=\"font-weight: 400;\"> (PRI) lament\u00f3 los casos: \u201cdesde este Congreso no podemos normalizar el miedo, la desaparici\u00f3n ni la impunidad. Si como legisladores no reaccionamos hoy, ma\u00f1ana seremos responsables del silencio que est\u00e1 quitando muchas vidas\u201d.<\/span><\/p>\n<p><b>Aniversario de la Carta Magna<\/b><\/p>\n<p><span style=\"font-weight: 400;\">En el marco del aniversario de la Constituci\u00f3n Pol\u00edtica de los Estados Unidos Mexicanos de 1917 (5 de febrero), el legislador <\/span><b>Jos\u00e9 Mar\u00eda Alejandro P\u00e9rez Ram\u00edrez<\/b><span style=\"font-weight: 400;\"> (Nueva Alianza) record\u00f3 que la Carta Magna no fue un documento m\u00e1s, \u201cfue la primera en elevar a rango constitucional los derechos sociales, enviando un mensaje claro al resto de las naciones: la libertad solo es aut\u00e9ntica si se alcanza a trav\u00e9s de la igualdad. Reconocemos que Hidalgo tuvo una participaci\u00f3n determinante en esta gesta\u201d.<\/span><\/p>\n","protected":false},"excerpt":{"rendered":"<p>Redacci\u00f3n El diputado Arturo G\u00f3mez Canales (Morena) present\u00f3 la iniciativa que modifica la Ley Org\u00e1nica del Poder Legislativo del Estado de Hidalgo, con la finalidad de reconocer de manera expresa como derecho de las diputadas y los diputados la realizaci\u00f3n de gestiones sociales y la promoci\u00f3n de acciones que contribuyan al bienestar social, como parte<\/p>\n","protected":false},"author":2,"featured_media":5476,"comment_status":"open","ping_status":"open","sticky":false,"template":"","format":"standard","meta":{"footnotes":""},"categories":[31,44,39],"tags":[],"class_list":{"0":"post-5475","1":"post","2":"type-post","3":"status-publish","4":"format-standard","5":"has-post-thumbnail","7":"category-hidalgo","8":"category-minuto-a-minuto","9":"category-politica"},"yoast_head":"<!-- This site is optimized with the Yoast SEO plugin v26.1.1 - https:\/\/yoast.com\/wordpress\/plugins\/seo\/ -->\n<title>Con iniciativa, diputado propone reconocer como derecho de las y los legisladores la realizaci\u00f3n de gestiones sociales - El Cardinal<\/title>\n<meta name=\"robots\" content=\"index, follow, max-snippet:-1, max-image-preview:large, max-video-preview:-1\" \/>\n<link rel=\"canonical\" href=\"https:\/\/elcardinal.com\/?p=5475\" \/>\n<meta property=\"og:locale\" content=\"es_MX\" \/>\n<meta property=\"og:type\" content=\"article\" \/>\n<meta property=\"og:title\" content=\"Con iniciativa, diputado propone reconocer como derecho de las y los legisladores la realizaci\u00f3n de gestiones sociales - El Cardinal\" \/>\n<meta property=\"og:description\" content=\"Redacci\u00f3n El diputado Arturo G\u00f3mez Canales (Morena) present\u00f3 la iniciativa que modifica la Ley Org\u00e1nica del Poder Legislativo del Estado de Hidalgo, con la finalidad de reconocer de manera expresa como derecho de las diputadas y los diputados la realizaci\u00f3n de gestiones sociales y la promoci\u00f3n de acciones que contribuyan al bienestar social, como parte\" \/>\n<meta property=\"og:url\" content=\"https:\/\/elcardinal.com\/?p=5475\" \/>\n<meta property=\"og:site_name\" content=\"El Cardinal\" \/>\n<meta property=\"article:publisher\" content=\"https:\/\/www.facebook.com\/profile.php?id=100063093107011\" \/>\n<meta property=\"article:published_time\" content=\"2026-02-11T00:51:10+00:00\" \/>\n<meta property=\"og:image\" content=\"https:\/\/elcardinal.com\/wp-content\/uploads\/2026\/02\/Sesion-10.02.2026-Ordinaria-36-scaled.jpg\" \/>\n\t<meta property=\"og:image:width\" content=\"2560\" \/>\n\t<meta property=\"og:image:height\" content=\"1669\" \/>\n\t<meta property=\"og:image:type\" content=\"image\/jpeg\" \/>\n<meta name=\"author\" content=\"Antonio Alcaraz\" \/>\n<meta name=\"twitter:card\" content=\"summary_large_image\" \/>\n<meta name=\"twitter:creator\" content=\"@ElCardinal_Mx\" \/>\n<meta name=\"twitter:site\" content=\"@ElCardinal_Mx\" \/>\n<meta name=\"twitter:label1\" content=\"Escrito por\" \/>\n\t<meta name=\"twitter:data1\" content=\"Antonio Alcaraz\" \/>\n\t<meta name=\"twitter:label2\" content=\"Tiempo de lectura\" \/>\n\t<meta name=\"twitter:data2\" content=\"6 minutos\" \/>\n<script type=\"application\/ld+json\" class=\"yoast-schema-graph\">{\"@context\":\"https:\/\/schema.org\",\"@graph\":[{\"@type\":\"Article\",\"@id\":\"https:\/\/elcardinal.com\/?p=5475#article\",\"isPartOf\":{\"@id\":\"https:\/\/elcardinal.com\/?p=5475\"},\"author\":{\"name\":\"Antonio Alcaraz\",\"@id\":\"https:\/\/elcardinal.com\/#\/schema\/person\/3c352ec0a33987fe275c0e8a2ea69f8b\"},\"headline\":\"Con iniciativa, diputado propone reconocer como derecho de las y los legisladores la realizaci\u00f3n de gestiones sociales\",\"datePublished\":\"2026-02-11T00:51:10+00:00\",\"mainEntityOfPage\":{\"@id\":\"https:\/\/elcardinal.com\/?p=5475\"},\"wordCount\":1324,\"commentCount\":0,\"publisher\":{\"@id\":\"https:\/\/elcardinal.com\/#organization\"},\"image\":{\"@id\":\"https:\/\/elcardinal.com\/?p=5475#primaryimage\"},\"thumbnailUrl\":\"https:\/\/elcardinal.com\/wp-content\/uploads\/2026\/02\/Sesion-10.02.2026-Ordinaria-36-scaled.jpg\",\"articleSection\":[\"Hidalgo\",\"Minuto a Minuto\",\"Pol\u00edtica\"],\"inLanguage\":\"es\",\"potentialAction\":[{\"@type\":\"CommentAction\",\"name\":\"Comment\",\"target\":[\"https:\/\/elcardinal.com\/?p=5475#respond\"]}]},{\"@type\":\"WebPage\",\"@id\":\"https:\/\/elcardinal.com\/?p=5475\",\"url\":\"https:\/\/elcardinal.com\/?p=5475\",\"name\":\"Con iniciativa, diputado propone reconocer como derecho de las y los legisladores la realizaci\u00f3n de gestiones sociales - El Cardinal\",\"isPartOf\":{\"@id\":\"https:\/\/elcardinal.com\/#website\"},\"primaryImageOfPage\":{\"@id\":\"https:\/\/elcardinal.com\/?p=5475#primaryimage\"},\"image\":{\"@id\":\"https:\/\/elcardinal.com\/?p=5475#primaryimage\"},\"thumbnailUrl\":\"https:\/\/elcardinal.com\/wp-content\/uploads\/2026\/02\/Sesion-10.02.2026-Ordinaria-36-scaled.jpg\",\"datePublished\":\"2026-02-11T00:51:10+00:00\",\"breadcrumb\":{\"@id\":\"https:\/\/elcardinal.com\/?p=5475#breadcrumb\"},\"inLanguage\":\"es\",\"potentialAction\":[{\"@type\":\"ReadAction\",\"target\":[\"https:\/\/elcardinal.com\/?p=5475\"]}]},{\"@type\":\"ImageObject\",\"inLanguage\":\"es\",\"@id\":\"https:\/\/elcardinal.com\/?p=5475#primaryimage\",\"url\":\"https:\/\/elcardinal.com\/wp-content\/uploads\/2026\/02\/Sesion-10.02.2026-Ordinaria-36-scaled.jpg\",\"contentUrl\":\"https:\/\/elcardinal.com\/wp-content\/uploads\/2026\/02\/Sesion-10.02.2026-Ordinaria-36-scaled.jpg\",\"width\":2560,\"height\":1669},{\"@type\":\"BreadcrumbList\",\"@id\":\"https:\/\/elcardinal.com\/?p=5475#breadcrumb\",\"itemListElement\":[{\"@type\":\"ListItem\",\"position\":1,\"name\":\"Inicio\",\"item\":\"https:\/\/elcardinal.com\/\"},{\"@type\":\"ListItem\",\"position\":2,\"name\":\"Con iniciativa, diputado propone reconocer como derecho de las y los legisladores la realizaci\u00f3n de gestiones sociales\"}]},{\"@type\":\"WebSite\",\"@id\":\"https:\/\/elcardinal.com\/#website\",\"url\":\"https:\/\/elcardinal.com\/\",\"name\":\"El Cardinal\",\"description\":\"Periodismo honesto, con valor, sentido humano, a veces sarc\u00e1stico y divertido.\",\"publisher\":{\"@id\":\"https:\/\/elcardinal.com\/#organization\"},\"alternateName\":\"El Cardinal Noticias\",\"potentialAction\":[{\"@type\":\"SearchAction\",\"target\":{\"@type\":\"EntryPoint\",\"urlTemplate\":\"https:\/\/elcardinal.com\/?s={search_term_string}\"},\"query-input\":{\"@type\":\"PropertyValueSpecification\",\"valueRequired\":true,\"valueName\":\"search_term_string\"}}],\"inLanguage\":\"es\"},{\"@type\":\"Organization\",\"@id\":\"https:\/\/elcardinal.com\/#organization\",\"name\":\"El Cardinal\",\"url\":\"https:\/\/elcardinal.com\/\",\"logo\":{\"@type\":\"ImageObject\",\"inLanguage\":\"es\",\"@id\":\"https:\/\/elcardinal.com\/#\/schema\/logo\/image\/\",\"url\":\"https:\/\/elcardinal.com\/wp-content\/uploads\/2025\/04\/LOGO-EL-CARDINAL-Periodismo-con-valor.png\",\"contentUrl\":\"https:\/\/elcardinal.com\/wp-content\/uploads\/2025\/04\/LOGO-EL-CARDINAL-Periodismo-con-valor.png\",\"width\":755,\"height\":636,\"caption\":\"El Cardinal\"},\"image\":{\"@id\":\"https:\/\/elcardinal.com\/#\/schema\/logo\/image\/\"},\"sameAs\":[\"https:\/\/www.facebook.com\/profile.php?id=100063093107011\",\"https:\/\/x.com\/ElCardinal_Mx\"]},{\"@type\":\"Person\",\"@id\":\"https:\/\/elcardinal.com\/#\/schema\/person\/3c352ec0a33987fe275c0e8a2ea69f8b\",\"name\":\"Antonio Alcaraz\",\"image\":{\"@type\":\"ImageObject\",\"inLanguage\":\"es\",\"@id\":\"https:\/\/elcardinal.com\/#\/schema\/person\/image\/\",\"url\":\"https:\/\/elcardinal.com\/wp-content\/uploads\/2025\/05\/cropped-TONO-96x96.jpg\",\"contentUrl\":\"https:\/\/elcardinal.com\/wp-content\/uploads\/2025\/05\/cropped-TONO-96x96.jpg\",\"caption\":\"Antonio Alcaraz\"},\"url\":\"https:\/\/elcardinal.com\/?author=2\"}]}<\/script>\n<!-- \/ Yoast SEO plugin. -->","yoast_head_json":{"title":"Con iniciativa, diputado propone reconocer como derecho de las y los legisladores la realizaci\u00f3n de gestiones sociales - El Cardinal","robots":{"index":"index","follow":"follow","max-snippet":"max-snippet:-1","max-image-preview":"max-image-preview:large","max-video-preview":"max-video-preview:-1"},"canonical":"https:\/\/elcardinal.com\/?p=5475","og_locale":"es_MX","og_type":"article","og_title":"Con iniciativa, diputado propone reconocer como derecho de las y los legisladores la realizaci\u00f3n de gestiones sociales - El Cardinal","og_description":"Redacci\u00f3n El diputado Arturo G\u00f3mez Canales (Morena) present\u00f3 la iniciativa que modifica la Ley Org\u00e1nica del Poder Legislativo del Estado de Hidalgo, con la finalidad de reconocer de manera expresa como derecho de las diputadas y los diputados la realizaci\u00f3n de gestiones sociales y la promoci\u00f3n de acciones que contribuyan al bienestar social, como parte","og_url":"https:\/\/elcardinal.com\/?p=5475","og_site_name":"El Cardinal","article_publisher":"https:\/\/www.facebook.com\/profile.php?id=100063093107011","article_published_time":"2026-02-11T00:51:10+00:00","og_image":[{"width":2560,"height":1669,"url":"https:\/\/elcardinal.com\/wp-content\/uploads\/2026\/02\/Sesion-10.02.2026-Ordinaria-36-scaled.jpg","type":"image\/jpeg"}],"author":"Antonio Alcaraz","twitter_card":"summary_large_image","twitter_creator":"@ElCardinal_Mx","twitter_site":"@ElCardinal_Mx","twitter_misc":{"Escrito por":"Antonio Alcaraz","Tiempo de lectura":"6 minutos"},"schema":{"@context":"https:\/\/schema.org","@graph":[{"@type":"Article","@id":"https:\/\/elcardinal.com\/?p=5475#article","isPartOf":{"@id":"https:\/\/elcardinal.com\/?p=5475"},"author":{"name":"Antonio Alcaraz","@id":"https:\/\/elcardinal.com\/#\/schema\/person\/3c352ec0a33987fe275c0e8a2ea69f8b"},"headline":"Con iniciativa, diputado propone reconocer como derecho de las y los legisladores la realizaci\u00f3n de gestiones sociales","datePublished":"2026-02-11T00:51:10+00:00","mainEntityOfPage":{"@id":"https:\/\/elcardinal.com\/?p=5475"},"wordCount":1324,"commentCount":0,"publisher":{"@id":"https:\/\/elcardinal.com\/#organization"},"image":{"@id":"https:\/\/elcardinal.com\/?p=5475#primaryimage"},"thumbnailUrl":"https:\/\/elcardinal.com\/wp-content\/uploads\/2026\/02\/Sesion-10.02.2026-Ordinaria-36-scaled.jpg","articleSection":["Hidalgo","Minuto a Minuto","Pol\u00edtica"],"inLanguage":"es","potentialAction":[{"@type":"CommentAction","name":"Comment","target":["https:\/\/elcardinal.com\/?p=5475#respond"]}]},{"@type":"WebPage","@id":"https:\/\/elcardinal.com\/?p=5475","url":"https:\/\/elcardinal.com\/?p=5475","name":"Con iniciativa, diputado propone reconocer como derecho de las y los legisladores la realizaci\u00f3n de gestiones sociales - El Cardinal","isPartOf":{"@id":"https:\/\/elcardinal.com\/#website"},"primaryImageOfPage":{"@id":"https:\/\/elcardinal.com\/?p=5475#primaryimage"},"image":{"@id":"https:\/\/elcardinal.com\/?p=5475#primaryimage"},"thumbnailUrl":"https:\/\/elcardinal.com\/wp-content\/uploads\/2026\/02\/Sesion-10.02.2026-Ordinaria-36-scaled.jpg","datePublished":"2026-02-11T00:51:10+00:00","breadcrumb":{"@id":"https:\/\/elcardinal.com\/?p=5475#breadcrumb"},"inLanguage":"es","potentialAction":[{"@type":"ReadAction","target":["https:\/\/elcardinal.com\/?p=5475"]}]},{"@type":"ImageObject","inLanguage":"es","@id":"https:\/\/elcardinal.com\/?p=5475#primaryimage","url":"https:\/\/elcardinal.com\/wp-content\/uploads\/2026\/02\/Sesion-10.02.2026-Ordinaria-36-scaled.jpg","contentUrl":"https:\/\/elcardinal.com\/wp-content\/uploads\/2026\/02\/Sesion-10.02.2026-Ordinaria-36-scaled.jpg","width":2560,"height":1669},{"@type":"BreadcrumbList","@id":"https:\/\/elcardinal.com\/?p=5475#breadcrumb","itemListElement":[{"@type":"ListItem","position":1,"name":"Inicio","item":"https:\/\/elcardinal.com\/"},{"@type":"ListItem","position":2,"name":"Con iniciativa, diputado propone reconocer como derecho de las y los legisladores la realizaci\u00f3n de gestiones sociales"}]},{"@type":"WebSite","@id":"https:\/\/elcardinal.com\/#website","url":"https:\/\/elcardinal.com\/","name":"El Cardinal","description":"Periodismo honesto, con valor, sentido humano, a veces sarc\u00e1stico y divertido.","publisher":{"@id":"https:\/\/elcardinal.com\/#organization"},"alternateName":"El Cardinal Noticias","potentialAction":[{"@type":"SearchAction","target":{"@type":"EntryPoint","urlTemplate":"https:\/\/elcardinal.com\/?s={search_term_string}"},"query-input":{"@type":"PropertyValueSpecification","valueRequired":true,"valueName":"search_term_string"}}],"inLanguage":"es"},{"@type":"Organization","@id":"https:\/\/elcardinal.com\/#organization","name":"El Cardinal","url":"https:\/\/elcardinal.com\/","logo":{"@type":"ImageObject","inLanguage":"es","@id":"https:\/\/elcardinal.com\/#\/schema\/logo\/image\/","url":"https:\/\/elcardinal.com\/wp-content\/uploads\/2025\/04\/LOGO-EL-CARDINAL-Periodismo-con-valor.png","contentUrl":"https:\/\/elcardinal.com\/wp-content\/uploads\/2025\/04\/LOGO-EL-CARDINAL-Periodismo-con-valor.png","width":755,"height":636,"caption":"El Cardinal"},"image":{"@id":"https:\/\/elcardinal.com\/#\/schema\/logo\/image\/"},"sameAs":["https:\/\/www.facebook.com\/profile.php?id=100063093107011","https:\/\/x.com\/ElCardinal_Mx"]},{"@type":"Person","@id":"https:\/\/elcardinal.com\/#\/schema\/person\/3c352ec0a33987fe275c0e8a2ea69f8b","name":"Antonio Alcaraz","image":{"@type":"ImageObject","inLanguage":"es","@id":"https:\/\/elcardinal.com\/#\/schema\/person\/image\/","url":"https:\/\/elcardinal.com\/wp-content\/uploads\/2025\/05\/cropped-TONO-96x96.jpg","contentUrl":"https:\/\/elcardinal.com\/wp-content\/uploads\/2025\/05\/cropped-TONO-96x96.jpg","caption":"Antonio Alcaraz"},"url":"https:\/\/elcardinal.com\/?author=2"}]}},"_links":{"self":[{"href":"https:\/\/elcardinal.com\/index.php?rest_route=\/wp\/v2\/posts\/5475","targetHints":{"allow":["GET"]}}],"collection":[{"href":"https:\/\/elcardinal.com\/index.php?rest_route=\/wp\/v2\/posts"}],"about":[{"href":"https:\/\/elcardinal.com\/index.php?rest_route=\/wp\/v2\/types\/post"}],"author":[{"embeddable":true,"href":"https:\/\/elcardinal.com\/index.php?rest_route=\/wp\/v2\/users\/2"}],"replies":[{"embeddable":true,"href":"https:\/\/elcardinal.com\/index.php?rest_route=%2Fwp%2Fv2%2Fcomments&post=5475"}],"version-history":[{"count":1,"href":"https:\/\/elcardinal.com\/index.php?rest_route=\/wp\/v2\/posts\/5475\/revisions"}],"predecessor-version":[{"id":5477,"href":"https:\/\/elcardinal.com\/index.php?rest_route=\/wp\/v2\/posts\/5475\/revisions\/5477"}],"wp:featuredmedia":[{"embeddable":true,"href":"https:\/\/elcardinal.com\/index.php?rest_route=\/wp\/v2\/media\/5476"}],"wp:attachment":[{"href":"https:\/\/elcardinal.com\/index.php?rest_route=%2Fwp%2Fv2%2Fmedia&parent=5475"}],"wp:term":[{"taxonomy":"category","embeddable":true,"href":"https:\/\/elcardinal.com\/index.php?rest_route=%2Fwp%2Fv2%2Fcategories&post=5475"},{"taxonomy":"post_tag","embeddable":true,"href":"https:\/\/elcardinal.com\/index.php?rest_route=%2Fwp%2Fv2%2Ftags&post=5475"}],"curies":[{"name":"wp","href":"https:\/\/api.w.org\/{rel}","templated":true}]}}