{"id":5483,"date":"2026-02-15T11:01:23","date_gmt":"2026-02-15T17:01:23","guid":{"rendered":"https:\/\/elcardinal.com\/?p=5483"},"modified":"2026-02-15T11:03:05","modified_gmt":"2026-02-15T17:03:05","slug":"el-cacao-la-musica-y-las-sincronias-que-nos-recuerdan-quienes-somos","status":"publish","type":"post","link":"https:\/\/elcardinal.com\/?p=5483","title":{"rendered":"El cacao, la m\u00fasica y las sincron\u00edas que nos recuerdan qui\u00e9nes somos"},"content":{"rendered":"<p>Por: <strong>Jos\u00e9 Antonio Alcaraz Su\u00e1rez<\/strong><\/p>\n<p>A lo largo de mi paso por este mundo he acumulado historias de todos los colores: <strong>luces intensas y sombras necesarias.<\/strong> Pero si algo ha marcado mi caminar no han sido \u00fanicamente los acontecimientos, sino las <b>SINCRON\u00cdAS<\/b>. Esos momentos sagrados que no se planean, que no se fuerzan, que simplemente llegan\u2026 y lo cambian todo.<\/p>\n<blockquote><p>Algunas de esas experiencias han ocurrido en el c\u00edrculo del cacao y bajo la vibraci\u00f3n profunda de la m\u00fasica medicina de mi hermano del alma, David<strong> \u00cd\u00f1iguez, el Oso Poderoso, cantautor mexicano de Viento Wirikuta<\/strong>. El pr\u00f3ximo <strong>s\u00e1bado 21 de febrero de 2026\u00a0 estar\u00e1 en Pachuca, Hidalgo,<\/strong> haciendo lo que mejor sabe hacer: abrir corazones a trav\u00e9s de su canto. Y no exagero cuando digo abrir, porque hay m\u00fasicas que entretienen, pero hay otras que atraviesan. (Abajo les dejo todos los detalles de su visita)<\/p><\/blockquote>\n<p>El <strong>cacao<\/strong>, esa planta maestra milenaria, ha sido para m\u00ed una puerta. No una puerta hacia afuera, sino hacia adentro. Nuestros ancestros lo consideraban un \u00e1rbol divino. No era solamente alimento: era puente, era medicina, era conciencia. <strong>Quetzalc\u00f3atl<\/strong> \u2014la Serpiente Emplumada\u2014 lo entreg\u00f3 a los hombres como regalo sagrado. Los <strong>mayas<\/strong> lo asociaban con la trascendencia; los <strong>mexicas<\/strong> lo llamaban oro l\u00edquido. No es casualidad que algo tan simple en apariencia contenga tanta memoria.<\/p>\n<p><img fetchpriority=\"high\" decoding=\"async\" class=\"alignnone size-medium wp-image-5484\" src=\"https:\/\/elcardinal.com\/wp-content\/uploads\/2026\/02\/FB_IMG_1771172680415-300x225.jpg\" alt=\"\" width=\"300\" height=\"225\" srcset=\"https:\/\/elcardinal.com\/wp-content\/uploads\/2026\/02\/FB_IMG_1771172680415-300x225.jpg 300w, https:\/\/elcardinal.com\/wp-content\/uploads\/2026\/02\/FB_IMG_1771172680415-150x113.jpg 150w, https:\/\/elcardinal.com\/wp-content\/uploads\/2026\/02\/FB_IMG_1771172680415-450x338.jpg 450w, https:\/\/elcardinal.com\/wp-content\/uploads\/2026\/02\/FB_IMG_1771172680415.jpg 720w\" sizes=\"(max-width: 300px) 100vw, 300px\" \/><\/p>\n<p>Hoy, cuando el cacao vuelve a ocupar<strong> su lugar como bebida ceremonial,<\/strong> entendemos mejor lo que siempre estuvo ah\u00ed: no es un psicod\u00e9lico, no desconecta, no evade. Al contrario, centra. Abre el coraz\u00f3n porque aumenta la circulaci\u00f3n, s\u00ed, pero tambi\u00e9n porque suaviza las resistencias emocionales. Es una <strong>medicina legal y noble<\/strong> que, combinada con respiraci\u00f3n consciente, meditaci\u00f3n y m\u00fasica, crea una sinergia que restaura cuerpo, mente y esp\u00edritu.<\/p>\n<p><img decoding=\"async\" class=\"alignnone size-medium wp-image-5485\" src=\"https:\/\/elcardinal.com\/wp-content\/uploads\/2026\/02\/FB_IMG_1771174743490-300x300.jpg\" alt=\"\" width=\"300\" height=\"300\" srcset=\"https:\/\/elcardinal.com\/wp-content\/uploads\/2026\/02\/FB_IMG_1771174743490-300x300.jpg 300w, https:\/\/elcardinal.com\/wp-content\/uploads\/2026\/02\/FB_IMG_1771174743490-1024x1024.jpg 1024w, https:\/\/elcardinal.com\/wp-content\/uploads\/2026\/02\/FB_IMG_1771174743490-150x150.jpg 150w, https:\/\/elcardinal.com\/wp-content\/uploads\/2026\/02\/FB_IMG_1771174743490-768x768.jpg 768w, https:\/\/elcardinal.com\/wp-content\/uploads\/2026\/02\/FB_IMG_1771174743490-450x450.jpg 450w, https:\/\/elcardinal.com\/wp-content\/uploads\/2026\/02\/FB_IMG_1771174743490.jpg 1066w\" sizes=\"(max-width: 300px) 100vw, 300px\" \/><\/p>\n<p><strong>YO LO HE VIVIDO\u00a0<\/strong><\/p>\n<p>Mayo de 2021. Un mensaje inesperado. Una mujer Luna que buscaba un espacio para sentirse mejor. Una ceremonia de cacao en Pachuca. Y una canci\u00f3n que naci\u00f3 sin haber sido escrita.<\/p>\n<blockquote><p>Aquella tarde, mientras d\u00e1bamos los primeros sorbos de cacao y acordes sal\u00edan de la guitarra de mi hermano David, cerr\u00e9 los ojos f\u00edsicos y algo m\u00e1s se abri\u00f3. No fue imaginaci\u00f3n; fue percepci\u00f3n. <strong><em>Sent\u00ed c\u00f3mo la vibraci\u00f3n se expand\u00eda desde su voz y c\u00f3mo, en alg\u00fan punto del espacio, dos energ\u00edas comenzaban a reconocerse.<\/em><\/strong> Destellos de colores, un baile sutil, una conexi\u00f3n que no pas\u00f3 por la l\u00f3gica sino por el esp\u00edritu.<\/p><\/blockquote>\n<p>Llor\u00e9.<\/p>\n<p>Ese d\u00eda no solo naci\u00f3 una canci\u00f3n inspirada en el momento \u2014que despu\u00e9s titul\u00e9 \u201c<strong>GRACIAS<\/strong>\u201d\u2014, naci\u00f3 una comprensi\u00f3n m\u00e1s profunda sobre el amor. No el amor rom\u00e1ntico idealizado, sino el amor como espejo. Como maestro. Como medicina de perd\u00f3n, compasi\u00f3n y aceptaci\u00f3n.<\/p>\n<p>Las sincron\u00edas no son casualidades adornadas; son recordatorios. Nos dicen que estamos donde debemos estar. Que las almas se encuentran cuando la vibraci\u00f3n coincide. Que el arte, cuando es verdadero, no se fabrica: se canaliza.<\/p>\n<blockquote><p>El cacao abre el coraz\u00f3n. La m\u00fasica medicina lo ordena. Y cuando ambos se encuentran, algo dentro de nosotros se reconfigura.<\/p><\/blockquote>\n<p>Hoy comparto esta historia no para romantizar el pasado, sino para honrarlo. Porque todos tenemos instantes que nos transforman silenciosamente. Todos hemos sentido, al menos una vez, que el universo conspira para mostrarnos una verdad m\u00e1s grande que nuestra mente.<\/p>\n<p>Quiz\u00e1 de eso se trata vivir: de permitirnos sentir, sanar, agradecer. De entender que el amor no se posee; se experimenta y se deja en libertad. Y que cada encuentro, cada canci\u00f3n, cada ceremonia, es una invitaci\u00f3n a recordar qui\u00e9nes somos m\u00e1s all\u00e1 del ruido.<\/p>\n<p>Gracias a la vida.<\/p>\n<p>Gracias a la medicina.<\/p>\n<p>Gracias a las sincron\u00edas.<\/p>\n<p>Y gracias a esos corazones que se atreven a abrirse.<\/p>\n<p>El encuentro con <strong>David \u00cd\u00f1iguez:\u00a0<\/strong><\/p>\n<p>\ud83d\uddd3 S\u00e1bado 21 de febrero<\/p>\n<p>\ud83d\udd52 16:00 a 20:00 horas<\/p>\n<p>\ud83d\udccd Centro Hol\u00edstico Atma Prema (Mineral de la Reforma) https:\/\/maps.app.goo.gl\/yi9GPWbRr57QNjQm8?g_st=iwb<\/p>\n<p><strong>M\u00e1s informaci\u00f3n<\/strong>:<\/p>\n<p>https:\/\/www.facebook.com\/share\/r\/18AqEPncvz\/<\/p>\n<p><img decoding=\"async\" class=\"alignnone size-medium wp-image-5487\" src=\"https:\/\/elcardinal.com\/wp-content\/uploads\/2026\/02\/IMG-20260211-WA0043-240x300.jpg\" alt=\"\" width=\"240\" height=\"300\" srcset=\"https:\/\/elcardinal.com\/wp-content\/uploads\/2026\/02\/IMG-20260211-WA0043-240x300.jpg 240w, https:\/\/elcardinal.com\/wp-content\/uploads\/2026\/02\/IMG-20260211-WA0043-819x1024.jpg 819w, https:\/\/elcardinal.com\/wp-content\/uploads\/2026\/02\/IMG-20260211-WA0043-768x960.jpg 768w, https:\/\/elcardinal.com\/wp-content\/uploads\/2026\/02\/IMG-20260211-WA0043-150x188.jpg 150w, https:\/\/elcardinal.com\/wp-content\/uploads\/2026\/02\/IMG-20260211-WA0043-450x563.jpg 450w, https:\/\/elcardinal.com\/wp-content\/uploads\/2026\/02\/IMG-20260211-WA0043.jpg 1024w\" sizes=\"(max-width: 240px) 100vw, 240px\" \/><\/p>\n","protected":false},"excerpt":{"rendered":"<p>Por: Jos\u00e9 Antonio Alcaraz Su\u00e1rez A lo largo de mi paso por este mundo he acumulado historias de todos los colores: luces intensas y sombras necesarias. Pero si algo ha marcado mi caminar no han sido \u00fanicamente los acontecimientos, sino las SINCRON\u00cdAS. Esos momentos sagrados que no se planean, que no se fuerzan, que simplemente<\/p>\n","protected":false},"author":2,"featured_media":4879,"comment_status":"open","ping_status":"open","sticky":false,"template":"","format":"standard","meta":{"footnotes":""},"categories":[44,35],"tags":[324,326,325],"class_list":{"0":"post-5483","1":"post","2":"type-post","3":"status-publish","4":"format-standard","5":"has-post-thumbnail","7":"category-minuto-a-minuto","8":"category-opinion","9":"tag-cacao","10":"tag-david-iniguez","11":"tag-viento-wirikuta"},"yoast_head":"<!-- This site is optimized with the Yoast SEO plugin v26.1.1 - https:\/\/yoast.com\/wordpress\/plugins\/seo\/ -->\n<title>El cacao, la m\u00fasica y las sincron\u00edas que nos recuerdan qui\u00e9nes somos - El Cardinal<\/title>\n<meta name=\"robots\" content=\"index, follow, max-snippet:-1, max-image-preview:large, max-video-preview:-1\" \/>\n<link rel=\"canonical\" href=\"https:\/\/elcardinal.com\/?p=5483\" \/>\n<meta property=\"og:locale\" content=\"es_MX\" \/>\n<meta property=\"og:type\" content=\"article\" \/>\n<meta property=\"og:title\" content=\"El cacao, la m\u00fasica y las sincron\u00edas que nos recuerdan qui\u00e9nes somos - El Cardinal\" \/>\n<meta property=\"og:description\" content=\"Por: Jos\u00e9 Antonio Alcaraz Su\u00e1rez A lo largo de mi paso por este mundo he acumulado historias de todos los colores: luces intensas y sombras necesarias. Pero si algo ha marcado mi caminar no han sido \u00fanicamente los acontecimientos, sino las SINCRON\u00cdAS. Esos momentos sagrados que no se planean, que no se fuerzan, que simplemente\" \/>\n<meta property=\"og:url\" content=\"https:\/\/elcardinal.com\/?p=5483\" \/>\n<meta property=\"og:site_name\" content=\"El Cardinal\" \/>\n<meta property=\"article:publisher\" content=\"https:\/\/www.facebook.com\/profile.php?id=100063093107011\" \/>\n<meta property=\"article:published_time\" content=\"2026-02-15T17:01:23+00:00\" \/>\n<meta property=\"article:modified_time\" content=\"2026-02-15T17:03:05+00:00\" \/>\n<meta property=\"og:image\" content=\"https:\/\/elcardinal.com\/wp-content\/uploads\/2025\/07\/490660254_996134765832951_4491792580100797416_n.jpg\" \/>\n\t<meta property=\"og:image:width\" content=\"940\" \/>\n\t<meta property=\"og:image:height\" content=\"788\" \/>\n\t<meta property=\"og:image:type\" content=\"image\/jpeg\" \/>\n<meta name=\"author\" content=\"Antonio Alcaraz\" \/>\n<meta name=\"twitter:card\" content=\"summary_large_image\" \/>\n<meta name=\"twitter:creator\" content=\"@ElCardinal_Mx\" \/>\n<meta name=\"twitter:site\" content=\"@ElCardinal_Mx\" \/>\n<meta name=\"twitter:label1\" content=\"Escrito por\" \/>\n\t<meta name=\"twitter:data1\" content=\"Antonio Alcaraz\" \/>\n\t<meta name=\"twitter:label2\" content=\"Tiempo de lectura\" \/>\n\t<meta name=\"twitter:data2\" content=\"3 minutos\" \/>\n<script type=\"application\/ld+json\" class=\"yoast-schema-graph\">{\"@context\":\"https:\/\/schema.org\",\"@graph\":[{\"@type\":\"Article\",\"@id\":\"https:\/\/elcardinal.com\/?p=5483#article\",\"isPartOf\":{\"@id\":\"https:\/\/elcardinal.com\/?p=5483\"},\"author\":{\"name\":\"Antonio Alcaraz\",\"@id\":\"https:\/\/elcardinal.com\/#\/schema\/person\/3c352ec0a33987fe275c0e8a2ea69f8b\"},\"headline\":\"El cacao, la m\u00fasica y las sincron\u00edas que nos recuerdan qui\u00e9nes somos\",\"datePublished\":\"2026-02-15T17:01:23+00:00\",\"dateModified\":\"2026-02-15T17:03:05+00:00\",\"mainEntityOfPage\":{\"@id\":\"https:\/\/elcardinal.com\/?p=5483\"},\"wordCount\":708,\"commentCount\":0,\"publisher\":{\"@id\":\"https:\/\/elcardinal.com\/#organization\"},\"image\":{\"@id\":\"https:\/\/elcardinal.com\/?p=5483#primaryimage\"},\"thumbnailUrl\":\"https:\/\/elcardinal.com\/wp-content\/uploads\/2025\/07\/490660254_996134765832951_4491792580100797416_n.jpg\",\"keywords\":[\"Cacao\",\"David \u00cd\u00f1iguez\",\"Viento Wirikuta\"],\"articleSection\":[\"Minuto a Minuto\",\"Opini\u00f3n\"],\"inLanguage\":\"es\",\"potentialAction\":[{\"@type\":\"CommentAction\",\"name\":\"Comment\",\"target\":[\"https:\/\/elcardinal.com\/?p=5483#respond\"]}]},{\"@type\":\"WebPage\",\"@id\":\"https:\/\/elcardinal.com\/?p=5483\",\"url\":\"https:\/\/elcardinal.com\/?p=5483\",\"name\":\"El cacao, la m\u00fasica y las sincron\u00edas que nos recuerdan qui\u00e9nes somos - El Cardinal\",\"isPartOf\":{\"@id\":\"https:\/\/elcardinal.com\/#website\"},\"primaryImageOfPage\":{\"@id\":\"https:\/\/elcardinal.com\/?p=5483#primaryimage\"},\"image\":{\"@id\":\"https:\/\/elcardinal.com\/?p=5483#primaryimage\"},\"thumbnailUrl\":\"https:\/\/elcardinal.com\/wp-content\/uploads\/2025\/07\/490660254_996134765832951_4491792580100797416_n.jpg\",\"datePublished\":\"2026-02-15T17:01:23+00:00\",\"dateModified\":\"2026-02-15T17:03:05+00:00\",\"breadcrumb\":{\"@id\":\"https:\/\/elcardinal.com\/?p=5483#breadcrumb\"},\"inLanguage\":\"es\",\"potentialAction\":[{\"@type\":\"ReadAction\",\"target\":[\"https:\/\/elcardinal.com\/?p=5483\"]}]},{\"@type\":\"ImageObject\",\"inLanguage\":\"es\",\"@id\":\"https:\/\/elcardinal.com\/?p=5483#primaryimage\",\"url\":\"https:\/\/elcardinal.com\/wp-content\/uploads\/2025\/07\/490660254_996134765832951_4491792580100797416_n.jpg\",\"contentUrl\":\"https:\/\/elcardinal.com\/wp-content\/uploads\/2025\/07\/490660254_996134765832951_4491792580100797416_n.jpg\",\"width\":940,\"height\":788},{\"@type\":\"BreadcrumbList\",\"@id\":\"https:\/\/elcardinal.com\/?p=5483#breadcrumb\",\"itemListElement\":[{\"@type\":\"ListItem\",\"position\":1,\"name\":\"Inicio\",\"item\":\"https:\/\/elcardinal.com\/\"},{\"@type\":\"ListItem\",\"position\":2,\"name\":\"El cacao, la m\u00fasica y las sincron\u00edas que nos recuerdan qui\u00e9nes somos\"}]},{\"@type\":\"WebSite\",\"@id\":\"https:\/\/elcardinal.com\/#website\",\"url\":\"https:\/\/elcardinal.com\/\",\"name\":\"El Cardinal\",\"description\":\"Periodismo honesto, con valor, sentido humano, a veces sarc\u00e1stico y divertido.\",\"publisher\":{\"@id\":\"https:\/\/elcardinal.com\/#organization\"},\"alternateName\":\"El Cardinal Noticias\",\"potentialAction\":[{\"@type\":\"SearchAction\",\"target\":{\"@type\":\"EntryPoint\",\"urlTemplate\":\"https:\/\/elcardinal.com\/?s={search_term_string}\"},\"query-input\":{\"@type\":\"PropertyValueSpecification\",\"valueRequired\":true,\"valueName\":\"search_term_string\"}}],\"inLanguage\":\"es\"},{\"@type\":\"Organization\",\"@id\":\"https:\/\/elcardinal.com\/#organization\",\"name\":\"El Cardinal\",\"url\":\"https:\/\/elcardinal.com\/\",\"logo\":{\"@type\":\"ImageObject\",\"inLanguage\":\"es\",\"@id\":\"https:\/\/elcardinal.com\/#\/schema\/logo\/image\/\",\"url\":\"https:\/\/elcardinal.com\/wp-content\/uploads\/2025\/04\/LOGO-EL-CARDINAL-Periodismo-con-valor.png\",\"contentUrl\":\"https:\/\/elcardinal.com\/wp-content\/uploads\/2025\/04\/LOGO-EL-CARDINAL-Periodismo-con-valor.png\",\"width\":755,\"height\":636,\"caption\":\"El Cardinal\"},\"image\":{\"@id\":\"https:\/\/elcardinal.com\/#\/schema\/logo\/image\/\"},\"sameAs\":[\"https:\/\/www.facebook.com\/profile.php?id=100063093107011\",\"https:\/\/x.com\/ElCardinal_Mx\"]},{\"@type\":\"Person\",\"@id\":\"https:\/\/elcardinal.com\/#\/schema\/person\/3c352ec0a33987fe275c0e8a2ea69f8b\",\"name\":\"Antonio Alcaraz\",\"image\":{\"@type\":\"ImageObject\",\"inLanguage\":\"es\",\"@id\":\"https:\/\/elcardinal.com\/#\/schema\/person\/image\/\",\"url\":\"https:\/\/elcardinal.com\/wp-content\/uploads\/2025\/05\/cropped-TONO-96x96.jpg\",\"contentUrl\":\"https:\/\/elcardinal.com\/wp-content\/uploads\/2025\/05\/cropped-TONO-96x96.jpg\",\"caption\":\"Antonio Alcaraz\"},\"url\":\"https:\/\/elcardinal.com\/?author=2\"}]}<\/script>\n<!-- \/ Yoast SEO plugin. -->","yoast_head_json":{"title":"El cacao, la m\u00fasica y las sincron\u00edas que nos recuerdan qui\u00e9nes somos - El Cardinal","robots":{"index":"index","follow":"follow","max-snippet":"max-snippet:-1","max-image-preview":"max-image-preview:large","max-video-preview":"max-video-preview:-1"},"canonical":"https:\/\/elcardinal.com\/?p=5483","og_locale":"es_MX","og_type":"article","og_title":"El cacao, la m\u00fasica y las sincron\u00edas que nos recuerdan qui\u00e9nes somos - El Cardinal","og_description":"Por: Jos\u00e9 Antonio Alcaraz Su\u00e1rez A lo largo de mi paso por este mundo he acumulado historias de todos los colores: luces intensas y sombras necesarias. Pero si algo ha marcado mi caminar no han sido \u00fanicamente los acontecimientos, sino las SINCRON\u00cdAS. Esos momentos sagrados que no se planean, que no se fuerzan, que simplemente","og_url":"https:\/\/elcardinal.com\/?p=5483","og_site_name":"El Cardinal","article_publisher":"https:\/\/www.facebook.com\/profile.php?id=100063093107011","article_published_time":"2026-02-15T17:01:23+00:00","article_modified_time":"2026-02-15T17:03:05+00:00","og_image":[{"width":940,"height":788,"url":"https:\/\/elcardinal.com\/wp-content\/uploads\/2025\/07\/490660254_996134765832951_4491792580100797416_n.jpg","type":"image\/jpeg"}],"author":"Antonio Alcaraz","twitter_card":"summary_large_image","twitter_creator":"@ElCardinal_Mx","twitter_site":"@ElCardinal_Mx","twitter_misc":{"Escrito por":"Antonio Alcaraz","Tiempo de lectura":"3 minutos"},"schema":{"@context":"https:\/\/schema.org","@graph":[{"@type":"Article","@id":"https:\/\/elcardinal.com\/?p=5483#article","isPartOf":{"@id":"https:\/\/elcardinal.com\/?p=5483"},"author":{"name":"Antonio Alcaraz","@id":"https:\/\/elcardinal.com\/#\/schema\/person\/3c352ec0a33987fe275c0e8a2ea69f8b"},"headline":"El cacao, la m\u00fasica y las sincron\u00edas que nos recuerdan qui\u00e9nes somos","datePublished":"2026-02-15T17:01:23+00:00","dateModified":"2026-02-15T17:03:05+00:00","mainEntityOfPage":{"@id":"https:\/\/elcardinal.com\/?p=5483"},"wordCount":708,"commentCount":0,"publisher":{"@id":"https:\/\/elcardinal.com\/#organization"},"image":{"@id":"https:\/\/elcardinal.com\/?p=5483#primaryimage"},"thumbnailUrl":"https:\/\/elcardinal.com\/wp-content\/uploads\/2025\/07\/490660254_996134765832951_4491792580100797416_n.jpg","keywords":["Cacao","David \u00cd\u00f1iguez","Viento Wirikuta"],"articleSection":["Minuto a Minuto","Opini\u00f3n"],"inLanguage":"es","potentialAction":[{"@type":"CommentAction","name":"Comment","target":["https:\/\/elcardinal.com\/?p=5483#respond"]}]},{"@type":"WebPage","@id":"https:\/\/elcardinal.com\/?p=5483","url":"https:\/\/elcardinal.com\/?p=5483","name":"El cacao, la m\u00fasica y las sincron\u00edas que nos recuerdan qui\u00e9nes somos - El Cardinal","isPartOf":{"@id":"https:\/\/elcardinal.com\/#website"},"primaryImageOfPage":{"@id":"https:\/\/elcardinal.com\/?p=5483#primaryimage"},"image":{"@id":"https:\/\/elcardinal.com\/?p=5483#primaryimage"},"thumbnailUrl":"https:\/\/elcardinal.com\/wp-content\/uploads\/2025\/07\/490660254_996134765832951_4491792580100797416_n.jpg","datePublished":"2026-02-15T17:01:23+00:00","dateModified":"2026-02-15T17:03:05+00:00","breadcrumb":{"@id":"https:\/\/elcardinal.com\/?p=5483#breadcrumb"},"inLanguage":"es","potentialAction":[{"@type":"ReadAction","target":["https:\/\/elcardinal.com\/?p=5483"]}]},{"@type":"ImageObject","inLanguage":"es","@id":"https:\/\/elcardinal.com\/?p=5483#primaryimage","url":"https:\/\/elcardinal.com\/wp-content\/uploads\/2025\/07\/490660254_996134765832951_4491792580100797416_n.jpg","contentUrl":"https:\/\/elcardinal.com\/wp-content\/uploads\/2025\/07\/490660254_996134765832951_4491792580100797416_n.jpg","width":940,"height":788},{"@type":"BreadcrumbList","@id":"https:\/\/elcardinal.com\/?p=5483#breadcrumb","itemListElement":[{"@type":"ListItem","position":1,"name":"Inicio","item":"https:\/\/elcardinal.com\/"},{"@type":"ListItem","position":2,"name":"El cacao, la m\u00fasica y las sincron\u00edas que nos recuerdan qui\u00e9nes somos"}]},{"@type":"WebSite","@id":"https:\/\/elcardinal.com\/#website","url":"https:\/\/elcardinal.com\/","name":"El Cardinal","description":"Periodismo honesto, con valor, sentido humano, a veces sarc\u00e1stico y divertido.","publisher":{"@id":"https:\/\/elcardinal.com\/#organization"},"alternateName":"El Cardinal Noticias","potentialAction":[{"@type":"SearchAction","target":{"@type":"EntryPoint","urlTemplate":"https:\/\/elcardinal.com\/?s={search_term_string}"},"query-input":{"@type":"PropertyValueSpecification","valueRequired":true,"valueName":"search_term_string"}}],"inLanguage":"es"},{"@type":"Organization","@id":"https:\/\/elcardinal.com\/#organization","name":"El Cardinal","url":"https:\/\/elcardinal.com\/","logo":{"@type":"ImageObject","inLanguage":"es","@id":"https:\/\/elcardinal.com\/#\/schema\/logo\/image\/","url":"https:\/\/elcardinal.com\/wp-content\/uploads\/2025\/04\/LOGO-EL-CARDINAL-Periodismo-con-valor.png","contentUrl":"https:\/\/elcardinal.com\/wp-content\/uploads\/2025\/04\/LOGO-EL-CARDINAL-Periodismo-con-valor.png","width":755,"height":636,"caption":"El Cardinal"},"image":{"@id":"https:\/\/elcardinal.com\/#\/schema\/logo\/image\/"},"sameAs":["https:\/\/www.facebook.com\/profile.php?id=100063093107011","https:\/\/x.com\/ElCardinal_Mx"]},{"@type":"Person","@id":"https:\/\/elcardinal.com\/#\/schema\/person\/3c352ec0a33987fe275c0e8a2ea69f8b","name":"Antonio Alcaraz","image":{"@type":"ImageObject","inLanguage":"es","@id":"https:\/\/elcardinal.com\/#\/schema\/person\/image\/","url":"https:\/\/elcardinal.com\/wp-content\/uploads\/2025\/05\/cropped-TONO-96x96.jpg","contentUrl":"https:\/\/elcardinal.com\/wp-content\/uploads\/2025\/05\/cropped-TONO-96x96.jpg","caption":"Antonio Alcaraz"},"url":"https:\/\/elcardinal.com\/?author=2"}]}},"_links":{"self":[{"href":"https:\/\/elcardinal.com\/index.php?rest_route=\/wp\/v2\/posts\/5483","targetHints":{"allow":["GET"]}}],"collection":[{"href":"https:\/\/elcardinal.com\/index.php?rest_route=\/wp\/v2\/posts"}],"about":[{"href":"https:\/\/elcardinal.com\/index.php?rest_route=\/wp\/v2\/types\/post"}],"author":[{"embeddable":true,"href":"https:\/\/elcardinal.com\/index.php?rest_route=\/wp\/v2\/users\/2"}],"replies":[{"embeddable":true,"href":"https:\/\/elcardinal.com\/index.php?rest_route=%2Fwp%2Fv2%2Fcomments&post=5483"}],"version-history":[{"count":2,"href":"https:\/\/elcardinal.com\/index.php?rest_route=\/wp\/v2\/posts\/5483\/revisions"}],"predecessor-version":[{"id":5488,"href":"https:\/\/elcardinal.com\/index.php?rest_route=\/wp\/v2\/posts\/5483\/revisions\/5488"}],"wp:featuredmedia":[{"embeddable":true,"href":"https:\/\/elcardinal.com\/index.php?rest_route=\/wp\/v2\/media\/4879"}],"wp:attachment":[{"href":"https:\/\/elcardinal.com\/index.php?rest_route=%2Fwp%2Fv2%2Fmedia&parent=5483"}],"wp:term":[{"taxonomy":"category","embeddable":true,"href":"https:\/\/elcardinal.com\/index.php?rest_route=%2Fwp%2Fv2%2Fcategories&post=5483"},{"taxonomy":"post_tag","embeddable":true,"href":"https:\/\/elcardinal.com\/index.php?rest_route=%2Fwp%2Fv2%2Ftags&post=5483"}],"curies":[{"name":"wp","href":"https:\/\/api.w.org\/{rel}","templated":true}]}}