{"id":5493,"date":"2026-02-17T20:38:39","date_gmt":"2026-02-18T02:38:39","guid":{"rendered":"https:\/\/elcardinal.com\/?p=5493"},"modified":"2026-02-17T20:38:39","modified_gmt":"2026-02-18T02:38:39","slug":"seguridad-con-resultados-tizayuca-reporta-47-detenciones-y-feria-en-saldo-blanco","status":"publish","type":"post","link":"https:\/\/elcardinal.com\/?p=5493","title":{"rendered":"Seguridad con resultados: Tizayuca reporta 47 detenciones y feria en saldo blanco"},"content":{"rendered":"<p data-start=\"111\" data-end=\"419\">Por: Antonio Alcaraz<\/p>\n<p data-start=\"111\" data-end=\"419\">En el marco de la conferencia \u201cConsolidaci\u00f3n de la Paz\u201d, la presidenta municipal de <span class=\"hover:entity-accent entity-underline inline cursor-pointer align-baseline\"><span class=\"whitespace-normal\">Gretchen Atilano<\/span><\/span> reafirm\u00f3 el compromiso de su administraci\u00f3n con la seguridad, la transparencia y la coordinaci\u00f3n interinstitucional, al presentar los resultados obtenidos del 1 al 15 de febrero de 2026.<\/p>\n<p data-start=\"421\" data-end=\"858\">Durante su mensaje, destac\u00f3 que esta estrategia est\u00e1 alineada con la pol\u00edtica nacional de seguridad impulsada por la presidenta <span class=\"hover:entity-accent entity-underline inline cursor-pointer align-baseline\"><span class=\"whitespace-normal\">Claudia Sheinbaum<\/span><\/span> y con el plan estatal encabezado por el gobernador <span class=\"hover:entity-accent entity-underline inline cursor-pointer align-baseline\"><span class=\"whitespace-normal\">Julio Menchaca<\/span><\/span>, bajo cuatro ejes fundamentales: atenci\u00f3n a las causas de la violencia, fortalecimiento policial, uso de inteligencia y tecnolog\u00eda, y coordinaci\u00f3n entre los tres \u00f3rdenes de gobierno.<\/p>\n<h2 data-start=\"860\" data-end=\"914\">\ud83d\udea8 Detenciones relevantes y operativos estrat\u00e9gicos<\/h2>\n<p data-start=\"916\" data-end=\"1225\">Uno de los puntos centrales fue la detenci\u00f3n de cuatro hombres presuntamente vinculados con una agresi\u00f3n registrada el 11 de febrero en avenida Ju\u00e1rez, en la colonia Cuxtitla. La acci\u00f3n fue resultado del trabajo conjunto entre la Secretar\u00eda de Seguridad Ciudadana, autoridades estatales y el mando coordinado.<\/p>\n<p data-start=\"1227\" data-end=\"1593\">Tambi\u00e9n se inform\u00f3 sobre la captura de un hombre de 32 a\u00f1os relacionado con un ataque en el fraccionamiento Fuentes de Tizayuca, as\u00ed como la atenci\u00f3n inmediata a un reporte por ri\u00f1a en el libramiento a la altura del barrio de Cuxtitla, donde se localiz\u00f3 a una persona sin vida. En todos los casos se reiter\u00f3 el respeto al debido proceso y la presunci\u00f3n de inocencia.<\/p>\n<p data-start=\"1595\" data-end=\"1744\">En total, del 1 al 15 de febrero se registraron 47 personas detenidas:<br data-start=\"1665\" data-end=\"1668\" \/>\ud83d\udd39 44 por faltas administrativas<br data-start=\"1700\" data-end=\"1703\" \/>\ud83d\udd39 3 por hechos constitutivos de delito<\/p>\n<p data-start=\"1746\" data-end=\"1917\">Las principales causas fueron alteraci\u00f3n al orden p\u00fablico, consumo de sustancias en v\u00eda p\u00fablica, actitudes que generaron p\u00e1nico social e impedimento de labores policiales.<\/p>\n<h2 data-start=\"1919\" data-end=\"1972\">\ud83c\udfa5 Tecnolog\u00eda e inteligencia al servicio de la paz<\/h2>\n<p data-start=\"1974\" data-end=\"2287\">El secretario t\u00e9cnico Armando Ramos Mercado detall\u00f3 que las labores de rastreo y localizaci\u00f3n fueron fortalecidas con equipo de inteligencia de reciente adquisici\u00f3n, incluyendo c\u00e1maras de videovigilancia, dispositivos especializados y drones, herramientas que ya est\u00e1n dando resultados concretos en el territorio.<\/p>\n<h2 data-start=\"2289\" data-end=\"2340\">\ud83c\udfa1 Feria Tizayuca 2026 concluye con saldo blanco<\/h2>\n<p data-start=\"2342\" data-end=\"2516\">Del 6 al 15 de febrero se despleg\u00f3 un operativo especial por la feria Tizayuca 2026, con hasta 81 elementos en fines de semana, unidades, motocicletas y drones de vigilancia.<\/p>\n<p data-start=\"2518\" data-end=\"2782\">El resultado fue saldo blanco, sin incidentes que pusieran en riesgo la integridad de los asistentes. Autoridades subrayaron que este logro es producto de la planeaci\u00f3n anticipada, la coordinaci\u00f3n interinstitucional y la participaci\u00f3n responsable de la ciudadan\u00eda.<\/p>\n<h2 data-start=\"2784\" data-end=\"2836\">\ud83d\udc6e\u200d\u2640\ufe0f Capacitaci\u00f3n policial, prioridad permanente<\/h2>\n<p data-start=\"2838\" data-end=\"2984\">Como parte del fortalecimiento institucional, 209 elementos participaron en una jornada intensiva de capacitaci\u00f3n de un mes, abordando temas como:<\/p>\n<p data-start=\"2986\" data-end=\"3168\">\u2714\ufe0f Protocolo de primer respondiente<br data-start=\"3021\" data-end=\"3024\" \/>\u2714\ufe0f C\u00f3digo Nacional de Procedimientos Penales<br data-start=\"3068\" data-end=\"3071\" \/>\u2714\ufe0f Uso leg\u00edtimo de la fuerza<br data-start=\"3099\" data-end=\"3102\" \/>\u2714\ufe0f Control de multitudes<br data-start=\"3126\" data-end=\"3129\" \/>\u2714\ufe0f Atenci\u00f3n con perspectiva de g\u00e9nero<\/p>\n<p data-start=\"3170\" data-end=\"3298\">La capacitaci\u00f3n cont\u00f3 tambi\u00e9n con apoyo de la <span class=\"hover:entity-accent entity-underline inline cursor-pointer align-baseline\"><span class=\"whitespace-normal\">Procuradur\u00eda General de Justicia del Estado de Hidalgo<\/span><\/span>, reforzando la atenci\u00f3n integral a v\u00edctimas.<\/p>\n<h2 data-start=\"3300\" data-end=\"3358\">\ud83d\udcbc Inversiones millonarias y vivienda para el bienestar<\/h2>\n<p data-start=\"3360\" data-end=\"3675\">En otro tema, la alcaldesa inform\u00f3 que Tizayuca fue incluida en el octavo anuncio de inversiones realizado junto al gobernador <span class=\"hover:entity-accent entity-underline inline cursor-pointer align-baseline\"><span class=\"whitespace-normal\">Julio Menchaca<\/span><\/span>, donde se confirmaron proyectos por aproximadamente 1,250 millones de pesos, generando nuevas oportunidades laborales para las familias del municipio.<\/p>\n<p data-start=\"3677\" data-end=\"4015\">Asimismo, se\u00f1al\u00f3 avances en mesas de trabajo con la Secretar\u00eda de Desarrollo Agrario, Territorial y Urbano (SEDATU) para integrar a Tizayuca en el programa federal de viviendas del bienestar, lo que podr\u00eda ampliar el acceso a vivienda digna mediante esquemas con iniciativa privada, Infonavit y posibles donaciones de predios municipales.<\/p>\n<h2 data-start=\"4017\" data-end=\"4073\">\ud83c\udfdb\ufe0f Nuevos nombramientos fortalecen la administraci\u00f3n<\/h2>\n<p data-start=\"4075\" data-end=\"4404\">Durante la conferencia tambi\u00e9n se presentaron nuevos titulares en \u00e1reas estrat\u00e9gicas como Bienestar Social, Innovaci\u00f3n y Transformaci\u00f3n Digital, Catastro, Asuntos Internos, Justicia C\u00edvica, Educaci\u00f3n, Desarrollo e Inclusi\u00f3n Social y Atenci\u00f3n a la Comunidad LGBT+, reafirmando el compromiso de profesionalizar el servicio p\u00fablico.<\/p>\n<p data-start=\"4406\" data-end=\"4638\">Al cierre, la presidenta municipal reiter\u00f3 que la convocatoria para formar parte de la Polic\u00eda Municipal contin\u00faa abierta, destacando que la seguridad \u201cno es improvisaci\u00f3n, es trabajo diario, coordinaci\u00f3n y compromiso con la gente\u201d.<\/p>\n<p data-start=\"4640\" data-end=\"4789\" data-is-last-node=\"\" data-is-only-node=\"\">Con acciones firmes, inversi\u00f3n estrat\u00e9gica y capacitaci\u00f3n constante, Tizayuca avanza en la construcci\u00f3n de una paz sostenible para sus familias.<\/p>\n","protected":false},"excerpt":{"rendered":"<p>Por: Antonio Alcaraz En el marco de la conferencia \u201cConsolidaci\u00f3n de la Paz\u201d, la presidenta municipal de Gretchen Atilano reafirm\u00f3 el compromiso de su administraci\u00f3n con la seguridad, la transparencia y la coordinaci\u00f3n interinstitucional, al presentar los resultados obtenidos del 1 al 15 de febrero de 2026. Durante su mensaje, destac\u00f3 que esta estrategia est\u00e1<\/p>\n","protected":false},"author":2,"featured_media":5494,"comment_status":"open","ping_status":"open","sticky":false,"template":"","format":"standard","meta":{"footnotes":""},"categories":[31,32,44],"tags":[47,45],"class_list":{"0":"post-5493","1":"post","2":"type-post","3":"status-publish","4":"format-standard","5":"has-post-thumbnail","7":"category-hidalgo","8":"category-metropoli","9":"category-minuto-a-minuto","10":"tag-gretchen-atilano","11":"tag-tizayuca"},"yoast_head":"<!-- This site is optimized with the Yoast SEO plugin v26.1.1 - https:\/\/yoast.com\/wordpress\/plugins\/seo\/ -->\n<title>Seguridad con resultados: Tizayuca reporta 47 detenciones y feria en saldo blanco - El Cardinal<\/title>\n<meta name=\"robots\" content=\"index, follow, max-snippet:-1, max-image-preview:large, max-video-preview:-1\" \/>\n<link rel=\"canonical\" href=\"https:\/\/elcardinal.com\/?p=5493\" \/>\n<meta property=\"og:locale\" content=\"es_MX\" \/>\n<meta property=\"og:type\" content=\"article\" \/>\n<meta property=\"og:title\" content=\"Seguridad con resultados: Tizayuca reporta 47 detenciones y feria en saldo blanco - El Cardinal\" \/>\n<meta property=\"og:description\" content=\"Por: Antonio Alcaraz En el marco de la conferencia \u201cConsolidaci\u00f3n de la Paz\u201d, la presidenta municipal de Gretchen Atilano reafirm\u00f3 el compromiso de su administraci\u00f3n con la seguridad, la transparencia y la coordinaci\u00f3n interinstitucional, al presentar los resultados obtenidos del 1 al 15 de febrero de 2026. Durante su mensaje, destac\u00f3 que esta estrategia est\u00e1\" \/>\n<meta property=\"og:url\" content=\"https:\/\/elcardinal.com\/?p=5493\" \/>\n<meta property=\"og:site_name\" content=\"El Cardinal\" \/>\n<meta property=\"article:publisher\" content=\"https:\/\/www.facebook.com\/profile.php?id=100063093107011\" \/>\n<meta property=\"article:published_time\" content=\"2026-02-18T02:38:39+00:00\" \/>\n<meta property=\"og:image\" content=\"https:\/\/elcardinal.com\/wp-content\/uploads\/2026\/02\/Screenshot_2.jpg\" \/>\n\t<meta property=\"og:image:width\" content=\"1522\" \/>\n\t<meta property=\"og:image:height\" content=\"856\" \/>\n\t<meta property=\"og:image:type\" content=\"image\/jpeg\" \/>\n<meta name=\"author\" content=\"Antonio Alcaraz\" \/>\n<meta name=\"twitter:card\" content=\"summary_large_image\" \/>\n<meta name=\"twitter:creator\" content=\"@ElCardinal_Mx\" \/>\n<meta name=\"twitter:site\" content=\"@ElCardinal_Mx\" \/>\n<meta name=\"twitter:label1\" content=\"Escrito por\" \/>\n\t<meta name=\"twitter:data1\" content=\"Antonio Alcaraz\" \/>\n\t<meta name=\"twitter:label2\" content=\"Tiempo de lectura\" \/>\n\t<meta name=\"twitter:data2\" content=\"4 minutos\" \/>\n<script type=\"application\/ld+json\" class=\"yoast-schema-graph\">{\"@context\":\"https:\/\/schema.org\",\"@graph\":[{\"@type\":\"Article\",\"@id\":\"https:\/\/elcardinal.com\/?p=5493#article\",\"isPartOf\":{\"@id\":\"https:\/\/elcardinal.com\/?p=5493\"},\"author\":{\"name\":\"Antonio Alcaraz\",\"@id\":\"https:\/\/elcardinal.com\/#\/schema\/person\/3c352ec0a33987fe275c0e8a2ea69f8b\"},\"headline\":\"Seguridad con resultados: Tizayuca reporta 47 detenciones y feria en saldo blanco\",\"datePublished\":\"2026-02-18T02:38:39+00:00\",\"mainEntityOfPage\":{\"@id\":\"https:\/\/elcardinal.com\/?p=5493\"},\"wordCount\":719,\"commentCount\":0,\"publisher\":{\"@id\":\"https:\/\/elcardinal.com\/#organization\"},\"image\":{\"@id\":\"https:\/\/elcardinal.com\/?p=5493#primaryimage\"},\"thumbnailUrl\":\"https:\/\/elcardinal.com\/wp-content\/uploads\/2026\/02\/Screenshot_2.jpg\",\"keywords\":[\"Gretchen Atilano\",\"Tizayuca\"],\"articleSection\":[\"Hidalgo\",\"Metr\u00f3poli\",\"Minuto a Minuto\"],\"inLanguage\":\"es\",\"potentialAction\":[{\"@type\":\"CommentAction\",\"name\":\"Comment\",\"target\":[\"https:\/\/elcardinal.com\/?p=5493#respond\"]}]},{\"@type\":\"WebPage\",\"@id\":\"https:\/\/elcardinal.com\/?p=5493\",\"url\":\"https:\/\/elcardinal.com\/?p=5493\",\"name\":\"Seguridad con resultados: Tizayuca reporta 47 detenciones y feria en saldo blanco - El Cardinal\",\"isPartOf\":{\"@id\":\"https:\/\/elcardinal.com\/#website\"},\"primaryImageOfPage\":{\"@id\":\"https:\/\/elcardinal.com\/?p=5493#primaryimage\"},\"image\":{\"@id\":\"https:\/\/elcardinal.com\/?p=5493#primaryimage\"},\"thumbnailUrl\":\"https:\/\/elcardinal.com\/wp-content\/uploads\/2026\/02\/Screenshot_2.jpg\",\"datePublished\":\"2026-02-18T02:38:39+00:00\",\"breadcrumb\":{\"@id\":\"https:\/\/elcardinal.com\/?p=5493#breadcrumb\"},\"inLanguage\":\"es\",\"potentialAction\":[{\"@type\":\"ReadAction\",\"target\":[\"https:\/\/elcardinal.com\/?p=5493\"]}]},{\"@type\":\"ImageObject\",\"inLanguage\":\"es\",\"@id\":\"https:\/\/elcardinal.com\/?p=5493#primaryimage\",\"url\":\"https:\/\/elcardinal.com\/wp-content\/uploads\/2026\/02\/Screenshot_2.jpg\",\"contentUrl\":\"https:\/\/elcardinal.com\/wp-content\/uploads\/2026\/02\/Screenshot_2.jpg\",\"width\":1522,\"height\":856},{\"@type\":\"BreadcrumbList\",\"@id\":\"https:\/\/elcardinal.com\/?p=5493#breadcrumb\",\"itemListElement\":[{\"@type\":\"ListItem\",\"position\":1,\"name\":\"Inicio\",\"item\":\"https:\/\/elcardinal.com\/\"},{\"@type\":\"ListItem\",\"position\":2,\"name\":\"Seguridad con resultados: Tizayuca reporta 47 detenciones y feria en saldo blanco\"}]},{\"@type\":\"WebSite\",\"@id\":\"https:\/\/elcardinal.com\/#website\",\"url\":\"https:\/\/elcardinal.com\/\",\"name\":\"El Cardinal\",\"description\":\"Periodismo honesto, con valor, sentido humano, a veces sarc\u00e1stico y divertido.\",\"publisher\":{\"@id\":\"https:\/\/elcardinal.com\/#organization\"},\"alternateName\":\"El Cardinal Noticias\",\"potentialAction\":[{\"@type\":\"SearchAction\",\"target\":{\"@type\":\"EntryPoint\",\"urlTemplate\":\"https:\/\/elcardinal.com\/?s={search_term_string}\"},\"query-input\":{\"@type\":\"PropertyValueSpecification\",\"valueRequired\":true,\"valueName\":\"search_term_string\"}}],\"inLanguage\":\"es\"},{\"@type\":\"Organization\",\"@id\":\"https:\/\/elcardinal.com\/#organization\",\"name\":\"El Cardinal\",\"url\":\"https:\/\/elcardinal.com\/\",\"logo\":{\"@type\":\"ImageObject\",\"inLanguage\":\"es\",\"@id\":\"https:\/\/elcardinal.com\/#\/schema\/logo\/image\/\",\"url\":\"https:\/\/elcardinal.com\/wp-content\/uploads\/2025\/04\/LOGO-EL-CARDINAL-Periodismo-con-valor.png\",\"contentUrl\":\"https:\/\/elcardinal.com\/wp-content\/uploads\/2025\/04\/LOGO-EL-CARDINAL-Periodismo-con-valor.png\",\"width\":755,\"height\":636,\"caption\":\"El Cardinal\"},\"image\":{\"@id\":\"https:\/\/elcardinal.com\/#\/schema\/logo\/image\/\"},\"sameAs\":[\"https:\/\/www.facebook.com\/profile.php?id=100063093107011\",\"https:\/\/x.com\/ElCardinal_Mx\"]},{\"@type\":\"Person\",\"@id\":\"https:\/\/elcardinal.com\/#\/schema\/person\/3c352ec0a33987fe275c0e8a2ea69f8b\",\"name\":\"Antonio Alcaraz\",\"image\":{\"@type\":\"ImageObject\",\"inLanguage\":\"es\",\"@id\":\"https:\/\/elcardinal.com\/#\/schema\/person\/image\/\",\"url\":\"https:\/\/elcardinal.com\/wp-content\/uploads\/2025\/05\/cropped-TONO-96x96.jpg\",\"contentUrl\":\"https:\/\/elcardinal.com\/wp-content\/uploads\/2025\/05\/cropped-TONO-96x96.jpg\",\"caption\":\"Antonio Alcaraz\"},\"url\":\"https:\/\/elcardinal.com\/?author=2\"}]}<\/script>\n<!-- \/ Yoast SEO plugin. -->","yoast_head_json":{"title":"Seguridad con resultados: Tizayuca reporta 47 detenciones y feria en saldo blanco - El Cardinal","robots":{"index":"index","follow":"follow","max-snippet":"max-snippet:-1","max-image-preview":"max-image-preview:large","max-video-preview":"max-video-preview:-1"},"canonical":"https:\/\/elcardinal.com\/?p=5493","og_locale":"es_MX","og_type":"article","og_title":"Seguridad con resultados: Tizayuca reporta 47 detenciones y feria en saldo blanco - El Cardinal","og_description":"Por: Antonio Alcaraz En el marco de la conferencia \u201cConsolidaci\u00f3n de la Paz\u201d, la presidenta municipal de Gretchen Atilano reafirm\u00f3 el compromiso de su administraci\u00f3n con la seguridad, la transparencia y la coordinaci\u00f3n interinstitucional, al presentar los resultados obtenidos del 1 al 15 de febrero de 2026. Durante su mensaje, destac\u00f3 que esta estrategia est\u00e1","og_url":"https:\/\/elcardinal.com\/?p=5493","og_site_name":"El Cardinal","article_publisher":"https:\/\/www.facebook.com\/profile.php?id=100063093107011","article_published_time":"2026-02-18T02:38:39+00:00","og_image":[{"width":1522,"height":856,"url":"https:\/\/elcardinal.com\/wp-content\/uploads\/2026\/02\/Screenshot_2.jpg","type":"image\/jpeg"}],"author":"Antonio Alcaraz","twitter_card":"summary_large_image","twitter_creator":"@ElCardinal_Mx","twitter_site":"@ElCardinal_Mx","twitter_misc":{"Escrito por":"Antonio Alcaraz","Tiempo de lectura":"4 minutos"},"schema":{"@context":"https:\/\/schema.org","@graph":[{"@type":"Article","@id":"https:\/\/elcardinal.com\/?p=5493#article","isPartOf":{"@id":"https:\/\/elcardinal.com\/?p=5493"},"author":{"name":"Antonio Alcaraz","@id":"https:\/\/elcardinal.com\/#\/schema\/person\/3c352ec0a33987fe275c0e8a2ea69f8b"},"headline":"Seguridad con resultados: Tizayuca reporta 47 detenciones y feria en saldo blanco","datePublished":"2026-02-18T02:38:39+00:00","mainEntityOfPage":{"@id":"https:\/\/elcardinal.com\/?p=5493"},"wordCount":719,"commentCount":0,"publisher":{"@id":"https:\/\/elcardinal.com\/#organization"},"image":{"@id":"https:\/\/elcardinal.com\/?p=5493#primaryimage"},"thumbnailUrl":"https:\/\/elcardinal.com\/wp-content\/uploads\/2026\/02\/Screenshot_2.jpg","keywords":["Gretchen Atilano","Tizayuca"],"articleSection":["Hidalgo","Metr\u00f3poli","Minuto a Minuto"],"inLanguage":"es","potentialAction":[{"@type":"CommentAction","name":"Comment","target":["https:\/\/elcardinal.com\/?p=5493#respond"]}]},{"@type":"WebPage","@id":"https:\/\/elcardinal.com\/?p=5493","url":"https:\/\/elcardinal.com\/?p=5493","name":"Seguridad con resultados: Tizayuca reporta 47 detenciones y feria en saldo blanco - El Cardinal","isPartOf":{"@id":"https:\/\/elcardinal.com\/#website"},"primaryImageOfPage":{"@id":"https:\/\/elcardinal.com\/?p=5493#primaryimage"},"image":{"@id":"https:\/\/elcardinal.com\/?p=5493#primaryimage"},"thumbnailUrl":"https:\/\/elcardinal.com\/wp-content\/uploads\/2026\/02\/Screenshot_2.jpg","datePublished":"2026-02-18T02:38:39+00:00","breadcrumb":{"@id":"https:\/\/elcardinal.com\/?p=5493#breadcrumb"},"inLanguage":"es","potentialAction":[{"@type":"ReadAction","target":["https:\/\/elcardinal.com\/?p=5493"]}]},{"@type":"ImageObject","inLanguage":"es","@id":"https:\/\/elcardinal.com\/?p=5493#primaryimage","url":"https:\/\/elcardinal.com\/wp-content\/uploads\/2026\/02\/Screenshot_2.jpg","contentUrl":"https:\/\/elcardinal.com\/wp-content\/uploads\/2026\/02\/Screenshot_2.jpg","width":1522,"height":856},{"@type":"BreadcrumbList","@id":"https:\/\/elcardinal.com\/?p=5493#breadcrumb","itemListElement":[{"@type":"ListItem","position":1,"name":"Inicio","item":"https:\/\/elcardinal.com\/"},{"@type":"ListItem","position":2,"name":"Seguridad con resultados: Tizayuca reporta 47 detenciones y feria en saldo blanco"}]},{"@type":"WebSite","@id":"https:\/\/elcardinal.com\/#website","url":"https:\/\/elcardinal.com\/","name":"El Cardinal","description":"Periodismo honesto, con valor, sentido humano, a veces sarc\u00e1stico y divertido.","publisher":{"@id":"https:\/\/elcardinal.com\/#organization"},"alternateName":"El Cardinal Noticias","potentialAction":[{"@type":"SearchAction","target":{"@type":"EntryPoint","urlTemplate":"https:\/\/elcardinal.com\/?s={search_term_string}"},"query-input":{"@type":"PropertyValueSpecification","valueRequired":true,"valueName":"search_term_string"}}],"inLanguage":"es"},{"@type":"Organization","@id":"https:\/\/elcardinal.com\/#organization","name":"El Cardinal","url":"https:\/\/elcardinal.com\/","logo":{"@type":"ImageObject","inLanguage":"es","@id":"https:\/\/elcardinal.com\/#\/schema\/logo\/image\/","url":"https:\/\/elcardinal.com\/wp-content\/uploads\/2025\/04\/LOGO-EL-CARDINAL-Periodismo-con-valor.png","contentUrl":"https:\/\/elcardinal.com\/wp-content\/uploads\/2025\/04\/LOGO-EL-CARDINAL-Periodismo-con-valor.png","width":755,"height":636,"caption":"El Cardinal"},"image":{"@id":"https:\/\/elcardinal.com\/#\/schema\/logo\/image\/"},"sameAs":["https:\/\/www.facebook.com\/profile.php?id=100063093107011","https:\/\/x.com\/ElCardinal_Mx"]},{"@type":"Person","@id":"https:\/\/elcardinal.com\/#\/schema\/person\/3c352ec0a33987fe275c0e8a2ea69f8b","name":"Antonio Alcaraz","image":{"@type":"ImageObject","inLanguage":"es","@id":"https:\/\/elcardinal.com\/#\/schema\/person\/image\/","url":"https:\/\/elcardinal.com\/wp-content\/uploads\/2025\/05\/cropped-TONO-96x96.jpg","contentUrl":"https:\/\/elcardinal.com\/wp-content\/uploads\/2025\/05\/cropped-TONO-96x96.jpg","caption":"Antonio Alcaraz"},"url":"https:\/\/elcardinal.com\/?author=2"}]}},"_links":{"self":[{"href":"https:\/\/elcardinal.com\/index.php?rest_route=\/wp\/v2\/posts\/5493","targetHints":{"allow":["GET"]}}],"collection":[{"href":"https:\/\/elcardinal.com\/index.php?rest_route=\/wp\/v2\/posts"}],"about":[{"href":"https:\/\/elcardinal.com\/index.php?rest_route=\/wp\/v2\/types\/post"}],"author":[{"embeddable":true,"href":"https:\/\/elcardinal.com\/index.php?rest_route=\/wp\/v2\/users\/2"}],"replies":[{"embeddable":true,"href":"https:\/\/elcardinal.com\/index.php?rest_route=%2Fwp%2Fv2%2Fcomments&post=5493"}],"version-history":[{"count":1,"href":"https:\/\/elcardinal.com\/index.php?rest_route=\/wp\/v2\/posts\/5493\/revisions"}],"predecessor-version":[{"id":5495,"href":"https:\/\/elcardinal.com\/index.php?rest_route=\/wp\/v2\/posts\/5493\/revisions\/5495"}],"wp:featuredmedia":[{"embeddable":true,"href":"https:\/\/elcardinal.com\/index.php?rest_route=\/wp\/v2\/media\/5494"}],"wp:attachment":[{"href":"https:\/\/elcardinal.com\/index.php?rest_route=%2Fwp%2Fv2%2Fmedia&parent=5493"}],"wp:term":[{"taxonomy":"category","embeddable":true,"href":"https:\/\/elcardinal.com\/index.php?rest_route=%2Fwp%2Fv2%2Fcategories&post=5493"},{"taxonomy":"post_tag","embeddable":true,"href":"https:\/\/elcardinal.com\/index.php?rest_route=%2Fwp%2Fv2%2Ftags&post=5493"}],"curies":[{"name":"wp","href":"https:\/\/api.w.org\/{rel}","templated":true}]}}