{"id":5500,"date":"2026-02-17T21:04:26","date_gmt":"2026-02-18T03:04:26","guid":{"rendered":"https:\/\/elcardinal.com\/?p=5500"},"modified":"2026-02-17T21:04:26","modified_gmt":"2026-02-18T03:04:26","slug":"diputados-exhortan-a-municipios-a-implementar-un-plan-de-desazolve-contra-inundaciones","status":"publish","type":"post","link":"https:\/\/elcardinal.com\/?p=5500","title":{"rendered":"Diputados exhortan a municipios a implementar un plan de desazolve contra inundaciones"},"content":{"rendered":"<p>Redacci\u00f3n<\/p>\n<p><span style=\"font-weight: 400;\">En sesi\u00f3n ordinaria, diputadas y diputados integrantes de la <\/span><b>LXVI Legislatura<\/b><span style=\"font-weight: 400;\"> aprobaron con 23 votos a favor, cero en contra y cero abstenciones, el acuerdo econ\u00f3mico que exhorta a los 84 municipios a implementar y poner en marcha un plan integral permanente de acci\u00f3n de mantenimiento y desazolve de la red de drenaje y alcantarillado en sus principales calles, avenidas y bulevares, promovido por la legisladora <\/span><b>Hilda Miranda Miranda<\/b><span style=\"font-weight: 400;\"> (Morena), emitido por la primera Comisi\u00f3n Permanente de Protecci\u00f3n Civil y Gesti\u00f3n Integral de Riesgos.<\/span><\/p>\n<p><span style=\"font-weight: 400;\">El legislador <\/span><b>Juli\u00e1n Nochebuena Hern\u00e1ndez<\/b><span style=\"font-weight: 400;\"> (Morena) record\u00f3 que la finalidad es evitar inundaciones que puedan provocar da\u00f1os estructurales en los inmuebles, viviendas, automotores, as\u00ed como p\u00e9rdidas de objetos muebles y documentos de valor.<\/span><\/p>\n<p><b>Iniciativas<\/b><\/p>\n<p><b>Participaci\u00f3n pol\u00edtica efectiva de pueblos y comunidades ind\u00edgenas<\/b><\/p>\n<p><span style=\"font-weight: 400;\">La diputada <\/span><b>Cynthia Citlali Delgado Mendoza<\/b><span style=\"font-weight: 400;\"> (Morena) present\u00f3 la iniciativa que reforma la Ley Org\u00e1nica Municipal para el Estado de Hidalgo, con el objetivo de fortalecer la participaci\u00f3n pol\u00edtica efectiva de los pueblos y comunidades ind\u00edgenas y afromexicanas en el \u00e1mbito municipal, mediante el reconocimiento expreso y la regulaci\u00f3n normativa de su representaci\u00f3n ante los ayuntamientos.<\/span><\/p>\n<p><b>Reunificaci\u00f3n familiar<\/b><\/p>\n<p><span style=\"font-weight: 400;\">La legisladora <\/span><b>Johana Montcerrat Hern\u00e1ndez P\u00e9rez<\/b><span style=\"font-weight: 400;\"> (PRI) propuso la iniciativa que modifica la Ley de Derechos de Ni\u00f1as, Ni\u00f1os y Adolescentes para el Estado de Hidalgo, con la finalidad de dotar de certeza jur\u00eddica a las instituciones, mediante la incorporaci\u00f3n de definiciones precisas que permitan identificar la situaci\u00f3n de vulnerabilidad de cada menor.<\/span><\/p>\n<p><b>Pol\u00edtica cultural<\/b><\/p>\n<p><span style=\"font-weight: 400;\">El diputado <\/span><b>Francisco Javier T\u00e9llez S\u00e1nchez<\/b><span style=\"font-weight: 400;\"> (PT) detall\u00f3 la iniciativa que reforma la Ley de Cultura y Derechos Culturales del Estado de Hidalgo, con el prop\u00f3sito de fortalecer el enfoque participativo y plural en la conducci\u00f3n de la pol\u00edtica cultural, consolidando un modelo de gobernanza que reconozca a la sociedad civil organizada como aliada estrat\u00e9gica en la definici\u00f3n, ejecuci\u00f3n y evaluaci\u00f3n de las acciones.<\/span><\/p>\n<p><b>Reconocimiento a brigadistas comunitarios<\/b><\/p>\n<p><span style=\"font-weight: 400;\">El legislador <\/span><b>Marco Antonio Mendoza Bustamante<\/b><span style=\"font-weight: 400;\"> (PRI) present\u00f3 la iniciativa que modifica la Ley de Protecci\u00f3n Civil para el Estado de Hidalgo, la cual busca adicionar m\u00e1s elementos a la figura de brigada como aquellos designados y coordinados por la Unidad Interna de Protecci\u00f3n Civil municipal como los encargados del desarrollo y ejecuci\u00f3n de acciones de prevenci\u00f3n, auxilio y recuperaci\u00f3n.<\/span><\/p>\n<p><b>Asuntos generales<\/b><\/p>\n<p><b>Reubicaci\u00f3n de enjambres de abejas<\/b><\/p>\n<p><span style=\"font-weight: 400;\">La legisladora <\/span><b>Yarabi Gonz\u00e1lez Mart\u00ednez<\/b><span style=\"font-weight: 400;\"> (Morena) present\u00f3 el acuerdo econ\u00f3mico que exhorta a los 84 ayuntamientos a fortalecer la capacitaci\u00f3n, protocolos y coordinaci\u00f3n para el manejo, rescate y reubicaci\u00f3n de enjambres de abejas, a fin de proteger a los polinizadores y garantizar la seguridad de la poblaci\u00f3n.<\/span><\/p>\n<p><b>Infraestructura p\u00fablica en desuso<\/b><\/p>\n<p><span style=\"font-weight: 400;\">La diputada <\/span><b>Mar\u00eda Guadalupe Cruz Monta\u00f1o<\/b><span style=\"font-weight: 400;\"> (PVEM) propuso un acuerdo econ\u00f3mico que exhorta a la Secretar\u00eda del Bienestar e Inclusi\u00f3n Social a llevar a cabo un diagn\u00f3stico integral sobre la infraestructura p\u00fablica en desuso, con el prop\u00f3sito de evaluar su viabilidad para ser habilitada como centros gerontol\u00f3gicos o casas de d\u00eda destinadas a la atenci\u00f3n de las personas adultas mayores.<\/span><\/p>\n<p><b>Sistema integral de cuidados<\/b><\/p>\n<p><span style=\"font-weight: 400;\">La legisladora <\/span><b>Karla Perales Arrieta<\/b><span style=\"font-weight: 400;\"> (MC) asegur\u00f3 que \u201cseguimos dando batalla hacia la consolidaci\u00f3n de un sistema integral de cuidados que se sostenga en pol\u00edtica p\u00fablica, instituciones s\u00f3lidas y en una distribuci\u00f3n planeada de los recursos existentes. Y esa pelea no se dar\u00e1 desde la intuici\u00f3n ni desde las buenas intenciones. Se traza con m\u00e9todo, con evidencia y decisiones p\u00fablicas claras\u201d.<\/span><\/p>\n<p><b>Protecci\u00f3n al ejercicio period\u00edstico<\/b><\/p>\n<p><span style=\"font-weight: 400;\">La diputada <\/span><b>Tania Er\u00e9ndira Meza Escorza<\/b><span style=\"font-weight: 400;\"> (Morena) hizo un llamado<\/span> <span style=\"font-weight: 400;\">a las y los periodistas que vivieron agresiones el pasado 12 de febrero en Ciudad Cooperativa Cruz Azul para que acudan a la Procuradur\u00eda General de Justicia del Estado de Hidalgo a presentar su denuncia. \u201cTambi\u00e9n hago un llamado a las y los titulares de comunicaci\u00f3n social y\/o gubernamental de los tres poderes y los tres niveles de gobierno en Hidalgo para que impulsen el respeto al ejercicio period\u00edstico por parte de las autoridades de su competencia\u201d.<\/span><\/p>\n","protected":false},"excerpt":{"rendered":"<p>Redacci\u00f3n En sesi\u00f3n ordinaria, diputadas y diputados integrantes de la LXVI Legislatura aprobaron con 23 votos a favor, cero en contra y cero abstenciones, el acuerdo econ\u00f3mico que exhorta a los 84 municipios a implementar y poner en marcha un plan integral permanente de acci\u00f3n de mantenimiento y desazolve de la red de drenaje y<\/p>\n","protected":false},"author":2,"featured_media":5501,"comment_status":"open","ping_status":"open","sticky":false,"template":"","format":"standard","meta":{"footnotes":""},"categories":[31,44,39],"tags":[62,329],"class_list":{"0":"post-5500","1":"post","2":"type-post","3":"status-publish","4":"format-standard","5":"has-post-thumbnail","7":"category-hidalgo","8":"category-minuto-a-minuto","9":"category-politica","10":"tag-congreso-de-hidalgo","11":"tag-diputados"},"yoast_head":"<!-- This site is optimized with the Yoast SEO plugin v26.1.1 - https:\/\/yoast.com\/wordpress\/plugins\/seo\/ -->\n<title>Diputados exhortan a municipios a implementar un plan de desazolve contra inundaciones - El Cardinal<\/title>\n<meta name=\"robots\" content=\"index, follow, max-snippet:-1, max-image-preview:large, max-video-preview:-1\" \/>\n<link rel=\"canonical\" href=\"https:\/\/elcardinal.com\/?p=5500\" \/>\n<meta property=\"og:locale\" content=\"es_MX\" \/>\n<meta property=\"og:type\" content=\"article\" \/>\n<meta property=\"og:title\" content=\"Diputados exhortan a municipios a implementar un plan de desazolve contra inundaciones - El Cardinal\" \/>\n<meta property=\"og:description\" content=\"Redacci\u00f3n En sesi\u00f3n ordinaria, diputadas y diputados integrantes de la LXVI Legislatura aprobaron con 23 votos a favor, cero en contra y cero abstenciones, el acuerdo econ\u00f3mico que exhorta a los 84 municipios a implementar y poner en marcha un plan integral permanente de acci\u00f3n de mantenimiento y desazolve de la red de drenaje y\" \/>\n<meta property=\"og:url\" content=\"https:\/\/elcardinal.com\/?p=5500\" \/>\n<meta property=\"og:site_name\" content=\"El Cardinal\" \/>\n<meta property=\"article:publisher\" content=\"https:\/\/www.facebook.com\/profile.php?id=100063093107011\" \/>\n<meta property=\"article:published_time\" content=\"2026-02-18T03:04:26+00:00\" \/>\n<meta property=\"og:image\" content=\"https:\/\/elcardinal.com\/wp-content\/uploads\/2026\/02\/Sesion-17.02.2026-ordinaria-22.jpg\" \/>\n\t<meta property=\"og:image:width\" content=\"2400\" \/>\n\t<meta property=\"og:image:height\" content=\"1600\" \/>\n\t<meta property=\"og:image:type\" content=\"image\/jpeg\" \/>\n<meta name=\"author\" content=\"Antonio Alcaraz\" \/>\n<meta name=\"twitter:card\" content=\"summary_large_image\" \/>\n<meta name=\"twitter:creator\" content=\"@ElCardinal_Mx\" \/>\n<meta name=\"twitter:site\" content=\"@ElCardinal_Mx\" \/>\n<meta name=\"twitter:label1\" content=\"Escrito por\" \/>\n\t<meta name=\"twitter:data1\" content=\"Antonio Alcaraz\" \/>\n\t<meta name=\"twitter:label2\" content=\"Tiempo de lectura\" \/>\n\t<meta name=\"twitter:data2\" content=\"4 minutos\" \/>\n<script type=\"application\/ld+json\" class=\"yoast-schema-graph\">{\"@context\":\"https:\/\/schema.org\",\"@graph\":[{\"@type\":\"Article\",\"@id\":\"https:\/\/elcardinal.com\/?p=5500#article\",\"isPartOf\":{\"@id\":\"https:\/\/elcardinal.com\/?p=5500\"},\"author\":{\"name\":\"Antonio Alcaraz\",\"@id\":\"https:\/\/elcardinal.com\/#\/schema\/person\/3c352ec0a33987fe275c0e8a2ea69f8b\"},\"headline\":\"Diputados exhortan a municipios a implementar un plan de desazolve contra inundaciones\",\"datePublished\":\"2026-02-18T03:04:26+00:00\",\"mainEntityOfPage\":{\"@id\":\"https:\/\/elcardinal.com\/?p=5500\"},\"wordCount\":730,\"commentCount\":0,\"publisher\":{\"@id\":\"https:\/\/elcardinal.com\/#organization\"},\"image\":{\"@id\":\"https:\/\/elcardinal.com\/?p=5500#primaryimage\"},\"thumbnailUrl\":\"https:\/\/elcardinal.com\/wp-content\/uploads\/2026\/02\/Sesion-17.02.2026-ordinaria-22.jpg\",\"keywords\":[\"Congreso de Hidalgo\",\"Diputados\"],\"articleSection\":[\"Hidalgo\",\"Minuto a Minuto\",\"Pol\u00edtica\"],\"inLanguage\":\"es\",\"potentialAction\":[{\"@type\":\"CommentAction\",\"name\":\"Comment\",\"target\":[\"https:\/\/elcardinal.com\/?p=5500#respond\"]}]},{\"@type\":\"WebPage\",\"@id\":\"https:\/\/elcardinal.com\/?p=5500\",\"url\":\"https:\/\/elcardinal.com\/?p=5500\",\"name\":\"Diputados exhortan a municipios a implementar un plan de desazolve contra inundaciones - El Cardinal\",\"isPartOf\":{\"@id\":\"https:\/\/elcardinal.com\/#website\"},\"primaryImageOfPage\":{\"@id\":\"https:\/\/elcardinal.com\/?p=5500#primaryimage\"},\"image\":{\"@id\":\"https:\/\/elcardinal.com\/?p=5500#primaryimage\"},\"thumbnailUrl\":\"https:\/\/elcardinal.com\/wp-content\/uploads\/2026\/02\/Sesion-17.02.2026-ordinaria-22.jpg\",\"datePublished\":\"2026-02-18T03:04:26+00:00\",\"breadcrumb\":{\"@id\":\"https:\/\/elcardinal.com\/?p=5500#breadcrumb\"},\"inLanguage\":\"es\",\"potentialAction\":[{\"@type\":\"ReadAction\",\"target\":[\"https:\/\/elcardinal.com\/?p=5500\"]}]},{\"@type\":\"ImageObject\",\"inLanguage\":\"es\",\"@id\":\"https:\/\/elcardinal.com\/?p=5500#primaryimage\",\"url\":\"https:\/\/elcardinal.com\/wp-content\/uploads\/2026\/02\/Sesion-17.02.2026-ordinaria-22.jpg\",\"contentUrl\":\"https:\/\/elcardinal.com\/wp-content\/uploads\/2026\/02\/Sesion-17.02.2026-ordinaria-22.jpg\",\"width\":2400,\"height\":1600},{\"@type\":\"BreadcrumbList\",\"@id\":\"https:\/\/elcardinal.com\/?p=5500#breadcrumb\",\"itemListElement\":[{\"@type\":\"ListItem\",\"position\":1,\"name\":\"Inicio\",\"item\":\"https:\/\/elcardinal.com\/\"},{\"@type\":\"ListItem\",\"position\":2,\"name\":\"Diputados exhortan a municipios a implementar un plan de desazolve contra inundaciones\"}]},{\"@type\":\"WebSite\",\"@id\":\"https:\/\/elcardinal.com\/#website\",\"url\":\"https:\/\/elcardinal.com\/\",\"name\":\"El Cardinal\",\"description\":\"Periodismo honesto, con valor, sentido humano, a veces sarc\u00e1stico y divertido.\",\"publisher\":{\"@id\":\"https:\/\/elcardinal.com\/#organization\"},\"alternateName\":\"El Cardinal Noticias\",\"potentialAction\":[{\"@type\":\"SearchAction\",\"target\":{\"@type\":\"EntryPoint\",\"urlTemplate\":\"https:\/\/elcardinal.com\/?s={search_term_string}\"},\"query-input\":{\"@type\":\"PropertyValueSpecification\",\"valueRequired\":true,\"valueName\":\"search_term_string\"}}],\"inLanguage\":\"es\"},{\"@type\":\"Organization\",\"@id\":\"https:\/\/elcardinal.com\/#organization\",\"name\":\"El Cardinal\",\"url\":\"https:\/\/elcardinal.com\/\",\"logo\":{\"@type\":\"ImageObject\",\"inLanguage\":\"es\",\"@id\":\"https:\/\/elcardinal.com\/#\/schema\/logo\/image\/\",\"url\":\"https:\/\/elcardinal.com\/wp-content\/uploads\/2025\/04\/LOGO-EL-CARDINAL-Periodismo-con-valor.png\",\"contentUrl\":\"https:\/\/elcardinal.com\/wp-content\/uploads\/2025\/04\/LOGO-EL-CARDINAL-Periodismo-con-valor.png\",\"width\":755,\"height\":636,\"caption\":\"El Cardinal\"},\"image\":{\"@id\":\"https:\/\/elcardinal.com\/#\/schema\/logo\/image\/\"},\"sameAs\":[\"https:\/\/www.facebook.com\/profile.php?id=100063093107011\",\"https:\/\/x.com\/ElCardinal_Mx\"]},{\"@type\":\"Person\",\"@id\":\"https:\/\/elcardinal.com\/#\/schema\/person\/3c352ec0a33987fe275c0e8a2ea69f8b\",\"name\":\"Antonio Alcaraz\",\"image\":{\"@type\":\"ImageObject\",\"inLanguage\":\"es\",\"@id\":\"https:\/\/elcardinal.com\/#\/schema\/person\/image\/\",\"url\":\"https:\/\/elcardinal.com\/wp-content\/uploads\/2025\/05\/cropped-TONO-96x96.jpg\",\"contentUrl\":\"https:\/\/elcardinal.com\/wp-content\/uploads\/2025\/05\/cropped-TONO-96x96.jpg\",\"caption\":\"Antonio Alcaraz\"},\"url\":\"https:\/\/elcardinal.com\/?author=2\"}]}<\/script>\n<!-- \/ Yoast SEO plugin. -->","yoast_head_json":{"title":"Diputados exhortan a municipios a implementar un plan de desazolve contra inundaciones - El Cardinal","robots":{"index":"index","follow":"follow","max-snippet":"max-snippet:-1","max-image-preview":"max-image-preview:large","max-video-preview":"max-video-preview:-1"},"canonical":"https:\/\/elcardinal.com\/?p=5500","og_locale":"es_MX","og_type":"article","og_title":"Diputados exhortan a municipios a implementar un plan de desazolve contra inundaciones - El Cardinal","og_description":"Redacci\u00f3n En sesi\u00f3n ordinaria, diputadas y diputados integrantes de la LXVI Legislatura aprobaron con 23 votos a favor, cero en contra y cero abstenciones, el acuerdo econ\u00f3mico que exhorta a los 84 municipios a implementar y poner en marcha un plan integral permanente de acci\u00f3n de mantenimiento y desazolve de la red de drenaje y","og_url":"https:\/\/elcardinal.com\/?p=5500","og_site_name":"El Cardinal","article_publisher":"https:\/\/www.facebook.com\/profile.php?id=100063093107011","article_published_time":"2026-02-18T03:04:26+00:00","og_image":[{"width":2400,"height":1600,"url":"https:\/\/elcardinal.com\/wp-content\/uploads\/2026\/02\/Sesion-17.02.2026-ordinaria-22.jpg","type":"image\/jpeg"}],"author":"Antonio Alcaraz","twitter_card":"summary_large_image","twitter_creator":"@ElCardinal_Mx","twitter_site":"@ElCardinal_Mx","twitter_misc":{"Escrito por":"Antonio Alcaraz","Tiempo de lectura":"4 minutos"},"schema":{"@context":"https:\/\/schema.org","@graph":[{"@type":"Article","@id":"https:\/\/elcardinal.com\/?p=5500#article","isPartOf":{"@id":"https:\/\/elcardinal.com\/?p=5500"},"author":{"name":"Antonio Alcaraz","@id":"https:\/\/elcardinal.com\/#\/schema\/person\/3c352ec0a33987fe275c0e8a2ea69f8b"},"headline":"Diputados exhortan a municipios a implementar un plan de desazolve contra inundaciones","datePublished":"2026-02-18T03:04:26+00:00","mainEntityOfPage":{"@id":"https:\/\/elcardinal.com\/?p=5500"},"wordCount":730,"commentCount":0,"publisher":{"@id":"https:\/\/elcardinal.com\/#organization"},"image":{"@id":"https:\/\/elcardinal.com\/?p=5500#primaryimage"},"thumbnailUrl":"https:\/\/elcardinal.com\/wp-content\/uploads\/2026\/02\/Sesion-17.02.2026-ordinaria-22.jpg","keywords":["Congreso de Hidalgo","Diputados"],"articleSection":["Hidalgo","Minuto a Minuto","Pol\u00edtica"],"inLanguage":"es","potentialAction":[{"@type":"CommentAction","name":"Comment","target":["https:\/\/elcardinal.com\/?p=5500#respond"]}]},{"@type":"WebPage","@id":"https:\/\/elcardinal.com\/?p=5500","url":"https:\/\/elcardinal.com\/?p=5500","name":"Diputados exhortan a municipios a implementar un plan de desazolve contra inundaciones - El Cardinal","isPartOf":{"@id":"https:\/\/elcardinal.com\/#website"},"primaryImageOfPage":{"@id":"https:\/\/elcardinal.com\/?p=5500#primaryimage"},"image":{"@id":"https:\/\/elcardinal.com\/?p=5500#primaryimage"},"thumbnailUrl":"https:\/\/elcardinal.com\/wp-content\/uploads\/2026\/02\/Sesion-17.02.2026-ordinaria-22.jpg","datePublished":"2026-02-18T03:04:26+00:00","breadcrumb":{"@id":"https:\/\/elcardinal.com\/?p=5500#breadcrumb"},"inLanguage":"es","potentialAction":[{"@type":"ReadAction","target":["https:\/\/elcardinal.com\/?p=5500"]}]},{"@type":"ImageObject","inLanguage":"es","@id":"https:\/\/elcardinal.com\/?p=5500#primaryimage","url":"https:\/\/elcardinal.com\/wp-content\/uploads\/2026\/02\/Sesion-17.02.2026-ordinaria-22.jpg","contentUrl":"https:\/\/elcardinal.com\/wp-content\/uploads\/2026\/02\/Sesion-17.02.2026-ordinaria-22.jpg","width":2400,"height":1600},{"@type":"BreadcrumbList","@id":"https:\/\/elcardinal.com\/?p=5500#breadcrumb","itemListElement":[{"@type":"ListItem","position":1,"name":"Inicio","item":"https:\/\/elcardinal.com\/"},{"@type":"ListItem","position":2,"name":"Diputados exhortan a municipios a implementar un plan de desazolve contra inundaciones"}]},{"@type":"WebSite","@id":"https:\/\/elcardinal.com\/#website","url":"https:\/\/elcardinal.com\/","name":"El Cardinal","description":"Periodismo honesto, con valor, sentido humano, a veces sarc\u00e1stico y divertido.","publisher":{"@id":"https:\/\/elcardinal.com\/#organization"},"alternateName":"El Cardinal Noticias","potentialAction":[{"@type":"SearchAction","target":{"@type":"EntryPoint","urlTemplate":"https:\/\/elcardinal.com\/?s={search_term_string}"},"query-input":{"@type":"PropertyValueSpecification","valueRequired":true,"valueName":"search_term_string"}}],"inLanguage":"es"},{"@type":"Organization","@id":"https:\/\/elcardinal.com\/#organization","name":"El Cardinal","url":"https:\/\/elcardinal.com\/","logo":{"@type":"ImageObject","inLanguage":"es","@id":"https:\/\/elcardinal.com\/#\/schema\/logo\/image\/","url":"https:\/\/elcardinal.com\/wp-content\/uploads\/2025\/04\/LOGO-EL-CARDINAL-Periodismo-con-valor.png","contentUrl":"https:\/\/elcardinal.com\/wp-content\/uploads\/2025\/04\/LOGO-EL-CARDINAL-Periodismo-con-valor.png","width":755,"height":636,"caption":"El Cardinal"},"image":{"@id":"https:\/\/elcardinal.com\/#\/schema\/logo\/image\/"},"sameAs":["https:\/\/www.facebook.com\/profile.php?id=100063093107011","https:\/\/x.com\/ElCardinal_Mx"]},{"@type":"Person","@id":"https:\/\/elcardinal.com\/#\/schema\/person\/3c352ec0a33987fe275c0e8a2ea69f8b","name":"Antonio Alcaraz","image":{"@type":"ImageObject","inLanguage":"es","@id":"https:\/\/elcardinal.com\/#\/schema\/person\/image\/","url":"https:\/\/elcardinal.com\/wp-content\/uploads\/2025\/05\/cropped-TONO-96x96.jpg","contentUrl":"https:\/\/elcardinal.com\/wp-content\/uploads\/2025\/05\/cropped-TONO-96x96.jpg","caption":"Antonio Alcaraz"},"url":"https:\/\/elcardinal.com\/?author=2"}]}},"_links":{"self":[{"href":"https:\/\/elcardinal.com\/index.php?rest_route=\/wp\/v2\/posts\/5500","targetHints":{"allow":["GET"]}}],"collection":[{"href":"https:\/\/elcardinal.com\/index.php?rest_route=\/wp\/v2\/posts"}],"about":[{"href":"https:\/\/elcardinal.com\/index.php?rest_route=\/wp\/v2\/types\/post"}],"author":[{"embeddable":true,"href":"https:\/\/elcardinal.com\/index.php?rest_route=\/wp\/v2\/users\/2"}],"replies":[{"embeddable":true,"href":"https:\/\/elcardinal.com\/index.php?rest_route=%2Fwp%2Fv2%2Fcomments&post=5500"}],"version-history":[{"count":1,"href":"https:\/\/elcardinal.com\/index.php?rest_route=\/wp\/v2\/posts\/5500\/revisions"}],"predecessor-version":[{"id":5502,"href":"https:\/\/elcardinal.com\/index.php?rest_route=\/wp\/v2\/posts\/5500\/revisions\/5502"}],"wp:featuredmedia":[{"embeddable":true,"href":"https:\/\/elcardinal.com\/index.php?rest_route=\/wp\/v2\/media\/5501"}],"wp:attachment":[{"href":"https:\/\/elcardinal.com\/index.php?rest_route=%2Fwp%2Fv2%2Fmedia&parent=5500"}],"wp:term":[{"taxonomy":"category","embeddable":true,"href":"https:\/\/elcardinal.com\/index.php?rest_route=%2Fwp%2Fv2%2Fcategories&post=5500"},{"taxonomy":"post_tag","embeddable":true,"href":"https:\/\/elcardinal.com\/index.php?rest_route=%2Fwp%2Fv2%2Ftags&post=5500"}],"curies":[{"name":"wp","href":"https:\/\/api.w.org\/{rel}","templated":true}]}}