{"id":5503,"date":"2026-02-19T00:40:59","date_gmt":"2026-02-19T06:40:59","guid":{"rendered":"https:\/\/elcardinal.com\/?p=5503"},"modified":"2026-02-19T00:40:59","modified_gmt":"2026-02-19T06:40:59","slug":"legisladores-fortalecen-la-crianza-positiva-para-la-proteccion-de-la-ninez-y-adolescencia","status":"publish","type":"post","link":"https:\/\/elcardinal.com\/?p=5503","title":{"rendered":"Legisladores fortalecen la crianza positiva para la protecci\u00f3n de la ni\u00f1ez y adolescencia"},"content":{"rendered":"<p>Redacci\u00f3n<\/p>\n<p><span style=\"font-weight: 400;\">En sesi\u00f3n ordinaria, diputadas y diputados integrantes de la <\/span><b>LXVI Legislatura <\/b><span style=\"font-weight: 400;\">avalaron con 22 votos a favor, cero en contra y cero abstenciones, el dictamen que aprueba con modificaciones la iniciativa que reforma la Ley de Derechos de Ni\u00f1as, Ni\u00f1os y Adolescentes para el Estado de Hidalgo en materia de crianza positiva, promovido por el diputado <\/span><b>Juli\u00e1n Nochebuena Hern\u00e1ndez<\/b><span style=\"font-weight: 400;\"> (Morena) y emitido por la primera Comisi\u00f3n Permanente de Legislaci\u00f3n y Puntos Constitucionales.<\/span><\/p>\n<p><span style=\"font-weight: 400;\">El diputado <\/span><b>Miguel \u00c1ngel Moreno Zamora<\/b><span style=\"font-weight: 400;\"> (Morena) indic\u00f3 que el objetivo es incorporar a la ley lo que debe entenderse por crianza positiva y establecer un concepto legal en materia, lo que es crucial porque proporciona claridad y certeza en la aplicaci\u00f3n del derecho.<\/span><\/p>\n<p><span style=\"font-weight: 400;\">\u201cLa crianza positiva no es un concepto nuevo, sino un enfoque educativo que ha evolucionado a partir de las ideas de la psicolog\u00eda individual. La crianza positiva en M\u00e9xico se refiere a un enfoque de crianza que prioriza el respeto a los derechos humanos y la dignidad de ni\u00f1as, ni\u00f1os y adolescentes utilizando pr\u00e1cticas no violentas para su cuidado\u201d, destac\u00f3.<\/span><\/p>\n<p>&nbsp;<\/p>\n<p><b>Otros dict\u00e1menes<\/b><\/p>\n<p><b>Definici\u00f3n de ciclov\u00eda<\/b><\/p>\n<p><span style=\"font-weight: 400;\">Asimismo, avalaron con 21 votos a favor, cero en contra y cero abstenciones, el dictamen que aprueba con modificaciones la iniciativa que reforma la Ley de Movilidad y Transporte para el Estado de Hidalgo, en materia de ciclov\u00edas, emitido por la primera Comisi\u00f3n Permanente de Legislaci\u00f3n y Puntos Constitucionales.<\/span><\/p>\n<p><span style=\"font-weight: 400;\">La legisladora <\/span><b>Johana Montcerrat Hern\u00e1ndez P\u00e9rez<\/b><span style=\"font-weight: 400;\"> (PRI), una de las y los promoventes del dictamen, record\u00f3 que la finalidad es incorporar de manera expresa la definici\u00f3n del t\u00e9rmino \u201cciclov\u00eda\u201d como aquellos espacios de infraestructura p\u00fablica reservados exclusivamente para veh\u00edculos no motorizados o de movilidad activa.<\/span><\/p>\n<p>&nbsp;<\/p>\n<p><b>Garant\u00eda de asientos adecuados en la jornada laboral<\/b><\/p>\n<p><span style=\"font-weight: 400;\">Adem\u00e1s, avalaron con 22 votos a favor, cero en contra y cero abstenciones, el dictamen que aprueba con modificaciones la iniciativa que reforma la Ley de los Trabajadores al Servicio de los Gobiernos Estatal y Municipales, as\u00ed como de los Organismos Descentralizados del Estado de Hidalgo, para garantizar asientos adecuados durante la jornada laboral, emitido por la primera Comisi\u00f3n Permanente de Legislaci\u00f3n y Puntos Constitucionales.<\/span><\/p>\n<p><span style=\"font-weight: 400;\">La legisladora <\/span><b>Claudia Lilia Luna Islas<\/b><span style=\"font-weight: 400;\"> (PAN), promovente del dictamen, estableci\u00f3 que el prop\u00f3sito es mejorar las condiciones laborales de las personas trabajadoras que realizan sus funciones de pie durante periodos prolongados, al garantizarles el acceso a sillas o asientos con respaldo adecuados.<\/span><\/p>\n<p>&nbsp;<\/p>\n<p><b>Acuerdos econ\u00f3micos<\/b><\/p>\n<p><b>Prevenci\u00f3n ante lluvias<\/b><\/p>\n<p><span style=\"font-weight: 400;\">Por otro lado, avalaron con 22 votos a favor, cero en contra y cero abstenciones, el acuerdo econ\u00f3mico en materia de prevenci\u00f3n ante lluvias, emitido por la primera Comisi\u00f3n Permanente de Protecci\u00f3n Civil y Gesti\u00f3n Integral de Riesgos.<\/span><\/p>\n<p><span style=\"font-weight: 400;\">La diputada <\/span><b>Cynthia Citlali Delgado Mendoza<\/b><span style=\"font-weight: 400;\"> (Morena) mencion\u00f3 que el exhorto va dirigido a los 84 ayuntamientos, a efecto de que lleven a cabo, \u0430 trav\u00e9s de una estrategia eficiente, campa\u00f1as de concientizaci\u00f3n y de prevenci\u00f3n sobre deslaves, lluvia excesiva, inundaciones y siniestros ocasionados por afectaciones del clima que ha aquejado al pa\u00eds y al estado.<\/span><\/p>\n<p>&nbsp;<\/p>\n<p><b>Almacenamiento y distribuci\u00f3n de hidrocarburos<\/b><\/p>\n<p><span style=\"font-weight: 400;\">Tambi\u00e9n avalaron con 23 votos a favor, cero en contra y cero abstenciones, el acuerdo econ\u00f3mico en materia de supervisi\u00f3n de la seguridad en establecimientos que se dediquen al almacenamiento y distribuci\u00f3n de hidrocarburos y energ\u00eda, promovido por diputadas y diputados, emitido por la primera Comisi\u00f3n Permanente de Protecci\u00f3n Civil y Gesti\u00f3n Integral de Riesgos.<\/span><\/p>\n<p><span style=\"font-weight: 400;\">El legislador <\/span><b>Jos\u00e9 Mar\u00eda Alejandro P\u00e9rez Ram\u00edrez<\/b><span style=\"font-weight: 400;\"> (Nueva Alianza) explic\u00f3 que se exhorta a la Subsecretar\u00eda de Protecci\u00f3n Civil y Gesti\u00f3n de Riesgos, por conducto de la Secretar\u00eda de Gobierno del Estado de Hidalgo, y a las instancias de protecci\u00f3n civil de los 84 municipios, a supervisar la seguridad en establecimientos que se dediquen al almacenamiento y distribuci\u00f3n de hidrocarburos y energ\u00eda, incluyendo el gas L.P., y se aboquen a la revisi\u00f3n y garantizar la seguridad en establecimientos y unidades vehiculares.<\/span><\/p>\n<p><b>Iniciativas<\/b><\/p>\n<p><b>Fomento a la cultura de la donaci\u00f3n de \u00f3rganos<\/b><\/p>\n<p><span style=\"font-weight: 400;\">Las y los diputados <\/span><b>Alma Rosa El\u00edas Paso<\/b><span style=\"font-weight: 400;\">, <\/span><b>Paloma Barrag\u00e1n Santos<\/b><span style=\"font-weight: 400;\">, <\/span><b>Tania Er\u00e9ndira Meza Escorza<\/b><span style=\"font-weight: 400;\">, <\/span><b>Miguel \u00c1ngel Moreno Zamora<\/b><span style=\"font-weight: 400;\">, <\/span><b>Juan Pablo Escalante Urb\u00e1n<\/b><span style=\"font-weight: 400;\">, <\/span><b>Andr\u00e9s Vel\u00e1zquez V\u00e1zquez<\/b><span style=\"font-weight: 400;\">, <\/span><b>Diana Rangel Z\u00fa\u00f1iga<\/b><span style=\"font-weight: 400;\">, <\/span><b>Yarabi Gonz\u00e1lez Mart\u00ednez<\/b><span style=\"font-weight: 400;\">, <\/span><b>Mar\u00eda del Rosario Guerrero Mart\u00ednez<\/b><span style=\"font-weight: 400;\">, <\/span><b>Hilda Miranda Miranda<\/b><span style=\"font-weight: 400;\">, <\/span><b>Aldo Meza Hern\u00e1ndez<\/b><span style=\"font-weight: 400;\">, <\/span><b>Lizbeth Ira\u00eds Ordaz Islas<\/b><span style=\"font-weight: 400;\">, <\/span><b>Jos\u00e9 Luis Rodr\u00edguez Higareda<\/b><span style=\"font-weight: 400;\">, <\/span><b>Juli\u00e1n Nochebuena Hern\u00e1ndez<\/b><span style=\"font-weight: 400;\">, <\/span><b>Arturo G\u00f3mez Canales<\/b><span style=\"font-weight: 400;\"> (Morena), <\/span><b>Juana Olivia Alarc\u00f3n Rivera<\/b><span style=\"font-weight: 400;\">, <\/span><b>M\u00f3nica Leanett Reyes Mart\u00ednez<\/b><span style=\"font-weight: 400;\">, <\/span><b>Jorge Arg\u00fcelles Salazar<\/b><span style=\"font-weight: 400;\"> y <\/span><b>Jos\u00e9 Mar\u00eda Alejandro P\u00e9rez Ram\u00edrez<\/b><span style=\"font-weight: 400;\"> (Nueva Alianza) presentaron la iniciativa que reforma la Ley de Tr\u00e1nsito y Seguridad Vial para el Estado de Hidalgo.\u00a0<\/span><\/p>\n<p><span style=\"font-weight: 400;\">El objetivo es establecer facultades, actos jur\u00eddicos y administrativos, con relaci\u00f3n a la manifestaci\u00f3n expresa del deseo de ser donante o disponente de \u00f3rganos y tejidos para despu\u00e9s de la muerte por parte de los ciudadanos del estado, quienes solicitan la expedici\u00f3n o renovaci\u00f3n de la licencia de conducir, a efecto de fomentar y crear conciencia y cultura en la materia.<\/span><\/p>\n<p>&nbsp;<\/p>\n<p><b>Derecho a la cultura f\u00edsica y la pr\u00e1ctica del deporte<\/b><\/p>\n<p><span style=\"font-weight: 400;\">El legislador <\/span><b>Juli\u00e1n Nochebuena Hern\u00e1ndez<\/b><span style=\"font-weight: 400;\"> (Morena) propuso la iniciativa que modifica la Ley de Cultura F\u00edsica, Deporte y Recreaci\u00f3n para el Estado de Hidalgo, la cual busca insertar al texto que los municipios, promover\u00e1n el adecuado ejercicio del derecho de las y los hidalguenses a la cultura f\u00edsica y a la pr\u00e1ctica del deporte para lo cual implementar\u00e1n acciones para la participaci\u00f3n de los sectores social y privado.<\/span><\/p>\n<p>&nbsp;<\/p>\n<p><b>Incorporaci\u00f3n del principio de progresividad<\/b><\/p>\n<p><span style=\"font-weight: 400;\">El diputado <\/span><b>Francisco Javier T\u00e9llez S\u00e1nchez<\/b><span style=\"font-weight: 400;\"> (PT) detall\u00f3 la iniciativa que reforma la Ley de los Derechos de las Personas Adultas Mayores del Estado de Hidalgo, con la finalidad de incorporar el principio de progresividad para consolidar una visi\u00f3n din\u00e1mica y evolutiva en la protecci\u00f3n de los derechos de las personas adultas mayores, asegurando que la actuaci\u00f3n del estado no se limite a preservar est\u00e1ndares m\u00ednimos, sino que se oriente a su mejora constante.<\/span><\/p>\n<p>&nbsp;<\/p>\n<p><b>Suspensi\u00f3n de la patria potestad<\/b><\/p>\n<p><span style=\"font-weight: 400;\">Las legisladoras <\/span><b>Tania Er\u00e9ndira Meza Escorza<\/b><span style=\"font-weight: 400;\">, <\/span><b>Diana Rangel Z\u00fa\u00f1iga<\/b><span style=\"font-weight: 400;\">, <\/span><b>Mar\u00eda del Rosario Guerrero Mart\u00ednez<\/b><span style=\"font-weight: 400;\"> y el legislador <\/span><b>Jos\u00e9 Luis Rodr\u00edguez Higareda<\/b><span style=\"font-weight: 400;\"> (Morena) presentaron la iniciativa que modifica la Ley para la Familia y el C\u00f3digo Penal para el Estado de Hidalgo, con el fin de reforzar los supuestos de suspensi\u00f3n de la patria potestad, as\u00ed como impedir que quienes incurran en conductas graves, como el incumplimiento reiterado de obligaciones alimentarias o el delito de feminicidio, conserven derechos que puedan generar revictimizaci\u00f3n o afectaciones adicionales.<\/span><\/p>\n<p>&nbsp;<\/p>\n<p><b>Fortalecimiento del enfoque preventivo y del autocuidado<\/b><\/p>\n<p><span style=\"font-weight: 400;\">La diputada <\/span><b>Claudia Lilia Luna Islas<\/b><span style=\"font-weight: 400;\"> (PAN) propuso la iniciativa que reforma la Ley de Protecci\u00f3n Civil del Estado de Hidalgo, con el prop\u00f3sito de incorporar un criterio expreso de priorizaci\u00f3n en la pol\u00edtica preventiva estatal, orientado a atender con mayor \u00e9nfasis aquellos riesgos que, por su recurrencia, intensidad o variaci\u00f3n, representen mayores afectaciones para la poblaci\u00f3n y el entorno.<\/span><\/p>\n<p><span style=\"font-weight: 400;\">La legisladora tambi\u00e9n detall\u00f3 la iniciativa que modifica la Ley de Educaci\u00f3n para el Estado de Hidalgo, a fin de incorporar de manera expresa el fortalecimiento del autocuidado, la corresponsabilidad y la prevenci\u00f3n de riesgos como elementos inherentes al desarrollo socioemocional dentro de los fines de la educaci\u00f3n estatal.<\/span><\/p>\n<p>&nbsp;<\/p>\n<p><b>Dise\u00f1o universal<\/b><\/p>\n<p><span style=\"font-weight: 400;\">La diputada <\/span><b>Mar\u00eda del Rosario Guerrero Mart\u00ednez<\/b><span style=\"font-weight: 400;\"> y el diputado <\/span><b>Juan Pablo Escalante Urb\u00e1n<\/b><span style=\"font-weight: 400;\"> (Morena) presentaron la iniciativa que reforma la Ley de Movilidad y Transporte para el Estado de Hidalgo, con el objetivo de incorporar el principio de dise\u00f1o universal como principio rector de la planeaci\u00f3n, dise\u00f1o e implementaci\u00f3n de las pol\u00edticas p\u00fablicas, programas y acciones en materia de movilidad.<\/span><\/p>\n<p>&nbsp;<\/p>\n<p><b>Protecci\u00f3n de la identidad digital<\/b><\/p>\n<p><span style=\"font-weight: 400;\">Las y los legisladores <\/span><b>Jorge Arg\u00fcelles Salazar<\/b><span style=\"font-weight: 400;\">, <\/span><b>Jos\u00e9 Mar\u00eda Alejandro P\u00e9rez Ram\u00edrez<\/b><span style=\"font-weight: 400;\"> (Nueva Alianza), <\/span><b>Andr\u00e9s Vel\u00e1zquez V\u00e1zquez<\/b><span style=\"font-weight: 400;\">, <\/span><b>Juan Pablo Escalante Urb\u00e1n<\/b><span style=\"font-weight: 400;\">, <\/span><b>Miguel \u00c1ngel Moreno Zamora<\/b><span style=\"font-weight: 400;\">, <\/span><b>Arturo G\u00f3mez Canales<\/b><span style=\"font-weight: 400;\">, <\/span><b>Paloma Barrag\u00e1n Santos<\/b><span style=\"font-weight: 400;\">, <\/span><b>Hilda Miranda Miranda<\/b><span style=\"font-weight: 400;\">, <\/span><b>Alma Rosa El\u00edas Paso<\/b><span style=\"font-weight: 400;\"> y <\/span><b>Lizbeth Ira\u00eds Ordaz Islas <\/b><span style=\"font-weight: 400;\">(Morena) propusieron la iniciativa que reforma la Ley de los Derechos de Ni\u00f1as, Ni\u00f1os y Adolescentes para el Estado de Hidalgo, con la finalidad de Incorporar la protecci\u00f3n de la identidad digital, la imagen y la voz de ni\u00f1as, ni\u00f1os y adolescentes como elementos integrantes del derecho a la intimidad personal y familiar.<\/span><\/p>\n<p>&nbsp;<\/p>\n<p><b>Modernizaci\u00f3n de los servicios p\u00fablicos<\/b><\/p>\n<p><span style=\"font-weight: 400;\">La legisladora <\/span><b>Johana Montcerrat Hern\u00e1ndez P\u00e9rez<\/b><span style=\"font-weight: 400;\"> (PRI) present\u00f3 la iniciativa que reforma la Ley de Derechos Ling\u00fc\u00edsticos del Estado de Hidalgo, con el prop\u00f3sito de garantizar que la modernizaci\u00f3n de los servicios p\u00fablicos sea un instrumento de inclusi\u00f3n social, mediante la implementaci\u00f3n de plataformas de atenci\u00f3n biling\u00fces en los tr\u00e1mites de mayor impacto ciudadano.<\/span><\/p>\n<p>&nbsp;<\/p>\n<p><b>Protecci\u00f3n de datos personales<\/b><\/p>\n<p><span style=\"font-weight: 400;\">El diputado <\/span><b>Jos\u00e9 Luis Rodr\u00edguez Higareda<\/b><span style=\"font-weight: 400;\"> (Morena) propuso la iniciativa que modifica el C\u00f3digo Civil federal, con la finalidad de proteger la dignidad, la privacidad y los datos personales de las personas fallecidas y sus familiares.<\/span><\/p>\n<p>&nbsp;<\/p>\n<p><b>Asuntos generales<\/b><\/p>\n<p><b>Enfoque de envejecimiento activo<\/b><\/p>\n<p><span style=\"font-weight: 400;\">La diputada <\/span><b>Claudia Lilia Luna Islas<\/b><span style=\"font-weight: 400;\"> (PAN) present\u00f3 un acuerdo econ\u00f3mico que exhorta a los titulares de las secretar\u00edas del Trabajo, del Bienestar e Inclusi\u00f3n Social, as\u00ed como de Salud, a fortalecer la implementaci\u00f3n del enfoque de envejecimiento activo en sus programas.<\/span><\/p>\n<p>&nbsp;<\/p>\n<p><b>Rutas de la Transformaci\u00f3n<\/b><\/p>\n<p><span style=\"font-weight: 400;\">La legisladora <\/span><b>Lizbeth Ira\u00eds Ordaz Islas<\/b><span style=\"font-weight: 400;\"> (Morena) asegur\u00f3 que las Rutas de la Transformaci\u00f3n representan una pol\u00edtica p\u00fablica que acerca al estado a su gente y que fortalece el v\u00ednculo entre la ciudadan\u00eda y la autoridad. \u201cDesde esta responsabilidad institucional, debemos seguir trabajando para que el desarrollo territorial no sea una aspiraci\u00f3n, sino una realidad permanente en Hidalgo\u201d.<\/span><\/p>\n","protected":false},"excerpt":{"rendered":"<p>Redacci\u00f3n En sesi\u00f3n ordinaria, diputadas y diputados integrantes de la LXVI Legislatura avalaron con 22 votos a favor, cero en contra y cero abstenciones, el dictamen que aprueba con modificaciones la iniciativa que reforma la Ley de Derechos de Ni\u00f1as, Ni\u00f1os y Adolescentes para el Estado de Hidalgo en materia de crianza positiva, promovido por<\/p>\n","protected":false},"author":2,"featured_media":5504,"comment_status":"open","ping_status":"open","sticky":false,"template":"","format":"standard","meta":{"footnotes":""},"categories":[31,44,39],"tags":[62,330],"class_list":{"0":"post-5503","1":"post","2":"type-post","3":"status-publish","4":"format-standard","5":"has-post-thumbnail","7":"category-hidalgo","8":"category-minuto-a-minuto","9":"category-politica","10":"tag-congreso-de-hidalgo","11":"tag-julian-nochebuena"},"yoast_head":"<!-- This site is optimized with the Yoast SEO plugin v26.1.1 - https:\/\/yoast.com\/wordpress\/plugins\/seo\/ -->\n<title>Legisladores fortalecen la crianza positiva para la protecci\u00f3n de la ni\u00f1ez y adolescencia - El Cardinal<\/title>\n<meta name=\"robots\" content=\"index, follow, max-snippet:-1, max-image-preview:large, max-video-preview:-1\" \/>\n<link rel=\"canonical\" href=\"https:\/\/elcardinal.com\/?p=5503\" \/>\n<meta property=\"og:locale\" content=\"es_MX\" \/>\n<meta property=\"og:type\" content=\"article\" \/>\n<meta property=\"og:title\" content=\"Legisladores fortalecen la crianza positiva para la protecci\u00f3n de la ni\u00f1ez y adolescencia - El Cardinal\" \/>\n<meta property=\"og:description\" content=\"Redacci\u00f3n En sesi\u00f3n ordinaria, diputadas y diputados integrantes de la LXVI Legislatura avalaron con 22 votos a favor, cero en contra y cero abstenciones, el dictamen que aprueba con modificaciones la iniciativa que reforma la Ley de Derechos de Ni\u00f1as, Ni\u00f1os y Adolescentes para el Estado de Hidalgo en materia de crianza positiva, promovido por\" \/>\n<meta property=\"og:url\" content=\"https:\/\/elcardinal.com\/?p=5503\" \/>\n<meta property=\"og:site_name\" content=\"El Cardinal\" \/>\n<meta property=\"article:publisher\" content=\"https:\/\/www.facebook.com\/profile.php?id=100063093107011\" \/>\n<meta property=\"article:published_time\" content=\"2026-02-19T06:40:59+00:00\" \/>\n<meta property=\"og:image\" content=\"https:\/\/elcardinal.com\/wp-content\/uploads\/2026\/02\/Sesion-18.02.2026-ordinaria-42.jpg\" \/>\n\t<meta property=\"og:image:width\" content=\"1850\" \/>\n\t<meta property=\"og:image:height\" content=\"1602\" \/>\n\t<meta property=\"og:image:type\" content=\"image\/jpeg\" \/>\n<meta name=\"author\" content=\"Antonio Alcaraz\" \/>\n<meta name=\"twitter:card\" content=\"summary_large_image\" \/>\n<meta name=\"twitter:creator\" content=\"@ElCardinal_Mx\" \/>\n<meta name=\"twitter:site\" content=\"@ElCardinal_Mx\" \/>\n<meta name=\"twitter:label1\" content=\"Escrito por\" \/>\n\t<meta name=\"twitter:data1\" content=\"Antonio Alcaraz\" \/>\n\t<meta name=\"twitter:label2\" content=\"Tiempo de lectura\" \/>\n\t<meta name=\"twitter:data2\" content=\"8 minutos\" \/>\n<script type=\"application\/ld+json\" class=\"yoast-schema-graph\">{\"@context\":\"https:\/\/schema.org\",\"@graph\":[{\"@type\":\"Article\",\"@id\":\"https:\/\/elcardinal.com\/?p=5503#article\",\"isPartOf\":{\"@id\":\"https:\/\/elcardinal.com\/?p=5503\"},\"author\":{\"name\":\"Antonio Alcaraz\",\"@id\":\"https:\/\/elcardinal.com\/#\/schema\/person\/3c352ec0a33987fe275c0e8a2ea69f8b\"},\"headline\":\"Legisladores fortalecen la crianza positiva para la protecci\u00f3n de la ni\u00f1ez y adolescencia\",\"datePublished\":\"2026-02-19T06:40:59+00:00\",\"mainEntityOfPage\":{\"@id\":\"https:\/\/elcardinal.com\/?p=5503\"},\"wordCount\":1747,\"commentCount\":0,\"publisher\":{\"@id\":\"https:\/\/elcardinal.com\/#organization\"},\"image\":{\"@id\":\"https:\/\/elcardinal.com\/?p=5503#primaryimage\"},\"thumbnailUrl\":\"https:\/\/elcardinal.com\/wp-content\/uploads\/2026\/02\/Sesion-18.02.2026-ordinaria-42.jpg\",\"keywords\":[\"Congreso de Hidalgo\",\"Julian Nochebuena\"],\"articleSection\":[\"Hidalgo\",\"Minuto a Minuto\",\"Pol\u00edtica\"],\"inLanguage\":\"es\",\"potentialAction\":[{\"@type\":\"CommentAction\",\"name\":\"Comment\",\"target\":[\"https:\/\/elcardinal.com\/?p=5503#respond\"]}]},{\"@type\":\"WebPage\",\"@id\":\"https:\/\/elcardinal.com\/?p=5503\",\"url\":\"https:\/\/elcardinal.com\/?p=5503\",\"name\":\"Legisladores fortalecen la crianza positiva para la protecci\u00f3n de la ni\u00f1ez y adolescencia - El Cardinal\",\"isPartOf\":{\"@id\":\"https:\/\/elcardinal.com\/#website\"},\"primaryImageOfPage\":{\"@id\":\"https:\/\/elcardinal.com\/?p=5503#primaryimage\"},\"image\":{\"@id\":\"https:\/\/elcardinal.com\/?p=5503#primaryimage\"},\"thumbnailUrl\":\"https:\/\/elcardinal.com\/wp-content\/uploads\/2026\/02\/Sesion-18.02.2026-ordinaria-42.jpg\",\"datePublished\":\"2026-02-19T06:40:59+00:00\",\"breadcrumb\":{\"@id\":\"https:\/\/elcardinal.com\/?p=5503#breadcrumb\"},\"inLanguage\":\"es\",\"potentialAction\":[{\"@type\":\"ReadAction\",\"target\":[\"https:\/\/elcardinal.com\/?p=5503\"]}]},{\"@type\":\"ImageObject\",\"inLanguage\":\"es\",\"@id\":\"https:\/\/elcardinal.com\/?p=5503#primaryimage\",\"url\":\"https:\/\/elcardinal.com\/wp-content\/uploads\/2026\/02\/Sesion-18.02.2026-ordinaria-42.jpg\",\"contentUrl\":\"https:\/\/elcardinal.com\/wp-content\/uploads\/2026\/02\/Sesion-18.02.2026-ordinaria-42.jpg\",\"width\":1850,\"height\":1602,\"caption\":\"CONGRESO_HIDALGO\"},{\"@type\":\"BreadcrumbList\",\"@id\":\"https:\/\/elcardinal.com\/?p=5503#breadcrumb\",\"itemListElement\":[{\"@type\":\"ListItem\",\"position\":1,\"name\":\"Inicio\",\"item\":\"https:\/\/elcardinal.com\/\"},{\"@type\":\"ListItem\",\"position\":2,\"name\":\"Legisladores fortalecen la crianza positiva para la protecci\u00f3n de la ni\u00f1ez y adolescencia\"}]},{\"@type\":\"WebSite\",\"@id\":\"https:\/\/elcardinal.com\/#website\",\"url\":\"https:\/\/elcardinal.com\/\",\"name\":\"El Cardinal\",\"description\":\"Periodismo honesto, con valor, sentido humano, a veces sarc\u00e1stico y divertido.\",\"publisher\":{\"@id\":\"https:\/\/elcardinal.com\/#organization\"},\"alternateName\":\"El Cardinal Noticias\",\"potentialAction\":[{\"@type\":\"SearchAction\",\"target\":{\"@type\":\"EntryPoint\",\"urlTemplate\":\"https:\/\/elcardinal.com\/?s={search_term_string}\"},\"query-input\":{\"@type\":\"PropertyValueSpecification\",\"valueRequired\":true,\"valueName\":\"search_term_string\"}}],\"inLanguage\":\"es\"},{\"@type\":\"Organization\",\"@id\":\"https:\/\/elcardinal.com\/#organization\",\"name\":\"El Cardinal\",\"url\":\"https:\/\/elcardinal.com\/\",\"logo\":{\"@type\":\"ImageObject\",\"inLanguage\":\"es\",\"@id\":\"https:\/\/elcardinal.com\/#\/schema\/logo\/image\/\",\"url\":\"https:\/\/elcardinal.com\/wp-content\/uploads\/2025\/04\/LOGO-EL-CARDINAL-Periodismo-con-valor.png\",\"contentUrl\":\"https:\/\/elcardinal.com\/wp-content\/uploads\/2025\/04\/LOGO-EL-CARDINAL-Periodismo-con-valor.png\",\"width\":755,\"height\":636,\"caption\":\"El Cardinal\"},\"image\":{\"@id\":\"https:\/\/elcardinal.com\/#\/schema\/logo\/image\/\"},\"sameAs\":[\"https:\/\/www.facebook.com\/profile.php?id=100063093107011\",\"https:\/\/x.com\/ElCardinal_Mx\"]},{\"@type\":\"Person\",\"@id\":\"https:\/\/elcardinal.com\/#\/schema\/person\/3c352ec0a33987fe275c0e8a2ea69f8b\",\"name\":\"Antonio Alcaraz\",\"image\":{\"@type\":\"ImageObject\",\"inLanguage\":\"es\",\"@id\":\"https:\/\/elcardinal.com\/#\/schema\/person\/image\/\",\"url\":\"https:\/\/elcardinal.com\/wp-content\/uploads\/2025\/05\/cropped-TONO-96x96.jpg\",\"contentUrl\":\"https:\/\/elcardinal.com\/wp-content\/uploads\/2025\/05\/cropped-TONO-96x96.jpg\",\"caption\":\"Antonio Alcaraz\"},\"url\":\"https:\/\/elcardinal.com\/?author=2\"}]}<\/script>\n<!-- \/ Yoast SEO plugin. -->","yoast_head_json":{"title":"Legisladores fortalecen la crianza positiva para la protecci\u00f3n de la ni\u00f1ez y adolescencia - El Cardinal","robots":{"index":"index","follow":"follow","max-snippet":"max-snippet:-1","max-image-preview":"max-image-preview:large","max-video-preview":"max-video-preview:-1"},"canonical":"https:\/\/elcardinal.com\/?p=5503","og_locale":"es_MX","og_type":"article","og_title":"Legisladores fortalecen la crianza positiva para la protecci\u00f3n de la ni\u00f1ez y adolescencia - El Cardinal","og_description":"Redacci\u00f3n En sesi\u00f3n ordinaria, diputadas y diputados integrantes de la LXVI Legislatura avalaron con 22 votos a favor, cero en contra y cero abstenciones, el dictamen que aprueba con modificaciones la iniciativa que reforma la Ley de Derechos de Ni\u00f1as, Ni\u00f1os y Adolescentes para el Estado de Hidalgo en materia de crianza positiva, promovido por","og_url":"https:\/\/elcardinal.com\/?p=5503","og_site_name":"El Cardinal","article_publisher":"https:\/\/www.facebook.com\/profile.php?id=100063093107011","article_published_time":"2026-02-19T06:40:59+00:00","og_image":[{"width":1850,"height":1602,"url":"https:\/\/elcardinal.com\/wp-content\/uploads\/2026\/02\/Sesion-18.02.2026-ordinaria-42.jpg","type":"image\/jpeg"}],"author":"Antonio Alcaraz","twitter_card":"summary_large_image","twitter_creator":"@ElCardinal_Mx","twitter_site":"@ElCardinal_Mx","twitter_misc":{"Escrito por":"Antonio Alcaraz","Tiempo de lectura":"8 minutos"},"schema":{"@context":"https:\/\/schema.org","@graph":[{"@type":"Article","@id":"https:\/\/elcardinal.com\/?p=5503#article","isPartOf":{"@id":"https:\/\/elcardinal.com\/?p=5503"},"author":{"name":"Antonio Alcaraz","@id":"https:\/\/elcardinal.com\/#\/schema\/person\/3c352ec0a33987fe275c0e8a2ea69f8b"},"headline":"Legisladores fortalecen la crianza positiva para la protecci\u00f3n de la ni\u00f1ez y adolescencia","datePublished":"2026-02-19T06:40:59+00:00","mainEntityOfPage":{"@id":"https:\/\/elcardinal.com\/?p=5503"},"wordCount":1747,"commentCount":0,"publisher":{"@id":"https:\/\/elcardinal.com\/#organization"},"image":{"@id":"https:\/\/elcardinal.com\/?p=5503#primaryimage"},"thumbnailUrl":"https:\/\/elcardinal.com\/wp-content\/uploads\/2026\/02\/Sesion-18.02.2026-ordinaria-42.jpg","keywords":["Congreso de Hidalgo","Julian Nochebuena"],"articleSection":["Hidalgo","Minuto a Minuto","Pol\u00edtica"],"inLanguage":"es","potentialAction":[{"@type":"CommentAction","name":"Comment","target":["https:\/\/elcardinal.com\/?p=5503#respond"]}]},{"@type":"WebPage","@id":"https:\/\/elcardinal.com\/?p=5503","url":"https:\/\/elcardinal.com\/?p=5503","name":"Legisladores fortalecen la crianza positiva para la protecci\u00f3n de la ni\u00f1ez y adolescencia - El Cardinal","isPartOf":{"@id":"https:\/\/elcardinal.com\/#website"},"primaryImageOfPage":{"@id":"https:\/\/elcardinal.com\/?p=5503#primaryimage"},"image":{"@id":"https:\/\/elcardinal.com\/?p=5503#primaryimage"},"thumbnailUrl":"https:\/\/elcardinal.com\/wp-content\/uploads\/2026\/02\/Sesion-18.02.2026-ordinaria-42.jpg","datePublished":"2026-02-19T06:40:59+00:00","breadcrumb":{"@id":"https:\/\/elcardinal.com\/?p=5503#breadcrumb"},"inLanguage":"es","potentialAction":[{"@type":"ReadAction","target":["https:\/\/elcardinal.com\/?p=5503"]}]},{"@type":"ImageObject","inLanguage":"es","@id":"https:\/\/elcardinal.com\/?p=5503#primaryimage","url":"https:\/\/elcardinal.com\/wp-content\/uploads\/2026\/02\/Sesion-18.02.2026-ordinaria-42.jpg","contentUrl":"https:\/\/elcardinal.com\/wp-content\/uploads\/2026\/02\/Sesion-18.02.2026-ordinaria-42.jpg","width":1850,"height":1602,"caption":"CONGRESO_HIDALGO"},{"@type":"BreadcrumbList","@id":"https:\/\/elcardinal.com\/?p=5503#breadcrumb","itemListElement":[{"@type":"ListItem","position":1,"name":"Inicio","item":"https:\/\/elcardinal.com\/"},{"@type":"ListItem","position":2,"name":"Legisladores fortalecen la crianza positiva para la protecci\u00f3n de la ni\u00f1ez y adolescencia"}]},{"@type":"WebSite","@id":"https:\/\/elcardinal.com\/#website","url":"https:\/\/elcardinal.com\/","name":"El Cardinal","description":"Periodismo honesto, con valor, sentido humano, a veces sarc\u00e1stico y divertido.","publisher":{"@id":"https:\/\/elcardinal.com\/#organization"},"alternateName":"El Cardinal Noticias","potentialAction":[{"@type":"SearchAction","target":{"@type":"EntryPoint","urlTemplate":"https:\/\/elcardinal.com\/?s={search_term_string}"},"query-input":{"@type":"PropertyValueSpecification","valueRequired":true,"valueName":"search_term_string"}}],"inLanguage":"es"},{"@type":"Organization","@id":"https:\/\/elcardinal.com\/#organization","name":"El Cardinal","url":"https:\/\/elcardinal.com\/","logo":{"@type":"ImageObject","inLanguage":"es","@id":"https:\/\/elcardinal.com\/#\/schema\/logo\/image\/","url":"https:\/\/elcardinal.com\/wp-content\/uploads\/2025\/04\/LOGO-EL-CARDINAL-Periodismo-con-valor.png","contentUrl":"https:\/\/elcardinal.com\/wp-content\/uploads\/2025\/04\/LOGO-EL-CARDINAL-Periodismo-con-valor.png","width":755,"height":636,"caption":"El Cardinal"},"image":{"@id":"https:\/\/elcardinal.com\/#\/schema\/logo\/image\/"},"sameAs":["https:\/\/www.facebook.com\/profile.php?id=100063093107011","https:\/\/x.com\/ElCardinal_Mx"]},{"@type":"Person","@id":"https:\/\/elcardinal.com\/#\/schema\/person\/3c352ec0a33987fe275c0e8a2ea69f8b","name":"Antonio Alcaraz","image":{"@type":"ImageObject","inLanguage":"es","@id":"https:\/\/elcardinal.com\/#\/schema\/person\/image\/","url":"https:\/\/elcardinal.com\/wp-content\/uploads\/2025\/05\/cropped-TONO-96x96.jpg","contentUrl":"https:\/\/elcardinal.com\/wp-content\/uploads\/2025\/05\/cropped-TONO-96x96.jpg","caption":"Antonio Alcaraz"},"url":"https:\/\/elcardinal.com\/?author=2"}]}},"_links":{"self":[{"href":"https:\/\/elcardinal.com\/index.php?rest_route=\/wp\/v2\/posts\/5503","targetHints":{"allow":["GET"]}}],"collection":[{"href":"https:\/\/elcardinal.com\/index.php?rest_route=\/wp\/v2\/posts"}],"about":[{"href":"https:\/\/elcardinal.com\/index.php?rest_route=\/wp\/v2\/types\/post"}],"author":[{"embeddable":true,"href":"https:\/\/elcardinal.com\/index.php?rest_route=\/wp\/v2\/users\/2"}],"replies":[{"embeddable":true,"href":"https:\/\/elcardinal.com\/index.php?rest_route=%2Fwp%2Fv2%2Fcomments&post=5503"}],"version-history":[{"count":1,"href":"https:\/\/elcardinal.com\/index.php?rest_route=\/wp\/v2\/posts\/5503\/revisions"}],"predecessor-version":[{"id":5505,"href":"https:\/\/elcardinal.com\/index.php?rest_route=\/wp\/v2\/posts\/5503\/revisions\/5505"}],"wp:featuredmedia":[{"embeddable":true,"href":"https:\/\/elcardinal.com\/index.php?rest_route=\/wp\/v2\/media\/5504"}],"wp:attachment":[{"href":"https:\/\/elcardinal.com\/index.php?rest_route=%2Fwp%2Fv2%2Fmedia&parent=5503"}],"wp:term":[{"taxonomy":"category","embeddable":true,"href":"https:\/\/elcardinal.com\/index.php?rest_route=%2Fwp%2Fv2%2Fcategories&post=5503"},{"taxonomy":"post_tag","embeddable":true,"href":"https:\/\/elcardinal.com\/index.php?rest_route=%2Fwp%2Fv2%2Ftags&post=5503"}],"curies":[{"name":"wp","href":"https:\/\/api.w.org\/{rel}","templated":true}]}}