{"id":5513,"date":"2026-02-23T08:17:20","date_gmt":"2026-02-23T14:17:20","guid":{"rendered":"https:\/\/elcardinal.com\/?p=5513"},"modified":"2026-02-23T08:17:20","modified_gmt":"2026-02-23T14:17:20","slug":"andres-velazquez-encabeza-encuentro-historico-para-consolidar-memoria-legislativa-del-congreso-de-hidalgo","status":"publish","type":"post","link":"https:\/\/elcardinal.com\/?p=5513","title":{"rendered":"Andr\u00e9s Vel\u00e1zquez encabeza encuentro hist\u00f3rico para consolidar memoria legislativa del Congreso de Hidalgo"},"content":{"rendered":"<p>Redacci\u00f3n<\/p>\n<p>En un acto sin precedentes que fortalece la identidad institucional del <strong>Poder Legislativo<\/strong>, el presidente de la <strong>Junta de Gobierno del Congreso del Estado Libre y Soberano de Hidalgo<\/strong>, <strong>diputado<\/strong> <strong>Andr\u00e9s Vel\u00e1zquez V\u00e1zquez,<\/strong> encabez\u00f3 la reuni\u00f3n hist\u00f3rica con excoordinadores y expresidentes de este \u00f3rgano de gobierno parlamentario, con el prop\u00f3sito de consolidar el proyecto<strong> \u201dLegado Parlamentario. Memoria Viva\u201d.<\/strong><\/p>\n<blockquote><p>Gracias a la iniciativa y visi\u00f3n pol\u00edtica del legislador, el Congreso avanza en la construcci\u00f3n de una memoria hist\u00f3rica s\u00f3lida que reconoce m\u00e1s de tres d\u00e9cadas de experiencia parlamentaria, liderazgo y aportaciones al desarrollo democr\u00e1tico del estado. Este encuentro <strong>concentr\u00f3 33 a\u00f1os de trayectoria<\/strong> legislativa y represent\u00f3 un acto de madurez institucional y reconciliaci\u00f3n hist\u00f3rica.<\/p><\/blockquote>\n<p>El proyecto impulsado por Vel\u00e1zquez V\u00e1zquez se estructura en tres pilares fundamentales:<\/p>\n<p>* <strong>Fortalecimiento del Museo de la Memoria<\/strong> Legislativa, mediante la convocatoria \u201cConstructores de nuestra memoria\u201d, orientada a la donaci\u00f3n de material fotogr\u00e1fico, documental, bibliogr\u00e1fico y objetos vinculados a la vida parlamentaria.<\/p>\n<p>* <strong>La<\/strong> <strong>C\u00e1psula del Tiempo,<\/strong> iniciativa que permitir\u00e1 a quienes presidieron el Poder Legislativo compartir una carta testimonial sobre su gesti\u00f3n, el contexto pol\u00edtico y social de su periodo y un mensaje dirigido a futuras generaciones. Este legado ser\u00e1 resguardado y abierto en el a\u00f1o 2050.<\/p>\n<p>* <strong>Creaci\u00f3n de un espacio permanente de di\u00e1logo<\/strong> testimonial, integrado por expresidentes y excoordinadores, que aportar\u00e1 an\u00e1lisis y reflexi\u00f3n sobre los procesos complejos que marcaron la gobernabilidad y la construcci\u00f3n de acuerdos en Hidalgo.<\/p>\n<blockquote><p>Como parte de los acuerdos alcanzados, el diputado Andr\u00e9s Vel\u00e1zquez V\u00e1zquez solicit\u00f3 la colaboraci\u00f3n del cronista del estado, <strong>Juan Manuel Menes Llaguno<\/strong>, para realizar la relator\u00eda formal de las reuniones y participar en la elaboraci\u00f3n de las memorias legislativas que ser\u00e1n publicadas como parte del legado institucional.<\/p><\/blockquote>\n<p>En la reuni\u00f3n participaron ex titulares de la Junta de Gobierno de distintas legislaturas, entre ellos <strong>Roberto Pedraza Mart\u00ednez, Julio Manuel Valera Piedras, Ricardo Ra\u00fal Baptista Gonz\u00e1lez, Asael Hern\u00e1ndez Cer\u00f3n, Leopoldo Rodr\u00edguez Murillo, Jorge Hern\u00e1ndez Araus, Mar\u00eda Luisa P\u00e9rez Perusqu\u00eda, Jos\u00e9 Antonio Rojo Garc\u00eda de Alba, Jes\u00fas Osiris Leines Med\u00e9cigo, Jorge Rocha Trejo, Esteban \u00c1ngeles Cer\u00f3n, Jaime Daniel Ba\u00f1os Paz y Juan Manuel Sep\u00falveda Fayad,<\/strong> quienes coincidieron en la importancia de preservar la memoria hist\u00f3rica del Congreso como base para fortalecer la vida democr\u00e1tica del estado.<\/p>\n<blockquote><p>Asimismo, estuvieron presentes Jes\u00fas L\u00f3pez Serrano, secretario de Servicios Legislativos; Alejandra Escamilla Serrano, directora general de Servicios Administrativos; Carlos Gami\u00f1o S\u00e1nchez, director general de Comunicaci\u00f3n Social; y Erika Molina Barrag\u00e1n, directora de Vinculaci\u00f3n Institucional.<\/p><\/blockquote>\n<p>Con este ejercicio, el presidente de la Junta de Gobierno reafirma su compromiso de conducir un Congreso abierto, plural y consciente de su historia, convencido de que reconocer el pasado fortalece el presente y proyecta con responsabilidad el futuro legislativo de Hidalgo.<\/p>\n","protected":false},"excerpt":{"rendered":"<p>Redacci\u00f3n En un acto sin precedentes que fortalece la identidad institucional del Poder Legislativo, el presidente de la Junta de Gobierno del Congreso del Estado Libre y Soberano de Hidalgo, diputado Andr\u00e9s Vel\u00e1zquez V\u00e1zquez, encabez\u00f3 la reuni\u00f3n hist\u00f3rica con excoordinadores y expresidentes de este \u00f3rgano de gobierno parlamentario, con el prop\u00f3sito de consolidar el proyecto<\/p>\n","protected":false},"author":2,"featured_media":5514,"comment_status":"open","ping_status":"open","sticky":false,"template":"","format":"standard","meta":{"footnotes":""},"categories":[31,44,39],"tags":[70,62],"class_list":{"0":"post-5513","1":"post","2":"type-post","3":"status-publish","4":"format-standard","5":"has-post-thumbnail","7":"category-hidalgo","8":"category-minuto-a-minuto","9":"category-politica","10":"tag-andres-velazquez","11":"tag-congreso-de-hidalgo"},"yoast_head":"<!-- This site is optimized with the Yoast SEO plugin v26.1.1 - https:\/\/yoast.com\/wordpress\/plugins\/seo\/ -->\n<title>Andr\u00e9s Vel\u00e1zquez encabeza encuentro hist\u00f3rico para consolidar memoria legislativa del Congreso de Hidalgo - El Cardinal<\/title>\n<meta name=\"robots\" content=\"index, follow, max-snippet:-1, max-image-preview:large, max-video-preview:-1\" \/>\n<link rel=\"canonical\" href=\"https:\/\/elcardinal.com\/?p=5513\" \/>\n<meta property=\"og:locale\" content=\"es_MX\" \/>\n<meta property=\"og:type\" content=\"article\" \/>\n<meta property=\"og:title\" content=\"Andr\u00e9s Vel\u00e1zquez encabeza encuentro hist\u00f3rico para consolidar memoria legislativa del Congreso de Hidalgo - El Cardinal\" \/>\n<meta property=\"og:description\" content=\"Redacci\u00f3n En un acto sin precedentes que fortalece la identidad institucional del Poder Legislativo, el presidente de la Junta de Gobierno del Congreso del Estado Libre y Soberano de Hidalgo, diputado Andr\u00e9s Vel\u00e1zquez V\u00e1zquez, encabez\u00f3 la reuni\u00f3n hist\u00f3rica con excoordinadores y expresidentes de este \u00f3rgano de gobierno parlamentario, con el prop\u00f3sito de consolidar el proyecto\" \/>\n<meta property=\"og:url\" content=\"https:\/\/elcardinal.com\/?p=5513\" \/>\n<meta property=\"og:site_name\" content=\"El Cardinal\" \/>\n<meta property=\"article:publisher\" content=\"https:\/\/www.facebook.com\/profile.php?id=100063093107011\" \/>\n<meta property=\"article:published_time\" content=\"2026-02-23T14:17:20+00:00\" \/>\n<meta property=\"og:image\" content=\"https:\/\/elcardinal.com\/wp-content\/uploads\/2026\/02\/19.02.2026-Reunion-con-ex-presidentes-Junta-de-Gobierno-91.jpg\" \/>\n\t<meta property=\"og:image:width\" content=\"2400\" \/>\n\t<meta property=\"og:image:height\" content=\"1682\" \/>\n\t<meta property=\"og:image:type\" content=\"image\/jpeg\" \/>\n<meta name=\"author\" content=\"Antonio Alcaraz\" \/>\n<meta name=\"twitter:card\" content=\"summary_large_image\" \/>\n<meta name=\"twitter:creator\" content=\"@ElCardinal_Mx\" \/>\n<meta name=\"twitter:site\" content=\"@ElCardinal_Mx\" \/>\n<meta name=\"twitter:label1\" content=\"Escrito por\" \/>\n\t<meta name=\"twitter:data1\" content=\"Antonio Alcaraz\" \/>\n\t<meta name=\"twitter:label2\" content=\"Tiempo de lectura\" \/>\n\t<meta name=\"twitter:data2\" content=\"2 minutos\" \/>\n<script type=\"application\/ld+json\" class=\"yoast-schema-graph\">{\"@context\":\"https:\/\/schema.org\",\"@graph\":[{\"@type\":\"Article\",\"@id\":\"https:\/\/elcardinal.com\/?p=5513#article\",\"isPartOf\":{\"@id\":\"https:\/\/elcardinal.com\/?p=5513\"},\"author\":{\"name\":\"Antonio Alcaraz\",\"@id\":\"https:\/\/elcardinal.com\/#\/schema\/person\/3c352ec0a33987fe275c0e8a2ea69f8b\"},\"headline\":\"Andr\u00e9s Vel\u00e1zquez encabeza encuentro hist\u00f3rico para consolidar memoria legislativa del Congreso de Hidalgo\",\"datePublished\":\"2026-02-23T14:17:20+00:00\",\"mainEntityOfPage\":{\"@id\":\"https:\/\/elcardinal.com\/?p=5513\"},\"wordCount\":522,\"commentCount\":0,\"publisher\":{\"@id\":\"https:\/\/elcardinal.com\/#organization\"},\"image\":{\"@id\":\"https:\/\/elcardinal.com\/?p=5513#primaryimage\"},\"thumbnailUrl\":\"https:\/\/elcardinal.com\/wp-content\/uploads\/2026\/02\/19.02.2026-Reunion-con-ex-presidentes-Junta-de-Gobierno-91.jpg\",\"keywords\":[\"Andr\u00e9s Vel\u00e1zquez\",\"Congreso de Hidalgo\"],\"articleSection\":[\"Hidalgo\",\"Minuto a Minuto\",\"Pol\u00edtica\"],\"inLanguage\":\"es\",\"potentialAction\":[{\"@type\":\"CommentAction\",\"name\":\"Comment\",\"target\":[\"https:\/\/elcardinal.com\/?p=5513#respond\"]}]},{\"@type\":\"WebPage\",\"@id\":\"https:\/\/elcardinal.com\/?p=5513\",\"url\":\"https:\/\/elcardinal.com\/?p=5513\",\"name\":\"Andr\u00e9s Vel\u00e1zquez encabeza encuentro hist\u00f3rico para consolidar memoria legislativa del Congreso de Hidalgo - El Cardinal\",\"isPartOf\":{\"@id\":\"https:\/\/elcardinal.com\/#website\"},\"primaryImageOfPage\":{\"@id\":\"https:\/\/elcardinal.com\/?p=5513#primaryimage\"},\"image\":{\"@id\":\"https:\/\/elcardinal.com\/?p=5513#primaryimage\"},\"thumbnailUrl\":\"https:\/\/elcardinal.com\/wp-content\/uploads\/2026\/02\/19.02.2026-Reunion-con-ex-presidentes-Junta-de-Gobierno-91.jpg\",\"datePublished\":\"2026-02-23T14:17:20+00:00\",\"breadcrumb\":{\"@id\":\"https:\/\/elcardinal.com\/?p=5513#breadcrumb\"},\"inLanguage\":\"es\",\"potentialAction\":[{\"@type\":\"ReadAction\",\"target\":[\"https:\/\/elcardinal.com\/?p=5513\"]}]},{\"@type\":\"ImageObject\",\"inLanguage\":\"es\",\"@id\":\"https:\/\/elcardinal.com\/?p=5513#primaryimage\",\"url\":\"https:\/\/elcardinal.com\/wp-content\/uploads\/2026\/02\/19.02.2026-Reunion-con-ex-presidentes-Junta-de-Gobierno-91.jpg\",\"contentUrl\":\"https:\/\/elcardinal.com\/wp-content\/uploads\/2026\/02\/19.02.2026-Reunion-con-ex-presidentes-Junta-de-Gobierno-91.jpg\",\"width\":2400,\"height\":1682},{\"@type\":\"BreadcrumbList\",\"@id\":\"https:\/\/elcardinal.com\/?p=5513#breadcrumb\",\"itemListElement\":[{\"@type\":\"ListItem\",\"position\":1,\"name\":\"Inicio\",\"item\":\"https:\/\/elcardinal.com\/\"},{\"@type\":\"ListItem\",\"position\":2,\"name\":\"Andr\u00e9s Vel\u00e1zquez encabeza encuentro hist\u00f3rico para consolidar memoria legislativa del Congreso de Hidalgo\"}]},{\"@type\":\"WebSite\",\"@id\":\"https:\/\/elcardinal.com\/#website\",\"url\":\"https:\/\/elcardinal.com\/\",\"name\":\"El Cardinal\",\"description\":\"Periodismo honesto, con valor, sentido humano, a veces sarc\u00e1stico y divertido.\",\"publisher\":{\"@id\":\"https:\/\/elcardinal.com\/#organization\"},\"alternateName\":\"El Cardinal Noticias\",\"potentialAction\":[{\"@type\":\"SearchAction\",\"target\":{\"@type\":\"EntryPoint\",\"urlTemplate\":\"https:\/\/elcardinal.com\/?s={search_term_string}\"},\"query-input\":{\"@type\":\"PropertyValueSpecification\",\"valueRequired\":true,\"valueName\":\"search_term_string\"}}],\"inLanguage\":\"es\"},{\"@type\":\"Organization\",\"@id\":\"https:\/\/elcardinal.com\/#organization\",\"name\":\"El Cardinal\",\"url\":\"https:\/\/elcardinal.com\/\",\"logo\":{\"@type\":\"ImageObject\",\"inLanguage\":\"es\",\"@id\":\"https:\/\/elcardinal.com\/#\/schema\/logo\/image\/\",\"url\":\"https:\/\/elcardinal.com\/wp-content\/uploads\/2025\/04\/LOGO-EL-CARDINAL-Periodismo-con-valor.png\",\"contentUrl\":\"https:\/\/elcardinal.com\/wp-content\/uploads\/2025\/04\/LOGO-EL-CARDINAL-Periodismo-con-valor.png\",\"width\":755,\"height\":636,\"caption\":\"El Cardinal\"},\"image\":{\"@id\":\"https:\/\/elcardinal.com\/#\/schema\/logo\/image\/\"},\"sameAs\":[\"https:\/\/www.facebook.com\/profile.php?id=100063093107011\",\"https:\/\/x.com\/ElCardinal_Mx\"]},{\"@type\":\"Person\",\"@id\":\"https:\/\/elcardinal.com\/#\/schema\/person\/3c352ec0a33987fe275c0e8a2ea69f8b\",\"name\":\"Antonio Alcaraz\",\"image\":{\"@type\":\"ImageObject\",\"inLanguage\":\"es\",\"@id\":\"https:\/\/elcardinal.com\/#\/schema\/person\/image\/\",\"url\":\"https:\/\/elcardinal.com\/wp-content\/uploads\/2025\/05\/cropped-TONO-96x96.jpg\",\"contentUrl\":\"https:\/\/elcardinal.com\/wp-content\/uploads\/2025\/05\/cropped-TONO-96x96.jpg\",\"caption\":\"Antonio Alcaraz\"},\"url\":\"https:\/\/elcardinal.com\/?author=2\"}]}<\/script>\n<!-- \/ Yoast SEO plugin. -->","yoast_head_json":{"title":"Andr\u00e9s Vel\u00e1zquez encabeza encuentro hist\u00f3rico para consolidar memoria legislativa del Congreso de Hidalgo - El Cardinal","robots":{"index":"index","follow":"follow","max-snippet":"max-snippet:-1","max-image-preview":"max-image-preview:large","max-video-preview":"max-video-preview:-1"},"canonical":"https:\/\/elcardinal.com\/?p=5513","og_locale":"es_MX","og_type":"article","og_title":"Andr\u00e9s Vel\u00e1zquez encabeza encuentro hist\u00f3rico para consolidar memoria legislativa del Congreso de Hidalgo - El Cardinal","og_description":"Redacci\u00f3n En un acto sin precedentes que fortalece la identidad institucional del Poder Legislativo, el presidente de la Junta de Gobierno del Congreso del Estado Libre y Soberano de Hidalgo, diputado Andr\u00e9s Vel\u00e1zquez V\u00e1zquez, encabez\u00f3 la reuni\u00f3n hist\u00f3rica con excoordinadores y expresidentes de este \u00f3rgano de gobierno parlamentario, con el prop\u00f3sito de consolidar el proyecto","og_url":"https:\/\/elcardinal.com\/?p=5513","og_site_name":"El Cardinal","article_publisher":"https:\/\/www.facebook.com\/profile.php?id=100063093107011","article_published_time":"2026-02-23T14:17:20+00:00","og_image":[{"width":2400,"height":1682,"url":"https:\/\/elcardinal.com\/wp-content\/uploads\/2026\/02\/19.02.2026-Reunion-con-ex-presidentes-Junta-de-Gobierno-91.jpg","type":"image\/jpeg"}],"author":"Antonio Alcaraz","twitter_card":"summary_large_image","twitter_creator":"@ElCardinal_Mx","twitter_site":"@ElCardinal_Mx","twitter_misc":{"Escrito por":"Antonio Alcaraz","Tiempo de lectura":"2 minutos"},"schema":{"@context":"https:\/\/schema.org","@graph":[{"@type":"Article","@id":"https:\/\/elcardinal.com\/?p=5513#article","isPartOf":{"@id":"https:\/\/elcardinal.com\/?p=5513"},"author":{"name":"Antonio Alcaraz","@id":"https:\/\/elcardinal.com\/#\/schema\/person\/3c352ec0a33987fe275c0e8a2ea69f8b"},"headline":"Andr\u00e9s Vel\u00e1zquez encabeza encuentro hist\u00f3rico para consolidar memoria legislativa del Congreso de Hidalgo","datePublished":"2026-02-23T14:17:20+00:00","mainEntityOfPage":{"@id":"https:\/\/elcardinal.com\/?p=5513"},"wordCount":522,"commentCount":0,"publisher":{"@id":"https:\/\/elcardinal.com\/#organization"},"image":{"@id":"https:\/\/elcardinal.com\/?p=5513#primaryimage"},"thumbnailUrl":"https:\/\/elcardinal.com\/wp-content\/uploads\/2026\/02\/19.02.2026-Reunion-con-ex-presidentes-Junta-de-Gobierno-91.jpg","keywords":["Andr\u00e9s Vel\u00e1zquez","Congreso de Hidalgo"],"articleSection":["Hidalgo","Minuto a Minuto","Pol\u00edtica"],"inLanguage":"es","potentialAction":[{"@type":"CommentAction","name":"Comment","target":["https:\/\/elcardinal.com\/?p=5513#respond"]}]},{"@type":"WebPage","@id":"https:\/\/elcardinal.com\/?p=5513","url":"https:\/\/elcardinal.com\/?p=5513","name":"Andr\u00e9s Vel\u00e1zquez encabeza encuentro hist\u00f3rico para consolidar memoria legislativa del Congreso de Hidalgo - El Cardinal","isPartOf":{"@id":"https:\/\/elcardinal.com\/#website"},"primaryImageOfPage":{"@id":"https:\/\/elcardinal.com\/?p=5513#primaryimage"},"image":{"@id":"https:\/\/elcardinal.com\/?p=5513#primaryimage"},"thumbnailUrl":"https:\/\/elcardinal.com\/wp-content\/uploads\/2026\/02\/19.02.2026-Reunion-con-ex-presidentes-Junta-de-Gobierno-91.jpg","datePublished":"2026-02-23T14:17:20+00:00","breadcrumb":{"@id":"https:\/\/elcardinal.com\/?p=5513#breadcrumb"},"inLanguage":"es","potentialAction":[{"@type":"ReadAction","target":["https:\/\/elcardinal.com\/?p=5513"]}]},{"@type":"ImageObject","inLanguage":"es","@id":"https:\/\/elcardinal.com\/?p=5513#primaryimage","url":"https:\/\/elcardinal.com\/wp-content\/uploads\/2026\/02\/19.02.2026-Reunion-con-ex-presidentes-Junta-de-Gobierno-91.jpg","contentUrl":"https:\/\/elcardinal.com\/wp-content\/uploads\/2026\/02\/19.02.2026-Reunion-con-ex-presidentes-Junta-de-Gobierno-91.jpg","width":2400,"height":1682},{"@type":"BreadcrumbList","@id":"https:\/\/elcardinal.com\/?p=5513#breadcrumb","itemListElement":[{"@type":"ListItem","position":1,"name":"Inicio","item":"https:\/\/elcardinal.com\/"},{"@type":"ListItem","position":2,"name":"Andr\u00e9s Vel\u00e1zquez encabeza encuentro hist\u00f3rico para consolidar memoria legislativa del Congreso de Hidalgo"}]},{"@type":"WebSite","@id":"https:\/\/elcardinal.com\/#website","url":"https:\/\/elcardinal.com\/","name":"El Cardinal","description":"Periodismo honesto, con valor, sentido humano, a veces sarc\u00e1stico y divertido.","publisher":{"@id":"https:\/\/elcardinal.com\/#organization"},"alternateName":"El Cardinal Noticias","potentialAction":[{"@type":"SearchAction","target":{"@type":"EntryPoint","urlTemplate":"https:\/\/elcardinal.com\/?s={search_term_string}"},"query-input":{"@type":"PropertyValueSpecification","valueRequired":true,"valueName":"search_term_string"}}],"inLanguage":"es"},{"@type":"Organization","@id":"https:\/\/elcardinal.com\/#organization","name":"El Cardinal","url":"https:\/\/elcardinal.com\/","logo":{"@type":"ImageObject","inLanguage":"es","@id":"https:\/\/elcardinal.com\/#\/schema\/logo\/image\/","url":"https:\/\/elcardinal.com\/wp-content\/uploads\/2025\/04\/LOGO-EL-CARDINAL-Periodismo-con-valor.png","contentUrl":"https:\/\/elcardinal.com\/wp-content\/uploads\/2025\/04\/LOGO-EL-CARDINAL-Periodismo-con-valor.png","width":755,"height":636,"caption":"El Cardinal"},"image":{"@id":"https:\/\/elcardinal.com\/#\/schema\/logo\/image\/"},"sameAs":["https:\/\/www.facebook.com\/profile.php?id=100063093107011","https:\/\/x.com\/ElCardinal_Mx"]},{"@type":"Person","@id":"https:\/\/elcardinal.com\/#\/schema\/person\/3c352ec0a33987fe275c0e8a2ea69f8b","name":"Antonio Alcaraz","image":{"@type":"ImageObject","inLanguage":"es","@id":"https:\/\/elcardinal.com\/#\/schema\/person\/image\/","url":"https:\/\/elcardinal.com\/wp-content\/uploads\/2025\/05\/cropped-TONO-96x96.jpg","contentUrl":"https:\/\/elcardinal.com\/wp-content\/uploads\/2025\/05\/cropped-TONO-96x96.jpg","caption":"Antonio Alcaraz"},"url":"https:\/\/elcardinal.com\/?author=2"}]}},"_links":{"self":[{"href":"https:\/\/elcardinal.com\/index.php?rest_route=\/wp\/v2\/posts\/5513","targetHints":{"allow":["GET"]}}],"collection":[{"href":"https:\/\/elcardinal.com\/index.php?rest_route=\/wp\/v2\/posts"}],"about":[{"href":"https:\/\/elcardinal.com\/index.php?rest_route=\/wp\/v2\/types\/post"}],"author":[{"embeddable":true,"href":"https:\/\/elcardinal.com\/index.php?rest_route=\/wp\/v2\/users\/2"}],"replies":[{"embeddable":true,"href":"https:\/\/elcardinal.com\/index.php?rest_route=%2Fwp%2Fv2%2Fcomments&post=5513"}],"version-history":[{"count":1,"href":"https:\/\/elcardinal.com\/index.php?rest_route=\/wp\/v2\/posts\/5513\/revisions"}],"predecessor-version":[{"id":5515,"href":"https:\/\/elcardinal.com\/index.php?rest_route=\/wp\/v2\/posts\/5513\/revisions\/5515"}],"wp:featuredmedia":[{"embeddable":true,"href":"https:\/\/elcardinal.com\/index.php?rest_route=\/wp\/v2\/media\/5514"}],"wp:attachment":[{"href":"https:\/\/elcardinal.com\/index.php?rest_route=%2Fwp%2Fv2%2Fmedia&parent=5513"}],"wp:term":[{"taxonomy":"category","embeddable":true,"href":"https:\/\/elcardinal.com\/index.php?rest_route=%2Fwp%2Fv2%2Fcategories&post=5513"},{"taxonomy":"post_tag","embeddable":true,"href":"https:\/\/elcardinal.com\/index.php?rest_route=%2Fwp%2Fv2%2Ftags&post=5513"}],"curies":[{"name":"wp","href":"https:\/\/api.w.org\/{rel}","templated":true}]}}