{"id":5517,"date":"2026-02-24T19:20:52","date_gmt":"2026-02-25T01:20:52","guid":{"rendered":"https:\/\/elcardinal.com\/?p=5517"},"modified":"2026-02-24T19:20:52","modified_gmt":"2026-02-25T01:20:52","slug":"diputada-impulsa-reforma-para-fortalecer-la-inclusion-financiera-de-mujeres-emprendedoras","status":"publish","type":"post","link":"https:\/\/elcardinal.com\/?p=5517","title":{"rendered":"Diputada impulsa reforma para fortalecer la inclusi\u00f3n financiera de mujeres emprendedoras"},"content":{"rendered":"<p>Redacci\u00f3n<\/p>\n<p><span style=\"font-weight: 400;\">En sesi\u00f3n ordinaria, la legisladora <\/span><b>Paloma Barrag\u00e1n Santos<\/b><span style=\"font-weight: 400;\"> (Morena) propuso la iniciativa que reforma la Ley de Turismo Sustentable del Estado de Hidalgo, con la finalidad de fortalecer la inclusi\u00f3n financiera e impulsar el empoderamiento econ\u00f3mico de las mujeres que lideran mipymes del sector tur\u00edstico, lo que incluye el acceso, uso, protecci\u00f3n de personas usuarias y educaci\u00f3n financiera.<\/span><\/p>\n<p><span style=\"font-weight: 400;\">As\u00ed como brindar a las mujeres que lideran microempresas del sector tur\u00edstico, capacitaci\u00f3n y asesoramiento para que puedan acceder y utilizar, de forma equitativa, productos y servicios financieros de calidad, as\u00ed como a una educaci\u00f3n financiera que posibilite su empoderamiento econ\u00f3mico.<\/span><\/p>\n<p><b>Otras iniciativas<\/b><\/p>\n<p><b>Innovaciones tecnol\u00f3gicas m\u00e9dicas<\/b><\/p>\n<p><span style=\"font-weight: 400;\">Las y los diputados <\/span><b>Yarabi Gonz\u00e1lez Mart\u00ednez<\/b><span style=\"font-weight: 400;\">, <\/span><b>Aldo Meza Hern\u00e1ndez<\/b><span style=\"font-weight: 400;\">, <\/span><b>Juli\u00e1n Nochebuena Hern\u00e1ndez<\/b><span style=\"font-weight: 400;\">, <\/span><b>Jos\u00e9 Luis Rodr\u00edguez Higareda<\/b><span style=\"font-weight: 400;\"> (Morena), <\/span><b>Juana Olivia Alarc\u00f3n Rivera<\/b><span style=\"font-weight: 400;\"> y <\/span><b>M\u00f3nica Leanett Reyes Mart\u00ednez<\/b><span style=\"font-weight: 400;\"> (Nueva Alianza) presentaron la iniciativa que reforma la Ley Integral para las Personas con Discapacidad del Estado de Hidalgo, con el objetivo de promover la incorporaci\u00f3n de innovaciones tecnol\u00f3gicas m\u00e9dicas para potenciar la autonom\u00eda personal, el diagn\u00f3stico preciso y la rehabilitaci\u00f3n integral de las personas con discapacidad.<\/span><\/p>\n<p><b>Tipificaci\u00f3n espec\u00edfica del delito de pederastia<\/b><\/p>\n<p><span style=\"font-weight: 400;\">La diputada <\/span><b>Claudia Lilia Luna Islas<\/b><span style=\"font-weight: 400;\"> (PAN) detall\u00f3 la iniciativa que modifica el C\u00f3digo Penal para el Estado de Hidalgo, con el prop\u00f3sito de fortalecer el marco jur\u00eddico mediante la tipificaci\u00f3n espec\u00edfica del delito de pederastia para proteger de manera m\u00e1s eficaz a las personas menores de 18 a\u00f1os frente a conductas de car\u00e1cter sexual cometidas por sujetos que se encuentran en una posici\u00f3n de poder, autoridad o confianza respecto de la v\u00edctima.<\/span><\/p>\n<p><b>Acceso a los bienes y servicios culturales<\/b><\/p>\n<p><span style=\"font-weight: 400;\">El legislador <\/span><b>Francisco Javier T\u00e9llez S\u00e1nchez<\/b><span style=\"font-weight: 400;\"> (PT) present\u00f3 la iniciativa que reforma la Ley de Cultura y Derechos Culturales del Estado de Hidalgo, con el objetivo de fortalecer el principio de igualdad sustantiva en el acceso a los bienes y servicios culturales, asegurando que el disfrute del patrimonio hist\u00f3rico, art\u00edstico y arqueol\u00f3gico no quede limitado por barreras f\u00edsicas o de accesibilidad.<\/span><\/p>\n<p><b>Aprovechamiento sustentable de la biodiversidad<\/b><\/p>\n<p><span style=\"font-weight: 400;\">El diputado <\/span><b>Avelino Tovar Iglesias<\/b><span style=\"font-weight: 400;\"> (PVEM) propuso la iniciativa que modifica la Ley para la Protecci\u00f3n al Ambiente del Estado de Hidalgo, con el fin de fortalecer el marco normativo ambiental mediante la incorporaci\u00f3n de disposiciones que consoliden una pol\u00edtica p\u00fablica integral, transversal y de largo plazo en materia de conservaci\u00f3n y aprovechamiento sustentable de la biodiversidad, reconoci\u00e9ndola como un patrimonio natural estrat\u00e9gico y como base del bienestar social, el desarrollo econ\u00f3mico y la estabilidad ecol\u00f3gica de la entidad.<\/span><\/p>\n<p><b>Reconocimiento de la calidad de v\u00edctima<\/b><\/p>\n<p><span style=\"font-weight: 400;\">El legislador <\/span><b>Marco Antonio Mendoza Bustamante<\/b><span style=\"font-weight: 400;\"> (PRI) detall\u00f3 la iniciativa que reforma la Ley de V\u00edctimas para el Estado de Hidalgo, con el prop\u00f3sito que la Procuradur\u00eda de Protecci\u00f3n de Ni\u00f1as, Ni\u00f1os, Adolescentes y la Familia del Estado de Hidalgo, pueda hacer el reconocimiento de la calidad de v\u00edctima, la cual se adquiere con la acreditaci\u00f3n del da\u00f1o o menoscabo de los derechos en los t\u00e9rminos establecidos en la ley, con independencia de que se identifique, aprehenda o condene al responsable del da\u00f1o o de que la v\u00edctima participe en alg\u00fan procedimiento judicial o administrativo.<\/span><\/p>\n<p><b>Asuntos generales<\/b><\/p>\n<p><b>Competencias del personal municipal<\/b><\/p>\n<p><span style=\"font-weight: 400;\">La diputada <\/span><b>Orqu\u00eddea Larragoiti Osorio<\/b><span style=\"font-weight: 400;\"> (PT) present\u00f3 un acuerdo econ\u00f3mico que exhorta a los 84 ayuntamientos a informar sobre el estado que guarda la profesionalizaci\u00f3n y certificaci\u00f3n de competencias del personal municipal sujeto al art\u00edculo 121 bis de la Ley Org\u00e1nica Municipal.<\/span><\/p>\n<p><b>D\u00eda de la Bandera<\/b><\/p>\n<p><span style=\"font-weight: 400;\">En el D\u00eda de la Bandera, la legisladora <\/span><b>M\u00f3nica Leanett Reyes Mart\u00ednez<\/b><span style=\"font-weight: 400;\"> (Nueva Alianza) mencion\u00f3: \u201cnuestra bandera no es un acto protocolario ni un elemento decorativo en los edificios p\u00fablicos. Es la expresi\u00f3n viva de la lucha por la independencia, la consolidaci\u00f3n de la Rep\u00fablica y el esfuerzo permanente por construir un pa\u00eds m\u00e1s justo\u201d.<\/span><\/p>\n<p><b>Seguridad en el pa\u00eds<\/b><\/p>\n<p><span style=\"font-weight: 400;\">La diputada <\/span><b>Claudia Lilia Luna Islas<\/b><span style=\"font-weight: 400;\"> (PAN) solicit\u00f3 que las autoridades federales, estatales y municipales mantengan y refuercen la presencia de seguridad en Hidalgo. \u201cQue anticipen estos reacomodos criminales, que fortalezcan la inteligencia, la prevenci\u00f3n del delito y la coordinaci\u00f3n entre los niveles de gobierno. El combate al crimen no puede ser solo reactivo ni moment\u00e1neo\u201d.<\/span><\/p>\n<p><b>Redes digitales que difunden contenido sin consentimiento<\/b><\/p>\n<p><span style=\"font-weight: 400;\">La legisladora <\/span><b>Johana Montcerrat Hern\u00e1ndez P\u00e9rez<\/b><span style=\"font-weight: 400;\"> (PRI) denunci\u00f3 que, en Ixmiquilpan, se han detectado redes digitales de grupos de WhatsApp y Telegram, donde circulan m\u00e1s de 4 mil archivos de contenido \u00edntimo sin consentimiento, por lo que pidi\u00f3 a la Procuradur\u00eda General de Justicia del Estado de Hidalgo que inicie las investigaciones de oficio a trav\u00e9s del Ministerio P\u00fablico y no permita que este caso se diluya.<\/span><\/p>\n<p><b>Violencia en M\u00e9xico y su impacto<\/b><\/p>\n<p><span style=\"font-weight: 400;\">La legisladora <\/span><b>Karla Perales Arrieta<\/b><span style=\"font-weight: 400;\"> (MC) lament\u00f3 que las ni\u00f1as, ni\u00f1os ya adolescentes no sean ajenos a la violencia, \u201cson v\u00edctimas directas cuando no pueden salir a la tienda, cuando se cancela el juego en la calle, cuando se suspenden los entrenamientos deportivos, cuando no visitan a sus abuelos o se interrumpen las clases\u201d.<\/span><\/p>\n<p><b>Seguridad en la zona metropolitana Tula-Tepeji<\/b><\/p>\n<p><span style=\"font-weight: 400;\">El diputado <\/span><b>Carlos Alejandro Alc\u00e1ntara Carbajal<\/b><span style=\"font-weight: 400;\"> (MC) solicit\u00f3 el fortalecimiento de las polic\u00edas municipales y la dignificaci\u00f3n de su labor, \u201cla improvisaci\u00f3n no genera resultados reales, \u201cla coordinaci\u00f3n institucional s\u00ed, por eso hago un llamado a reforzar la colaboraci\u00f3n interinstitucional en la regi\u00f3n Tula-Tepeji\u201d.<\/span><\/p>\n<p><b>Reconocimiento a la labor del Ej\u00e9rcito<\/b><\/p>\n<p><span style=\"font-weight: 400;\">El legislador <\/span><b>Jos\u00e9 Luis Rodr\u00edguez Higareda<\/b><span style=\"font-weight: 400;\"> (Morena) record\u00f3 que, en la historia de M\u00e9xico, el Ej\u00e9rcito ha sido columna vertebral de la soberan\u00eda, \u201cguardi\u00e1n de nuestra integridad territorial y escudo permanente de nuestra paz interior, no hablamos solo de una instituci\u00f3n armada hablamos de mujeres y hombres que con disciplina, preparaci\u00f3n y amor por la patria han decidido dedicar su vida al servicio de los dem\u00e1s\u201d.<\/span><\/p>\n<p><b>Respaldo al gobierno de M\u00e9xico<\/b><\/p>\n<p><span style=\"font-weight: 400;\">El diputado <\/span><b>Andr\u00e9s Vel\u00e1zquez V\u00e1zquez<\/b><span style=\"font-weight: 400;\"> (Morena) se pronunci\u00f3 sobre el operativo de seguridad implementado el domingo pasado: \u201clo que presenciamos el fin de semana fue una demostraci\u00f3n contundente y fuerte de que en M\u00e9xico no hay fuerza superior a la del Estado cuando \u00e9ste act\u00faa con legitimidad, precisi\u00f3n y profundo sentido de justicia y patriotismo. \u201cExpreso mi m\u00e1s amplio y categ\u00f3rico reconocimiento a la presidenta de M\u00e9xico, su liderazgo sereno, pero inquebrantable, nos demuestra que hay una visi\u00f3n clara y estrategia efectiva para mantener la paz en nuestro pa\u00eds\u201d.<\/span><\/p>\n","protected":false},"excerpt":{"rendered":"<p>Redacci\u00f3n En sesi\u00f3n ordinaria, la legisladora Paloma Barrag\u00e1n Santos (Morena) propuso la iniciativa que reforma la Ley de Turismo Sustentable del Estado de Hidalgo, con la finalidad de fortalecer la inclusi\u00f3n financiera e impulsar el empoderamiento econ\u00f3mico de las mujeres que lideran mipymes del sector tur\u00edstico, lo que incluye el acceso, uso, protecci\u00f3n de personas<\/p>\n","protected":false},"author":2,"featured_media":5518,"comment_status":"open","ping_status":"open","sticky":false,"template":"","format":"standard","meta":{"footnotes":""},"categories":[31,44,39],"tags":[],"class_list":{"0":"post-5517","1":"post","2":"type-post","3":"status-publish","4":"format-standard","5":"has-post-thumbnail","7":"category-hidalgo","8":"category-minuto-a-minuto","9":"category-politica"},"yoast_head":"<!-- This site is optimized with the Yoast SEO plugin v26.1.1 - https:\/\/yoast.com\/wordpress\/plugins\/seo\/ -->\n<title>Diputada impulsa reforma para fortalecer la inclusi\u00f3n financiera de mujeres emprendedoras - El Cardinal<\/title>\n<meta name=\"robots\" content=\"index, follow, max-snippet:-1, max-image-preview:large, max-video-preview:-1\" \/>\n<link rel=\"canonical\" href=\"https:\/\/elcardinal.com\/?p=5517\" \/>\n<meta property=\"og:locale\" content=\"es_MX\" \/>\n<meta property=\"og:type\" content=\"article\" \/>\n<meta property=\"og:title\" content=\"Diputada impulsa reforma para fortalecer la inclusi\u00f3n financiera de mujeres emprendedoras - El Cardinal\" \/>\n<meta property=\"og:description\" content=\"Redacci\u00f3n En sesi\u00f3n ordinaria, la legisladora Paloma Barrag\u00e1n Santos (Morena) propuso la iniciativa que reforma la Ley de Turismo Sustentable del Estado de Hidalgo, con la finalidad de fortalecer la inclusi\u00f3n financiera e impulsar el empoderamiento econ\u00f3mico de las mujeres que lideran mipymes del sector tur\u00edstico, lo que incluye el acceso, uso, protecci\u00f3n de personas\" \/>\n<meta property=\"og:url\" content=\"https:\/\/elcardinal.com\/?p=5517\" \/>\n<meta property=\"og:site_name\" content=\"El Cardinal\" \/>\n<meta property=\"article:publisher\" content=\"https:\/\/www.facebook.com\/profile.php?id=100063093107011\" \/>\n<meta property=\"article:published_time\" content=\"2026-02-25T01:20:52+00:00\" \/>\n<meta property=\"og:image\" content=\"https:\/\/elcardinal.com\/wp-content\/uploads\/2026\/02\/Sesion-24.02.2026-Ordinaria-58.jpg\" \/>\n\t<meta property=\"og:image:width\" content=\"1990\" \/>\n\t<meta property=\"og:image:height\" content=\"1800\" \/>\n\t<meta property=\"og:image:type\" content=\"image\/jpeg\" \/>\n<meta name=\"author\" content=\"Antonio Alcaraz\" \/>\n<meta name=\"twitter:card\" content=\"summary_large_image\" \/>\n<meta name=\"twitter:creator\" content=\"@ElCardinal_Mx\" \/>\n<meta name=\"twitter:site\" content=\"@ElCardinal_Mx\" \/>\n<meta name=\"twitter:label1\" content=\"Escrito por\" \/>\n\t<meta name=\"twitter:data1\" content=\"Antonio Alcaraz\" \/>\n\t<meta name=\"twitter:label2\" content=\"Tiempo de lectura\" \/>\n\t<meta name=\"twitter:data2\" content=\"5 minutos\" \/>\n<script type=\"application\/ld+json\" class=\"yoast-schema-graph\">{\"@context\":\"https:\/\/schema.org\",\"@graph\":[{\"@type\":\"Article\",\"@id\":\"https:\/\/elcardinal.com\/?p=5517#article\",\"isPartOf\":{\"@id\":\"https:\/\/elcardinal.com\/?p=5517\"},\"author\":{\"name\":\"Antonio Alcaraz\",\"@id\":\"https:\/\/elcardinal.com\/#\/schema\/person\/3c352ec0a33987fe275c0e8a2ea69f8b\"},\"headline\":\"Diputada impulsa reforma para fortalecer la inclusi\u00f3n financiera de mujeres emprendedoras\",\"datePublished\":\"2026-02-25T01:20:52+00:00\",\"mainEntityOfPage\":{\"@id\":\"https:\/\/elcardinal.com\/?p=5517\"},\"wordCount\":1165,\"commentCount\":0,\"publisher\":{\"@id\":\"https:\/\/elcardinal.com\/#organization\"},\"image\":{\"@id\":\"https:\/\/elcardinal.com\/?p=5517#primaryimage\"},\"thumbnailUrl\":\"https:\/\/elcardinal.com\/wp-content\/uploads\/2026\/02\/Sesion-24.02.2026-Ordinaria-58.jpg\",\"articleSection\":[\"Hidalgo\",\"Minuto a Minuto\",\"Pol\u00edtica\"],\"inLanguage\":\"es\",\"potentialAction\":[{\"@type\":\"CommentAction\",\"name\":\"Comment\",\"target\":[\"https:\/\/elcardinal.com\/?p=5517#respond\"]}]},{\"@type\":\"WebPage\",\"@id\":\"https:\/\/elcardinal.com\/?p=5517\",\"url\":\"https:\/\/elcardinal.com\/?p=5517\",\"name\":\"Diputada impulsa reforma para fortalecer la inclusi\u00f3n financiera de mujeres emprendedoras - El Cardinal\",\"isPartOf\":{\"@id\":\"https:\/\/elcardinal.com\/#website\"},\"primaryImageOfPage\":{\"@id\":\"https:\/\/elcardinal.com\/?p=5517#primaryimage\"},\"image\":{\"@id\":\"https:\/\/elcardinal.com\/?p=5517#primaryimage\"},\"thumbnailUrl\":\"https:\/\/elcardinal.com\/wp-content\/uploads\/2026\/02\/Sesion-24.02.2026-Ordinaria-58.jpg\",\"datePublished\":\"2026-02-25T01:20:52+00:00\",\"breadcrumb\":{\"@id\":\"https:\/\/elcardinal.com\/?p=5517#breadcrumb\"},\"inLanguage\":\"es\",\"potentialAction\":[{\"@type\":\"ReadAction\",\"target\":[\"https:\/\/elcardinal.com\/?p=5517\"]}]},{\"@type\":\"ImageObject\",\"inLanguage\":\"es\",\"@id\":\"https:\/\/elcardinal.com\/?p=5517#primaryimage\",\"url\":\"https:\/\/elcardinal.com\/wp-content\/uploads\/2026\/02\/Sesion-24.02.2026-Ordinaria-58.jpg\",\"contentUrl\":\"https:\/\/elcardinal.com\/wp-content\/uploads\/2026\/02\/Sesion-24.02.2026-Ordinaria-58.jpg\",\"width\":1990,\"height\":1800},{\"@type\":\"BreadcrumbList\",\"@id\":\"https:\/\/elcardinal.com\/?p=5517#breadcrumb\",\"itemListElement\":[{\"@type\":\"ListItem\",\"position\":1,\"name\":\"Inicio\",\"item\":\"https:\/\/elcardinal.com\/\"},{\"@type\":\"ListItem\",\"position\":2,\"name\":\"Diputada impulsa reforma para fortalecer la inclusi\u00f3n financiera de mujeres emprendedoras\"}]},{\"@type\":\"WebSite\",\"@id\":\"https:\/\/elcardinal.com\/#website\",\"url\":\"https:\/\/elcardinal.com\/\",\"name\":\"El Cardinal\",\"description\":\"Periodismo honesto, con valor, sentido humano, a veces sarc\u00e1stico y divertido.\",\"publisher\":{\"@id\":\"https:\/\/elcardinal.com\/#organization\"},\"alternateName\":\"El Cardinal Noticias\",\"potentialAction\":[{\"@type\":\"SearchAction\",\"target\":{\"@type\":\"EntryPoint\",\"urlTemplate\":\"https:\/\/elcardinal.com\/?s={search_term_string}\"},\"query-input\":{\"@type\":\"PropertyValueSpecification\",\"valueRequired\":true,\"valueName\":\"search_term_string\"}}],\"inLanguage\":\"es\"},{\"@type\":\"Organization\",\"@id\":\"https:\/\/elcardinal.com\/#organization\",\"name\":\"El Cardinal\",\"url\":\"https:\/\/elcardinal.com\/\",\"logo\":{\"@type\":\"ImageObject\",\"inLanguage\":\"es\",\"@id\":\"https:\/\/elcardinal.com\/#\/schema\/logo\/image\/\",\"url\":\"https:\/\/elcardinal.com\/wp-content\/uploads\/2025\/04\/LOGO-EL-CARDINAL-Periodismo-con-valor.png\",\"contentUrl\":\"https:\/\/elcardinal.com\/wp-content\/uploads\/2025\/04\/LOGO-EL-CARDINAL-Periodismo-con-valor.png\",\"width\":755,\"height\":636,\"caption\":\"El Cardinal\"},\"image\":{\"@id\":\"https:\/\/elcardinal.com\/#\/schema\/logo\/image\/\"},\"sameAs\":[\"https:\/\/www.facebook.com\/profile.php?id=100063093107011\",\"https:\/\/x.com\/ElCardinal_Mx\"]},{\"@type\":\"Person\",\"@id\":\"https:\/\/elcardinal.com\/#\/schema\/person\/3c352ec0a33987fe275c0e8a2ea69f8b\",\"name\":\"Antonio Alcaraz\",\"image\":{\"@type\":\"ImageObject\",\"inLanguage\":\"es\",\"@id\":\"https:\/\/elcardinal.com\/#\/schema\/person\/image\/\",\"url\":\"https:\/\/elcardinal.com\/wp-content\/uploads\/2025\/05\/cropped-TONO-96x96.jpg\",\"contentUrl\":\"https:\/\/elcardinal.com\/wp-content\/uploads\/2025\/05\/cropped-TONO-96x96.jpg\",\"caption\":\"Antonio Alcaraz\"},\"url\":\"https:\/\/elcardinal.com\/?author=2\"}]}<\/script>\n<!-- \/ Yoast SEO plugin. -->","yoast_head_json":{"title":"Diputada impulsa reforma para fortalecer la inclusi\u00f3n financiera de mujeres emprendedoras - El Cardinal","robots":{"index":"index","follow":"follow","max-snippet":"max-snippet:-1","max-image-preview":"max-image-preview:large","max-video-preview":"max-video-preview:-1"},"canonical":"https:\/\/elcardinal.com\/?p=5517","og_locale":"es_MX","og_type":"article","og_title":"Diputada impulsa reforma para fortalecer la inclusi\u00f3n financiera de mujeres emprendedoras - El Cardinal","og_description":"Redacci\u00f3n En sesi\u00f3n ordinaria, la legisladora Paloma Barrag\u00e1n Santos (Morena) propuso la iniciativa que reforma la Ley de Turismo Sustentable del Estado de Hidalgo, con la finalidad de fortalecer la inclusi\u00f3n financiera e impulsar el empoderamiento econ\u00f3mico de las mujeres que lideran mipymes del sector tur\u00edstico, lo que incluye el acceso, uso, protecci\u00f3n de personas","og_url":"https:\/\/elcardinal.com\/?p=5517","og_site_name":"El Cardinal","article_publisher":"https:\/\/www.facebook.com\/profile.php?id=100063093107011","article_published_time":"2026-02-25T01:20:52+00:00","og_image":[{"width":1990,"height":1800,"url":"https:\/\/elcardinal.com\/wp-content\/uploads\/2026\/02\/Sesion-24.02.2026-Ordinaria-58.jpg","type":"image\/jpeg"}],"author":"Antonio Alcaraz","twitter_card":"summary_large_image","twitter_creator":"@ElCardinal_Mx","twitter_site":"@ElCardinal_Mx","twitter_misc":{"Escrito por":"Antonio Alcaraz","Tiempo de lectura":"5 minutos"},"schema":{"@context":"https:\/\/schema.org","@graph":[{"@type":"Article","@id":"https:\/\/elcardinal.com\/?p=5517#article","isPartOf":{"@id":"https:\/\/elcardinal.com\/?p=5517"},"author":{"name":"Antonio Alcaraz","@id":"https:\/\/elcardinal.com\/#\/schema\/person\/3c352ec0a33987fe275c0e8a2ea69f8b"},"headline":"Diputada impulsa reforma para fortalecer la inclusi\u00f3n financiera de mujeres emprendedoras","datePublished":"2026-02-25T01:20:52+00:00","mainEntityOfPage":{"@id":"https:\/\/elcardinal.com\/?p=5517"},"wordCount":1165,"commentCount":0,"publisher":{"@id":"https:\/\/elcardinal.com\/#organization"},"image":{"@id":"https:\/\/elcardinal.com\/?p=5517#primaryimage"},"thumbnailUrl":"https:\/\/elcardinal.com\/wp-content\/uploads\/2026\/02\/Sesion-24.02.2026-Ordinaria-58.jpg","articleSection":["Hidalgo","Minuto a Minuto","Pol\u00edtica"],"inLanguage":"es","potentialAction":[{"@type":"CommentAction","name":"Comment","target":["https:\/\/elcardinal.com\/?p=5517#respond"]}]},{"@type":"WebPage","@id":"https:\/\/elcardinal.com\/?p=5517","url":"https:\/\/elcardinal.com\/?p=5517","name":"Diputada impulsa reforma para fortalecer la inclusi\u00f3n financiera de mujeres emprendedoras - El Cardinal","isPartOf":{"@id":"https:\/\/elcardinal.com\/#website"},"primaryImageOfPage":{"@id":"https:\/\/elcardinal.com\/?p=5517#primaryimage"},"image":{"@id":"https:\/\/elcardinal.com\/?p=5517#primaryimage"},"thumbnailUrl":"https:\/\/elcardinal.com\/wp-content\/uploads\/2026\/02\/Sesion-24.02.2026-Ordinaria-58.jpg","datePublished":"2026-02-25T01:20:52+00:00","breadcrumb":{"@id":"https:\/\/elcardinal.com\/?p=5517#breadcrumb"},"inLanguage":"es","potentialAction":[{"@type":"ReadAction","target":["https:\/\/elcardinal.com\/?p=5517"]}]},{"@type":"ImageObject","inLanguage":"es","@id":"https:\/\/elcardinal.com\/?p=5517#primaryimage","url":"https:\/\/elcardinal.com\/wp-content\/uploads\/2026\/02\/Sesion-24.02.2026-Ordinaria-58.jpg","contentUrl":"https:\/\/elcardinal.com\/wp-content\/uploads\/2026\/02\/Sesion-24.02.2026-Ordinaria-58.jpg","width":1990,"height":1800},{"@type":"BreadcrumbList","@id":"https:\/\/elcardinal.com\/?p=5517#breadcrumb","itemListElement":[{"@type":"ListItem","position":1,"name":"Inicio","item":"https:\/\/elcardinal.com\/"},{"@type":"ListItem","position":2,"name":"Diputada impulsa reforma para fortalecer la inclusi\u00f3n financiera de mujeres emprendedoras"}]},{"@type":"WebSite","@id":"https:\/\/elcardinal.com\/#website","url":"https:\/\/elcardinal.com\/","name":"El Cardinal","description":"Periodismo honesto, con valor, sentido humano, a veces sarc\u00e1stico y divertido.","publisher":{"@id":"https:\/\/elcardinal.com\/#organization"},"alternateName":"El Cardinal Noticias","potentialAction":[{"@type":"SearchAction","target":{"@type":"EntryPoint","urlTemplate":"https:\/\/elcardinal.com\/?s={search_term_string}"},"query-input":{"@type":"PropertyValueSpecification","valueRequired":true,"valueName":"search_term_string"}}],"inLanguage":"es"},{"@type":"Organization","@id":"https:\/\/elcardinal.com\/#organization","name":"El Cardinal","url":"https:\/\/elcardinal.com\/","logo":{"@type":"ImageObject","inLanguage":"es","@id":"https:\/\/elcardinal.com\/#\/schema\/logo\/image\/","url":"https:\/\/elcardinal.com\/wp-content\/uploads\/2025\/04\/LOGO-EL-CARDINAL-Periodismo-con-valor.png","contentUrl":"https:\/\/elcardinal.com\/wp-content\/uploads\/2025\/04\/LOGO-EL-CARDINAL-Periodismo-con-valor.png","width":755,"height":636,"caption":"El Cardinal"},"image":{"@id":"https:\/\/elcardinal.com\/#\/schema\/logo\/image\/"},"sameAs":["https:\/\/www.facebook.com\/profile.php?id=100063093107011","https:\/\/x.com\/ElCardinal_Mx"]},{"@type":"Person","@id":"https:\/\/elcardinal.com\/#\/schema\/person\/3c352ec0a33987fe275c0e8a2ea69f8b","name":"Antonio Alcaraz","image":{"@type":"ImageObject","inLanguage":"es","@id":"https:\/\/elcardinal.com\/#\/schema\/person\/image\/","url":"https:\/\/elcardinal.com\/wp-content\/uploads\/2025\/05\/cropped-TONO-96x96.jpg","contentUrl":"https:\/\/elcardinal.com\/wp-content\/uploads\/2025\/05\/cropped-TONO-96x96.jpg","caption":"Antonio Alcaraz"},"url":"https:\/\/elcardinal.com\/?author=2"}]}},"_links":{"self":[{"href":"https:\/\/elcardinal.com\/index.php?rest_route=\/wp\/v2\/posts\/5517","targetHints":{"allow":["GET"]}}],"collection":[{"href":"https:\/\/elcardinal.com\/index.php?rest_route=\/wp\/v2\/posts"}],"about":[{"href":"https:\/\/elcardinal.com\/index.php?rest_route=\/wp\/v2\/types\/post"}],"author":[{"embeddable":true,"href":"https:\/\/elcardinal.com\/index.php?rest_route=\/wp\/v2\/users\/2"}],"replies":[{"embeddable":true,"href":"https:\/\/elcardinal.com\/index.php?rest_route=%2Fwp%2Fv2%2Fcomments&post=5517"}],"version-history":[{"count":1,"href":"https:\/\/elcardinal.com\/index.php?rest_route=\/wp\/v2\/posts\/5517\/revisions"}],"predecessor-version":[{"id":5519,"href":"https:\/\/elcardinal.com\/index.php?rest_route=\/wp\/v2\/posts\/5517\/revisions\/5519"}],"wp:featuredmedia":[{"embeddable":true,"href":"https:\/\/elcardinal.com\/index.php?rest_route=\/wp\/v2\/media\/5518"}],"wp:attachment":[{"href":"https:\/\/elcardinal.com\/index.php?rest_route=%2Fwp%2Fv2%2Fmedia&parent=5517"}],"wp:term":[{"taxonomy":"category","embeddable":true,"href":"https:\/\/elcardinal.com\/index.php?rest_route=%2Fwp%2Fv2%2Fcategories&post=5517"},{"taxonomy":"post_tag","embeddable":true,"href":"https:\/\/elcardinal.com\/index.php?rest_route=%2Fwp%2Fv2%2Ftags&post=5517"}],"curies":[{"name":"wp","href":"https:\/\/api.w.org\/{rel}","templated":true}]}}