{"id":5523,"date":"2026-02-24T22:26:44","date_gmt":"2026-02-25T04:26:44","guid":{"rendered":"https:\/\/elcardinal.com\/?p=5523"},"modified":"2026-02-24T22:26:44","modified_gmt":"2026-02-25T04:26:44","slug":"identificar-a-los-verdaderos-medios-el-reto-de-la-nueva-comunicacion-social-en-hidalgo-jms","status":"publish","type":"post","link":"https:\/\/elcardinal.com\/?p=5523","title":{"rendered":"Identificar a los verdaderos medios, el reto de la nueva comunicaci\u00f3n social en Hidalgo: JMS"},"content":{"rendered":"<p>Por: <strong>Jos\u00e9 Antonio Alcaraz Su\u00e1rez<\/strong><\/p>\n<p>Tras la publicaci\u00f3n del decreto que crea la <strong>Oficina de Comunicaci\u00f3n Social y Agenda Digital<\/strong>, que sustituye a la anterior <strong>Coordinaci\u00f3n de Comunicaci\u00f3n Social<\/strong>, el gobernador de Hidalgo, <strong>Julio Menchaca Salazar<\/strong>, afirm\u00f3 que el objetivo principal es modernizar y hacer m\u00e1s din\u00e1mica la relaci\u00f3n con los medios de comunicaci\u00f3n.<\/p>\n<p>El mandatario explic\u00f3 que la nueva oficina busca agilizar tr\u00e1mites administrativos y acelerar la difusi\u00f3n de informaci\u00f3n oficial, especialmente en temas urgentes como campa\u00f1as de salud p\u00fablica. Se\u00f1al\u00f3 que anteriormente los procesos eran tardados tanto para la emisi\u00f3n de boletines como para la ejecuci\u00f3n de campa\u00f1as institucionales.<\/p>\n<blockquote><p>Indic\u00f3 que el titular de la nueva \u00e1rea ser\u00e1 el licenciado Mundo Pineda, quien continuar\u00e1 al frente, destacando su experiencia y conocimiento del trabajo period\u00edstico, lo que permitir\u00e1 fortalecer la relaci\u00f3n con reporteros y periodistas.<\/p><\/blockquote>\n<p>Uno de los puntos centrales del decreto, subray\u00f3 el gobernador, ser\u00e1 atender uno de los retos actuales: identificar <strong><em>\u201cqui\u00e9nes son verdaderamente medios que realizan ejercicio period\u00edstico\u201d<\/em><\/strong>. Aclar\u00f3 que no se trata de exigir t\u00edtulos profesionales, sino de reconocer a quienes ejercen la actividad con responsabilidad y \u00e9tica, frente a quienes, aprovechando las redes sociales, se presentan como medios sin cumplir con est\u00e1ndares informativos.<\/p>\n<p>Menchaca Salazar reiter\u00f3 su respeto hacia la labor period\u00edstica y llam\u00f3 a la unidad del gremio para cerrar el paso a pr\u00e1cticas que no prestigian la profesi\u00f3n.<\/p>\n<p>En cuanto al manejo de recursos p\u00fablicos, sostuvo que la nueva estructura operar\u00e1 bajo criterios de transparencia y correcto uso del presupuesto estatal, que este a\u00f1o supera los 75 mil millones de pesos. Asegur\u00f3 que el compromiso de su administraci\u00f3n es evitar desv\u00edos, atender observaciones de auditor\u00eda y garantizar que el gasto en comunicaci\u00f3n social se ejerza conforme a la ley.<\/p>\n<p>Finalmente, adelant\u00f3 que realizar\u00e1 los nombramientos necesarios conforme a la nueva estructura derivada del decreto, con el prop\u00f3sito de fortalecer la comunicaci\u00f3n institucional en beneficio de la ciudadan\u00eda.<\/p>\n","protected":false},"excerpt":{"rendered":"<p>Por: Jos\u00e9 Antonio Alcaraz Su\u00e1rez Tras la publicaci\u00f3n del decreto que crea la Oficina de Comunicaci\u00f3n Social y Agenda Digital, que sustituye a la anterior Coordinaci\u00f3n de Comunicaci\u00f3n Social, el gobernador de Hidalgo, Julio Menchaca Salazar, afirm\u00f3 que el objetivo principal es modernizar y hacer m\u00e1s din\u00e1mica la relaci\u00f3n con los medios de comunicaci\u00f3n. El<\/p>\n","protected":false},"author":2,"featured_media":5524,"comment_status":"open","ping_status":"open","sticky":false,"template":"","format":"standard","meta":{"footnotes":""},"categories":[31,32,34,44],"tags":[],"class_list":{"0":"post-5523","1":"post","2":"type-post","3":"status-publish","4":"format-standard","5":"has-post-thumbnail","7":"category-hidalgo","8":"category-metropoli","9":"category-mexico","10":"category-minuto-a-minuto"},"yoast_head":"<!-- This site is optimized with the Yoast SEO plugin v26.1.1 - https:\/\/yoast.com\/wordpress\/plugins\/seo\/ -->\n<title>Identificar a los verdaderos medios, el reto de la nueva comunicaci\u00f3n social en Hidalgo: JMS - El Cardinal<\/title>\n<meta name=\"robots\" content=\"index, follow, max-snippet:-1, max-image-preview:large, max-video-preview:-1\" \/>\n<link rel=\"canonical\" href=\"https:\/\/elcardinal.com\/?p=5523\" \/>\n<meta property=\"og:locale\" content=\"es_MX\" \/>\n<meta property=\"og:type\" content=\"article\" \/>\n<meta property=\"og:title\" content=\"Identificar a los verdaderos medios, el reto de la nueva comunicaci\u00f3n social en Hidalgo: JMS - El Cardinal\" \/>\n<meta property=\"og:description\" content=\"Por: Jos\u00e9 Antonio Alcaraz Su\u00e1rez Tras la publicaci\u00f3n del decreto que crea la Oficina de Comunicaci\u00f3n Social y Agenda Digital, que sustituye a la anterior Coordinaci\u00f3n de Comunicaci\u00f3n Social, el gobernador de Hidalgo, Julio Menchaca Salazar, afirm\u00f3 que el objetivo principal es modernizar y hacer m\u00e1s din\u00e1mica la relaci\u00f3n con los medios de comunicaci\u00f3n. El\" \/>\n<meta property=\"og:url\" content=\"https:\/\/elcardinal.com\/?p=5523\" \/>\n<meta property=\"og:site_name\" content=\"El Cardinal\" \/>\n<meta property=\"article:publisher\" content=\"https:\/\/www.facebook.com\/profile.php?id=100063093107011\" \/>\n<meta property=\"article:published_time\" content=\"2026-02-25T04:26:44+00:00\" \/>\n<meta property=\"og:image\" content=\"https:\/\/elcardinal.com\/wp-content\/uploads\/2026\/02\/604506612_1404409164387659_7155808359614014744_n.jpg\" \/>\n\t<meta property=\"og:image:width\" content=\"2048\" \/>\n\t<meta property=\"og:image:height\" content=\"1365\" \/>\n\t<meta property=\"og:image:type\" content=\"image\/jpeg\" \/>\n<meta name=\"author\" content=\"Antonio Alcaraz\" \/>\n<meta name=\"twitter:card\" content=\"summary_large_image\" \/>\n<meta name=\"twitter:creator\" content=\"@ElCardinal_Mx\" \/>\n<meta name=\"twitter:site\" content=\"@ElCardinal_Mx\" \/>\n<meta name=\"twitter:label1\" content=\"Escrito por\" \/>\n\t<meta name=\"twitter:data1\" content=\"Antonio Alcaraz\" \/>\n\t<meta name=\"twitter:label2\" content=\"Tiempo de lectura\" \/>\n\t<meta name=\"twitter:data2\" content=\"2 minutos\" \/>\n<script type=\"application\/ld+json\" class=\"yoast-schema-graph\">{\"@context\":\"https:\/\/schema.org\",\"@graph\":[{\"@type\":\"Article\",\"@id\":\"https:\/\/elcardinal.com\/?p=5523#article\",\"isPartOf\":{\"@id\":\"https:\/\/elcardinal.com\/?p=5523\"},\"author\":{\"name\":\"Antonio Alcaraz\",\"@id\":\"https:\/\/elcardinal.com\/#\/schema\/person\/3c352ec0a33987fe275c0e8a2ea69f8b\"},\"headline\":\"Identificar a los verdaderos medios, el reto de la nueva comunicaci\u00f3n social en Hidalgo: JMS\",\"datePublished\":\"2026-02-25T04:26:44+00:00\",\"mainEntityOfPage\":{\"@id\":\"https:\/\/elcardinal.com\/?p=5523\"},\"wordCount\":366,\"commentCount\":0,\"publisher\":{\"@id\":\"https:\/\/elcardinal.com\/#organization\"},\"image\":{\"@id\":\"https:\/\/elcardinal.com\/?p=5523#primaryimage\"},\"thumbnailUrl\":\"https:\/\/elcardinal.com\/wp-content\/uploads\/2026\/02\/604506612_1404409164387659_7155808359614014744_n.jpg\",\"articleSection\":[\"Hidalgo\",\"Metr\u00f3poli\",\"M\u00e9xico\",\"Minuto a Minuto\"],\"inLanguage\":\"es\",\"potentialAction\":[{\"@type\":\"CommentAction\",\"name\":\"Comment\",\"target\":[\"https:\/\/elcardinal.com\/?p=5523#respond\"]}]},{\"@type\":\"WebPage\",\"@id\":\"https:\/\/elcardinal.com\/?p=5523\",\"url\":\"https:\/\/elcardinal.com\/?p=5523\",\"name\":\"Identificar a los verdaderos medios, el reto de la nueva comunicaci\u00f3n social en Hidalgo: JMS - El Cardinal\",\"isPartOf\":{\"@id\":\"https:\/\/elcardinal.com\/#website\"},\"primaryImageOfPage\":{\"@id\":\"https:\/\/elcardinal.com\/?p=5523#primaryimage\"},\"image\":{\"@id\":\"https:\/\/elcardinal.com\/?p=5523#primaryimage\"},\"thumbnailUrl\":\"https:\/\/elcardinal.com\/wp-content\/uploads\/2026\/02\/604506612_1404409164387659_7155808359614014744_n.jpg\",\"datePublished\":\"2026-02-25T04:26:44+00:00\",\"breadcrumb\":{\"@id\":\"https:\/\/elcardinal.com\/?p=5523#breadcrumb\"},\"inLanguage\":\"es\",\"potentialAction\":[{\"@type\":\"ReadAction\",\"target\":[\"https:\/\/elcardinal.com\/?p=5523\"]}]},{\"@type\":\"ImageObject\",\"inLanguage\":\"es\",\"@id\":\"https:\/\/elcardinal.com\/?p=5523#primaryimage\",\"url\":\"https:\/\/elcardinal.com\/wp-content\/uploads\/2026\/02\/604506612_1404409164387659_7155808359614014744_n.jpg\",\"contentUrl\":\"https:\/\/elcardinal.com\/wp-content\/uploads\/2026\/02\/604506612_1404409164387659_7155808359614014744_n.jpg\",\"width\":2048,\"height\":1365},{\"@type\":\"BreadcrumbList\",\"@id\":\"https:\/\/elcardinal.com\/?p=5523#breadcrumb\",\"itemListElement\":[{\"@type\":\"ListItem\",\"position\":1,\"name\":\"Inicio\",\"item\":\"https:\/\/elcardinal.com\/\"},{\"@type\":\"ListItem\",\"position\":2,\"name\":\"Identificar a los verdaderos medios, el reto de la nueva comunicaci\u00f3n social en Hidalgo: JMS\"}]},{\"@type\":\"WebSite\",\"@id\":\"https:\/\/elcardinal.com\/#website\",\"url\":\"https:\/\/elcardinal.com\/\",\"name\":\"El Cardinal\",\"description\":\"Periodismo honesto, con valor, sentido humano, a veces sarc\u00e1stico y divertido.\",\"publisher\":{\"@id\":\"https:\/\/elcardinal.com\/#organization\"},\"alternateName\":\"El Cardinal Noticias\",\"potentialAction\":[{\"@type\":\"SearchAction\",\"target\":{\"@type\":\"EntryPoint\",\"urlTemplate\":\"https:\/\/elcardinal.com\/?s={search_term_string}\"},\"query-input\":{\"@type\":\"PropertyValueSpecification\",\"valueRequired\":true,\"valueName\":\"search_term_string\"}}],\"inLanguage\":\"es\"},{\"@type\":\"Organization\",\"@id\":\"https:\/\/elcardinal.com\/#organization\",\"name\":\"El Cardinal\",\"url\":\"https:\/\/elcardinal.com\/\",\"logo\":{\"@type\":\"ImageObject\",\"inLanguage\":\"es\",\"@id\":\"https:\/\/elcardinal.com\/#\/schema\/logo\/image\/\",\"url\":\"https:\/\/elcardinal.com\/wp-content\/uploads\/2025\/04\/LOGO-EL-CARDINAL-Periodismo-con-valor.png\",\"contentUrl\":\"https:\/\/elcardinal.com\/wp-content\/uploads\/2025\/04\/LOGO-EL-CARDINAL-Periodismo-con-valor.png\",\"width\":755,\"height\":636,\"caption\":\"El Cardinal\"},\"image\":{\"@id\":\"https:\/\/elcardinal.com\/#\/schema\/logo\/image\/\"},\"sameAs\":[\"https:\/\/www.facebook.com\/profile.php?id=100063093107011\",\"https:\/\/x.com\/ElCardinal_Mx\"]},{\"@type\":\"Person\",\"@id\":\"https:\/\/elcardinal.com\/#\/schema\/person\/3c352ec0a33987fe275c0e8a2ea69f8b\",\"name\":\"Antonio Alcaraz\",\"image\":{\"@type\":\"ImageObject\",\"inLanguage\":\"es\",\"@id\":\"https:\/\/elcardinal.com\/#\/schema\/person\/image\/\",\"url\":\"https:\/\/elcardinal.com\/wp-content\/uploads\/2025\/05\/cropped-TONO-96x96.jpg\",\"contentUrl\":\"https:\/\/elcardinal.com\/wp-content\/uploads\/2025\/05\/cropped-TONO-96x96.jpg\",\"caption\":\"Antonio Alcaraz\"},\"url\":\"https:\/\/elcardinal.com\/?author=2\"}]}<\/script>\n<!-- \/ Yoast SEO plugin. -->","yoast_head_json":{"title":"Identificar a los verdaderos medios, el reto de la nueva comunicaci\u00f3n social en Hidalgo: JMS - El Cardinal","robots":{"index":"index","follow":"follow","max-snippet":"max-snippet:-1","max-image-preview":"max-image-preview:large","max-video-preview":"max-video-preview:-1"},"canonical":"https:\/\/elcardinal.com\/?p=5523","og_locale":"es_MX","og_type":"article","og_title":"Identificar a los verdaderos medios, el reto de la nueva comunicaci\u00f3n social en Hidalgo: JMS - El Cardinal","og_description":"Por: Jos\u00e9 Antonio Alcaraz Su\u00e1rez Tras la publicaci\u00f3n del decreto que crea la Oficina de Comunicaci\u00f3n Social y Agenda Digital, que sustituye a la anterior Coordinaci\u00f3n de Comunicaci\u00f3n Social, el gobernador de Hidalgo, Julio Menchaca Salazar, afirm\u00f3 que el objetivo principal es modernizar y hacer m\u00e1s din\u00e1mica la relaci\u00f3n con los medios de comunicaci\u00f3n. El","og_url":"https:\/\/elcardinal.com\/?p=5523","og_site_name":"El Cardinal","article_publisher":"https:\/\/www.facebook.com\/profile.php?id=100063093107011","article_published_time":"2026-02-25T04:26:44+00:00","og_image":[{"width":2048,"height":1365,"url":"https:\/\/elcardinal.com\/wp-content\/uploads\/2026\/02\/604506612_1404409164387659_7155808359614014744_n.jpg","type":"image\/jpeg"}],"author":"Antonio Alcaraz","twitter_card":"summary_large_image","twitter_creator":"@ElCardinal_Mx","twitter_site":"@ElCardinal_Mx","twitter_misc":{"Escrito por":"Antonio Alcaraz","Tiempo de lectura":"2 minutos"},"schema":{"@context":"https:\/\/schema.org","@graph":[{"@type":"Article","@id":"https:\/\/elcardinal.com\/?p=5523#article","isPartOf":{"@id":"https:\/\/elcardinal.com\/?p=5523"},"author":{"name":"Antonio Alcaraz","@id":"https:\/\/elcardinal.com\/#\/schema\/person\/3c352ec0a33987fe275c0e8a2ea69f8b"},"headline":"Identificar a los verdaderos medios, el reto de la nueva comunicaci\u00f3n social en Hidalgo: JMS","datePublished":"2026-02-25T04:26:44+00:00","mainEntityOfPage":{"@id":"https:\/\/elcardinal.com\/?p=5523"},"wordCount":366,"commentCount":0,"publisher":{"@id":"https:\/\/elcardinal.com\/#organization"},"image":{"@id":"https:\/\/elcardinal.com\/?p=5523#primaryimage"},"thumbnailUrl":"https:\/\/elcardinal.com\/wp-content\/uploads\/2026\/02\/604506612_1404409164387659_7155808359614014744_n.jpg","articleSection":["Hidalgo","Metr\u00f3poli","M\u00e9xico","Minuto a Minuto"],"inLanguage":"es","potentialAction":[{"@type":"CommentAction","name":"Comment","target":["https:\/\/elcardinal.com\/?p=5523#respond"]}]},{"@type":"WebPage","@id":"https:\/\/elcardinal.com\/?p=5523","url":"https:\/\/elcardinal.com\/?p=5523","name":"Identificar a los verdaderos medios, el reto de la nueva comunicaci\u00f3n social en Hidalgo: JMS - El Cardinal","isPartOf":{"@id":"https:\/\/elcardinal.com\/#website"},"primaryImageOfPage":{"@id":"https:\/\/elcardinal.com\/?p=5523#primaryimage"},"image":{"@id":"https:\/\/elcardinal.com\/?p=5523#primaryimage"},"thumbnailUrl":"https:\/\/elcardinal.com\/wp-content\/uploads\/2026\/02\/604506612_1404409164387659_7155808359614014744_n.jpg","datePublished":"2026-02-25T04:26:44+00:00","breadcrumb":{"@id":"https:\/\/elcardinal.com\/?p=5523#breadcrumb"},"inLanguage":"es","potentialAction":[{"@type":"ReadAction","target":["https:\/\/elcardinal.com\/?p=5523"]}]},{"@type":"ImageObject","inLanguage":"es","@id":"https:\/\/elcardinal.com\/?p=5523#primaryimage","url":"https:\/\/elcardinal.com\/wp-content\/uploads\/2026\/02\/604506612_1404409164387659_7155808359614014744_n.jpg","contentUrl":"https:\/\/elcardinal.com\/wp-content\/uploads\/2026\/02\/604506612_1404409164387659_7155808359614014744_n.jpg","width":2048,"height":1365},{"@type":"BreadcrumbList","@id":"https:\/\/elcardinal.com\/?p=5523#breadcrumb","itemListElement":[{"@type":"ListItem","position":1,"name":"Inicio","item":"https:\/\/elcardinal.com\/"},{"@type":"ListItem","position":2,"name":"Identificar a los verdaderos medios, el reto de la nueva comunicaci\u00f3n social en Hidalgo: JMS"}]},{"@type":"WebSite","@id":"https:\/\/elcardinal.com\/#website","url":"https:\/\/elcardinal.com\/","name":"El Cardinal","description":"Periodismo honesto, con valor, sentido humano, a veces sarc\u00e1stico y divertido.","publisher":{"@id":"https:\/\/elcardinal.com\/#organization"},"alternateName":"El Cardinal Noticias","potentialAction":[{"@type":"SearchAction","target":{"@type":"EntryPoint","urlTemplate":"https:\/\/elcardinal.com\/?s={search_term_string}"},"query-input":{"@type":"PropertyValueSpecification","valueRequired":true,"valueName":"search_term_string"}}],"inLanguage":"es"},{"@type":"Organization","@id":"https:\/\/elcardinal.com\/#organization","name":"El Cardinal","url":"https:\/\/elcardinal.com\/","logo":{"@type":"ImageObject","inLanguage":"es","@id":"https:\/\/elcardinal.com\/#\/schema\/logo\/image\/","url":"https:\/\/elcardinal.com\/wp-content\/uploads\/2025\/04\/LOGO-EL-CARDINAL-Periodismo-con-valor.png","contentUrl":"https:\/\/elcardinal.com\/wp-content\/uploads\/2025\/04\/LOGO-EL-CARDINAL-Periodismo-con-valor.png","width":755,"height":636,"caption":"El Cardinal"},"image":{"@id":"https:\/\/elcardinal.com\/#\/schema\/logo\/image\/"},"sameAs":["https:\/\/www.facebook.com\/profile.php?id=100063093107011","https:\/\/x.com\/ElCardinal_Mx"]},{"@type":"Person","@id":"https:\/\/elcardinal.com\/#\/schema\/person\/3c352ec0a33987fe275c0e8a2ea69f8b","name":"Antonio Alcaraz","image":{"@type":"ImageObject","inLanguage":"es","@id":"https:\/\/elcardinal.com\/#\/schema\/person\/image\/","url":"https:\/\/elcardinal.com\/wp-content\/uploads\/2025\/05\/cropped-TONO-96x96.jpg","contentUrl":"https:\/\/elcardinal.com\/wp-content\/uploads\/2025\/05\/cropped-TONO-96x96.jpg","caption":"Antonio Alcaraz"},"url":"https:\/\/elcardinal.com\/?author=2"}]}},"_links":{"self":[{"href":"https:\/\/elcardinal.com\/index.php?rest_route=\/wp\/v2\/posts\/5523","targetHints":{"allow":["GET"]}}],"collection":[{"href":"https:\/\/elcardinal.com\/index.php?rest_route=\/wp\/v2\/posts"}],"about":[{"href":"https:\/\/elcardinal.com\/index.php?rest_route=\/wp\/v2\/types\/post"}],"author":[{"embeddable":true,"href":"https:\/\/elcardinal.com\/index.php?rest_route=\/wp\/v2\/users\/2"}],"replies":[{"embeddable":true,"href":"https:\/\/elcardinal.com\/index.php?rest_route=%2Fwp%2Fv2%2Fcomments&post=5523"}],"version-history":[{"count":1,"href":"https:\/\/elcardinal.com\/index.php?rest_route=\/wp\/v2\/posts\/5523\/revisions"}],"predecessor-version":[{"id":5525,"href":"https:\/\/elcardinal.com\/index.php?rest_route=\/wp\/v2\/posts\/5523\/revisions\/5525"}],"wp:featuredmedia":[{"embeddable":true,"href":"https:\/\/elcardinal.com\/index.php?rest_route=\/wp\/v2\/media\/5524"}],"wp:attachment":[{"href":"https:\/\/elcardinal.com\/index.php?rest_route=%2Fwp%2Fv2%2Fmedia&parent=5523"}],"wp:term":[{"taxonomy":"category","embeddable":true,"href":"https:\/\/elcardinal.com\/index.php?rest_route=%2Fwp%2Fv2%2Fcategories&post=5523"},{"taxonomy":"post_tag","embeddable":true,"href":"https:\/\/elcardinal.com\/index.php?rest_route=%2Fwp%2Fv2%2Ftags&post=5523"}],"curies":[{"name":"wp","href":"https:\/\/api.w.org\/{rel}","templated":true}]}}