{"id":5526,"date":"2026-02-24T22:37:33","date_gmt":"2026-02-25T04:37:33","guid":{"rendered":"https:\/\/elcardinal.com\/?p=5526"},"modified":"2026-02-25T12:32:00","modified_gmt":"2026-02-25T18:32:00","slug":"un-lustro-de-comunicacion","status":"publish","type":"post","link":"https:\/\/elcardinal.com\/?p=5526","title":{"rendered":"25 a\u00f1os de comunicaci\u00f3n"},"content":{"rendered":"<p>Por: <strong>Tania Mart\u00ednez Su\u00e1rez<\/strong><\/p>\n<p>Este a\u00f1o la <strong>Licenciatura en Ciencias de la Comunicaci\u00f3n de la Universidad Aut\u00f3noma de Hidalgo<\/strong> cumple 25 a\u00f1os, y me llena de emoci\u00f3n recordar lo que representa para m\u00ed. Como muchos, quiz\u00e1 todos, llegu\u00e9 a ella con una idea no muy clara de lo que era, pero dentro de las vastedad que ofrec\u00eda esperaba encontrar algo que me gustar\u00e1, tambi\u00e9n hice examen para derecho, pero es otra historia, s\u00e9 que la comunicaci\u00f3n ha sido una de las mejores elecciones en mi vida.<\/p>\n<p>Ingres\u00e9 en el a\u00f1o <strong>2004<\/strong>, en ese entonces las clases se impart\u00edan en lo que hoy es la <strong>Escuela de Medicina en Ram\u00edrez Ulloa<\/strong>, y antes hab\u00edan estado en Ciudad del Conocimiento, <strong>soy de la s\u00e9ptima generaci\u00f3n<\/strong>. Ah\u00ed me encontr\u00e9 con una <strong>radiodifusora<\/strong> en un sal\u00f3n cuya cubierta para aislar el sonido eran decenas de cartones de huevos, a\u00fan ahora pervive la poderosa <strong>\u201cBulbo Radio Experimental\u201d<\/strong> cuyo eslogan fue muchos a\u00f1os \u201cenciende tu mente\u201d. Bulbo fue un parteaguas, ya que fue un proyecto impulsado por el alumnado; mi querido Pako y yo hac\u00edamos un programa llamado Proscritos, en realidad yo la <strong>Proscrita<\/strong> y \u00e9l el <em>Popscrito<\/em>, pero nos divertimos mucho compartiendo m\u00fasica del mundo y haciendo an\u00e1lisis de\u00a0 problem\u00e1ticas sociales. Cuando pasamos a segundo semestre inauguraron el <strong>ICSHu<\/strong>, y llegamos en bandada a habitarlo.<\/p>\n<blockquote><p>El lobby de comunicaci\u00f3n era el lugar de reuni\u00f3n por excelencia, tambi\u00e9n estaban las catacumbas, la cabina, el \u00e1rea de talleres, la biblioteca, la cafeter\u00eda, <strong>CEDICSO<\/strong>, el \u201cpaso del indocumentado\u201d para llegar a la <strong>Colonia de Colosio<\/strong>, el Universitario, la chanchas de f\u00fatbol y los torneos; las pl\u00e1ticas eternas tirados en el pasto mirando un cielo que nos pertenencia, afirmo categ\u00f3ricamente que no hay cielos m\u00e1s hermosos que los arrebolados que se miran desde el ICSHu.<\/p><\/blockquote>\n<p>Me encontr\u00e9 con un profesorado extra\u00f1o, pero lleno de interrogantes para los estudiantes, as\u00ed era, hab\u00eda que cuestionarse y tratar de dar respuesta, aunque el aprendizaje estaba en el tr\u00e1nsito mismo de la duda y no en llegar primero al veredicto. Me conmueve pensarlos a la distancia, porque para mi su figura estar\u00e1 siempre ligada a esas aulas, a todas y todos muchas gracias porque s\u00e9 bien pese a las adversidades nos dieron lo mejor que ten\u00edan a su alcance para educarnos. Gracias siempre a mi querida <strong>Dra. Elvira Hern\u00e1ndez, Silvia Rodr\u00edguez, Manuel Toledo, Habacuc L\u00f3pez (+), Dharma Reyes, Tania Zavala, Alina Peniche, Laura Guadarrama, Martha Vanessa Dur\u00e1n, Minerva Lozano, Guillermo Lugo, Senia Mart\u00ednez, Tania Meza, Julia Mar\u00eda Soto, Elsa \u00c1ngeles, Mauricio Ortiz, Sandra Flores, Brenda Flores, Rosa Mar\u00eda Gonz\u00e1lez, Rosa Mar\u00eda Valles, Atanacio Mu\u00f1oz, H\u00e9ctor \u00c1vila (+), Jorge Alejandro P\u00e9rez, Malena Torres, El inge Alejandro,\u00a0 Laura Ortega y mi querido Ra\u00fal Arenas<\/strong>, que aunque no fuiste formalmente mi profesor si fuiste como mi tutor y buen amigo, mi cari\u00f1o y reconocimiento siempre.<\/p>\n<blockquote><p>Me encontr\u00e9 con compa\u00f1eras y compa\u00f1eros muy distintos a mi, dis\u00edmiles en muchos sentidos, pero iguales en una cosa: no nos gustaban las matem\u00e1ticas.<\/p><\/blockquote>\n<p>Disfrute mucho esos a\u00f1os, porque no solo estaba aprendiendo a nivel acad\u00e9mico, estaba, sin saberlo, configurando a la persona en la que me convertir\u00eda, y sin duda sin el apoyo de los otros estudiantes no habr\u00eda sido igual, la cofrad\u00eda que se vive en esos a\u00f1os es \u00fanica, el cansancio no existe, no hay un lugar al que no se llegue caminando, no hay proyecto final que no salga con <strong>ocho tazas de caf\u00e9 y un cigarrito<\/strong>, est\u00e1 sobrevalorado comer y dormir en un cuarto de for\u00e1neo si la vida aguarda afuera, y la premisa m\u00e1s importante: la vida es una fiesta, una fiesta perpetua. Recuerdo con cari\u00f1o a mis compa\u00f1eras y compa\u00f1eros, a algunos les sigo la pista a trav\u00e9s de las redes sociales, aunque habr\u00e1n envejecido igual que yo, los pienso o los encuentro y veo en ellos las almas j\u00f3venes que albergaron esos cuerpos, recuerdos sus frases,\u00a0 sus ocurrencias, sus rasgos caracter\u00edsticos o sue\u00f1os, y me da mucho gusto ver que han ellos han llegado a donde quer\u00edan.<\/p>\n<blockquote><p>Segunda afirmaci\u00f3n categ\u00f3rica: basta que te pares en un punto de la ciudad para que otro comunic\u00f3logo cruce tu camino, he pensado que somos como fauna nociva apoder\u00e1ndose del entorno. Todav\u00eda muchas de las personas con las que interact\u00fao son comunic\u00f3logos, y m\u00e1s de la mitad de mis mejores amigos tambi\u00e9n, la carrera me dio un t\u00edtulo, un certificado que <strong>perd\u00ed 3 veces<\/strong> y he tenido que reponer, me dio amigas y amigos y hasta a<strong> mi peque\u00f1o sobrino Jared<\/strong>, hijo de <strong>mi amiga Sara.<\/strong> La carrera profesional que uno elige te ayuda a formar criterio, te conecta con personas con los mismos problemas mentales que t\u00fa jajajaja, contribuye a tu desarrollo y en el mejor de los casos te da las herramientas para efectuar cambios positivos en la sociedad. Yo me form\u00e9 ah\u00ed, me hice en el Instituto m\u00e1s bello de la UAEH, mi querido ICSHu.<\/p><\/blockquote>\n<p>Las<strong> Ciencias de la Comunicaci\u00f3n<\/strong> por su naturaleza, abarcan muchos \u00e1mbitos de la vida en sociedad, los comunic\u00f3logos laboramos en una amplia gama de sectores, por ejemplo:\u00a0 medios de comunicaci\u00f3n (TV, radio, prensa), agencias de publicidad, marketing digital, relaciones p\u00fablicas y \u00e1reas de comunicaci\u00f3n corporativa interna o externa,\u00a0 productoras de cine, editoriales, instituciones gubernamentales, ONGs y como profesionales independientes (freelance) gestionando redes sociales o creando contenido, Industrias culturales y de entretenimiento, en la educaci\u00f3n continua y capacitaci\u00f3n as\u00ed como en la educaci\u00f3n formal de diversos niveles. Interpretamos el mundo para los dem\u00e1s, ponemos al servicio de las personas los mensajes clave para entender y hacerse entender; tercera afirmaci\u00f3n categ\u00f3rica: los comunic\u00f3logos no hablamos entre nosotros.<\/p>\n<blockquote><p><strong>Cuarta y \u00faltima afirmaci\u00f3n categ\u00f3rica<\/strong>: las y los comunic\u00f3logos estamos condenados a ver el mundo como realmente es, culpo a la semi\u00f3tica, la hermen\u00e9utica, las te\u00f3ricas de la comunicaci\u00f3n y la escuela de Frankfurt; pero un buen profesional de la comunicaci\u00f3n sabe c\u00f3mo ya lo dilucidaba Kapuscinski \u2026 que ante todo hay que ser buena persona.<\/p><\/blockquote>\n<p>Celebro el aniversario n\u00famero <strong>25 de la Licenciatura en Comunicaci\u00f3n<\/strong>, deseo para ella que se fortalezca, que crezca y sea m\u00e1s cr\u00edtica, m\u00e1s combativa y plural,\u00a0 que los pasillos del ICSHu se llenen de ideas y j\u00f3venes \u00e1vidos de aprender as\u00ed como sus pintado muros se han llenado de colores al paso del tiempo. Deseo que los egresados tengan m\u00e1s y mejores oportunidades de crecimiento profesional. \u00a1Felicidades a todos los LCC o LC!<\/p>\n<p>&nbsp;<\/p>\n<p>&nbsp;<\/p>\n","protected":false},"excerpt":{"rendered":"<p>Por: Tania Mart\u00ednez Su\u00e1rez Este a\u00f1o la Licenciatura en Ciencias de la Comunicaci\u00f3n de la Universidad Aut\u00f3noma de Hidalgo cumple 25 a\u00f1os, y me llena de emoci\u00f3n recordar lo que representa para m\u00ed. Como muchos, quiz\u00e1 todos, llegu\u00e9 a ella con una idea no muy clara de lo que era, pero dentro de las vastedad<\/p>\n","protected":false},"author":2,"featured_media":5393,"comment_status":"open","ping_status":"open","sticky":false,"template":"","format":"standard","meta":{"footnotes":""},"categories":[44,35],"tags":[332,54,312],"class_list":{"0":"post-5526","1":"post","2":"type-post","3":"status-publish","4":"format-standard","5":"has-post-thumbnail","7":"category-minuto-a-minuto","8":"category-opinion","9":"tag-ciencias-de-la-comunicacion","10":"tag-proscrita","11":"tag-tania-martinez"},"yoast_head":"<!-- This site is optimized with the Yoast SEO plugin v26.1.1 - https:\/\/yoast.com\/wordpress\/plugins\/seo\/ -->\n<title>25 a\u00f1os de comunicaci\u00f3n - El Cardinal<\/title>\n<meta name=\"robots\" content=\"index, follow, max-snippet:-1, max-image-preview:large, max-video-preview:-1\" \/>\n<link rel=\"canonical\" href=\"https:\/\/elcardinal.com\/?p=5526\" \/>\n<meta property=\"og:locale\" content=\"es_MX\" \/>\n<meta property=\"og:type\" content=\"article\" \/>\n<meta property=\"og:title\" content=\"25 a\u00f1os de comunicaci\u00f3n - El Cardinal\" \/>\n<meta property=\"og:description\" content=\"Por: Tania Mart\u00ednez Su\u00e1rez Este a\u00f1o la Licenciatura en Ciencias de la Comunicaci\u00f3n de la Universidad Aut\u00f3noma de Hidalgo cumple 25 a\u00f1os, y me llena de emoci\u00f3n recordar lo que representa para m\u00ed. Como muchos, quiz\u00e1 todos, llegu\u00e9 a ella con una idea no muy clara de lo que era, pero dentro de las vastedad\" \/>\n<meta property=\"og:url\" content=\"https:\/\/elcardinal.com\/?p=5526\" \/>\n<meta property=\"og:site_name\" content=\"El Cardinal\" \/>\n<meta property=\"article:publisher\" content=\"https:\/\/www.facebook.com\/profile.php?id=100063093107011\" \/>\n<meta property=\"article:published_time\" content=\"2026-02-25T04:37:33+00:00\" \/>\n<meta property=\"article:modified_time\" content=\"2026-02-25T18:32:00+00:00\" \/>\n<meta property=\"og:image\" content=\"https:\/\/elcardinal.com\/wp-content\/uploads\/2025\/12\/Semillas-Esterales.png\" \/>\n\t<meta property=\"og:image:width\" content=\"940\" \/>\n\t<meta property=\"og:image:height\" content=\"788\" \/>\n\t<meta property=\"og:image:type\" content=\"image\/png\" \/>\n<meta name=\"author\" content=\"Antonio Alcaraz\" \/>\n<meta name=\"twitter:card\" content=\"summary_large_image\" \/>\n<meta name=\"twitter:creator\" content=\"@ElCardinal_Mx\" \/>\n<meta name=\"twitter:site\" content=\"@ElCardinal_Mx\" \/>\n<meta name=\"twitter:label1\" content=\"Escrito por\" \/>\n\t<meta name=\"twitter:data1\" content=\"Antonio Alcaraz\" \/>\n\t<meta name=\"twitter:label2\" content=\"Tiempo de lectura\" \/>\n\t<meta name=\"twitter:data2\" content=\"4 minutos\" \/>\n<script type=\"application\/ld+json\" class=\"yoast-schema-graph\">{\"@context\":\"https:\/\/schema.org\",\"@graph\":[{\"@type\":\"Article\",\"@id\":\"https:\/\/elcardinal.com\/?p=5526#article\",\"isPartOf\":{\"@id\":\"https:\/\/elcardinal.com\/?p=5526\"},\"author\":{\"name\":\"Antonio Alcaraz\",\"@id\":\"https:\/\/elcardinal.com\/#\/schema\/person\/3c352ec0a33987fe275c0e8a2ea69f8b\"},\"headline\":\"25 a\u00f1os de comunicaci\u00f3n\",\"datePublished\":\"2026-02-25T04:37:33+00:00\",\"dateModified\":\"2026-02-25T18:32:00+00:00\",\"mainEntityOfPage\":{\"@id\":\"https:\/\/elcardinal.com\/?p=5526\"},\"wordCount\":1165,\"commentCount\":0,\"publisher\":{\"@id\":\"https:\/\/elcardinal.com\/#organization\"},\"image\":{\"@id\":\"https:\/\/elcardinal.com\/?p=5526#primaryimage\"},\"thumbnailUrl\":\"https:\/\/elcardinal.com\/wp-content\/uploads\/2025\/12\/Semillas-Esterales.png\",\"keywords\":[\"Ciencias de la Comunicaci\u00f3n\",\"Proscrita\",\"Tania Mart\u00ednez\"],\"articleSection\":[\"Minuto a Minuto\",\"Opini\u00f3n\"],\"inLanguage\":\"es\",\"potentialAction\":[{\"@type\":\"CommentAction\",\"name\":\"Comment\",\"target\":[\"https:\/\/elcardinal.com\/?p=5526#respond\"]}]},{\"@type\":\"WebPage\",\"@id\":\"https:\/\/elcardinal.com\/?p=5526\",\"url\":\"https:\/\/elcardinal.com\/?p=5526\",\"name\":\"25 a\u00f1os de comunicaci\u00f3n - El Cardinal\",\"isPartOf\":{\"@id\":\"https:\/\/elcardinal.com\/#website\"},\"primaryImageOfPage\":{\"@id\":\"https:\/\/elcardinal.com\/?p=5526#primaryimage\"},\"image\":{\"@id\":\"https:\/\/elcardinal.com\/?p=5526#primaryimage\"},\"thumbnailUrl\":\"https:\/\/elcardinal.com\/wp-content\/uploads\/2025\/12\/Semillas-Esterales.png\",\"datePublished\":\"2026-02-25T04:37:33+00:00\",\"dateModified\":\"2026-02-25T18:32:00+00:00\",\"breadcrumb\":{\"@id\":\"https:\/\/elcardinal.com\/?p=5526#breadcrumb\"},\"inLanguage\":\"es\",\"potentialAction\":[{\"@type\":\"ReadAction\",\"target\":[\"https:\/\/elcardinal.com\/?p=5526\"]}]},{\"@type\":\"ImageObject\",\"inLanguage\":\"es\",\"@id\":\"https:\/\/elcardinal.com\/?p=5526#primaryimage\",\"url\":\"https:\/\/elcardinal.com\/wp-content\/uploads\/2025\/12\/Semillas-Esterales.png\",\"contentUrl\":\"https:\/\/elcardinal.com\/wp-content\/uploads\/2025\/12\/Semillas-Esterales.png\",\"width\":940,\"height\":788},{\"@type\":\"BreadcrumbList\",\"@id\":\"https:\/\/elcardinal.com\/?p=5526#breadcrumb\",\"itemListElement\":[{\"@type\":\"ListItem\",\"position\":1,\"name\":\"Inicio\",\"item\":\"https:\/\/elcardinal.com\/\"},{\"@type\":\"ListItem\",\"position\":2,\"name\":\"25 a\u00f1os de comunicaci\u00f3n\"}]},{\"@type\":\"WebSite\",\"@id\":\"https:\/\/elcardinal.com\/#website\",\"url\":\"https:\/\/elcardinal.com\/\",\"name\":\"El Cardinal\",\"description\":\"Periodismo honesto, con valor, sentido humano, a veces sarc\u00e1stico y divertido.\",\"publisher\":{\"@id\":\"https:\/\/elcardinal.com\/#organization\"},\"alternateName\":\"El Cardinal Noticias\",\"potentialAction\":[{\"@type\":\"SearchAction\",\"target\":{\"@type\":\"EntryPoint\",\"urlTemplate\":\"https:\/\/elcardinal.com\/?s={search_term_string}\"},\"query-input\":{\"@type\":\"PropertyValueSpecification\",\"valueRequired\":true,\"valueName\":\"search_term_string\"}}],\"inLanguage\":\"es\"},{\"@type\":\"Organization\",\"@id\":\"https:\/\/elcardinal.com\/#organization\",\"name\":\"El Cardinal\",\"url\":\"https:\/\/elcardinal.com\/\",\"logo\":{\"@type\":\"ImageObject\",\"inLanguage\":\"es\",\"@id\":\"https:\/\/elcardinal.com\/#\/schema\/logo\/image\/\",\"url\":\"https:\/\/elcardinal.com\/wp-content\/uploads\/2025\/04\/LOGO-EL-CARDINAL-Periodismo-con-valor.png\",\"contentUrl\":\"https:\/\/elcardinal.com\/wp-content\/uploads\/2025\/04\/LOGO-EL-CARDINAL-Periodismo-con-valor.png\",\"width\":755,\"height\":636,\"caption\":\"El Cardinal\"},\"image\":{\"@id\":\"https:\/\/elcardinal.com\/#\/schema\/logo\/image\/\"},\"sameAs\":[\"https:\/\/www.facebook.com\/profile.php?id=100063093107011\",\"https:\/\/x.com\/ElCardinal_Mx\"]},{\"@type\":\"Person\",\"@id\":\"https:\/\/elcardinal.com\/#\/schema\/person\/3c352ec0a33987fe275c0e8a2ea69f8b\",\"name\":\"Antonio Alcaraz\",\"image\":{\"@type\":\"ImageObject\",\"inLanguage\":\"es\",\"@id\":\"https:\/\/elcardinal.com\/#\/schema\/person\/image\/\",\"url\":\"https:\/\/elcardinal.com\/wp-content\/uploads\/2025\/05\/cropped-TONO-96x96.jpg\",\"contentUrl\":\"https:\/\/elcardinal.com\/wp-content\/uploads\/2025\/05\/cropped-TONO-96x96.jpg\",\"caption\":\"Antonio Alcaraz\"},\"url\":\"https:\/\/elcardinal.com\/?author=2\"}]}<\/script>\n<!-- \/ Yoast SEO plugin. -->","yoast_head_json":{"title":"25 a\u00f1os de comunicaci\u00f3n - El Cardinal","robots":{"index":"index","follow":"follow","max-snippet":"max-snippet:-1","max-image-preview":"max-image-preview:large","max-video-preview":"max-video-preview:-1"},"canonical":"https:\/\/elcardinal.com\/?p=5526","og_locale":"es_MX","og_type":"article","og_title":"25 a\u00f1os de comunicaci\u00f3n - El Cardinal","og_description":"Por: Tania Mart\u00ednez Su\u00e1rez Este a\u00f1o la Licenciatura en Ciencias de la Comunicaci\u00f3n de la Universidad Aut\u00f3noma de Hidalgo cumple 25 a\u00f1os, y me llena de emoci\u00f3n recordar lo que representa para m\u00ed. Como muchos, quiz\u00e1 todos, llegu\u00e9 a ella con una idea no muy clara de lo que era, pero dentro de las vastedad","og_url":"https:\/\/elcardinal.com\/?p=5526","og_site_name":"El Cardinal","article_publisher":"https:\/\/www.facebook.com\/profile.php?id=100063093107011","article_published_time":"2026-02-25T04:37:33+00:00","article_modified_time":"2026-02-25T18:32:00+00:00","og_image":[{"width":940,"height":788,"url":"https:\/\/elcardinal.com\/wp-content\/uploads\/2025\/12\/Semillas-Esterales.png","type":"image\/png"}],"author":"Antonio Alcaraz","twitter_card":"summary_large_image","twitter_creator":"@ElCardinal_Mx","twitter_site":"@ElCardinal_Mx","twitter_misc":{"Escrito por":"Antonio Alcaraz","Tiempo de lectura":"4 minutos"},"schema":{"@context":"https:\/\/schema.org","@graph":[{"@type":"Article","@id":"https:\/\/elcardinal.com\/?p=5526#article","isPartOf":{"@id":"https:\/\/elcardinal.com\/?p=5526"},"author":{"name":"Antonio Alcaraz","@id":"https:\/\/elcardinal.com\/#\/schema\/person\/3c352ec0a33987fe275c0e8a2ea69f8b"},"headline":"25 a\u00f1os de comunicaci\u00f3n","datePublished":"2026-02-25T04:37:33+00:00","dateModified":"2026-02-25T18:32:00+00:00","mainEntityOfPage":{"@id":"https:\/\/elcardinal.com\/?p=5526"},"wordCount":1165,"commentCount":0,"publisher":{"@id":"https:\/\/elcardinal.com\/#organization"},"image":{"@id":"https:\/\/elcardinal.com\/?p=5526#primaryimage"},"thumbnailUrl":"https:\/\/elcardinal.com\/wp-content\/uploads\/2025\/12\/Semillas-Esterales.png","keywords":["Ciencias de la Comunicaci\u00f3n","Proscrita","Tania Mart\u00ednez"],"articleSection":["Minuto a Minuto","Opini\u00f3n"],"inLanguage":"es","potentialAction":[{"@type":"CommentAction","name":"Comment","target":["https:\/\/elcardinal.com\/?p=5526#respond"]}]},{"@type":"WebPage","@id":"https:\/\/elcardinal.com\/?p=5526","url":"https:\/\/elcardinal.com\/?p=5526","name":"25 a\u00f1os de comunicaci\u00f3n - El Cardinal","isPartOf":{"@id":"https:\/\/elcardinal.com\/#website"},"primaryImageOfPage":{"@id":"https:\/\/elcardinal.com\/?p=5526#primaryimage"},"image":{"@id":"https:\/\/elcardinal.com\/?p=5526#primaryimage"},"thumbnailUrl":"https:\/\/elcardinal.com\/wp-content\/uploads\/2025\/12\/Semillas-Esterales.png","datePublished":"2026-02-25T04:37:33+00:00","dateModified":"2026-02-25T18:32:00+00:00","breadcrumb":{"@id":"https:\/\/elcardinal.com\/?p=5526#breadcrumb"},"inLanguage":"es","potentialAction":[{"@type":"ReadAction","target":["https:\/\/elcardinal.com\/?p=5526"]}]},{"@type":"ImageObject","inLanguage":"es","@id":"https:\/\/elcardinal.com\/?p=5526#primaryimage","url":"https:\/\/elcardinal.com\/wp-content\/uploads\/2025\/12\/Semillas-Esterales.png","contentUrl":"https:\/\/elcardinal.com\/wp-content\/uploads\/2025\/12\/Semillas-Esterales.png","width":940,"height":788},{"@type":"BreadcrumbList","@id":"https:\/\/elcardinal.com\/?p=5526#breadcrumb","itemListElement":[{"@type":"ListItem","position":1,"name":"Inicio","item":"https:\/\/elcardinal.com\/"},{"@type":"ListItem","position":2,"name":"25 a\u00f1os de comunicaci\u00f3n"}]},{"@type":"WebSite","@id":"https:\/\/elcardinal.com\/#website","url":"https:\/\/elcardinal.com\/","name":"El Cardinal","description":"Periodismo honesto, con valor, sentido humano, a veces sarc\u00e1stico y divertido.","publisher":{"@id":"https:\/\/elcardinal.com\/#organization"},"alternateName":"El Cardinal Noticias","potentialAction":[{"@type":"SearchAction","target":{"@type":"EntryPoint","urlTemplate":"https:\/\/elcardinal.com\/?s={search_term_string}"},"query-input":{"@type":"PropertyValueSpecification","valueRequired":true,"valueName":"search_term_string"}}],"inLanguage":"es"},{"@type":"Organization","@id":"https:\/\/elcardinal.com\/#organization","name":"El Cardinal","url":"https:\/\/elcardinal.com\/","logo":{"@type":"ImageObject","inLanguage":"es","@id":"https:\/\/elcardinal.com\/#\/schema\/logo\/image\/","url":"https:\/\/elcardinal.com\/wp-content\/uploads\/2025\/04\/LOGO-EL-CARDINAL-Periodismo-con-valor.png","contentUrl":"https:\/\/elcardinal.com\/wp-content\/uploads\/2025\/04\/LOGO-EL-CARDINAL-Periodismo-con-valor.png","width":755,"height":636,"caption":"El Cardinal"},"image":{"@id":"https:\/\/elcardinal.com\/#\/schema\/logo\/image\/"},"sameAs":["https:\/\/www.facebook.com\/profile.php?id=100063093107011","https:\/\/x.com\/ElCardinal_Mx"]},{"@type":"Person","@id":"https:\/\/elcardinal.com\/#\/schema\/person\/3c352ec0a33987fe275c0e8a2ea69f8b","name":"Antonio Alcaraz","image":{"@type":"ImageObject","inLanguage":"es","@id":"https:\/\/elcardinal.com\/#\/schema\/person\/image\/","url":"https:\/\/elcardinal.com\/wp-content\/uploads\/2025\/05\/cropped-TONO-96x96.jpg","contentUrl":"https:\/\/elcardinal.com\/wp-content\/uploads\/2025\/05\/cropped-TONO-96x96.jpg","caption":"Antonio Alcaraz"},"url":"https:\/\/elcardinal.com\/?author=2"}]}},"_links":{"self":[{"href":"https:\/\/elcardinal.com\/index.php?rest_route=\/wp\/v2\/posts\/5526","targetHints":{"allow":["GET"]}}],"collection":[{"href":"https:\/\/elcardinal.com\/index.php?rest_route=\/wp\/v2\/posts"}],"about":[{"href":"https:\/\/elcardinal.com\/index.php?rest_route=\/wp\/v2\/types\/post"}],"author":[{"embeddable":true,"href":"https:\/\/elcardinal.com\/index.php?rest_route=\/wp\/v2\/users\/2"}],"replies":[{"embeddable":true,"href":"https:\/\/elcardinal.com\/index.php?rest_route=%2Fwp%2Fv2%2Fcomments&post=5526"}],"version-history":[{"count":3,"href":"https:\/\/elcardinal.com\/index.php?rest_route=\/wp\/v2\/posts\/5526\/revisions"}],"predecessor-version":[{"id":5532,"href":"https:\/\/elcardinal.com\/index.php?rest_route=\/wp\/v2\/posts\/5526\/revisions\/5532"}],"wp:featuredmedia":[{"embeddable":true,"href":"https:\/\/elcardinal.com\/index.php?rest_route=\/wp\/v2\/media\/5393"}],"wp:attachment":[{"href":"https:\/\/elcardinal.com\/index.php?rest_route=%2Fwp%2Fv2%2Fmedia&parent=5526"}],"wp:term":[{"taxonomy":"category","embeddable":true,"href":"https:\/\/elcardinal.com\/index.php?rest_route=%2Fwp%2Fv2%2Fcategories&post=5526"},{"taxonomy":"post_tag","embeddable":true,"href":"https:\/\/elcardinal.com\/index.php?rest_route=%2Fwp%2Fv2%2Ftags&post=5526"}],"curies":[{"name":"wp","href":"https:\/\/api.w.org\/{rel}","templated":true}]}}