{"id":5529,"date":"2026-02-25T11:46:01","date_gmt":"2026-02-25T17:46:01","guid":{"rendered":"https:\/\/elcardinal.com\/?p=5529"},"modified":"2026-02-25T11:46:01","modified_gmt":"2026-02-25T17:46:01","slug":"hidalgo-va-con-540-deportistas-a-la-xxii-espartaqueada-nacional-en-tecomatlan","status":"publish","type":"post","link":"https:\/\/elcardinal.com\/?p=5529","title":{"rendered":"Hidalgo va con 540 deportistas a la XXII Espartaqueada Nacional en Tecomatl\u00e1n\u00a0"},"content":{"rendered":"<p>Por: <strong>Jos\u00e9 Antonio Alcaraz Su\u00e1rez\u00a0<\/strong><\/p>\n<p>El <strong>Movimiento Antorchista en Hidalgo<\/strong> anunci\u00f3 que participar\u00e1 con 540 deportistas en la XXII Espartaqueada Deportiva Nacional, que se llevar\u00e1 a cabo del 7 al 15 de marzo en <strong>Tecomatl\u00e1n<\/strong>, Puebla\u00a0 considerada la cuna del antorchismo.<\/p>\n<p>En conferencia de prensa, la dirigente estatal, <strong>Guadalupe Orona Urias<\/strong>, destac\u00f3 que esta justa deportiva forma parte del proyecto permanente del movimiento: \u201ceducar y organizar al pueblo\u201d a trav\u00e9s del impulso cultural y deportivo.<\/p>\n<blockquote><p>La l\u00edder explic\u00f3 que la Espartaqueada se realiza cada dos a\u00f1os en su modalidad deportiva y re\u00fane a cerca de 30 mil atletas de todo el pa\u00eds en disciplinas como f\u00fatbol, basquetbol, voleibol, b\u00e9isbol, nataci\u00f3n y atletismo.<\/p><\/blockquote>\n<p>Hidalgo estar\u00e1 representado por j\u00f3venes y ni\u00f1os provenientes de diversas regiones como Pachuca, el Valle del Mezquital, la Huasteca y el Altiplano, quienes lograron su pase tras superar las eliminatorias estatales.<\/p>\n<p>Orona Urias subray\u00f3 que, desde la visi\u00f3n del movimiento antorchista nacional, se trata del evento deportivo no gubernamental m\u00e1s importante de M\u00e9xico, con el objetivo de fomentar un deporte popular, colectivo y formativo, alejado de intereses mercantiles.<\/p>\n<blockquote><p>\u201cLa intenci\u00f3n es integrar a la ni\u00f1ez y a la juventud, formar hombres y mujeres m\u00e1s disciplinados, con cuerpo y mente sana\u201d, expres\u00f3.<\/p><\/blockquote>\n<p>La justa se realizar\u00e1 en Tecomatl\u00e1n por ser el lugar donde naci\u00f3 el movimiento bajo el liderazgo nacional de Aquiles C\u00f3rdoba Morales, adem\u00e1s de contar con infraestructura deportiva de primer nivel y condiciones de seguridad para los miles de participantes.<\/p>\n<p>Con entusiasmo y disciplina, la delegaci\u00f3n hidalguense se declara lista para competir y poner en alto el nombre del estado en esta gran fiesta deportiva nacional.<\/p>\n","protected":false},"excerpt":{"rendered":"<p>Por: Jos\u00e9 Antonio Alcaraz Su\u00e1rez\u00a0 El Movimiento Antorchista en Hidalgo anunci\u00f3 que participar\u00e1 con 540 deportistas en la XXII Espartaqueada Deportiva Nacional, que se llevar\u00e1 a cabo del 7 al 15 de marzo en Tecomatl\u00e1n, Puebla\u00a0 considerada la cuna del antorchismo. En conferencia de prensa, la dirigente estatal, Guadalupe Orona Urias, destac\u00f3 que esta justa<\/p>\n","protected":false},"author":2,"featured_media":5530,"comment_status":"open","ping_status":"open","sticky":false,"template":"","format":"standard","meta":{"footnotes":""},"categories":[31,34,44,39],"tags":[333,335,334],"class_list":{"0":"post-5529","1":"post","2":"type-post","3":"status-publish","4":"format-standard","5":"has-post-thumbnail","7":"category-hidalgo","8":"category-mexico","9":"category-minuto-a-minuto","10":"category-politica","11":"tag-antorcha-campesina","12":"tag-espartaqueada","13":"tag-guadalupe-orona"},"yoast_head":"<!-- This site is optimized with the Yoast SEO plugin v26.1.1 - https:\/\/yoast.com\/wordpress\/plugins\/seo\/ -->\n<title>Hidalgo va con 540 deportistas a la XXII Espartaqueada Nacional en Tecomatl\u00e1n\u00a0 - El Cardinal<\/title>\n<meta name=\"robots\" content=\"index, follow, max-snippet:-1, max-image-preview:large, max-video-preview:-1\" \/>\n<link rel=\"canonical\" href=\"https:\/\/elcardinal.com\/?p=5529\" \/>\n<meta property=\"og:locale\" content=\"es_MX\" \/>\n<meta property=\"og:type\" content=\"article\" \/>\n<meta property=\"og:title\" content=\"Hidalgo va con 540 deportistas a la XXII Espartaqueada Nacional en Tecomatl\u00e1n\u00a0 - El Cardinal\" \/>\n<meta property=\"og:description\" content=\"Por: Jos\u00e9 Antonio Alcaraz Su\u00e1rez\u00a0 El Movimiento Antorchista en Hidalgo anunci\u00f3 que participar\u00e1 con 540 deportistas en la XXII Espartaqueada Deportiva Nacional, que se llevar\u00e1 a cabo del 7 al 15 de marzo en Tecomatl\u00e1n, Puebla\u00a0 considerada la cuna del antorchismo. En conferencia de prensa, la dirigente estatal, Guadalupe Orona Urias, destac\u00f3 que esta justa\" \/>\n<meta property=\"og:url\" content=\"https:\/\/elcardinal.com\/?p=5529\" \/>\n<meta property=\"og:site_name\" content=\"El Cardinal\" \/>\n<meta property=\"article:publisher\" content=\"https:\/\/www.facebook.com\/profile.php?id=100063093107011\" \/>\n<meta property=\"article:published_time\" content=\"2026-02-25T17:46:01+00:00\" \/>\n<meta property=\"og:image\" content=\"https:\/\/elcardinal.com\/wp-content\/uploads\/2026\/02\/MVIMG_20260225_100553-scaled.jpg\" \/>\n\t<meta property=\"og:image:width\" content=\"2560\" \/>\n\t<meta property=\"og:image:height\" content=\"1920\" \/>\n\t<meta property=\"og:image:type\" content=\"image\/jpeg\" \/>\n<meta name=\"author\" content=\"Antonio Alcaraz\" \/>\n<meta name=\"twitter:card\" content=\"summary_large_image\" \/>\n<meta name=\"twitter:creator\" content=\"@ElCardinal_Mx\" \/>\n<meta name=\"twitter:site\" content=\"@ElCardinal_Mx\" \/>\n<meta name=\"twitter:label1\" content=\"Escrito por\" \/>\n\t<meta name=\"twitter:data1\" content=\"Antonio Alcaraz\" \/>\n\t<meta name=\"twitter:label2\" content=\"Tiempo de lectura\" \/>\n\t<meta name=\"twitter:data2\" content=\"2 minutos\" \/>\n<script type=\"application\/ld+json\" class=\"yoast-schema-graph\">{\"@context\":\"https:\/\/schema.org\",\"@graph\":[{\"@type\":\"Article\",\"@id\":\"https:\/\/elcardinal.com\/?p=5529#article\",\"isPartOf\":{\"@id\":\"https:\/\/elcardinal.com\/?p=5529\"},\"author\":{\"name\":\"Antonio Alcaraz\",\"@id\":\"https:\/\/elcardinal.com\/#\/schema\/person\/3c352ec0a33987fe275c0e8a2ea69f8b\"},\"headline\":\"Hidalgo va con 540 deportistas a la XXII Espartaqueada Nacional en Tecomatl\u00e1n\u00a0\",\"datePublished\":\"2026-02-25T17:46:01+00:00\",\"mainEntityOfPage\":{\"@id\":\"https:\/\/elcardinal.com\/?p=5529\"},\"wordCount\":299,\"commentCount\":0,\"publisher\":{\"@id\":\"https:\/\/elcardinal.com\/#organization\"},\"image\":{\"@id\":\"https:\/\/elcardinal.com\/?p=5529#primaryimage\"},\"thumbnailUrl\":\"https:\/\/elcardinal.com\/wp-content\/uploads\/2026\/02\/MVIMG_20260225_100553-scaled.jpg\",\"keywords\":[\"Antorcha Campesina\",\"Espartaqueada\",\"Guadalupe Orona\"],\"articleSection\":[\"Hidalgo\",\"M\u00e9xico\",\"Minuto a Minuto\",\"Pol\u00edtica\"],\"inLanguage\":\"es\",\"potentialAction\":[{\"@type\":\"CommentAction\",\"name\":\"Comment\",\"target\":[\"https:\/\/elcardinal.com\/?p=5529#respond\"]}]},{\"@type\":\"WebPage\",\"@id\":\"https:\/\/elcardinal.com\/?p=5529\",\"url\":\"https:\/\/elcardinal.com\/?p=5529\",\"name\":\"Hidalgo va con 540 deportistas a la XXII Espartaqueada Nacional en Tecomatl\u00e1n\u00a0 - El Cardinal\",\"isPartOf\":{\"@id\":\"https:\/\/elcardinal.com\/#website\"},\"primaryImageOfPage\":{\"@id\":\"https:\/\/elcardinal.com\/?p=5529#primaryimage\"},\"image\":{\"@id\":\"https:\/\/elcardinal.com\/?p=5529#primaryimage\"},\"thumbnailUrl\":\"https:\/\/elcardinal.com\/wp-content\/uploads\/2026\/02\/MVIMG_20260225_100553-scaled.jpg\",\"datePublished\":\"2026-02-25T17:46:01+00:00\",\"breadcrumb\":{\"@id\":\"https:\/\/elcardinal.com\/?p=5529#breadcrumb\"},\"inLanguage\":\"es\",\"potentialAction\":[{\"@type\":\"ReadAction\",\"target\":[\"https:\/\/elcardinal.com\/?p=5529\"]}]},{\"@type\":\"ImageObject\",\"inLanguage\":\"es\",\"@id\":\"https:\/\/elcardinal.com\/?p=5529#primaryimage\",\"url\":\"https:\/\/elcardinal.com\/wp-content\/uploads\/2026\/02\/MVIMG_20260225_100553-scaled.jpg\",\"contentUrl\":\"https:\/\/elcardinal.com\/wp-content\/uploads\/2026\/02\/MVIMG_20260225_100553-scaled.jpg\",\"width\":2560,\"height\":1920},{\"@type\":\"BreadcrumbList\",\"@id\":\"https:\/\/elcardinal.com\/?p=5529#breadcrumb\",\"itemListElement\":[{\"@type\":\"ListItem\",\"position\":1,\"name\":\"Inicio\",\"item\":\"https:\/\/elcardinal.com\/\"},{\"@type\":\"ListItem\",\"position\":2,\"name\":\"Hidalgo va con 540 deportistas a la XXII Espartaqueada Nacional en Tecomatl\u00e1n\u00a0\"}]},{\"@type\":\"WebSite\",\"@id\":\"https:\/\/elcardinal.com\/#website\",\"url\":\"https:\/\/elcardinal.com\/\",\"name\":\"El Cardinal\",\"description\":\"Periodismo honesto, con valor, sentido humano, a veces sarc\u00e1stico y divertido.\",\"publisher\":{\"@id\":\"https:\/\/elcardinal.com\/#organization\"},\"alternateName\":\"El Cardinal Noticias\",\"potentialAction\":[{\"@type\":\"SearchAction\",\"target\":{\"@type\":\"EntryPoint\",\"urlTemplate\":\"https:\/\/elcardinal.com\/?s={search_term_string}\"},\"query-input\":{\"@type\":\"PropertyValueSpecification\",\"valueRequired\":true,\"valueName\":\"search_term_string\"}}],\"inLanguage\":\"es\"},{\"@type\":\"Organization\",\"@id\":\"https:\/\/elcardinal.com\/#organization\",\"name\":\"El Cardinal\",\"url\":\"https:\/\/elcardinal.com\/\",\"logo\":{\"@type\":\"ImageObject\",\"inLanguage\":\"es\",\"@id\":\"https:\/\/elcardinal.com\/#\/schema\/logo\/image\/\",\"url\":\"https:\/\/elcardinal.com\/wp-content\/uploads\/2025\/04\/LOGO-EL-CARDINAL-Periodismo-con-valor.png\",\"contentUrl\":\"https:\/\/elcardinal.com\/wp-content\/uploads\/2025\/04\/LOGO-EL-CARDINAL-Periodismo-con-valor.png\",\"width\":755,\"height\":636,\"caption\":\"El Cardinal\"},\"image\":{\"@id\":\"https:\/\/elcardinal.com\/#\/schema\/logo\/image\/\"},\"sameAs\":[\"https:\/\/www.facebook.com\/profile.php?id=100063093107011\",\"https:\/\/x.com\/ElCardinal_Mx\"]},{\"@type\":\"Person\",\"@id\":\"https:\/\/elcardinal.com\/#\/schema\/person\/3c352ec0a33987fe275c0e8a2ea69f8b\",\"name\":\"Antonio Alcaraz\",\"image\":{\"@type\":\"ImageObject\",\"inLanguage\":\"es\",\"@id\":\"https:\/\/elcardinal.com\/#\/schema\/person\/image\/\",\"url\":\"https:\/\/elcardinal.com\/wp-content\/uploads\/2025\/05\/cropped-TONO-96x96.jpg\",\"contentUrl\":\"https:\/\/elcardinal.com\/wp-content\/uploads\/2025\/05\/cropped-TONO-96x96.jpg\",\"caption\":\"Antonio Alcaraz\"},\"url\":\"https:\/\/elcardinal.com\/?author=2\"}]}<\/script>\n<!-- \/ Yoast SEO plugin. -->","yoast_head_json":{"title":"Hidalgo va con 540 deportistas a la XXII Espartaqueada Nacional en Tecomatl\u00e1n\u00a0 - El Cardinal","robots":{"index":"index","follow":"follow","max-snippet":"max-snippet:-1","max-image-preview":"max-image-preview:large","max-video-preview":"max-video-preview:-1"},"canonical":"https:\/\/elcardinal.com\/?p=5529","og_locale":"es_MX","og_type":"article","og_title":"Hidalgo va con 540 deportistas a la XXII Espartaqueada Nacional en Tecomatl\u00e1n\u00a0 - El Cardinal","og_description":"Por: Jos\u00e9 Antonio Alcaraz Su\u00e1rez\u00a0 El Movimiento Antorchista en Hidalgo anunci\u00f3 que participar\u00e1 con 540 deportistas en la XXII Espartaqueada Deportiva Nacional, que se llevar\u00e1 a cabo del 7 al 15 de marzo en Tecomatl\u00e1n, Puebla\u00a0 considerada la cuna del antorchismo. En conferencia de prensa, la dirigente estatal, Guadalupe Orona Urias, destac\u00f3 que esta justa","og_url":"https:\/\/elcardinal.com\/?p=5529","og_site_name":"El Cardinal","article_publisher":"https:\/\/www.facebook.com\/profile.php?id=100063093107011","article_published_time":"2026-02-25T17:46:01+00:00","og_image":[{"width":2560,"height":1920,"url":"https:\/\/elcardinal.com\/wp-content\/uploads\/2026\/02\/MVIMG_20260225_100553-scaled.jpg","type":"image\/jpeg"}],"author":"Antonio Alcaraz","twitter_card":"summary_large_image","twitter_creator":"@ElCardinal_Mx","twitter_site":"@ElCardinal_Mx","twitter_misc":{"Escrito por":"Antonio Alcaraz","Tiempo de lectura":"2 minutos"},"schema":{"@context":"https:\/\/schema.org","@graph":[{"@type":"Article","@id":"https:\/\/elcardinal.com\/?p=5529#article","isPartOf":{"@id":"https:\/\/elcardinal.com\/?p=5529"},"author":{"name":"Antonio Alcaraz","@id":"https:\/\/elcardinal.com\/#\/schema\/person\/3c352ec0a33987fe275c0e8a2ea69f8b"},"headline":"Hidalgo va con 540 deportistas a la XXII Espartaqueada Nacional en Tecomatl\u00e1n\u00a0","datePublished":"2026-02-25T17:46:01+00:00","mainEntityOfPage":{"@id":"https:\/\/elcardinal.com\/?p=5529"},"wordCount":299,"commentCount":0,"publisher":{"@id":"https:\/\/elcardinal.com\/#organization"},"image":{"@id":"https:\/\/elcardinal.com\/?p=5529#primaryimage"},"thumbnailUrl":"https:\/\/elcardinal.com\/wp-content\/uploads\/2026\/02\/MVIMG_20260225_100553-scaled.jpg","keywords":["Antorcha Campesina","Espartaqueada","Guadalupe Orona"],"articleSection":["Hidalgo","M\u00e9xico","Minuto a Minuto","Pol\u00edtica"],"inLanguage":"es","potentialAction":[{"@type":"CommentAction","name":"Comment","target":["https:\/\/elcardinal.com\/?p=5529#respond"]}]},{"@type":"WebPage","@id":"https:\/\/elcardinal.com\/?p=5529","url":"https:\/\/elcardinal.com\/?p=5529","name":"Hidalgo va con 540 deportistas a la XXII Espartaqueada Nacional en Tecomatl\u00e1n\u00a0 - El Cardinal","isPartOf":{"@id":"https:\/\/elcardinal.com\/#website"},"primaryImageOfPage":{"@id":"https:\/\/elcardinal.com\/?p=5529#primaryimage"},"image":{"@id":"https:\/\/elcardinal.com\/?p=5529#primaryimage"},"thumbnailUrl":"https:\/\/elcardinal.com\/wp-content\/uploads\/2026\/02\/MVIMG_20260225_100553-scaled.jpg","datePublished":"2026-02-25T17:46:01+00:00","breadcrumb":{"@id":"https:\/\/elcardinal.com\/?p=5529#breadcrumb"},"inLanguage":"es","potentialAction":[{"@type":"ReadAction","target":["https:\/\/elcardinal.com\/?p=5529"]}]},{"@type":"ImageObject","inLanguage":"es","@id":"https:\/\/elcardinal.com\/?p=5529#primaryimage","url":"https:\/\/elcardinal.com\/wp-content\/uploads\/2026\/02\/MVIMG_20260225_100553-scaled.jpg","contentUrl":"https:\/\/elcardinal.com\/wp-content\/uploads\/2026\/02\/MVIMG_20260225_100553-scaled.jpg","width":2560,"height":1920},{"@type":"BreadcrumbList","@id":"https:\/\/elcardinal.com\/?p=5529#breadcrumb","itemListElement":[{"@type":"ListItem","position":1,"name":"Inicio","item":"https:\/\/elcardinal.com\/"},{"@type":"ListItem","position":2,"name":"Hidalgo va con 540 deportistas a la XXII Espartaqueada Nacional en Tecomatl\u00e1n\u00a0"}]},{"@type":"WebSite","@id":"https:\/\/elcardinal.com\/#website","url":"https:\/\/elcardinal.com\/","name":"El Cardinal","description":"Periodismo honesto, con valor, sentido humano, a veces sarc\u00e1stico y divertido.","publisher":{"@id":"https:\/\/elcardinal.com\/#organization"},"alternateName":"El Cardinal Noticias","potentialAction":[{"@type":"SearchAction","target":{"@type":"EntryPoint","urlTemplate":"https:\/\/elcardinal.com\/?s={search_term_string}"},"query-input":{"@type":"PropertyValueSpecification","valueRequired":true,"valueName":"search_term_string"}}],"inLanguage":"es"},{"@type":"Organization","@id":"https:\/\/elcardinal.com\/#organization","name":"El Cardinal","url":"https:\/\/elcardinal.com\/","logo":{"@type":"ImageObject","inLanguage":"es","@id":"https:\/\/elcardinal.com\/#\/schema\/logo\/image\/","url":"https:\/\/elcardinal.com\/wp-content\/uploads\/2025\/04\/LOGO-EL-CARDINAL-Periodismo-con-valor.png","contentUrl":"https:\/\/elcardinal.com\/wp-content\/uploads\/2025\/04\/LOGO-EL-CARDINAL-Periodismo-con-valor.png","width":755,"height":636,"caption":"El Cardinal"},"image":{"@id":"https:\/\/elcardinal.com\/#\/schema\/logo\/image\/"},"sameAs":["https:\/\/www.facebook.com\/profile.php?id=100063093107011","https:\/\/x.com\/ElCardinal_Mx"]},{"@type":"Person","@id":"https:\/\/elcardinal.com\/#\/schema\/person\/3c352ec0a33987fe275c0e8a2ea69f8b","name":"Antonio Alcaraz","image":{"@type":"ImageObject","inLanguage":"es","@id":"https:\/\/elcardinal.com\/#\/schema\/person\/image\/","url":"https:\/\/elcardinal.com\/wp-content\/uploads\/2025\/05\/cropped-TONO-96x96.jpg","contentUrl":"https:\/\/elcardinal.com\/wp-content\/uploads\/2025\/05\/cropped-TONO-96x96.jpg","caption":"Antonio Alcaraz"},"url":"https:\/\/elcardinal.com\/?author=2"}]}},"_links":{"self":[{"href":"https:\/\/elcardinal.com\/index.php?rest_route=\/wp\/v2\/posts\/5529","targetHints":{"allow":["GET"]}}],"collection":[{"href":"https:\/\/elcardinal.com\/index.php?rest_route=\/wp\/v2\/posts"}],"about":[{"href":"https:\/\/elcardinal.com\/index.php?rest_route=\/wp\/v2\/types\/post"}],"author":[{"embeddable":true,"href":"https:\/\/elcardinal.com\/index.php?rest_route=\/wp\/v2\/users\/2"}],"replies":[{"embeddable":true,"href":"https:\/\/elcardinal.com\/index.php?rest_route=%2Fwp%2Fv2%2Fcomments&post=5529"}],"version-history":[{"count":1,"href":"https:\/\/elcardinal.com\/index.php?rest_route=\/wp\/v2\/posts\/5529\/revisions"}],"predecessor-version":[{"id":5531,"href":"https:\/\/elcardinal.com\/index.php?rest_route=\/wp\/v2\/posts\/5529\/revisions\/5531"}],"wp:featuredmedia":[{"embeddable":true,"href":"https:\/\/elcardinal.com\/index.php?rest_route=\/wp\/v2\/media\/5530"}],"wp:attachment":[{"href":"https:\/\/elcardinal.com\/index.php?rest_route=%2Fwp%2Fv2%2Fmedia&parent=5529"}],"wp:term":[{"taxonomy":"category","embeddable":true,"href":"https:\/\/elcardinal.com\/index.php?rest_route=%2Fwp%2Fv2%2Fcategories&post=5529"},{"taxonomy":"post_tag","embeddable":true,"href":"https:\/\/elcardinal.com\/index.php?rest_route=%2Fwp%2Fv2%2Ftags&post=5529"}],"curies":[{"name":"wp","href":"https:\/\/api.w.org\/{rel}","templated":true}]}}