{"id":5533,"date":"2026-02-25T20:20:15","date_gmt":"2026-02-26T02:20:15","guid":{"rendered":"https:\/\/elcardinal.com\/?p=5533"},"modified":"2026-02-25T20:20:15","modified_gmt":"2026-02-26T02:20:15","slug":"legisladores-aprueban-minuta-federal-para-reducir-la-jornada-laboral-en-el-pais","status":"publish","type":"post","link":"https:\/\/elcardinal.com\/?p=5533","title":{"rendered":"Legisladores aprueban minuta federal para reducir la jornada laboral en el pa\u00eds"},"content":{"rendered":"<p>Redacci\u00f3n<\/p>\n<p><span style=\"font-weight: 400;\">En sesi\u00f3n ordinaria, diputadas y diputados integrantes de <\/span><b>la LXVI Legislatura<\/b><span style=\"font-weight: 400;\"> avalaron con 25 votos a favor, cero en contra y cero abstenciones<\/span> <span style=\"font-weight: 400;\">la minuta con proyecto de decreto que reforma la Constituci\u00f3n Pol\u00edtica de los Estados Unidos Mexicanos, en materia de reducci\u00f3n de la jornada laboral, enviada por la C\u00e1mara de Diputados del H. Congreso de la Uni\u00f3n.<\/span><\/p>\n<p><span style=\"font-weight: 400;\">El diputado <\/span><b>Arturo G\u00f3mez Canales<\/b><span style=\"font-weight: 400;\"> explic\u00f3 que la jornada laboral ser\u00e1 de 40 horas semanales en los t\u00e9rminos que establezca la ley. \u201cPor cada seis d\u00edas de trabajo, las personas trabajadoras deber\u00e1n disfrutar por lo menos de un d\u00eda de descanso con goce de salario \u00edntegro.<\/span><\/p>\n<p><span style=\"font-weight: 400;\">La legisladora <\/span><b>M\u00f3nica Leanett Reyes Mart\u00ednez <\/b><span style=\"font-weight: 400;\">(Nueva Alianza) celebr\u00f3 este paso hist\u00f3rico hacia un modelo laboral m\u00e1s justo, moderno y humano. \u201cDurante d\u00e9cadas se sostuvo la idea de que jornadas m\u00e1s largas significaban mayor progreso. Sin embargo, la realidad demostr\u00f3 lo contrario\u201d.<\/span><\/p>\n<p><span style=\"font-weight: 400;\">La diputada <\/span><b>Orqu\u00eddea Larragoiti Osorio<\/b><span style=\"font-weight: 400;\"> (PT) consider\u00f3 que esta reforma no es un obst\u00e1culo para el crecimiento econ\u00f3mico, al contrario, \u201ces una apuesta por un modelo m\u00e1s equilibrado y sostenible. Establece bases m\u00ednimas en materia de jornada laboral y permite la actualizaci\u00f3n de leyes secundarias en temas como d\u00edas de descanso y pagos extraordinarios\u201d.<\/span><\/p>\n<p><span style=\"font-weight: 400;\">La legisladora <\/span><b>Claudia Lilia Luna Islas<\/b><span style=\"font-weight: 400;\"> (PAN) lament\u00f3 que esta reforma \u201cse qued\u00f3 corta: s\u00ed necesitamos trabajadores con m\u00e1s tiempo con su familia y s\u00ed necesitamos m\u00e1s trabajadores que puedan de alguna manera tener beneficios\u201d.<\/span><\/p>\n<p><span style=\"font-weight: 400;\">El diputado <\/span><b>Avelino Tovar Iglesias<\/b><span style=\"font-weight: 400;\"> (PVEM) asever\u00f3 que con esta reforma \u201cestamos mandando un mensaje muy claro: es tiempo de evolucionar, modernizar el pacto laboral, pero, sobre todo, de poner a las personas en el centro\u201d.<\/span><\/p>\n<p><span style=\"font-weight: 400;\">El legislador <\/span><b>Carlos Alejandro Alc\u00e1ntara Carbajal<\/b><span style=\"font-weight: 400;\"> (MC) indic\u00f3 que esta reforma deber ir acompa\u00f1ada de otros mecanismos como apoyo a empresarios y los dos d\u00edas de descanso obligatorios.<\/span><\/p>\n<p><span style=\"font-weight: 400;\">La diputada <\/span><b>Hilda Miranda Miranda<\/b><span style=\"font-weight: 400;\"> (Morena) mencion\u00f3 que reducir la jornada laboral no es un acto de improvisaci\u00f3n, \u201ces una actualizaci\u00f3n necesaria que debe ir acompa\u00f1ada de di\u00e1logo e incentivos que permitan a las empresas adaptarse\u201d.<\/span><\/p>\n<p><span style=\"font-weight: 400;\">La legisladora <\/span><b>Karla Perales Arrieta<\/b><span style=\"font-weight: 400;\"> (MC) reiter\u00f3 que hacen falta dos d\u00edas de descanso sin simulaciones, sin horas extra baratas y \u201csin esperar hasta 2030 para convivir con dignidad, una reforma laboral a medias no es suficiente\u201d.<\/span><\/p>\n<p><span style=\"font-weight: 400;\">El diputado <\/span><b>Miguel \u00c1ngel Zamora Moreno<\/b><span style=\"font-weight: 400;\"> (Morena) respald\u00f3 la reforma y crey\u00f3 en un modelo del pa\u00eds donde el progreso econ\u00f3mico vaya de la mano con el fortalecimiento de la familia.<\/span><\/p>\n<p>&nbsp;<\/p>\n<p><b>Otros dict\u00e1menes<\/b><\/p>\n<p><b>Perspectiva de g\u00e9nero<\/b><\/p>\n<p><span style=\"font-weight: 400;\">Tambi\u00e9n avalaron con 23 votos a favor, cero en contra y cero abstenciones, el dictamen que aprueba con modificaciones la iniciativa que reforma la Ley de Cultura F\u00edsica, Deporte y Recreaci\u00f3n para el Estado de Hidalgo, emitido por la primera Comisi\u00f3n Permanente de Legislaci\u00f3n y Puntos Constitucionales.<\/span><\/p>\n<p><span style=\"font-weight: 400;\">La legisladora <\/span><b>Yarabi Gonz\u00e1lez Mart\u00ednez<\/b><span style=\"font-weight: 400;\"> (Morena), promovente del dictamen, record\u00f3 que el objetivo es instaurar la perspectiva de g\u00e9nero como un eje transversal en las pol\u00edticas, programas y acciones relacionadas con la cultura f\u00edsica y el deporte; as\u00ed como procurar la participaci\u00f3n de las mujeres en roles de liderazgo.<\/span><\/p>\n<p>&nbsp;<\/p>\n<p><b>Impulso al turismo sustentable<\/b><\/p>\n<p><span style=\"font-weight: 400;\">Asimismo, avalaron con 23 votos a favor, cero en contra y cero abstenciones, el dictamen que aprueba con modificaciones la iniciativa que reforma la Ley de Turismo Sustentable del Estado de Hidalgo, promovido por diputadas y diputados, emitido por la primera Comisi\u00f3n Permanente de Legislaci\u00f3n y Puntos Constitucionales.<\/span><\/p>\n<p><span style=\"font-weight: 400;\">La diputada <\/span><b>Karla Perales Arrieta<\/b><span style=\"font-weight: 400;\"> (MC) mencion\u00f3 que el prop\u00f3sito es incorporar el concepto de rutas tur\u00edsticas, estableciendo su definici\u00f3n y las atribuciones espec\u00edficas del estado y los municipios para su creaci\u00f3n, desarrollo, promoci\u00f3n y adecuaci\u00f3n, con el fin de armonizar la normativa estatal con la Ley General de Turismo, fortalecer la planeaci\u00f3n y gesti\u00f3n del turismo sustentable, as\u00ed como fomentar el desarrollo econ\u00f3mico, social y cultural de las comunidades locales.<\/span><\/p>\n<p>&nbsp;<\/p>\n<p><b>Iniciativas<\/b><\/p>\n<p><b>Detecci\u00f3n oportuna y eficaz de las enfermedades raras<\/b><\/p>\n<p><span style=\"font-weight: 400;\">La diputada <\/span><b>Paloma Barrag\u00e1n Santos<\/b><span style=\"font-weight: 400;\"> (Morena) present\u00f3 la iniciativa que reforma la Ley de los Derechos de Ni\u00f1as, Ni\u00f1os y Adolescentes y de la Ley de Salud para el Estado de Hidalgo, con la finalidad de fortalecer la detecci\u00f3n oportuna y eficaz de las enfermedades raras en este sector de la poblaci\u00f3n.<\/span><\/p>\n<p>&nbsp;<\/p>\n<p><b>Erradicaci\u00f3n de la brecha salarial de g\u00e9nero<\/b><\/p>\n<p><span style=\"font-weight: 400;\">Las legisladoras <\/span><b>Diana Rangel Z\u00fa\u00f1iga<\/b><span style=\"font-weight: 400;\">, <\/span><b>Tania Er\u00e9ndira Meza Escorza<\/b><span style=\"font-weight: 400;\">, <\/span><b>Paloma Barrag\u00e1n Santos<\/b><span style=\"font-weight: 400;\">, <\/span><b>Alma Rosa El\u00edas Paso<\/b><span style=\"font-weight: 400;\"> (Morena) y <\/span><b>Juana Olivia Alarc\u00f3n Rivera<\/b><span style=\"font-weight: 400;\"> (Nueva Alianza) propusieron la iniciativa que modifica la Ley de los Trabajadores al Servicio de los Gobiernos Estatal y Municipales, as\u00ed como de los Organismos Descentralizados del Estado de Hidalgo, con el objetivo de incorporar, prevenir y erradicar la brecha salarial de g\u00e9nero dentro del servicio p\u00fablico estatal y municipal, as\u00ed como establecer mecanismos institucionales de revisi\u00f3n y transparencia que aseguren la no discriminaci\u00f3n.<\/span><\/p>\n<p>&nbsp;<\/p>\n<p><b>Ciudades amigables para personas mayores<\/b><\/p>\n<p><span style=\"font-weight: 400;\">El diputado <\/span><b>Juli\u00e1n Nochebuena Hern\u00e1ndez<\/b><span style=\"font-weight: 400;\"> (Morena) detall\u00f3 la iniciativa que reforma la Ley de los Derechos de las Personas Adultas Mayores del Estado de Hidalgo, la cual busca insertar en el texto de la ley el t\u00e9rmino \u201cciudades amigables para personas mayores\u201d, estableciendo que son aquellas que alientan el envejecimiento activo mediante optimizaci\u00f3n de oportunidades de salud, participaci\u00f3n y seguridad, a fin de mejorar la calidad de vida mientras envejecen, proporcionando infraestructura y servicios para la poblaci\u00f3n de 60 a\u00f1os o m\u00e1s.<\/span><\/p>\n<p>&nbsp;<\/p>\n<p><b>Incorporaci\u00f3n del delito de cohabitaci\u00f3n<\/b><\/p>\n<p><span style=\"font-weight: 400;\">La legisladora <\/span><b>Johana Montcerrat Hern\u00e1ndez P\u00e9rez<\/b><span style=\"font-weight: 400;\"> y <\/span><b>Marco Antonio Mendoza Bustamante (<\/b><span style=\"font-weight: 400;\">PRI) presentaron la iniciativa que reforma el C\u00f3digo Penal para el Estado de Hidalgo, con el prop\u00f3sito de objetivo incorporar el delito de cohabitaci\u00f3n forzada, a fin de prevenir, sancionar y erradicar cualquier pr\u00e1ctica que obligue, presione o induzca a personas menores de edad o a personas que no cuenten con la capacidad para comprender o resistir el hecho, a integrarse en uniones de hecho, informales o consuetudinarias equiparables al matrimonio.<\/span><\/p>\n<p>&nbsp;<\/p>\n<p><b>Correcto ejercicio del derecho humano al agua<\/b><\/p>\n<p><span style=\"font-weight: 400;\">El diputado <\/span><b>Jos\u00e9 Luis Rodr\u00edguez Higareda<\/b><span style=\"font-weight: 400;\"> (Morena) propuso la iniciativa que reforma la Ley Estatal de Agua y Alcantarillado para el Estado de Hidalgo, con la finalidad de reconocer el derecho a la participaci\u00f3n de la sociedad en la planeaci\u00f3n, toma de decisiones, ejecuci\u00f3n, evaluaci\u00f3n y vigilancia de la pol\u00edtica estatal h\u00eddrica y as\u00ed garantizar el correcto ejercicio del derecho humano al agua.<\/span><\/p>\n<p>&nbsp;<\/p>\n<p><b>Acceso de las personas menores de 30 a\u00f1os a las diputaciones<\/b><\/p>\n<p><span style=\"font-weight: 400;\">La diputada <\/span><b>Cynthia Citlali Delgado Mendoza<\/b><span style=\"font-weight: 400;\"> (Morena) present\u00f3 la iniciativa que reforma el C\u00f3digo Electoral del Estado de Hidalgo, con el fin de garantizar el acceso efectivo de las personas menores de 30 a\u00f1os a las diputaciones locales, mediante la incorporaci\u00f3n de acciones afirmativas claras, obligatorias y jur\u00eddicamente exigibles.<\/span><\/p>\n<p>&nbsp;<\/p>\n<p><b>Acoso sexual en espacios y transporte p\u00fablico<\/b><\/p>\n<p><span style=\"font-weight: 400;\">Las legisladoras <\/span><b>Tania Er\u00e9ndira Meza Escorza<\/b><span style=\"font-weight: 400;\">, <\/span><b>Diana Rangel Z\u00fa\u00f1iga<\/b><span style=\"font-weight: 400;\">, <\/span><b>Mar\u00eda del Rosario Guerrero Mart\u00ednez <\/b><span style=\"font-weight: 400;\">y <\/span><b>Yarabi Gonz\u00e1lez Mart\u00ednez<\/b><span style=\"font-weight: 400;\"> (Morena) propusieron la iniciativa que reforma la Ley de Acceso de las Mujeres a una Vida Libre de Violencia para el Estado de Hidalgo, a fin de incorporar expresamente el acoso sexual en espacios y transporte p\u00fablico como una forma de violencia contra las mujeres, estableciendo obligaciones para las autoridades estatales y municipales que garanticen la prevenci\u00f3n, atenci\u00f3n y erradicaci\u00f3n de estas modalidades de violencias, asegurando espacios y transportes p\u00fablicos seguros para mujeres, adolescentes y ni\u00f1as.<\/span><\/p>\n<p>&nbsp;<\/p>\n<p><b>Sistema para el Fortalecimiento de las Capacidades y la Profesionalizaci\u00f3n<\/b><\/p>\n<p><span style=\"font-weight: 400;\">La diputada <\/span><b>Mar\u00eda del Rosario Guerrero Mart\u00ednez<\/b><span style=\"font-weight: 400;\"> (Morena) detall\u00f3 la iniciativa con la que se crea el Sistema Estatal para el Fortalecimiento de las Capacidades y la Profesionalizaci\u00f3n Municipal, como un instrumento de coordinaci\u00f3n y apoyo t\u00e9cnico de car\u00e1cter voluntario, orientado a fortalecer la capacidad institucional de los ayuntamientos mediante el acceso a informaci\u00f3n verificada sobre experiencia, formaci\u00f3n y certificaci\u00f3n de personas servidoras p\u00fablicas y profesionistas para apoyar sus procesos de designaci\u00f3n, nombramiento o contrataci\u00f3n.<\/span><\/p>\n<p>&nbsp;<\/p>\n<p><b>No a la discriminaci\u00f3n en la pr\u00e1ctica deportiva<\/b><\/p>\n<p><span style=\"font-weight: 400;\">El legislador <\/span><b>Carlos Alejandro Alc\u00e1ntara Carbajal<\/b><span style=\"font-weight: 400;\"> y la legisladora <\/span><b>Karla Perales Arrieta <\/b><span style=\"font-weight: 400;\">(MC) presentaron la iniciativa que modifica la Ley de Cultura F\u00edsica, Deporte y Recreaci\u00f3n para el Estado de Hidalgo, con el prop\u00f3sito de garantizar el acceso efectivo, seguro y libre de discriminaci\u00f3n a la pr\u00e1ctica deportiva para las personas, sin distinci\u00f3n por orientaci\u00f3n sexual, identidad o expresi\u00f3n de g\u00e9nero.<\/span><\/p>\n<p>&nbsp;<\/p>\n<p><b>Asuntos generales<\/b><\/p>\n<p><b>Informaci\u00f3n sobre tarifas de taxis<\/b><\/p>\n<p><span style=\"font-weight: 400;\">El legislador <\/span><b>Avelino Tovar Iglesias<\/b><span style=\"font-weight: 400;\"> (PVEM) present\u00f3 el acuerdo econ\u00f3mico que exhorta a la Secretar\u00eda de Movilidad y Transporte del Estado de Hidalgo a informar a esta soberan\u00eda las tarifas vigentes del servicio p\u00fablico de transporte individual en su modalidad de taxi, as\u00ed como los mecanismos de supervisi\u00f3n, verificaci\u00f3n y sanci\u00f3n implementados para garantizar el cumplimiento del tarifario autorizado y la protecci\u00f3n de los derechos de las y los usuarios.<\/span><\/p>\n<p>&nbsp;<\/p>\n<p><b>D\u00eda del Rotario<\/b><\/p>\n<p><span style=\"font-weight: 400;\">En el marco del D\u00eda del Movimiento Rotario Hidalguense (23 de febrero), el diputado <\/span><b>Arturo G\u00f3mez Canales<\/b><span style=\"font-weight: 400;\"> (Morena) rindi\u00f3 homenaje a todas y todos los rotarios de Hidalgo. \u201cReconozco su entrega incansable, vocaci\u00f3n de servicio e invaluable contribuci\u00f3n para construir una sociedad m\u00e1s justa y solidaria\u201d.<\/span><\/p>\n<p>&nbsp;<\/p>\n<p><b>Otros puntos en la orden del d\u00eda<\/b><\/p>\n<p><b>Declaratoria de minutas<\/b><\/p>\n<p><span style=\"font-weight: 400;\">Se emiti\u00f3 la declaratoria correspondiente a las minutas con proyecto de decreto que reforma la Constituci\u00f3n Pol\u00edtica del Estado de Hidalgo, en materia de Tribunal de Justicia Administrativa del Estado de Hidalgo; as\u00ed como el proyecto de decreto que reforma la Constituci\u00f3n Pol\u00edtica del Estado de Hidalgo, relativo a la simplificaci\u00f3n org\u00e1nica en materia de acceso a la informaci\u00f3n p\u00fablica y protecci\u00f3n de datos personales.<\/span><\/p>\n<p>&nbsp;<\/p>\n<p><b>Elecci\u00f3n de diputadas y diputados para integrar la directiva de marzo<\/b><\/p>\n<p><span style=\"font-weight: 400;\">La directiva de marzo, correspondiente al segundo periodo ordinario de sesiones del segundo a\u00f1o de ejercicio constitucional, quedar\u00e1 integrada por:<\/span><\/p>\n<ul>\n<li style=\"font-weight: 400;\" aria-level=\"1\"><span style=\"font-weight: 400;\">Diputado <\/span><b>Aldo Meza Hern\u00e1ndez<\/b><span style=\"font-weight: 400;\">, presidente.<\/span><\/li>\n<li style=\"font-weight: 400;\" aria-level=\"1\"><span style=\"font-weight: 400;\">Diputada <\/span><b>M\u00f3nica Leanett Reyes Mart\u00ednez<\/b><span style=\"font-weight: 400;\">, vicepresidenta.<\/span><\/li>\n<li style=\"font-weight: 400;\" aria-level=\"1\"><span style=\"font-weight: 400;\">Diputado<\/span><b> Avelino Tovar Iglesias<\/b><span style=\"font-weight: 400;\">, secretario.<\/span><\/li>\n<li style=\"font-weight: 400;\" aria-level=\"1\"><span style=\"font-weight: 400;\">Diputado <\/span><b>Hilda Miranda Miranda<\/b><span style=\"font-weight: 400;\">, secretaria.<\/span><\/li>\n<li style=\"font-weight: 400;\" aria-level=\"1\"><span style=\"font-weight: 400;\">Diputado <\/span><b>Marco Antonio Mendoza Bustamante<\/b><span style=\"font-weight: 400;\">, secretario suplente.<\/span><\/li>\n<li style=\"font-weight: 400;\" aria-level=\"1\"><span style=\"font-weight: 400;\">Diputada <\/span><b>Yarabi Gonz\u00e1lez Mart\u00ednez<\/b><span style=\"font-weight: 400;\">, secretaria suplente.<\/span><\/li>\n<\/ul>\n","protected":false},"excerpt":{"rendered":"<p>Redacci\u00f3n En sesi\u00f3n ordinaria, diputadas y diputados integrantes de la LXVI Legislatura avalaron con 25 votos a favor, cero en contra y cero abstenciones la minuta con proyecto de decreto que reforma la Constituci\u00f3n Pol\u00edtica de los Estados Unidos Mexicanos, en materia de reducci\u00f3n de la jornada laboral, enviada por la C\u00e1mara de Diputados del<\/p>\n","protected":false},"author":2,"featured_media":5534,"comment_status":"open","ping_status":"open","sticky":false,"template":"","format":"standard","meta":{"footnotes":""},"categories":[31,44,39],"tags":[62],"class_list":{"0":"post-5533","1":"post","2":"type-post","3":"status-publish","4":"format-standard","5":"has-post-thumbnail","7":"category-hidalgo","8":"category-minuto-a-minuto","9":"category-politica","10":"tag-congreso-de-hidalgo"},"yoast_head":"<!-- This site is optimized with the Yoast SEO plugin v26.1.1 - https:\/\/yoast.com\/wordpress\/plugins\/seo\/ -->\n<title>Legisladores aprueban minuta federal para reducir la jornada laboral en el pa\u00eds - El Cardinal<\/title>\n<meta name=\"robots\" content=\"index, follow, max-snippet:-1, max-image-preview:large, max-video-preview:-1\" \/>\n<link rel=\"canonical\" href=\"https:\/\/elcardinal.com\/?p=5533\" \/>\n<meta property=\"og:locale\" content=\"es_MX\" \/>\n<meta property=\"og:type\" content=\"article\" \/>\n<meta property=\"og:title\" content=\"Legisladores aprueban minuta federal para reducir la jornada laboral en el pa\u00eds - El Cardinal\" \/>\n<meta property=\"og:description\" content=\"Redacci\u00f3n En sesi\u00f3n ordinaria, diputadas y diputados integrantes de la LXVI Legislatura avalaron con 25 votos a favor, cero en contra y cero abstenciones la minuta con proyecto de decreto que reforma la Constituci\u00f3n Pol\u00edtica de los Estados Unidos Mexicanos, en materia de reducci\u00f3n de la jornada laboral, enviada por la C\u00e1mara de Diputados del\" \/>\n<meta property=\"og:url\" content=\"https:\/\/elcardinal.com\/?p=5533\" \/>\n<meta property=\"og:site_name\" content=\"El Cardinal\" \/>\n<meta property=\"article:publisher\" content=\"https:\/\/www.facebook.com\/profile.php?id=100063093107011\" \/>\n<meta property=\"article:published_time\" content=\"2026-02-26T02:20:15+00:00\" \/>\n<meta property=\"og:image\" content=\"https:\/\/elcardinal.com\/wp-content\/uploads\/2026\/02\/Sesion-25.02.2026-Ordinaria-124.jpg\" \/>\n\t<meta property=\"og:image:width\" content=\"2290\" \/>\n\t<meta property=\"og:image:height\" content=\"1800\" \/>\n\t<meta property=\"og:image:type\" content=\"image\/jpeg\" \/>\n<meta name=\"author\" content=\"Antonio Alcaraz\" \/>\n<meta name=\"twitter:card\" content=\"summary_large_image\" \/>\n<meta name=\"twitter:creator\" content=\"@ElCardinal_Mx\" \/>\n<meta name=\"twitter:site\" content=\"@ElCardinal_Mx\" \/>\n<meta name=\"twitter:label1\" content=\"Escrito por\" \/>\n\t<meta name=\"twitter:data1\" content=\"Antonio Alcaraz\" \/>\n\t<meta name=\"twitter:label2\" content=\"Tiempo de lectura\" \/>\n\t<meta name=\"twitter:data2\" content=\"8 minutos\" \/>\n<script type=\"application\/ld+json\" class=\"yoast-schema-graph\">{\"@context\":\"https:\/\/schema.org\",\"@graph\":[{\"@type\":\"Article\",\"@id\":\"https:\/\/elcardinal.com\/?p=5533#article\",\"isPartOf\":{\"@id\":\"https:\/\/elcardinal.com\/?p=5533\"},\"author\":{\"name\":\"Antonio Alcaraz\",\"@id\":\"https:\/\/elcardinal.com\/#\/schema\/person\/3c352ec0a33987fe275c0e8a2ea69f8b\"},\"headline\":\"Legisladores aprueban minuta federal para reducir la jornada laboral en el pa\u00eds\",\"datePublished\":\"2026-02-26T02:20:15+00:00\",\"mainEntityOfPage\":{\"@id\":\"https:\/\/elcardinal.com\/?p=5533\"},\"wordCount\":1804,\"commentCount\":0,\"publisher\":{\"@id\":\"https:\/\/elcardinal.com\/#organization\"},\"image\":{\"@id\":\"https:\/\/elcardinal.com\/?p=5533#primaryimage\"},\"thumbnailUrl\":\"https:\/\/elcardinal.com\/wp-content\/uploads\/2026\/02\/Sesion-25.02.2026-Ordinaria-124.jpg\",\"keywords\":[\"Congreso de Hidalgo\"],\"articleSection\":[\"Hidalgo\",\"Minuto a Minuto\",\"Pol\u00edtica\"],\"inLanguage\":\"es\",\"potentialAction\":[{\"@type\":\"CommentAction\",\"name\":\"Comment\",\"target\":[\"https:\/\/elcardinal.com\/?p=5533#respond\"]}]},{\"@type\":\"WebPage\",\"@id\":\"https:\/\/elcardinal.com\/?p=5533\",\"url\":\"https:\/\/elcardinal.com\/?p=5533\",\"name\":\"Legisladores aprueban minuta federal para reducir la jornada laboral en el pa\u00eds - El Cardinal\",\"isPartOf\":{\"@id\":\"https:\/\/elcardinal.com\/#website\"},\"primaryImageOfPage\":{\"@id\":\"https:\/\/elcardinal.com\/?p=5533#primaryimage\"},\"image\":{\"@id\":\"https:\/\/elcardinal.com\/?p=5533#primaryimage\"},\"thumbnailUrl\":\"https:\/\/elcardinal.com\/wp-content\/uploads\/2026\/02\/Sesion-25.02.2026-Ordinaria-124.jpg\",\"datePublished\":\"2026-02-26T02:20:15+00:00\",\"breadcrumb\":{\"@id\":\"https:\/\/elcardinal.com\/?p=5533#breadcrumb\"},\"inLanguage\":\"es\",\"potentialAction\":[{\"@type\":\"ReadAction\",\"target\":[\"https:\/\/elcardinal.com\/?p=5533\"]}]},{\"@type\":\"ImageObject\",\"inLanguage\":\"es\",\"@id\":\"https:\/\/elcardinal.com\/?p=5533#primaryimage\",\"url\":\"https:\/\/elcardinal.com\/wp-content\/uploads\/2026\/02\/Sesion-25.02.2026-Ordinaria-124.jpg\",\"contentUrl\":\"https:\/\/elcardinal.com\/wp-content\/uploads\/2026\/02\/Sesion-25.02.2026-Ordinaria-124.jpg\",\"width\":2290,\"height\":1800},{\"@type\":\"BreadcrumbList\",\"@id\":\"https:\/\/elcardinal.com\/?p=5533#breadcrumb\",\"itemListElement\":[{\"@type\":\"ListItem\",\"position\":1,\"name\":\"Inicio\",\"item\":\"https:\/\/elcardinal.com\/\"},{\"@type\":\"ListItem\",\"position\":2,\"name\":\"Legisladores aprueban minuta federal para reducir la jornada laboral en el pa\u00eds\"}]},{\"@type\":\"WebSite\",\"@id\":\"https:\/\/elcardinal.com\/#website\",\"url\":\"https:\/\/elcardinal.com\/\",\"name\":\"El Cardinal\",\"description\":\"Periodismo honesto, con valor, sentido humano, a veces sarc\u00e1stico y divertido.\",\"publisher\":{\"@id\":\"https:\/\/elcardinal.com\/#organization\"},\"alternateName\":\"El Cardinal Noticias\",\"potentialAction\":[{\"@type\":\"SearchAction\",\"target\":{\"@type\":\"EntryPoint\",\"urlTemplate\":\"https:\/\/elcardinal.com\/?s={search_term_string}\"},\"query-input\":{\"@type\":\"PropertyValueSpecification\",\"valueRequired\":true,\"valueName\":\"search_term_string\"}}],\"inLanguage\":\"es\"},{\"@type\":\"Organization\",\"@id\":\"https:\/\/elcardinal.com\/#organization\",\"name\":\"El Cardinal\",\"url\":\"https:\/\/elcardinal.com\/\",\"logo\":{\"@type\":\"ImageObject\",\"inLanguage\":\"es\",\"@id\":\"https:\/\/elcardinal.com\/#\/schema\/logo\/image\/\",\"url\":\"https:\/\/elcardinal.com\/wp-content\/uploads\/2025\/04\/LOGO-EL-CARDINAL-Periodismo-con-valor.png\",\"contentUrl\":\"https:\/\/elcardinal.com\/wp-content\/uploads\/2025\/04\/LOGO-EL-CARDINAL-Periodismo-con-valor.png\",\"width\":755,\"height\":636,\"caption\":\"El Cardinal\"},\"image\":{\"@id\":\"https:\/\/elcardinal.com\/#\/schema\/logo\/image\/\"},\"sameAs\":[\"https:\/\/www.facebook.com\/profile.php?id=100063093107011\",\"https:\/\/x.com\/ElCardinal_Mx\"]},{\"@type\":\"Person\",\"@id\":\"https:\/\/elcardinal.com\/#\/schema\/person\/3c352ec0a33987fe275c0e8a2ea69f8b\",\"name\":\"Antonio Alcaraz\",\"image\":{\"@type\":\"ImageObject\",\"inLanguage\":\"es\",\"@id\":\"https:\/\/elcardinal.com\/#\/schema\/person\/image\/\",\"url\":\"https:\/\/elcardinal.com\/wp-content\/uploads\/2025\/05\/cropped-TONO-96x96.jpg\",\"contentUrl\":\"https:\/\/elcardinal.com\/wp-content\/uploads\/2025\/05\/cropped-TONO-96x96.jpg\",\"caption\":\"Antonio Alcaraz\"},\"url\":\"https:\/\/elcardinal.com\/?author=2\"}]}<\/script>\n<!-- \/ Yoast SEO plugin. -->","yoast_head_json":{"title":"Legisladores aprueban minuta federal para reducir la jornada laboral en el pa\u00eds - El Cardinal","robots":{"index":"index","follow":"follow","max-snippet":"max-snippet:-1","max-image-preview":"max-image-preview:large","max-video-preview":"max-video-preview:-1"},"canonical":"https:\/\/elcardinal.com\/?p=5533","og_locale":"es_MX","og_type":"article","og_title":"Legisladores aprueban minuta federal para reducir la jornada laboral en el pa\u00eds - El Cardinal","og_description":"Redacci\u00f3n En sesi\u00f3n ordinaria, diputadas y diputados integrantes de la LXVI Legislatura avalaron con 25 votos a favor, cero en contra y cero abstenciones la minuta con proyecto de decreto que reforma la Constituci\u00f3n Pol\u00edtica de los Estados Unidos Mexicanos, en materia de reducci\u00f3n de la jornada laboral, enviada por la C\u00e1mara de Diputados del","og_url":"https:\/\/elcardinal.com\/?p=5533","og_site_name":"El Cardinal","article_publisher":"https:\/\/www.facebook.com\/profile.php?id=100063093107011","article_published_time":"2026-02-26T02:20:15+00:00","og_image":[{"width":2290,"height":1800,"url":"https:\/\/elcardinal.com\/wp-content\/uploads\/2026\/02\/Sesion-25.02.2026-Ordinaria-124.jpg","type":"image\/jpeg"}],"author":"Antonio Alcaraz","twitter_card":"summary_large_image","twitter_creator":"@ElCardinal_Mx","twitter_site":"@ElCardinal_Mx","twitter_misc":{"Escrito por":"Antonio Alcaraz","Tiempo de lectura":"8 minutos"},"schema":{"@context":"https:\/\/schema.org","@graph":[{"@type":"Article","@id":"https:\/\/elcardinal.com\/?p=5533#article","isPartOf":{"@id":"https:\/\/elcardinal.com\/?p=5533"},"author":{"name":"Antonio Alcaraz","@id":"https:\/\/elcardinal.com\/#\/schema\/person\/3c352ec0a33987fe275c0e8a2ea69f8b"},"headline":"Legisladores aprueban minuta federal para reducir la jornada laboral en el pa\u00eds","datePublished":"2026-02-26T02:20:15+00:00","mainEntityOfPage":{"@id":"https:\/\/elcardinal.com\/?p=5533"},"wordCount":1804,"commentCount":0,"publisher":{"@id":"https:\/\/elcardinal.com\/#organization"},"image":{"@id":"https:\/\/elcardinal.com\/?p=5533#primaryimage"},"thumbnailUrl":"https:\/\/elcardinal.com\/wp-content\/uploads\/2026\/02\/Sesion-25.02.2026-Ordinaria-124.jpg","keywords":["Congreso de Hidalgo"],"articleSection":["Hidalgo","Minuto a Minuto","Pol\u00edtica"],"inLanguage":"es","potentialAction":[{"@type":"CommentAction","name":"Comment","target":["https:\/\/elcardinal.com\/?p=5533#respond"]}]},{"@type":"WebPage","@id":"https:\/\/elcardinal.com\/?p=5533","url":"https:\/\/elcardinal.com\/?p=5533","name":"Legisladores aprueban minuta federal para reducir la jornada laboral en el pa\u00eds - El Cardinal","isPartOf":{"@id":"https:\/\/elcardinal.com\/#website"},"primaryImageOfPage":{"@id":"https:\/\/elcardinal.com\/?p=5533#primaryimage"},"image":{"@id":"https:\/\/elcardinal.com\/?p=5533#primaryimage"},"thumbnailUrl":"https:\/\/elcardinal.com\/wp-content\/uploads\/2026\/02\/Sesion-25.02.2026-Ordinaria-124.jpg","datePublished":"2026-02-26T02:20:15+00:00","breadcrumb":{"@id":"https:\/\/elcardinal.com\/?p=5533#breadcrumb"},"inLanguage":"es","potentialAction":[{"@type":"ReadAction","target":["https:\/\/elcardinal.com\/?p=5533"]}]},{"@type":"ImageObject","inLanguage":"es","@id":"https:\/\/elcardinal.com\/?p=5533#primaryimage","url":"https:\/\/elcardinal.com\/wp-content\/uploads\/2026\/02\/Sesion-25.02.2026-Ordinaria-124.jpg","contentUrl":"https:\/\/elcardinal.com\/wp-content\/uploads\/2026\/02\/Sesion-25.02.2026-Ordinaria-124.jpg","width":2290,"height":1800},{"@type":"BreadcrumbList","@id":"https:\/\/elcardinal.com\/?p=5533#breadcrumb","itemListElement":[{"@type":"ListItem","position":1,"name":"Inicio","item":"https:\/\/elcardinal.com\/"},{"@type":"ListItem","position":2,"name":"Legisladores aprueban minuta federal para reducir la jornada laboral en el pa\u00eds"}]},{"@type":"WebSite","@id":"https:\/\/elcardinal.com\/#website","url":"https:\/\/elcardinal.com\/","name":"El Cardinal","description":"Periodismo honesto, con valor, sentido humano, a veces sarc\u00e1stico y divertido.","publisher":{"@id":"https:\/\/elcardinal.com\/#organization"},"alternateName":"El Cardinal Noticias","potentialAction":[{"@type":"SearchAction","target":{"@type":"EntryPoint","urlTemplate":"https:\/\/elcardinal.com\/?s={search_term_string}"},"query-input":{"@type":"PropertyValueSpecification","valueRequired":true,"valueName":"search_term_string"}}],"inLanguage":"es"},{"@type":"Organization","@id":"https:\/\/elcardinal.com\/#organization","name":"El Cardinal","url":"https:\/\/elcardinal.com\/","logo":{"@type":"ImageObject","inLanguage":"es","@id":"https:\/\/elcardinal.com\/#\/schema\/logo\/image\/","url":"https:\/\/elcardinal.com\/wp-content\/uploads\/2025\/04\/LOGO-EL-CARDINAL-Periodismo-con-valor.png","contentUrl":"https:\/\/elcardinal.com\/wp-content\/uploads\/2025\/04\/LOGO-EL-CARDINAL-Periodismo-con-valor.png","width":755,"height":636,"caption":"El Cardinal"},"image":{"@id":"https:\/\/elcardinal.com\/#\/schema\/logo\/image\/"},"sameAs":["https:\/\/www.facebook.com\/profile.php?id=100063093107011","https:\/\/x.com\/ElCardinal_Mx"]},{"@type":"Person","@id":"https:\/\/elcardinal.com\/#\/schema\/person\/3c352ec0a33987fe275c0e8a2ea69f8b","name":"Antonio Alcaraz","image":{"@type":"ImageObject","inLanguage":"es","@id":"https:\/\/elcardinal.com\/#\/schema\/person\/image\/","url":"https:\/\/elcardinal.com\/wp-content\/uploads\/2025\/05\/cropped-TONO-96x96.jpg","contentUrl":"https:\/\/elcardinal.com\/wp-content\/uploads\/2025\/05\/cropped-TONO-96x96.jpg","caption":"Antonio Alcaraz"},"url":"https:\/\/elcardinal.com\/?author=2"}]}},"_links":{"self":[{"href":"https:\/\/elcardinal.com\/index.php?rest_route=\/wp\/v2\/posts\/5533","targetHints":{"allow":["GET"]}}],"collection":[{"href":"https:\/\/elcardinal.com\/index.php?rest_route=\/wp\/v2\/posts"}],"about":[{"href":"https:\/\/elcardinal.com\/index.php?rest_route=\/wp\/v2\/types\/post"}],"author":[{"embeddable":true,"href":"https:\/\/elcardinal.com\/index.php?rest_route=\/wp\/v2\/users\/2"}],"replies":[{"embeddable":true,"href":"https:\/\/elcardinal.com\/index.php?rest_route=%2Fwp%2Fv2%2Fcomments&post=5533"}],"version-history":[{"count":1,"href":"https:\/\/elcardinal.com\/index.php?rest_route=\/wp\/v2\/posts\/5533\/revisions"}],"predecessor-version":[{"id":5535,"href":"https:\/\/elcardinal.com\/index.php?rest_route=\/wp\/v2\/posts\/5533\/revisions\/5535"}],"wp:featuredmedia":[{"embeddable":true,"href":"https:\/\/elcardinal.com\/index.php?rest_route=\/wp\/v2\/media\/5534"}],"wp:attachment":[{"href":"https:\/\/elcardinal.com\/index.php?rest_route=%2Fwp%2Fv2%2Fmedia&parent=5533"}],"wp:term":[{"taxonomy":"category","embeddable":true,"href":"https:\/\/elcardinal.com\/index.php?rest_route=%2Fwp%2Fv2%2Fcategories&post=5533"},{"taxonomy":"post_tag","embeddable":true,"href":"https:\/\/elcardinal.com\/index.php?rest_route=%2Fwp%2Fv2%2Ftags&post=5533"}],"curies":[{"name":"wp","href":"https:\/\/api.w.org\/{rel}","templated":true}]}}