{"id":5536,"date":"2026-02-25T21:16:00","date_gmt":"2026-02-26T03:16:00","guid":{"rendered":"https:\/\/elcardinal.com\/?p=5536"},"modified":"2026-02-25T21:16:00","modified_gmt":"2026-02-26T03:16:00","slug":"acoso-sexual-en-espacios-y-transporte-publicos-debe-reconocerse-como-forma-de-violencia-tania-meza","status":"publish","type":"post","link":"https:\/\/elcardinal.com\/?p=5536","title":{"rendered":"Acoso sexual en espacios y transporte p\u00fablicos debe reconocerse como forma de violencia: Tania Meza"},"content":{"rendered":"<p>Redacci\u00f3n<\/p>\n<p>La diputada de Morena, Tania Meza Escorza, present\u00f3 ante el Congreso de Hidalgo una iniciativa que busca reconocer expresamente el acoso sexual en espacios y transporte p\u00fablicos como una forma de violencia contra mujeres, adolescentes y ni\u00f1as.<\/p>\n<p>La propuesta reforma y adiciona diversas disposiciones de la Ley de Acceso de las Mujeres a una Vida Libre de Violencia de Hidalgo para armonizarla con la legislaci\u00f3n federal y fortalecer la obligaci\u00f3n del Estado de garantizar espacios p\u00fablicos seguros.<\/p>\n<p>\u201cDurante muchos a\u00f1os se habl\u00f3 de la violencia como si fuera un asunto dom\u00e9stico, pero la realidad es que tambi\u00e9n est\u00e1 en las calles, en los parques, en las plazas y, de manera alarmante, en el transporte p\u00fablico\u201d, asegur\u00f3 en su intervenci\u00f3n.<\/p>\n<p>La legisladora record\u00f3 que millones de mujeres en el pa\u00eds han experimentado violencia en espacios p\u00fablicos y que esta situaci\u00f3n no solo genera miedo, sino que limita derechos fundamentales como la movilidad, la libertad y el libre desarrollo de la personalidad.<\/p>\n<p>\u201cCuando una mujer cambia su ruta, su horario o su forma de vestir por temor al acoso, estamos frente a una restricci\u00f3n real de sus derechos. Eso no es normal y no debe tolerarse\u201d, expres\u00f3 la morenista.<\/p>\n<p>La iniciativa incorpora en la ley el concepto de acoso sexual en espacios p\u00fablicos como una conducta f\u00edsica o verbal de connotaci\u00f3n sexual no consentida, ejercida sin que medie relaci\u00f3n con la v\u00edctima, y establece la obligaci\u00f3n de dise\u00f1ar pol\u00edticas p\u00fablicas espec\u00edficas para desarrollar espacios y transportes libres de violencia.<\/p>\n<p>Adem\u00e1s, fortalece la coordinaci\u00f3n entre la Secretar\u00eda de Seguridad P\u00fablica, la Secretar\u00eda de Movilidad y Transporte y las Instancias Municipales para el Desarrollo de las Mujeres, con el fin de garantizar acciones concretas de prevenci\u00f3n, atenci\u00f3n y erradicaci\u00f3n de esta modalidad de violencia.<\/p>\n<p>\u201cLegislar tambi\u00e9n es escuchar. Y hoy estamos escuchando las voces de miles de hidalguenses que exigen vivir sin miedo. Que nuestras calles sean espacios de libertad y no de amenaza. Que ninguna mujer tenga que normalizar el acoso como parte de su vida cotidiana\u201d, concluy\u00f3 Meza Escorza.<\/p>\n<p>Datos de la Encuesta Nacional sobre la Din\u00e1mica de las Relaciones en los Hogares de 2021, del Instituto\u00a0Nacional\u00a0de\u00a0Estad\u00edstica\u00a0y\u00a0Geograf\u00eda (Inegi), reportaron que 23.3 por ciento de las mujeres mayores de 15 a\u00f1os han sufrido violencia en el transporte p\u00fablico; mientras que el Informe de Seguridad Urbana 2023 de ONU Mujeres indic\u00f3 que 70% de las mexicanas han experimentado violencia en espacios p\u00fablicos, desde acoso callejero hasta agresiones f\u00edsicas.<\/p>\n","protected":false},"excerpt":{"rendered":"<p>Redacci\u00f3n La diputada de Morena, Tania Meza Escorza, present\u00f3 ante el Congreso de Hidalgo una iniciativa que busca reconocer expresamente el acoso sexual en espacios y transporte p\u00fablicos como una forma de violencia contra mujeres, adolescentes y ni\u00f1as. La propuesta reforma y adiciona diversas disposiciones de la Ley de Acceso de las Mujeres a una<\/p>\n","protected":false},"author":2,"featured_media":5537,"comment_status":"open","ping_status":"open","sticky":false,"template":"","format":"standard","meta":{"footnotes":""},"categories":[31,44,39],"tags":[62,222],"class_list":{"0":"post-5536","1":"post","2":"type-post","3":"status-publish","4":"format-standard","5":"has-post-thumbnail","7":"category-hidalgo","8":"category-minuto-a-minuto","9":"category-politica","10":"tag-congreso-de-hidalgo","11":"tag-tania-meza"},"yoast_head":"<!-- This site is optimized with the Yoast SEO plugin v26.1.1 - https:\/\/yoast.com\/wordpress\/plugins\/seo\/ -->\n<title>Acoso sexual en espacios y transporte p\u00fablicos debe reconocerse como forma de violencia: Tania Meza - El Cardinal<\/title>\n<meta name=\"robots\" content=\"index, follow, max-snippet:-1, max-image-preview:large, max-video-preview:-1\" \/>\n<link rel=\"canonical\" href=\"https:\/\/elcardinal.com\/?p=5536\" \/>\n<meta property=\"og:locale\" content=\"es_MX\" \/>\n<meta property=\"og:type\" content=\"article\" \/>\n<meta property=\"og:title\" content=\"Acoso sexual en espacios y transporte p\u00fablicos debe reconocerse como forma de violencia: Tania Meza - El Cardinal\" \/>\n<meta property=\"og:description\" content=\"Redacci\u00f3n La diputada de Morena, Tania Meza Escorza, present\u00f3 ante el Congreso de Hidalgo una iniciativa que busca reconocer expresamente el acoso sexual en espacios y transporte p\u00fablicos como una forma de violencia contra mujeres, adolescentes y ni\u00f1as. La propuesta reforma y adiciona diversas disposiciones de la Ley de Acceso de las Mujeres a una\" \/>\n<meta property=\"og:url\" content=\"https:\/\/elcardinal.com\/?p=5536\" \/>\n<meta property=\"og:site_name\" content=\"El Cardinal\" \/>\n<meta property=\"article:publisher\" content=\"https:\/\/www.facebook.com\/profile.php?id=100063093107011\" \/>\n<meta property=\"article:published_time\" content=\"2026-02-26T03:16:00+00:00\" \/>\n<meta property=\"og:image\" content=\"https:\/\/elcardinal.com\/wp-content\/uploads\/2026\/02\/WhatsApp-Image-2026-02-25-at-2.31.04-PM-scaled.jpeg\" \/>\n\t<meta property=\"og:image:width\" content=\"2560\" \/>\n\t<meta property=\"og:image:height\" content=\"1707\" \/>\n\t<meta property=\"og:image:type\" content=\"image\/jpeg\" \/>\n<meta name=\"author\" content=\"Antonio Alcaraz\" \/>\n<meta name=\"twitter:card\" content=\"summary_large_image\" \/>\n<meta name=\"twitter:creator\" content=\"@ElCardinal_Mx\" \/>\n<meta name=\"twitter:site\" content=\"@ElCardinal_Mx\" \/>\n<meta name=\"twitter:label1\" content=\"Escrito por\" \/>\n\t<meta name=\"twitter:data1\" content=\"Antonio Alcaraz\" \/>\n\t<meta name=\"twitter:label2\" content=\"Tiempo de lectura\" \/>\n\t<meta name=\"twitter:data2\" content=\"3 minutos\" \/>\n<script type=\"application\/ld+json\" class=\"yoast-schema-graph\">{\"@context\":\"https:\/\/schema.org\",\"@graph\":[{\"@type\":\"Article\",\"@id\":\"https:\/\/elcardinal.com\/?p=5536#article\",\"isPartOf\":{\"@id\":\"https:\/\/elcardinal.com\/?p=5536\"},\"author\":{\"name\":\"Antonio Alcaraz\",\"@id\":\"https:\/\/elcardinal.com\/#\/schema\/person\/3c352ec0a33987fe275c0e8a2ea69f8b\"},\"headline\":\"Acoso sexual en espacios y transporte p\u00fablicos debe reconocerse como forma de violencia: Tania Meza\",\"datePublished\":\"2026-02-26T03:16:00+00:00\",\"mainEntityOfPage\":{\"@id\":\"https:\/\/elcardinal.com\/?p=5536\"},\"wordCount\":462,\"commentCount\":0,\"publisher\":{\"@id\":\"https:\/\/elcardinal.com\/#organization\"},\"image\":{\"@id\":\"https:\/\/elcardinal.com\/?p=5536#primaryimage\"},\"thumbnailUrl\":\"https:\/\/elcardinal.com\/wp-content\/uploads\/2026\/02\/WhatsApp-Image-2026-02-25-at-2.31.04-PM-scaled.jpeg\",\"keywords\":[\"Congreso de Hidalgo\",\"Tania Meza\"],\"articleSection\":[\"Hidalgo\",\"Minuto a Minuto\",\"Pol\u00edtica\"],\"inLanguage\":\"es\",\"potentialAction\":[{\"@type\":\"CommentAction\",\"name\":\"Comment\",\"target\":[\"https:\/\/elcardinal.com\/?p=5536#respond\"]}]},{\"@type\":\"WebPage\",\"@id\":\"https:\/\/elcardinal.com\/?p=5536\",\"url\":\"https:\/\/elcardinal.com\/?p=5536\",\"name\":\"Acoso sexual en espacios y transporte p\u00fablicos debe reconocerse como forma de violencia: Tania Meza - El Cardinal\",\"isPartOf\":{\"@id\":\"https:\/\/elcardinal.com\/#website\"},\"primaryImageOfPage\":{\"@id\":\"https:\/\/elcardinal.com\/?p=5536#primaryimage\"},\"image\":{\"@id\":\"https:\/\/elcardinal.com\/?p=5536#primaryimage\"},\"thumbnailUrl\":\"https:\/\/elcardinal.com\/wp-content\/uploads\/2026\/02\/WhatsApp-Image-2026-02-25-at-2.31.04-PM-scaled.jpeg\",\"datePublished\":\"2026-02-26T03:16:00+00:00\",\"breadcrumb\":{\"@id\":\"https:\/\/elcardinal.com\/?p=5536#breadcrumb\"},\"inLanguage\":\"es\",\"potentialAction\":[{\"@type\":\"ReadAction\",\"target\":[\"https:\/\/elcardinal.com\/?p=5536\"]}]},{\"@type\":\"ImageObject\",\"inLanguage\":\"es\",\"@id\":\"https:\/\/elcardinal.com\/?p=5536#primaryimage\",\"url\":\"https:\/\/elcardinal.com\/wp-content\/uploads\/2026\/02\/WhatsApp-Image-2026-02-25-at-2.31.04-PM-scaled.jpeg\",\"contentUrl\":\"https:\/\/elcardinal.com\/wp-content\/uploads\/2026\/02\/WhatsApp-Image-2026-02-25-at-2.31.04-PM-scaled.jpeg\",\"width\":2560,\"height\":1707},{\"@type\":\"BreadcrumbList\",\"@id\":\"https:\/\/elcardinal.com\/?p=5536#breadcrumb\",\"itemListElement\":[{\"@type\":\"ListItem\",\"position\":1,\"name\":\"Inicio\",\"item\":\"https:\/\/elcardinal.com\/\"},{\"@type\":\"ListItem\",\"position\":2,\"name\":\"Acoso sexual en espacios y transporte p\u00fablicos debe reconocerse como forma de violencia: Tania Meza\"}]},{\"@type\":\"WebSite\",\"@id\":\"https:\/\/elcardinal.com\/#website\",\"url\":\"https:\/\/elcardinal.com\/\",\"name\":\"El Cardinal\",\"description\":\"Periodismo honesto, con valor, sentido humano, a veces sarc\u00e1stico y divertido.\",\"publisher\":{\"@id\":\"https:\/\/elcardinal.com\/#organization\"},\"alternateName\":\"El Cardinal Noticias\",\"potentialAction\":[{\"@type\":\"SearchAction\",\"target\":{\"@type\":\"EntryPoint\",\"urlTemplate\":\"https:\/\/elcardinal.com\/?s={search_term_string}\"},\"query-input\":{\"@type\":\"PropertyValueSpecification\",\"valueRequired\":true,\"valueName\":\"search_term_string\"}}],\"inLanguage\":\"es\"},{\"@type\":\"Organization\",\"@id\":\"https:\/\/elcardinal.com\/#organization\",\"name\":\"El Cardinal\",\"url\":\"https:\/\/elcardinal.com\/\",\"logo\":{\"@type\":\"ImageObject\",\"inLanguage\":\"es\",\"@id\":\"https:\/\/elcardinal.com\/#\/schema\/logo\/image\/\",\"url\":\"https:\/\/elcardinal.com\/wp-content\/uploads\/2025\/04\/LOGO-EL-CARDINAL-Periodismo-con-valor.png\",\"contentUrl\":\"https:\/\/elcardinal.com\/wp-content\/uploads\/2025\/04\/LOGO-EL-CARDINAL-Periodismo-con-valor.png\",\"width\":755,\"height\":636,\"caption\":\"El Cardinal\"},\"image\":{\"@id\":\"https:\/\/elcardinal.com\/#\/schema\/logo\/image\/\"},\"sameAs\":[\"https:\/\/www.facebook.com\/profile.php?id=100063093107011\",\"https:\/\/x.com\/ElCardinal_Mx\"]},{\"@type\":\"Person\",\"@id\":\"https:\/\/elcardinal.com\/#\/schema\/person\/3c352ec0a33987fe275c0e8a2ea69f8b\",\"name\":\"Antonio Alcaraz\",\"image\":{\"@type\":\"ImageObject\",\"inLanguage\":\"es\",\"@id\":\"https:\/\/elcardinal.com\/#\/schema\/person\/image\/\",\"url\":\"https:\/\/elcardinal.com\/wp-content\/uploads\/2025\/05\/cropped-TONO-96x96.jpg\",\"contentUrl\":\"https:\/\/elcardinal.com\/wp-content\/uploads\/2025\/05\/cropped-TONO-96x96.jpg\",\"caption\":\"Antonio Alcaraz\"},\"url\":\"https:\/\/elcardinal.com\/?author=2\"}]}<\/script>\n<!-- \/ Yoast SEO plugin. -->","yoast_head_json":{"title":"Acoso sexual en espacios y transporte p\u00fablicos debe reconocerse como forma de violencia: Tania Meza - El Cardinal","robots":{"index":"index","follow":"follow","max-snippet":"max-snippet:-1","max-image-preview":"max-image-preview:large","max-video-preview":"max-video-preview:-1"},"canonical":"https:\/\/elcardinal.com\/?p=5536","og_locale":"es_MX","og_type":"article","og_title":"Acoso sexual en espacios y transporte p\u00fablicos debe reconocerse como forma de violencia: Tania Meza - El Cardinal","og_description":"Redacci\u00f3n La diputada de Morena, Tania Meza Escorza, present\u00f3 ante el Congreso de Hidalgo una iniciativa que busca reconocer expresamente el acoso sexual en espacios y transporte p\u00fablicos como una forma de violencia contra mujeres, adolescentes y ni\u00f1as. La propuesta reforma y adiciona diversas disposiciones de la Ley de Acceso de las Mujeres a una","og_url":"https:\/\/elcardinal.com\/?p=5536","og_site_name":"El Cardinal","article_publisher":"https:\/\/www.facebook.com\/profile.php?id=100063093107011","article_published_time":"2026-02-26T03:16:00+00:00","og_image":[{"width":2560,"height":1707,"url":"https:\/\/elcardinal.com\/wp-content\/uploads\/2026\/02\/WhatsApp-Image-2026-02-25-at-2.31.04-PM-scaled.jpeg","type":"image\/jpeg"}],"author":"Antonio Alcaraz","twitter_card":"summary_large_image","twitter_creator":"@ElCardinal_Mx","twitter_site":"@ElCardinal_Mx","twitter_misc":{"Escrito por":"Antonio Alcaraz","Tiempo de lectura":"3 minutos"},"schema":{"@context":"https:\/\/schema.org","@graph":[{"@type":"Article","@id":"https:\/\/elcardinal.com\/?p=5536#article","isPartOf":{"@id":"https:\/\/elcardinal.com\/?p=5536"},"author":{"name":"Antonio Alcaraz","@id":"https:\/\/elcardinal.com\/#\/schema\/person\/3c352ec0a33987fe275c0e8a2ea69f8b"},"headline":"Acoso sexual en espacios y transporte p\u00fablicos debe reconocerse como forma de violencia: Tania Meza","datePublished":"2026-02-26T03:16:00+00:00","mainEntityOfPage":{"@id":"https:\/\/elcardinal.com\/?p=5536"},"wordCount":462,"commentCount":0,"publisher":{"@id":"https:\/\/elcardinal.com\/#organization"},"image":{"@id":"https:\/\/elcardinal.com\/?p=5536#primaryimage"},"thumbnailUrl":"https:\/\/elcardinal.com\/wp-content\/uploads\/2026\/02\/WhatsApp-Image-2026-02-25-at-2.31.04-PM-scaled.jpeg","keywords":["Congreso de Hidalgo","Tania Meza"],"articleSection":["Hidalgo","Minuto a Minuto","Pol\u00edtica"],"inLanguage":"es","potentialAction":[{"@type":"CommentAction","name":"Comment","target":["https:\/\/elcardinal.com\/?p=5536#respond"]}]},{"@type":"WebPage","@id":"https:\/\/elcardinal.com\/?p=5536","url":"https:\/\/elcardinal.com\/?p=5536","name":"Acoso sexual en espacios y transporte p\u00fablicos debe reconocerse como forma de violencia: Tania Meza - El Cardinal","isPartOf":{"@id":"https:\/\/elcardinal.com\/#website"},"primaryImageOfPage":{"@id":"https:\/\/elcardinal.com\/?p=5536#primaryimage"},"image":{"@id":"https:\/\/elcardinal.com\/?p=5536#primaryimage"},"thumbnailUrl":"https:\/\/elcardinal.com\/wp-content\/uploads\/2026\/02\/WhatsApp-Image-2026-02-25-at-2.31.04-PM-scaled.jpeg","datePublished":"2026-02-26T03:16:00+00:00","breadcrumb":{"@id":"https:\/\/elcardinal.com\/?p=5536#breadcrumb"},"inLanguage":"es","potentialAction":[{"@type":"ReadAction","target":["https:\/\/elcardinal.com\/?p=5536"]}]},{"@type":"ImageObject","inLanguage":"es","@id":"https:\/\/elcardinal.com\/?p=5536#primaryimage","url":"https:\/\/elcardinal.com\/wp-content\/uploads\/2026\/02\/WhatsApp-Image-2026-02-25-at-2.31.04-PM-scaled.jpeg","contentUrl":"https:\/\/elcardinal.com\/wp-content\/uploads\/2026\/02\/WhatsApp-Image-2026-02-25-at-2.31.04-PM-scaled.jpeg","width":2560,"height":1707},{"@type":"BreadcrumbList","@id":"https:\/\/elcardinal.com\/?p=5536#breadcrumb","itemListElement":[{"@type":"ListItem","position":1,"name":"Inicio","item":"https:\/\/elcardinal.com\/"},{"@type":"ListItem","position":2,"name":"Acoso sexual en espacios y transporte p\u00fablicos debe reconocerse como forma de violencia: Tania Meza"}]},{"@type":"WebSite","@id":"https:\/\/elcardinal.com\/#website","url":"https:\/\/elcardinal.com\/","name":"El Cardinal","description":"Periodismo honesto, con valor, sentido humano, a veces sarc\u00e1stico y divertido.","publisher":{"@id":"https:\/\/elcardinal.com\/#organization"},"alternateName":"El Cardinal Noticias","potentialAction":[{"@type":"SearchAction","target":{"@type":"EntryPoint","urlTemplate":"https:\/\/elcardinal.com\/?s={search_term_string}"},"query-input":{"@type":"PropertyValueSpecification","valueRequired":true,"valueName":"search_term_string"}}],"inLanguage":"es"},{"@type":"Organization","@id":"https:\/\/elcardinal.com\/#organization","name":"El Cardinal","url":"https:\/\/elcardinal.com\/","logo":{"@type":"ImageObject","inLanguage":"es","@id":"https:\/\/elcardinal.com\/#\/schema\/logo\/image\/","url":"https:\/\/elcardinal.com\/wp-content\/uploads\/2025\/04\/LOGO-EL-CARDINAL-Periodismo-con-valor.png","contentUrl":"https:\/\/elcardinal.com\/wp-content\/uploads\/2025\/04\/LOGO-EL-CARDINAL-Periodismo-con-valor.png","width":755,"height":636,"caption":"El Cardinal"},"image":{"@id":"https:\/\/elcardinal.com\/#\/schema\/logo\/image\/"},"sameAs":["https:\/\/www.facebook.com\/profile.php?id=100063093107011","https:\/\/x.com\/ElCardinal_Mx"]},{"@type":"Person","@id":"https:\/\/elcardinal.com\/#\/schema\/person\/3c352ec0a33987fe275c0e8a2ea69f8b","name":"Antonio Alcaraz","image":{"@type":"ImageObject","inLanguage":"es","@id":"https:\/\/elcardinal.com\/#\/schema\/person\/image\/","url":"https:\/\/elcardinal.com\/wp-content\/uploads\/2025\/05\/cropped-TONO-96x96.jpg","contentUrl":"https:\/\/elcardinal.com\/wp-content\/uploads\/2025\/05\/cropped-TONO-96x96.jpg","caption":"Antonio Alcaraz"},"url":"https:\/\/elcardinal.com\/?author=2"}]}},"_links":{"self":[{"href":"https:\/\/elcardinal.com\/index.php?rest_route=\/wp\/v2\/posts\/5536","targetHints":{"allow":["GET"]}}],"collection":[{"href":"https:\/\/elcardinal.com\/index.php?rest_route=\/wp\/v2\/posts"}],"about":[{"href":"https:\/\/elcardinal.com\/index.php?rest_route=\/wp\/v2\/types\/post"}],"author":[{"embeddable":true,"href":"https:\/\/elcardinal.com\/index.php?rest_route=\/wp\/v2\/users\/2"}],"replies":[{"embeddable":true,"href":"https:\/\/elcardinal.com\/index.php?rest_route=%2Fwp%2Fv2%2Fcomments&post=5536"}],"version-history":[{"count":1,"href":"https:\/\/elcardinal.com\/index.php?rest_route=\/wp\/v2\/posts\/5536\/revisions"}],"predecessor-version":[{"id":5538,"href":"https:\/\/elcardinal.com\/index.php?rest_route=\/wp\/v2\/posts\/5536\/revisions\/5538"}],"wp:featuredmedia":[{"embeddable":true,"href":"https:\/\/elcardinal.com\/index.php?rest_route=\/wp\/v2\/media\/5537"}],"wp:attachment":[{"href":"https:\/\/elcardinal.com\/index.php?rest_route=%2Fwp%2Fv2%2Fmedia&parent=5536"}],"wp:term":[{"taxonomy":"category","embeddable":true,"href":"https:\/\/elcardinal.com\/index.php?rest_route=%2Fwp%2Fv2%2Fcategories&post=5536"},{"taxonomy":"post_tag","embeddable":true,"href":"https:\/\/elcardinal.com\/index.php?rest_route=%2Fwp%2Fv2%2Ftags&post=5536"}],"curies":[{"name":"wp","href":"https:\/\/api.w.org\/{rel}","templated":true}]}}