{"id":5542,"date":"2026-02-26T19:07:24","date_gmt":"2026-02-27T01:07:24","guid":{"rendered":"https:\/\/elcardinal.com\/?p=5542"},"modified":"2026-02-26T19:07:24","modified_gmt":"2026-02-27T01:07:24","slug":"congreso-de-hidalgo-impulsa-agenda-solida-para-la-ninez-y-la-adolescencia-con-foro-de-politica-publica","status":"publish","type":"post","link":"https:\/\/elcardinal.com\/?p=5542","title":{"rendered":"Congreso de Hidalgo impulsa agenda s\u00f3lida para la ni\u00f1ez y la adolescencia con foro de pol\u00edtica p\u00fablica"},"content":{"rendered":"<p>Redacci\u00f3n<\/p>\n<p>El <strong>Congreso del Estado de Hidalgo<\/strong> alberg\u00f3 el primer Foro Estatal para el Fortalecimiento de la Pol\u00edtica P\u00fablica de Ni\u00f1as, Ni\u00f1os y Adolescentes en Hidalgo, con la finalidad de dialogar, reflexionar y dar rumbo a una agenda local s\u00f3lida.<\/p>\n<blockquote><p>La diputada <strong>Karla Perales Arrieta<\/strong>, presidenta de la primera Comisi\u00f3n de la Ni\u00f1ez, la Juventud, el Deporte y la Familia, sostuvo que m\u00e1s all\u00e1 de anticipar y asumir responsabilidades para dar respuesta a la realidad cotidiana que vive la ni\u00f1ez en el estado, es importante asumir una pol\u00edtica con seriedad y convicci\u00f3n institucional.<\/p><\/blockquote>\n<p>Por su parte, la presidenta de la directiva de febrero del Congreso del Estado, diputada Cynthia Citlali Delgado Mendoza reconoci\u00f3 el trabajo de su compa\u00f1era Karla Perales, a favor de la ni\u00f1ez hidalguense, al llevar pol\u00edticas p\u00fablicas para su protecci\u00f3n y un mejor desarrollo.<\/p>\n<p>Mar\u00eda Guadalupe Alvarado Garc\u00eda, secretaria ejecutiva del Sistema de Protecci\u00f3n de Ni\u00f1as, Ni\u00f1os y Adolescentes y la Familia del Estado de Hidalgo (Sipinna), se\u00f1al\u00f3 la importancia de construir puentes y pol\u00edticas que garanticen acceso a educaci\u00f3n de calidad, servicios de salud oportunos, entornos libres de violencia, espacios seguros, protecci\u00f3n contra el trabajo infantil, prevenci\u00f3n del abuso y mecanismos reales de participaci\u00f3n.<\/p>\n<p>Uno de los ponentes del foro, Rafael Castel\u00e1n Mart\u00ednez, presidente directivo de la Red por los Derechos de la Infancia en M\u00e9xico (Redim), expuso que entre las principales preocupaciones de las ni\u00f1as, ni\u00f1os y adolescentes en Hidalgo se encuentran la violencia escolar y los riesgos en redes sociales, por lo que subray\u00f3 la necesidad de garantizar entornos seguros en todos los espacios donde se desarrollan.<\/p>\n<p>En el evento tambi\u00e9n estuvieron presentes las diputadas Johana Montcerrat Hern\u00e1ndez P\u00e9rez, Orqu\u00eddea Larragoiti Osorio y el diputado Carlos Alejandro Alc\u00e1ntara Carbajal; as\u00ed como personal del Congreso.<\/p>\n","protected":false},"excerpt":{"rendered":"<p>Redacci\u00f3n El Congreso del Estado de Hidalgo alberg\u00f3 el primer Foro Estatal para el Fortalecimiento de la Pol\u00edtica P\u00fablica de Ni\u00f1as, Ni\u00f1os y Adolescentes en Hidalgo, con la finalidad de dialogar, reflexionar y dar rumbo a una agenda local s\u00f3lida. La diputada Karla Perales Arrieta, presidenta de la primera Comisi\u00f3n de la Ni\u00f1ez, la Juventud,<\/p>\n","protected":false},"author":2,"featured_media":5543,"comment_status":"open","ping_status":"open","sticky":false,"template":"","format":"standard","meta":{"footnotes":""},"categories":[31,44,39],"tags":[62],"class_list":{"0":"post-5542","1":"post","2":"type-post","3":"status-publish","4":"format-standard","5":"has-post-thumbnail","7":"category-hidalgo","8":"category-minuto-a-minuto","9":"category-politica","10":"tag-congreso-de-hidalgo"},"yoast_head":"<!-- This site is optimized with the Yoast SEO plugin v26.1.1 - https:\/\/yoast.com\/wordpress\/plugins\/seo\/ -->\n<title>Congreso de Hidalgo impulsa agenda s\u00f3lida para la ni\u00f1ez y la adolescencia con foro de pol\u00edtica p\u00fablica - El Cardinal<\/title>\n<meta name=\"robots\" content=\"index, follow, max-snippet:-1, max-image-preview:large, max-video-preview:-1\" \/>\n<link rel=\"canonical\" href=\"https:\/\/elcardinal.com\/?p=5542\" \/>\n<meta property=\"og:locale\" content=\"es_MX\" \/>\n<meta property=\"og:type\" content=\"article\" \/>\n<meta property=\"og:title\" content=\"Congreso de Hidalgo impulsa agenda s\u00f3lida para la ni\u00f1ez y la adolescencia con foro de pol\u00edtica p\u00fablica - El Cardinal\" \/>\n<meta property=\"og:description\" content=\"Redacci\u00f3n El Congreso del Estado de Hidalgo alberg\u00f3 el primer Foro Estatal para el Fortalecimiento de la Pol\u00edtica P\u00fablica de Ni\u00f1as, Ni\u00f1os y Adolescentes en Hidalgo, con la finalidad de dialogar, reflexionar y dar rumbo a una agenda local s\u00f3lida. La diputada Karla Perales Arrieta, presidenta de la primera Comisi\u00f3n de la Ni\u00f1ez, la Juventud,\" \/>\n<meta property=\"og:url\" content=\"https:\/\/elcardinal.com\/?p=5542\" \/>\n<meta property=\"og:site_name\" content=\"El Cardinal\" \/>\n<meta property=\"article:publisher\" content=\"https:\/\/www.facebook.com\/profile.php?id=100063093107011\" \/>\n<meta property=\"article:published_time\" content=\"2026-02-27T01:07:24+00:00\" \/>\n<meta property=\"og:image\" content=\"https:\/\/elcardinal.com\/wp-content\/uploads\/2026\/02\/26.02.2026-Foro-Fortalecimiento-de-la-Politica-Publica-11.jpg\" \/>\n\t<meta property=\"og:image:width\" content=\"2400\" \/>\n\t<meta property=\"og:image:height\" content=\"1600\" \/>\n\t<meta property=\"og:image:type\" content=\"image\/jpeg\" \/>\n<meta name=\"author\" content=\"Antonio Alcaraz\" \/>\n<meta name=\"twitter:card\" content=\"summary_large_image\" \/>\n<meta name=\"twitter:creator\" content=\"@ElCardinal_Mx\" \/>\n<meta name=\"twitter:site\" content=\"@ElCardinal_Mx\" \/>\n<meta name=\"twitter:label1\" content=\"Escrito por\" \/>\n\t<meta name=\"twitter:data1\" content=\"Antonio Alcaraz\" \/>\n\t<meta name=\"twitter:label2\" content=\"Tiempo de lectura\" \/>\n\t<meta name=\"twitter:data2\" content=\"2 minutos\" \/>\n<script type=\"application\/ld+json\" class=\"yoast-schema-graph\">{\"@context\":\"https:\/\/schema.org\",\"@graph\":[{\"@type\":\"Article\",\"@id\":\"https:\/\/elcardinal.com\/?p=5542#article\",\"isPartOf\":{\"@id\":\"https:\/\/elcardinal.com\/?p=5542\"},\"author\":{\"name\":\"Antonio Alcaraz\",\"@id\":\"https:\/\/elcardinal.com\/#\/schema\/person\/3c352ec0a33987fe275c0e8a2ea69f8b\"},\"headline\":\"Congreso de Hidalgo impulsa agenda s\u00f3lida para la ni\u00f1ez y la adolescencia con foro de pol\u00edtica p\u00fablica\",\"datePublished\":\"2026-02-27T01:07:24+00:00\",\"mainEntityOfPage\":{\"@id\":\"https:\/\/elcardinal.com\/?p=5542\"},\"wordCount\":349,\"commentCount\":0,\"publisher\":{\"@id\":\"https:\/\/elcardinal.com\/#organization\"},\"image\":{\"@id\":\"https:\/\/elcardinal.com\/?p=5542#primaryimage\"},\"thumbnailUrl\":\"https:\/\/elcardinal.com\/wp-content\/uploads\/2026\/02\/26.02.2026-Foro-Fortalecimiento-de-la-Politica-Publica-11.jpg\",\"keywords\":[\"Congreso de Hidalgo\"],\"articleSection\":[\"Hidalgo\",\"Minuto a Minuto\",\"Pol\u00edtica\"],\"inLanguage\":\"es\",\"potentialAction\":[{\"@type\":\"CommentAction\",\"name\":\"Comment\",\"target\":[\"https:\/\/elcardinal.com\/?p=5542#respond\"]}]},{\"@type\":\"WebPage\",\"@id\":\"https:\/\/elcardinal.com\/?p=5542\",\"url\":\"https:\/\/elcardinal.com\/?p=5542\",\"name\":\"Congreso de Hidalgo impulsa agenda s\u00f3lida para la ni\u00f1ez y la adolescencia con foro de pol\u00edtica p\u00fablica - El Cardinal\",\"isPartOf\":{\"@id\":\"https:\/\/elcardinal.com\/#website\"},\"primaryImageOfPage\":{\"@id\":\"https:\/\/elcardinal.com\/?p=5542#primaryimage\"},\"image\":{\"@id\":\"https:\/\/elcardinal.com\/?p=5542#primaryimage\"},\"thumbnailUrl\":\"https:\/\/elcardinal.com\/wp-content\/uploads\/2026\/02\/26.02.2026-Foro-Fortalecimiento-de-la-Politica-Publica-11.jpg\",\"datePublished\":\"2026-02-27T01:07:24+00:00\",\"breadcrumb\":{\"@id\":\"https:\/\/elcardinal.com\/?p=5542#breadcrumb\"},\"inLanguage\":\"es\",\"potentialAction\":[{\"@type\":\"ReadAction\",\"target\":[\"https:\/\/elcardinal.com\/?p=5542\"]}]},{\"@type\":\"ImageObject\",\"inLanguage\":\"es\",\"@id\":\"https:\/\/elcardinal.com\/?p=5542#primaryimage\",\"url\":\"https:\/\/elcardinal.com\/wp-content\/uploads\/2026\/02\/26.02.2026-Foro-Fortalecimiento-de-la-Politica-Publica-11.jpg\",\"contentUrl\":\"https:\/\/elcardinal.com\/wp-content\/uploads\/2026\/02\/26.02.2026-Foro-Fortalecimiento-de-la-Politica-Publica-11.jpg\",\"width\":2400,\"height\":1600},{\"@type\":\"BreadcrumbList\",\"@id\":\"https:\/\/elcardinal.com\/?p=5542#breadcrumb\",\"itemListElement\":[{\"@type\":\"ListItem\",\"position\":1,\"name\":\"Inicio\",\"item\":\"https:\/\/elcardinal.com\/\"},{\"@type\":\"ListItem\",\"position\":2,\"name\":\"Congreso de Hidalgo impulsa agenda s\u00f3lida para la ni\u00f1ez y la adolescencia con foro de pol\u00edtica p\u00fablica\"}]},{\"@type\":\"WebSite\",\"@id\":\"https:\/\/elcardinal.com\/#website\",\"url\":\"https:\/\/elcardinal.com\/\",\"name\":\"El Cardinal\",\"description\":\"Periodismo honesto, con valor, sentido humano, a veces sarc\u00e1stico y divertido.\",\"publisher\":{\"@id\":\"https:\/\/elcardinal.com\/#organization\"},\"alternateName\":\"El Cardinal Noticias\",\"potentialAction\":[{\"@type\":\"SearchAction\",\"target\":{\"@type\":\"EntryPoint\",\"urlTemplate\":\"https:\/\/elcardinal.com\/?s={search_term_string}\"},\"query-input\":{\"@type\":\"PropertyValueSpecification\",\"valueRequired\":true,\"valueName\":\"search_term_string\"}}],\"inLanguage\":\"es\"},{\"@type\":\"Organization\",\"@id\":\"https:\/\/elcardinal.com\/#organization\",\"name\":\"El Cardinal\",\"url\":\"https:\/\/elcardinal.com\/\",\"logo\":{\"@type\":\"ImageObject\",\"inLanguage\":\"es\",\"@id\":\"https:\/\/elcardinal.com\/#\/schema\/logo\/image\/\",\"url\":\"https:\/\/elcardinal.com\/wp-content\/uploads\/2025\/04\/LOGO-EL-CARDINAL-Periodismo-con-valor.png\",\"contentUrl\":\"https:\/\/elcardinal.com\/wp-content\/uploads\/2025\/04\/LOGO-EL-CARDINAL-Periodismo-con-valor.png\",\"width\":755,\"height\":636,\"caption\":\"El Cardinal\"},\"image\":{\"@id\":\"https:\/\/elcardinal.com\/#\/schema\/logo\/image\/\"},\"sameAs\":[\"https:\/\/www.facebook.com\/profile.php?id=100063093107011\",\"https:\/\/x.com\/ElCardinal_Mx\"]},{\"@type\":\"Person\",\"@id\":\"https:\/\/elcardinal.com\/#\/schema\/person\/3c352ec0a33987fe275c0e8a2ea69f8b\",\"name\":\"Antonio Alcaraz\",\"image\":{\"@type\":\"ImageObject\",\"inLanguage\":\"es\",\"@id\":\"https:\/\/elcardinal.com\/#\/schema\/person\/image\/\",\"url\":\"https:\/\/elcardinal.com\/wp-content\/uploads\/2025\/05\/cropped-TONO-96x96.jpg\",\"contentUrl\":\"https:\/\/elcardinal.com\/wp-content\/uploads\/2025\/05\/cropped-TONO-96x96.jpg\",\"caption\":\"Antonio Alcaraz\"},\"url\":\"https:\/\/elcardinal.com\/?author=2\"}]}<\/script>\n<!-- \/ Yoast SEO plugin. -->","yoast_head_json":{"title":"Congreso de Hidalgo impulsa agenda s\u00f3lida para la ni\u00f1ez y la adolescencia con foro de pol\u00edtica p\u00fablica - El Cardinal","robots":{"index":"index","follow":"follow","max-snippet":"max-snippet:-1","max-image-preview":"max-image-preview:large","max-video-preview":"max-video-preview:-1"},"canonical":"https:\/\/elcardinal.com\/?p=5542","og_locale":"es_MX","og_type":"article","og_title":"Congreso de Hidalgo impulsa agenda s\u00f3lida para la ni\u00f1ez y la adolescencia con foro de pol\u00edtica p\u00fablica - El Cardinal","og_description":"Redacci\u00f3n El Congreso del Estado de Hidalgo alberg\u00f3 el primer Foro Estatal para el Fortalecimiento de la Pol\u00edtica P\u00fablica de Ni\u00f1as, Ni\u00f1os y Adolescentes en Hidalgo, con la finalidad de dialogar, reflexionar y dar rumbo a una agenda local s\u00f3lida. La diputada Karla Perales Arrieta, presidenta de la primera Comisi\u00f3n de la Ni\u00f1ez, la Juventud,","og_url":"https:\/\/elcardinal.com\/?p=5542","og_site_name":"El Cardinal","article_publisher":"https:\/\/www.facebook.com\/profile.php?id=100063093107011","article_published_time":"2026-02-27T01:07:24+00:00","og_image":[{"width":2400,"height":1600,"url":"https:\/\/elcardinal.com\/wp-content\/uploads\/2026\/02\/26.02.2026-Foro-Fortalecimiento-de-la-Politica-Publica-11.jpg","type":"image\/jpeg"}],"author":"Antonio Alcaraz","twitter_card":"summary_large_image","twitter_creator":"@ElCardinal_Mx","twitter_site":"@ElCardinal_Mx","twitter_misc":{"Escrito por":"Antonio Alcaraz","Tiempo de lectura":"2 minutos"},"schema":{"@context":"https:\/\/schema.org","@graph":[{"@type":"Article","@id":"https:\/\/elcardinal.com\/?p=5542#article","isPartOf":{"@id":"https:\/\/elcardinal.com\/?p=5542"},"author":{"name":"Antonio Alcaraz","@id":"https:\/\/elcardinal.com\/#\/schema\/person\/3c352ec0a33987fe275c0e8a2ea69f8b"},"headline":"Congreso de Hidalgo impulsa agenda s\u00f3lida para la ni\u00f1ez y la adolescencia con foro de pol\u00edtica p\u00fablica","datePublished":"2026-02-27T01:07:24+00:00","mainEntityOfPage":{"@id":"https:\/\/elcardinal.com\/?p=5542"},"wordCount":349,"commentCount":0,"publisher":{"@id":"https:\/\/elcardinal.com\/#organization"},"image":{"@id":"https:\/\/elcardinal.com\/?p=5542#primaryimage"},"thumbnailUrl":"https:\/\/elcardinal.com\/wp-content\/uploads\/2026\/02\/26.02.2026-Foro-Fortalecimiento-de-la-Politica-Publica-11.jpg","keywords":["Congreso de Hidalgo"],"articleSection":["Hidalgo","Minuto a Minuto","Pol\u00edtica"],"inLanguage":"es","potentialAction":[{"@type":"CommentAction","name":"Comment","target":["https:\/\/elcardinal.com\/?p=5542#respond"]}]},{"@type":"WebPage","@id":"https:\/\/elcardinal.com\/?p=5542","url":"https:\/\/elcardinal.com\/?p=5542","name":"Congreso de Hidalgo impulsa agenda s\u00f3lida para la ni\u00f1ez y la adolescencia con foro de pol\u00edtica p\u00fablica - El Cardinal","isPartOf":{"@id":"https:\/\/elcardinal.com\/#website"},"primaryImageOfPage":{"@id":"https:\/\/elcardinal.com\/?p=5542#primaryimage"},"image":{"@id":"https:\/\/elcardinal.com\/?p=5542#primaryimage"},"thumbnailUrl":"https:\/\/elcardinal.com\/wp-content\/uploads\/2026\/02\/26.02.2026-Foro-Fortalecimiento-de-la-Politica-Publica-11.jpg","datePublished":"2026-02-27T01:07:24+00:00","breadcrumb":{"@id":"https:\/\/elcardinal.com\/?p=5542#breadcrumb"},"inLanguage":"es","potentialAction":[{"@type":"ReadAction","target":["https:\/\/elcardinal.com\/?p=5542"]}]},{"@type":"ImageObject","inLanguage":"es","@id":"https:\/\/elcardinal.com\/?p=5542#primaryimage","url":"https:\/\/elcardinal.com\/wp-content\/uploads\/2026\/02\/26.02.2026-Foro-Fortalecimiento-de-la-Politica-Publica-11.jpg","contentUrl":"https:\/\/elcardinal.com\/wp-content\/uploads\/2026\/02\/26.02.2026-Foro-Fortalecimiento-de-la-Politica-Publica-11.jpg","width":2400,"height":1600},{"@type":"BreadcrumbList","@id":"https:\/\/elcardinal.com\/?p=5542#breadcrumb","itemListElement":[{"@type":"ListItem","position":1,"name":"Inicio","item":"https:\/\/elcardinal.com\/"},{"@type":"ListItem","position":2,"name":"Congreso de Hidalgo impulsa agenda s\u00f3lida para la ni\u00f1ez y la adolescencia con foro de pol\u00edtica p\u00fablica"}]},{"@type":"WebSite","@id":"https:\/\/elcardinal.com\/#website","url":"https:\/\/elcardinal.com\/","name":"El Cardinal","description":"Periodismo honesto, con valor, sentido humano, a veces sarc\u00e1stico y divertido.","publisher":{"@id":"https:\/\/elcardinal.com\/#organization"},"alternateName":"El Cardinal Noticias","potentialAction":[{"@type":"SearchAction","target":{"@type":"EntryPoint","urlTemplate":"https:\/\/elcardinal.com\/?s={search_term_string}"},"query-input":{"@type":"PropertyValueSpecification","valueRequired":true,"valueName":"search_term_string"}}],"inLanguage":"es"},{"@type":"Organization","@id":"https:\/\/elcardinal.com\/#organization","name":"El Cardinal","url":"https:\/\/elcardinal.com\/","logo":{"@type":"ImageObject","inLanguage":"es","@id":"https:\/\/elcardinal.com\/#\/schema\/logo\/image\/","url":"https:\/\/elcardinal.com\/wp-content\/uploads\/2025\/04\/LOGO-EL-CARDINAL-Periodismo-con-valor.png","contentUrl":"https:\/\/elcardinal.com\/wp-content\/uploads\/2025\/04\/LOGO-EL-CARDINAL-Periodismo-con-valor.png","width":755,"height":636,"caption":"El Cardinal"},"image":{"@id":"https:\/\/elcardinal.com\/#\/schema\/logo\/image\/"},"sameAs":["https:\/\/www.facebook.com\/profile.php?id=100063093107011","https:\/\/x.com\/ElCardinal_Mx"]},{"@type":"Person","@id":"https:\/\/elcardinal.com\/#\/schema\/person\/3c352ec0a33987fe275c0e8a2ea69f8b","name":"Antonio Alcaraz","image":{"@type":"ImageObject","inLanguage":"es","@id":"https:\/\/elcardinal.com\/#\/schema\/person\/image\/","url":"https:\/\/elcardinal.com\/wp-content\/uploads\/2025\/05\/cropped-TONO-96x96.jpg","contentUrl":"https:\/\/elcardinal.com\/wp-content\/uploads\/2025\/05\/cropped-TONO-96x96.jpg","caption":"Antonio Alcaraz"},"url":"https:\/\/elcardinal.com\/?author=2"}]}},"_links":{"self":[{"href":"https:\/\/elcardinal.com\/index.php?rest_route=\/wp\/v2\/posts\/5542","targetHints":{"allow":["GET"]}}],"collection":[{"href":"https:\/\/elcardinal.com\/index.php?rest_route=\/wp\/v2\/posts"}],"about":[{"href":"https:\/\/elcardinal.com\/index.php?rest_route=\/wp\/v2\/types\/post"}],"author":[{"embeddable":true,"href":"https:\/\/elcardinal.com\/index.php?rest_route=\/wp\/v2\/users\/2"}],"replies":[{"embeddable":true,"href":"https:\/\/elcardinal.com\/index.php?rest_route=%2Fwp%2Fv2%2Fcomments&post=5542"}],"version-history":[{"count":1,"href":"https:\/\/elcardinal.com\/index.php?rest_route=\/wp\/v2\/posts\/5542\/revisions"}],"predecessor-version":[{"id":5544,"href":"https:\/\/elcardinal.com\/index.php?rest_route=\/wp\/v2\/posts\/5542\/revisions\/5544"}],"wp:featuredmedia":[{"embeddable":true,"href":"https:\/\/elcardinal.com\/index.php?rest_route=\/wp\/v2\/media\/5543"}],"wp:attachment":[{"href":"https:\/\/elcardinal.com\/index.php?rest_route=%2Fwp%2Fv2%2Fmedia&parent=5542"}],"wp:term":[{"taxonomy":"category","embeddable":true,"href":"https:\/\/elcardinal.com\/index.php?rest_route=%2Fwp%2Fv2%2Fcategories&post=5542"},{"taxonomy":"post_tag","embeddable":true,"href":"https:\/\/elcardinal.com\/index.php?rest_route=%2Fwp%2Fv2%2Ftags&post=5542"}],"curies":[{"name":"wp","href":"https:\/\/api.w.org\/{rel}","templated":true}]}}