{"id":5545,"date":"2026-02-27T15:48:26","date_gmt":"2026-02-27T21:48:26","guid":{"rendered":"https:\/\/elcardinal.com\/?p=5545"},"modified":"2026-02-27T15:48:26","modified_gmt":"2026-02-27T21:48:26","slug":"san-agustin-tlaxiaca-afina-detalles-para-el-festival-del-pulque-2026-tradicion-identidad-y-acuerdos-claros","status":"publish","type":"post","link":"https:\/\/elcardinal.com\/?p=5545","title":{"rendered":"San Agust\u00edn Tlaxiaca afina detalles para el Festival del Pulque 2026: Tradici\u00f3n, identidad y acuerdos claros"},"content":{"rendered":"<p>Por:<strong> Jos\u00e9 Antonio Alcaraz Su\u00e1rez\u00a0<\/strong><\/p>\n<p>Este viernes, productores de pulque y autoridades municipales se reunieron en la Presidencia Municipal de <strong>San Agust\u00edn Tlaxiaca<\/strong> para consolidar los acuerdos rumbo al esperado <em><strong>Festival del Pulque 2026, que se celebrar\u00e1 el pr\u00f3ximo 29 de marzo en la Unidad Deportiva del municipio, <\/strong><\/em>y que es impulsado ampliamente por el presidente municipal <strong>David Medina Hern\u00e1ndez.<\/strong><\/p>\n<p>La mesa de trabajo, convocada por la Direcci\u00f3n de Turismo, tuvo como objetivo principal establecer lineamientos claros sobre organizaci\u00f3n, log\u00edstica, costos, espacios y reglas de comercializaci\u00f3n, privilegiando la transparencia y el trabajo en equipo.<\/p>\n<blockquote><p>Durante el encuentro, se destac\u00f3 que el festival no solo representa un evento tur\u00edstico, sino una celebraci\u00f3n de identidad, historia y orgullo comunitario. <strong>El pulque<\/strong>, conocido como \u201cla bebida de los dioses\u201d, fue reconocido como s\u00edmbolo ancestral y patrimonio gastron\u00f3mico que ha pasado de generaci\u00f3n en generaci\u00f3n gracias al esfuerzo de los tlachiqueros y productores locales.<\/p><\/blockquote>\n<p>El ingeniero <strong>Alexis Romero<\/strong> subray\u00f3 que el evento busca fortalecer la econom\u00eda municipal, generando una derrama directa para productores, artesanos y comerciantes. Adem\u00e1s, se proyecta una asistencia de entre 2 mil y hasta 12 mil personas, tomando como referencia ediciones anteriores y festivales regionales.<\/p>\n<p>En el escenario se presentar\u00e1n Banda Cielo de Oro, Empresa ACG, Grupo Hiel, talentos locales, y como estelares el <strong>Tr\u00edo Alborada Hidalguense<\/strong> y Los Camaleones, cartelera que refuerza la expectativa de una alta afluencia.<\/p>\n<p><strong>Acuerdos clave para productores:<\/strong><\/p>\n<p>Espacios asignados: 3 metros por 2 metros por productor.<\/p>\n<p>Designaci\u00f3n de lugares: 23 de marzo en la Unidad Deportiva.<\/p>\n<p>Instalaci\u00f3n: 28 de marzo despu\u00e9s de las 15:00 horas y hasta el 29 de marzo a las 9:00 horas (sin acceso a veh\u00edculos despu\u00e9s de ese horario).<\/p>\n<p><strong>Cuota de recuperaci\u00f3n:<\/strong><\/p>\n<p>Productores locales: $1,000 pesos.<\/p>\n<p>Productores for\u00e1neos: $2,000 pesos.<\/p>\n<p>Se acord\u00f3 tambi\u00e9n un precio unificado de venta:<\/p>\n<p>Pulque natural: $50 pesos el litro.<\/p>\n<p>Curados: $100 pesos el litro (con excepci\u00f3n de variedades especiales como pi\u00f1\u00f3n, cuyo costo puede variar por insumos).<\/p>\n<p>Para garantizar equidad, se estableci\u00f3 una promoci\u00f3n m\u00e1xima de 300 litros por productor y la prohibici\u00f3n de venta de bebidas alcoh\u00f3licas distintas al pulque. La prioridad ser\u00e1 para productores locales bajo un esquema 90-10, favoreciendo la participaci\u00f3n del municipio sin cerrar la puerta a invitados regionales.<\/p>\n<p>Autoridades reiteraron el compromiso de impulsar la reforestaci\u00f3n de maguey y fortalecer proyectos agr\u00edcolas que aseguren la preservaci\u00f3n de esta tradici\u00f3n ancestral.<\/p>\n<p>En la reuni\u00f3n tambi\u00e9n hubo voces que pidieron reforzar el cumplimiento de acuerdos, luego de que en ediciones anteriores no se respetaran l\u00edmites de venta. La Direcci\u00f3n de Reglamentos confirm\u00f3 que habr\u00e1 supervisi\u00f3n para garantizar piso parejo y sana convivencia.<\/p>\n<p>El Festival del Pulque 2026 busca consolidar a San Agust\u00edn Tlaxiaca como referente regional del turismo cultural y gastron\u00f3mico en Hidalgo, apostando por el consumo responsable, el respeto y el orgullo de una tradici\u00f3n que sigue viva.<\/p>\n<p>Porque aqu\u00ed, el pulque no solo se bebe\u2026 se honra.<\/p>\n","protected":false},"excerpt":{"rendered":"<p>Por: Jos\u00e9 Antonio Alcaraz Su\u00e1rez\u00a0 Este viernes, productores de pulque y autoridades municipales se reunieron en la Presidencia Municipal de San Agust\u00edn Tlaxiaca para consolidar los acuerdos rumbo al esperado Festival del Pulque 2026, que se celebrar\u00e1 el pr\u00f3ximo 29 de marzo en la Unidad Deportiva del municipio, y que es impulsado ampliamente por el<\/p>\n","protected":false},"author":2,"featured_media":5546,"comment_status":"open","ping_status":"open","sticky":false,"template":"","format":"standard","meta":{"footnotes":""},"categories":[31,32,44],"tags":[337,338],"class_list":{"0":"post-5545","1":"post","2":"type-post","3":"status-publish","4":"format-standard","5":"has-post-thumbnail","7":"category-hidalgo","8":"category-metropoli","9":"category-minuto-a-minuto","10":"tag-pulque","11":"tag-san-agustin-tlaxiaca"},"yoast_head":"<!-- This site is optimized with the Yoast SEO plugin v26.1.1 - https:\/\/yoast.com\/wordpress\/plugins\/seo\/ -->\n<title>San Agust\u00edn Tlaxiaca afina detalles para el Festival del Pulque 2026: Tradici\u00f3n, identidad y acuerdos claros - El Cardinal<\/title>\n<meta name=\"robots\" content=\"index, follow, max-snippet:-1, max-image-preview:large, max-video-preview:-1\" \/>\n<link rel=\"canonical\" href=\"https:\/\/elcardinal.com\/?p=5545\" \/>\n<meta property=\"og:locale\" content=\"es_MX\" \/>\n<meta property=\"og:type\" content=\"article\" \/>\n<meta property=\"og:title\" content=\"San Agust\u00edn Tlaxiaca afina detalles para el Festival del Pulque 2026: Tradici\u00f3n, identidad y acuerdos claros - El Cardinal\" \/>\n<meta property=\"og:description\" content=\"Por: Jos\u00e9 Antonio Alcaraz Su\u00e1rez\u00a0 Este viernes, productores de pulque y autoridades municipales se reunieron en la Presidencia Municipal de San Agust\u00edn Tlaxiaca para consolidar los acuerdos rumbo al esperado Festival del Pulque 2026, que se celebrar\u00e1 el pr\u00f3ximo 29 de marzo en la Unidad Deportiva del municipio, y que es impulsado ampliamente por el\" \/>\n<meta property=\"og:url\" content=\"https:\/\/elcardinal.com\/?p=5545\" \/>\n<meta property=\"og:site_name\" content=\"El Cardinal\" \/>\n<meta property=\"article:publisher\" content=\"https:\/\/www.facebook.com\/profile.php?id=100063093107011\" \/>\n<meta property=\"article:published_time\" content=\"2026-02-27T21:48:26+00:00\" \/>\n<meta property=\"og:image\" content=\"https:\/\/elcardinal.com\/wp-content\/uploads\/2026\/02\/WhatsApp-Image-2026-02-27-at-3.24.52-PM.jpeg\" \/>\n\t<meta property=\"og:image:width\" content=\"1600\" \/>\n\t<meta property=\"og:image:height\" content=\"805\" \/>\n\t<meta property=\"og:image:type\" content=\"image\/jpeg\" \/>\n<meta name=\"author\" content=\"Antonio Alcaraz\" \/>\n<meta name=\"twitter:card\" content=\"summary_large_image\" \/>\n<meta name=\"twitter:creator\" content=\"@ElCardinal_Mx\" \/>\n<meta name=\"twitter:site\" content=\"@ElCardinal_Mx\" \/>\n<meta name=\"twitter:label1\" content=\"Escrito por\" \/>\n\t<meta name=\"twitter:data1\" content=\"Antonio Alcaraz\" \/>\n\t<meta name=\"twitter:label2\" content=\"Tiempo de lectura\" \/>\n\t<meta name=\"twitter:data2\" content=\"3 minutos\" \/>\n<script type=\"application\/ld+json\" class=\"yoast-schema-graph\">{\"@context\":\"https:\/\/schema.org\",\"@graph\":[{\"@type\":\"Article\",\"@id\":\"https:\/\/elcardinal.com\/?p=5545#article\",\"isPartOf\":{\"@id\":\"https:\/\/elcardinal.com\/?p=5545\"},\"author\":{\"name\":\"Antonio Alcaraz\",\"@id\":\"https:\/\/elcardinal.com\/#\/schema\/person\/3c352ec0a33987fe275c0e8a2ea69f8b\"},\"headline\":\"San Agust\u00edn Tlaxiaca afina detalles para el Festival del Pulque 2026: Tradici\u00f3n, identidad y acuerdos claros\",\"datePublished\":\"2026-02-27T21:48:26+00:00\",\"mainEntityOfPage\":{\"@id\":\"https:\/\/elcardinal.com\/?p=5545\"},\"wordCount\":521,\"commentCount\":0,\"publisher\":{\"@id\":\"https:\/\/elcardinal.com\/#organization\"},\"image\":{\"@id\":\"https:\/\/elcardinal.com\/?p=5545#primaryimage\"},\"thumbnailUrl\":\"https:\/\/elcardinal.com\/wp-content\/uploads\/2026\/02\/WhatsApp-Image-2026-02-27-at-3.24.52-PM.jpeg\",\"keywords\":[\"pulque\",\"San Agust\u00edn Tlaxiaca\"],\"articleSection\":[\"Hidalgo\",\"Metr\u00f3poli\",\"Minuto a Minuto\"],\"inLanguage\":\"es\",\"potentialAction\":[{\"@type\":\"CommentAction\",\"name\":\"Comment\",\"target\":[\"https:\/\/elcardinal.com\/?p=5545#respond\"]}]},{\"@type\":\"WebPage\",\"@id\":\"https:\/\/elcardinal.com\/?p=5545\",\"url\":\"https:\/\/elcardinal.com\/?p=5545\",\"name\":\"San Agust\u00edn Tlaxiaca afina detalles para el Festival del Pulque 2026: Tradici\u00f3n, identidad y acuerdos claros - El Cardinal\",\"isPartOf\":{\"@id\":\"https:\/\/elcardinal.com\/#website\"},\"primaryImageOfPage\":{\"@id\":\"https:\/\/elcardinal.com\/?p=5545#primaryimage\"},\"image\":{\"@id\":\"https:\/\/elcardinal.com\/?p=5545#primaryimage\"},\"thumbnailUrl\":\"https:\/\/elcardinal.com\/wp-content\/uploads\/2026\/02\/WhatsApp-Image-2026-02-27-at-3.24.52-PM.jpeg\",\"datePublished\":\"2026-02-27T21:48:26+00:00\",\"breadcrumb\":{\"@id\":\"https:\/\/elcardinal.com\/?p=5545#breadcrumb\"},\"inLanguage\":\"es\",\"potentialAction\":[{\"@type\":\"ReadAction\",\"target\":[\"https:\/\/elcardinal.com\/?p=5545\"]}]},{\"@type\":\"ImageObject\",\"inLanguage\":\"es\",\"@id\":\"https:\/\/elcardinal.com\/?p=5545#primaryimage\",\"url\":\"https:\/\/elcardinal.com\/wp-content\/uploads\/2026\/02\/WhatsApp-Image-2026-02-27-at-3.24.52-PM.jpeg\",\"contentUrl\":\"https:\/\/elcardinal.com\/wp-content\/uploads\/2026\/02\/WhatsApp-Image-2026-02-27-at-3.24.52-PM.jpeg\",\"width\":1600,\"height\":805},{\"@type\":\"BreadcrumbList\",\"@id\":\"https:\/\/elcardinal.com\/?p=5545#breadcrumb\",\"itemListElement\":[{\"@type\":\"ListItem\",\"position\":1,\"name\":\"Inicio\",\"item\":\"https:\/\/elcardinal.com\/\"},{\"@type\":\"ListItem\",\"position\":2,\"name\":\"San Agust\u00edn Tlaxiaca afina detalles para el Festival del Pulque 2026: Tradici\u00f3n, identidad y acuerdos claros\"}]},{\"@type\":\"WebSite\",\"@id\":\"https:\/\/elcardinal.com\/#website\",\"url\":\"https:\/\/elcardinal.com\/\",\"name\":\"El Cardinal\",\"description\":\"Periodismo honesto, con valor, sentido humano, a veces sarc\u00e1stico y divertido.\",\"publisher\":{\"@id\":\"https:\/\/elcardinal.com\/#organization\"},\"alternateName\":\"El Cardinal Noticias\",\"potentialAction\":[{\"@type\":\"SearchAction\",\"target\":{\"@type\":\"EntryPoint\",\"urlTemplate\":\"https:\/\/elcardinal.com\/?s={search_term_string}\"},\"query-input\":{\"@type\":\"PropertyValueSpecification\",\"valueRequired\":true,\"valueName\":\"search_term_string\"}}],\"inLanguage\":\"es\"},{\"@type\":\"Organization\",\"@id\":\"https:\/\/elcardinal.com\/#organization\",\"name\":\"El Cardinal\",\"url\":\"https:\/\/elcardinal.com\/\",\"logo\":{\"@type\":\"ImageObject\",\"inLanguage\":\"es\",\"@id\":\"https:\/\/elcardinal.com\/#\/schema\/logo\/image\/\",\"url\":\"https:\/\/elcardinal.com\/wp-content\/uploads\/2025\/04\/LOGO-EL-CARDINAL-Periodismo-con-valor.png\",\"contentUrl\":\"https:\/\/elcardinal.com\/wp-content\/uploads\/2025\/04\/LOGO-EL-CARDINAL-Periodismo-con-valor.png\",\"width\":755,\"height\":636,\"caption\":\"El Cardinal\"},\"image\":{\"@id\":\"https:\/\/elcardinal.com\/#\/schema\/logo\/image\/\"},\"sameAs\":[\"https:\/\/www.facebook.com\/profile.php?id=100063093107011\",\"https:\/\/x.com\/ElCardinal_Mx\"]},{\"@type\":\"Person\",\"@id\":\"https:\/\/elcardinal.com\/#\/schema\/person\/3c352ec0a33987fe275c0e8a2ea69f8b\",\"name\":\"Antonio Alcaraz\",\"image\":{\"@type\":\"ImageObject\",\"inLanguage\":\"es\",\"@id\":\"https:\/\/elcardinal.com\/#\/schema\/person\/image\/\",\"url\":\"https:\/\/elcardinal.com\/wp-content\/uploads\/2025\/05\/cropped-TONO-96x96.jpg\",\"contentUrl\":\"https:\/\/elcardinal.com\/wp-content\/uploads\/2025\/05\/cropped-TONO-96x96.jpg\",\"caption\":\"Antonio Alcaraz\"},\"url\":\"https:\/\/elcardinal.com\/?author=2\"}]}<\/script>\n<!-- \/ Yoast SEO plugin. -->","yoast_head_json":{"title":"San Agust\u00edn Tlaxiaca afina detalles para el Festival del Pulque 2026: Tradici\u00f3n, identidad y acuerdos claros - El Cardinal","robots":{"index":"index","follow":"follow","max-snippet":"max-snippet:-1","max-image-preview":"max-image-preview:large","max-video-preview":"max-video-preview:-1"},"canonical":"https:\/\/elcardinal.com\/?p=5545","og_locale":"es_MX","og_type":"article","og_title":"San Agust\u00edn Tlaxiaca afina detalles para el Festival del Pulque 2026: Tradici\u00f3n, identidad y acuerdos claros - El Cardinal","og_description":"Por: Jos\u00e9 Antonio Alcaraz Su\u00e1rez\u00a0 Este viernes, productores de pulque y autoridades municipales se reunieron en la Presidencia Municipal de San Agust\u00edn Tlaxiaca para consolidar los acuerdos rumbo al esperado Festival del Pulque 2026, que se celebrar\u00e1 el pr\u00f3ximo 29 de marzo en la Unidad Deportiva del municipio, y que es impulsado ampliamente por el","og_url":"https:\/\/elcardinal.com\/?p=5545","og_site_name":"El Cardinal","article_publisher":"https:\/\/www.facebook.com\/profile.php?id=100063093107011","article_published_time":"2026-02-27T21:48:26+00:00","og_image":[{"width":1600,"height":805,"url":"https:\/\/elcardinal.com\/wp-content\/uploads\/2026\/02\/WhatsApp-Image-2026-02-27-at-3.24.52-PM.jpeg","type":"image\/jpeg"}],"author":"Antonio Alcaraz","twitter_card":"summary_large_image","twitter_creator":"@ElCardinal_Mx","twitter_site":"@ElCardinal_Mx","twitter_misc":{"Escrito por":"Antonio Alcaraz","Tiempo de lectura":"3 minutos"},"schema":{"@context":"https:\/\/schema.org","@graph":[{"@type":"Article","@id":"https:\/\/elcardinal.com\/?p=5545#article","isPartOf":{"@id":"https:\/\/elcardinal.com\/?p=5545"},"author":{"name":"Antonio Alcaraz","@id":"https:\/\/elcardinal.com\/#\/schema\/person\/3c352ec0a33987fe275c0e8a2ea69f8b"},"headline":"San Agust\u00edn Tlaxiaca afina detalles para el Festival del Pulque 2026: Tradici\u00f3n, identidad y acuerdos claros","datePublished":"2026-02-27T21:48:26+00:00","mainEntityOfPage":{"@id":"https:\/\/elcardinal.com\/?p=5545"},"wordCount":521,"commentCount":0,"publisher":{"@id":"https:\/\/elcardinal.com\/#organization"},"image":{"@id":"https:\/\/elcardinal.com\/?p=5545#primaryimage"},"thumbnailUrl":"https:\/\/elcardinal.com\/wp-content\/uploads\/2026\/02\/WhatsApp-Image-2026-02-27-at-3.24.52-PM.jpeg","keywords":["pulque","San Agust\u00edn Tlaxiaca"],"articleSection":["Hidalgo","Metr\u00f3poli","Minuto a Minuto"],"inLanguage":"es","potentialAction":[{"@type":"CommentAction","name":"Comment","target":["https:\/\/elcardinal.com\/?p=5545#respond"]}]},{"@type":"WebPage","@id":"https:\/\/elcardinal.com\/?p=5545","url":"https:\/\/elcardinal.com\/?p=5545","name":"San Agust\u00edn Tlaxiaca afina detalles para el Festival del Pulque 2026: Tradici\u00f3n, identidad y acuerdos claros - El Cardinal","isPartOf":{"@id":"https:\/\/elcardinal.com\/#website"},"primaryImageOfPage":{"@id":"https:\/\/elcardinal.com\/?p=5545#primaryimage"},"image":{"@id":"https:\/\/elcardinal.com\/?p=5545#primaryimage"},"thumbnailUrl":"https:\/\/elcardinal.com\/wp-content\/uploads\/2026\/02\/WhatsApp-Image-2026-02-27-at-3.24.52-PM.jpeg","datePublished":"2026-02-27T21:48:26+00:00","breadcrumb":{"@id":"https:\/\/elcardinal.com\/?p=5545#breadcrumb"},"inLanguage":"es","potentialAction":[{"@type":"ReadAction","target":["https:\/\/elcardinal.com\/?p=5545"]}]},{"@type":"ImageObject","inLanguage":"es","@id":"https:\/\/elcardinal.com\/?p=5545#primaryimage","url":"https:\/\/elcardinal.com\/wp-content\/uploads\/2026\/02\/WhatsApp-Image-2026-02-27-at-3.24.52-PM.jpeg","contentUrl":"https:\/\/elcardinal.com\/wp-content\/uploads\/2026\/02\/WhatsApp-Image-2026-02-27-at-3.24.52-PM.jpeg","width":1600,"height":805},{"@type":"BreadcrumbList","@id":"https:\/\/elcardinal.com\/?p=5545#breadcrumb","itemListElement":[{"@type":"ListItem","position":1,"name":"Inicio","item":"https:\/\/elcardinal.com\/"},{"@type":"ListItem","position":2,"name":"San Agust\u00edn Tlaxiaca afina detalles para el Festival del Pulque 2026: Tradici\u00f3n, identidad y acuerdos claros"}]},{"@type":"WebSite","@id":"https:\/\/elcardinal.com\/#website","url":"https:\/\/elcardinal.com\/","name":"El Cardinal","description":"Periodismo honesto, con valor, sentido humano, a veces sarc\u00e1stico y divertido.","publisher":{"@id":"https:\/\/elcardinal.com\/#organization"},"alternateName":"El Cardinal Noticias","potentialAction":[{"@type":"SearchAction","target":{"@type":"EntryPoint","urlTemplate":"https:\/\/elcardinal.com\/?s={search_term_string}"},"query-input":{"@type":"PropertyValueSpecification","valueRequired":true,"valueName":"search_term_string"}}],"inLanguage":"es"},{"@type":"Organization","@id":"https:\/\/elcardinal.com\/#organization","name":"El Cardinal","url":"https:\/\/elcardinal.com\/","logo":{"@type":"ImageObject","inLanguage":"es","@id":"https:\/\/elcardinal.com\/#\/schema\/logo\/image\/","url":"https:\/\/elcardinal.com\/wp-content\/uploads\/2025\/04\/LOGO-EL-CARDINAL-Periodismo-con-valor.png","contentUrl":"https:\/\/elcardinal.com\/wp-content\/uploads\/2025\/04\/LOGO-EL-CARDINAL-Periodismo-con-valor.png","width":755,"height":636,"caption":"El Cardinal"},"image":{"@id":"https:\/\/elcardinal.com\/#\/schema\/logo\/image\/"},"sameAs":["https:\/\/www.facebook.com\/profile.php?id=100063093107011","https:\/\/x.com\/ElCardinal_Mx"]},{"@type":"Person","@id":"https:\/\/elcardinal.com\/#\/schema\/person\/3c352ec0a33987fe275c0e8a2ea69f8b","name":"Antonio Alcaraz","image":{"@type":"ImageObject","inLanguage":"es","@id":"https:\/\/elcardinal.com\/#\/schema\/person\/image\/","url":"https:\/\/elcardinal.com\/wp-content\/uploads\/2025\/05\/cropped-TONO-96x96.jpg","contentUrl":"https:\/\/elcardinal.com\/wp-content\/uploads\/2025\/05\/cropped-TONO-96x96.jpg","caption":"Antonio Alcaraz"},"url":"https:\/\/elcardinal.com\/?author=2"}]}},"_links":{"self":[{"href":"https:\/\/elcardinal.com\/index.php?rest_route=\/wp\/v2\/posts\/5545","targetHints":{"allow":["GET"]}}],"collection":[{"href":"https:\/\/elcardinal.com\/index.php?rest_route=\/wp\/v2\/posts"}],"about":[{"href":"https:\/\/elcardinal.com\/index.php?rest_route=\/wp\/v2\/types\/post"}],"author":[{"embeddable":true,"href":"https:\/\/elcardinal.com\/index.php?rest_route=\/wp\/v2\/users\/2"}],"replies":[{"embeddable":true,"href":"https:\/\/elcardinal.com\/index.php?rest_route=%2Fwp%2Fv2%2Fcomments&post=5545"}],"version-history":[{"count":1,"href":"https:\/\/elcardinal.com\/index.php?rest_route=\/wp\/v2\/posts\/5545\/revisions"}],"predecessor-version":[{"id":5547,"href":"https:\/\/elcardinal.com\/index.php?rest_route=\/wp\/v2\/posts\/5545\/revisions\/5547"}],"wp:featuredmedia":[{"embeddable":true,"href":"https:\/\/elcardinal.com\/index.php?rest_route=\/wp\/v2\/media\/5546"}],"wp:attachment":[{"href":"https:\/\/elcardinal.com\/index.php?rest_route=%2Fwp%2Fv2%2Fmedia&parent=5545"}],"wp:term":[{"taxonomy":"category","embeddable":true,"href":"https:\/\/elcardinal.com\/index.php?rest_route=%2Fwp%2Fv2%2Fcategories&post=5545"},{"taxonomy":"post_tag","embeddable":true,"href":"https:\/\/elcardinal.com\/index.php?rest_route=%2Fwp%2Fv2%2Ftags&post=5545"}],"curies":[{"name":"wp","href":"https:\/\/api.w.org\/{rel}","templated":true}]}}