{"id":5548,"date":"2026-02-28T17:10:36","date_gmt":"2026-02-28T23:10:36","guid":{"rendered":"https:\/\/elcardinal.com\/?p=5548"},"modified":"2026-02-28T17:10:36","modified_gmt":"2026-02-28T23:10:36","slug":"cebaderos-del-altiplano-hidalguense-cierran-filas-con-el-gobierno-de-julio-menchaca","status":"publish","type":"post","link":"https:\/\/elcardinal.com\/?p=5548","title":{"rendered":"Cebaderos del Altiplano hidalguense cierran filas con el Gobierno de Julio Menchaca\u00a0"},"content":{"rendered":"<p>Redacci\u00f3n<\/p>\n<p>El respaldo del campo hidalguense a la transformaci\u00f3n del estado qued\u00f3 de manifiesto este fin de semana, cuando m\u00e1s de <strong>3 mil 500 productores<\/strong> de cebada del <strong>Altiplano<\/strong> sostuvieron un encuentro con secretarios del Gobierno de Hidalgo, refrendando su confianza en la administraci\u00f3n encabezada por el gobernador <strong>Julio Menchaca Salazar.<\/strong><\/p>\n<p>En un evento que evidenci\u00f3 unidad y organizaci\u00f3n territorial, el secretario del Despacho del Gobernador, <strong>Alejandro Vel\u00e1zquez,<\/strong> afirm\u00f3 que la presencia del gobierno estatal en la regi\u00f3n responde a una visi\u00f3n estrat\u00e9gica clara.<\/p>\n<blockquote>\n<p style=\"padding-left: 40px;\">\u201cHoy est\u00e1 aqu\u00ed el Gobierno del Estado porque nos convoca el campo, nos convoca la cebada, nos convoca una visi\u00f3n clara de futuro para Hidalgo\u201d, expres\u00f3 ante miles de productores.<\/p>\n<\/blockquote>\n","protected":false},"excerpt":{"rendered":"<p>Redacci\u00f3n El respaldo del campo hidalguense a la transformaci\u00f3n del estado qued\u00f3 de manifiesto este fin de semana, cuando m\u00e1s de 3 mil 500 productores de cebada del Altiplano sostuvieron un encuentro con secretarios del Gobierno de Hidalgo, refrendando su confianza en la administraci\u00f3n encabezada por el gobernador Julio Menchaca Salazar. En un evento que<\/p>\n","protected":false},"author":2,"featured_media":5549,"comment_status":"open","ping_status":"open","sticky":false,"template":"","format":"standard","meta":{"footnotes":""},"categories":[31,44,33],"tags":[339,340,87,85],"class_list":{"0":"post-5548","1":"post","2":"type-post","3":"status-publish","4":"format-standard","5":"has-post-thumbnail","7":"category-hidalgo","8":"category-minuto-a-minuto","9":"category-regiones","10":"tag-alejandro-velazquez","11":"tag-cebaderos","12":"tag-hidalgo","13":"tag-julio-menchaca"},"yoast_head":"<!-- This site is optimized with the Yoast SEO plugin v26.1.1 - https:\/\/yoast.com\/wordpress\/plugins\/seo\/ -->\n<title>Cebaderos del Altiplano hidalguense cierran filas con el Gobierno de Julio Menchaca\u00a0 - El Cardinal<\/title>\n<meta name=\"robots\" content=\"index, follow, max-snippet:-1, max-image-preview:large, max-video-preview:-1\" \/>\n<link rel=\"canonical\" href=\"https:\/\/elcardinal.com\/?p=5548\" \/>\n<meta property=\"og:locale\" content=\"es_MX\" \/>\n<meta property=\"og:type\" content=\"article\" \/>\n<meta property=\"og:title\" content=\"Cebaderos del Altiplano hidalguense cierran filas con el Gobierno de Julio Menchaca\u00a0 - El Cardinal\" \/>\n<meta property=\"og:description\" content=\"Redacci\u00f3n El respaldo del campo hidalguense a la transformaci\u00f3n del estado qued\u00f3 de manifiesto este fin de semana, cuando m\u00e1s de 3 mil 500 productores de cebada del Altiplano sostuvieron un encuentro con secretarios del Gobierno de Hidalgo, refrendando su confianza en la administraci\u00f3n encabezada por el gobernador Julio Menchaca Salazar. En un evento que\" \/>\n<meta property=\"og:url\" content=\"https:\/\/elcardinal.com\/?p=5548\" \/>\n<meta property=\"og:site_name\" content=\"El Cardinal\" \/>\n<meta property=\"article:publisher\" content=\"https:\/\/www.facebook.com\/profile.php?id=100063093107011\" \/>\n<meta property=\"article:published_time\" content=\"2026-02-28T23:10:36+00:00\" \/>\n<meta property=\"og:image\" content=\"https:\/\/elcardinal.com\/wp-content\/uploads\/2026\/02\/IMG-20260228-WA0012-scaled.jpg\" \/>\n\t<meta property=\"og:image:width\" content=\"2560\" \/>\n\t<meta property=\"og:image:height\" content=\"1706\" \/>\n\t<meta property=\"og:image:type\" content=\"image\/jpeg\" \/>\n<meta name=\"author\" content=\"Antonio Alcaraz\" \/>\n<meta name=\"twitter:card\" content=\"summary_large_image\" \/>\n<meta name=\"twitter:creator\" content=\"@ElCardinal_Mx\" \/>\n<meta name=\"twitter:site\" content=\"@ElCardinal_Mx\" \/>\n<meta name=\"twitter:label1\" content=\"Escrito por\" \/>\n\t<meta name=\"twitter:data1\" content=\"Antonio Alcaraz\" \/>\n\t<meta name=\"twitter:label2\" content=\"Tiempo de lectura\" \/>\n\t<meta name=\"twitter:data2\" content=\"1 minuto\" \/>\n<script type=\"application\/ld+json\" class=\"yoast-schema-graph\">{\"@context\":\"https:\/\/schema.org\",\"@graph\":[{\"@type\":\"Article\",\"@id\":\"https:\/\/elcardinal.com\/?p=5548#article\",\"isPartOf\":{\"@id\":\"https:\/\/elcardinal.com\/?p=5548\"},\"author\":{\"name\":\"Antonio Alcaraz\",\"@id\":\"https:\/\/elcardinal.com\/#\/schema\/person\/3c352ec0a33987fe275c0e8a2ea69f8b\"},\"headline\":\"Cebaderos del Altiplano hidalguense cierran filas con el Gobierno de Julio Menchaca\u00a0\",\"datePublished\":\"2026-02-28T23:10:36+00:00\",\"mainEntityOfPage\":{\"@id\":\"https:\/\/elcardinal.com\/?p=5548\"},\"wordCount\":134,\"commentCount\":0,\"publisher\":{\"@id\":\"https:\/\/elcardinal.com\/#organization\"},\"image\":{\"@id\":\"https:\/\/elcardinal.com\/?p=5548#primaryimage\"},\"thumbnailUrl\":\"https:\/\/elcardinal.com\/wp-content\/uploads\/2026\/02\/IMG-20260228-WA0012-scaled.jpg\",\"keywords\":[\"Alejandro Vel\u00e1zquez\",\"Cebaderos\",\"Hidalgo\",\"Julio Menchaca\"],\"articleSection\":[\"Hidalgo\",\"Minuto a Minuto\",\"Regiones\"],\"inLanguage\":\"es\",\"potentialAction\":[{\"@type\":\"CommentAction\",\"name\":\"Comment\",\"target\":[\"https:\/\/elcardinal.com\/?p=5548#respond\"]}]},{\"@type\":\"WebPage\",\"@id\":\"https:\/\/elcardinal.com\/?p=5548\",\"url\":\"https:\/\/elcardinal.com\/?p=5548\",\"name\":\"Cebaderos del Altiplano hidalguense cierran filas con el Gobierno de Julio Menchaca\u00a0 - El Cardinal\",\"isPartOf\":{\"@id\":\"https:\/\/elcardinal.com\/#website\"},\"primaryImageOfPage\":{\"@id\":\"https:\/\/elcardinal.com\/?p=5548#primaryimage\"},\"image\":{\"@id\":\"https:\/\/elcardinal.com\/?p=5548#primaryimage\"},\"thumbnailUrl\":\"https:\/\/elcardinal.com\/wp-content\/uploads\/2026\/02\/IMG-20260228-WA0012-scaled.jpg\",\"datePublished\":\"2026-02-28T23:10:36+00:00\",\"breadcrumb\":{\"@id\":\"https:\/\/elcardinal.com\/?p=5548#breadcrumb\"},\"inLanguage\":\"es\",\"potentialAction\":[{\"@type\":\"ReadAction\",\"target\":[\"https:\/\/elcardinal.com\/?p=5548\"]}]},{\"@type\":\"ImageObject\",\"inLanguage\":\"es\",\"@id\":\"https:\/\/elcardinal.com\/?p=5548#primaryimage\",\"url\":\"https:\/\/elcardinal.com\/wp-content\/uploads\/2026\/02\/IMG-20260228-WA0012-scaled.jpg\",\"contentUrl\":\"https:\/\/elcardinal.com\/wp-content\/uploads\/2026\/02\/IMG-20260228-WA0012-scaled.jpg\",\"width\":2560,\"height\":1706},{\"@type\":\"BreadcrumbList\",\"@id\":\"https:\/\/elcardinal.com\/?p=5548#breadcrumb\",\"itemListElement\":[{\"@type\":\"ListItem\",\"position\":1,\"name\":\"Inicio\",\"item\":\"https:\/\/elcardinal.com\/\"},{\"@type\":\"ListItem\",\"position\":2,\"name\":\"Cebaderos del Altiplano hidalguense cierran filas con el Gobierno de Julio Menchaca\u00a0\"}]},{\"@type\":\"WebSite\",\"@id\":\"https:\/\/elcardinal.com\/#website\",\"url\":\"https:\/\/elcardinal.com\/\",\"name\":\"El Cardinal\",\"description\":\"Periodismo honesto, con valor, sentido humano, a veces sarc\u00e1stico y divertido.\",\"publisher\":{\"@id\":\"https:\/\/elcardinal.com\/#organization\"},\"alternateName\":\"El Cardinal Noticias\",\"potentialAction\":[{\"@type\":\"SearchAction\",\"target\":{\"@type\":\"EntryPoint\",\"urlTemplate\":\"https:\/\/elcardinal.com\/?s={search_term_string}\"},\"query-input\":{\"@type\":\"PropertyValueSpecification\",\"valueRequired\":true,\"valueName\":\"search_term_string\"}}],\"inLanguage\":\"es\"},{\"@type\":\"Organization\",\"@id\":\"https:\/\/elcardinal.com\/#organization\",\"name\":\"El Cardinal\",\"url\":\"https:\/\/elcardinal.com\/\",\"logo\":{\"@type\":\"ImageObject\",\"inLanguage\":\"es\",\"@id\":\"https:\/\/elcardinal.com\/#\/schema\/logo\/image\/\",\"url\":\"https:\/\/elcardinal.com\/wp-content\/uploads\/2025\/04\/LOGO-EL-CARDINAL-Periodismo-con-valor.png\",\"contentUrl\":\"https:\/\/elcardinal.com\/wp-content\/uploads\/2025\/04\/LOGO-EL-CARDINAL-Periodismo-con-valor.png\",\"width\":755,\"height\":636,\"caption\":\"El Cardinal\"},\"image\":{\"@id\":\"https:\/\/elcardinal.com\/#\/schema\/logo\/image\/\"},\"sameAs\":[\"https:\/\/www.facebook.com\/profile.php?id=100063093107011\",\"https:\/\/x.com\/ElCardinal_Mx\"]},{\"@type\":\"Person\",\"@id\":\"https:\/\/elcardinal.com\/#\/schema\/person\/3c352ec0a33987fe275c0e8a2ea69f8b\",\"name\":\"Antonio Alcaraz\",\"image\":{\"@type\":\"ImageObject\",\"inLanguage\":\"es\",\"@id\":\"https:\/\/elcardinal.com\/#\/schema\/person\/image\/\",\"url\":\"https:\/\/elcardinal.com\/wp-content\/uploads\/2025\/05\/cropped-TONO-96x96.jpg\",\"contentUrl\":\"https:\/\/elcardinal.com\/wp-content\/uploads\/2025\/05\/cropped-TONO-96x96.jpg\",\"caption\":\"Antonio Alcaraz\"},\"url\":\"https:\/\/elcardinal.com\/?author=2\"}]}<\/script>\n<!-- \/ Yoast SEO plugin. -->","yoast_head_json":{"title":"Cebaderos del Altiplano hidalguense cierran filas con el Gobierno de Julio Menchaca\u00a0 - El Cardinal","robots":{"index":"index","follow":"follow","max-snippet":"max-snippet:-1","max-image-preview":"max-image-preview:large","max-video-preview":"max-video-preview:-1"},"canonical":"https:\/\/elcardinal.com\/?p=5548","og_locale":"es_MX","og_type":"article","og_title":"Cebaderos del Altiplano hidalguense cierran filas con el Gobierno de Julio Menchaca\u00a0 - El Cardinal","og_description":"Redacci\u00f3n El respaldo del campo hidalguense a la transformaci\u00f3n del estado qued\u00f3 de manifiesto este fin de semana, cuando m\u00e1s de 3 mil 500 productores de cebada del Altiplano sostuvieron un encuentro con secretarios del Gobierno de Hidalgo, refrendando su confianza en la administraci\u00f3n encabezada por el gobernador Julio Menchaca Salazar. En un evento que","og_url":"https:\/\/elcardinal.com\/?p=5548","og_site_name":"El Cardinal","article_publisher":"https:\/\/www.facebook.com\/profile.php?id=100063093107011","article_published_time":"2026-02-28T23:10:36+00:00","og_image":[{"width":2560,"height":1706,"url":"https:\/\/elcardinal.com\/wp-content\/uploads\/2026\/02\/IMG-20260228-WA0012-scaled.jpg","type":"image\/jpeg"}],"author":"Antonio Alcaraz","twitter_card":"summary_large_image","twitter_creator":"@ElCardinal_Mx","twitter_site":"@ElCardinal_Mx","twitter_misc":{"Escrito por":"Antonio Alcaraz","Tiempo de lectura":"1 minuto"},"schema":{"@context":"https:\/\/schema.org","@graph":[{"@type":"Article","@id":"https:\/\/elcardinal.com\/?p=5548#article","isPartOf":{"@id":"https:\/\/elcardinal.com\/?p=5548"},"author":{"name":"Antonio Alcaraz","@id":"https:\/\/elcardinal.com\/#\/schema\/person\/3c352ec0a33987fe275c0e8a2ea69f8b"},"headline":"Cebaderos del Altiplano hidalguense cierran filas con el Gobierno de Julio Menchaca\u00a0","datePublished":"2026-02-28T23:10:36+00:00","mainEntityOfPage":{"@id":"https:\/\/elcardinal.com\/?p=5548"},"wordCount":134,"commentCount":0,"publisher":{"@id":"https:\/\/elcardinal.com\/#organization"},"image":{"@id":"https:\/\/elcardinal.com\/?p=5548#primaryimage"},"thumbnailUrl":"https:\/\/elcardinal.com\/wp-content\/uploads\/2026\/02\/IMG-20260228-WA0012-scaled.jpg","keywords":["Alejandro Vel\u00e1zquez","Cebaderos","Hidalgo","Julio Menchaca"],"articleSection":["Hidalgo","Minuto a Minuto","Regiones"],"inLanguage":"es","potentialAction":[{"@type":"CommentAction","name":"Comment","target":["https:\/\/elcardinal.com\/?p=5548#respond"]}]},{"@type":"WebPage","@id":"https:\/\/elcardinal.com\/?p=5548","url":"https:\/\/elcardinal.com\/?p=5548","name":"Cebaderos del Altiplano hidalguense cierran filas con el Gobierno de Julio Menchaca\u00a0 - El Cardinal","isPartOf":{"@id":"https:\/\/elcardinal.com\/#website"},"primaryImageOfPage":{"@id":"https:\/\/elcardinal.com\/?p=5548#primaryimage"},"image":{"@id":"https:\/\/elcardinal.com\/?p=5548#primaryimage"},"thumbnailUrl":"https:\/\/elcardinal.com\/wp-content\/uploads\/2026\/02\/IMG-20260228-WA0012-scaled.jpg","datePublished":"2026-02-28T23:10:36+00:00","breadcrumb":{"@id":"https:\/\/elcardinal.com\/?p=5548#breadcrumb"},"inLanguage":"es","potentialAction":[{"@type":"ReadAction","target":["https:\/\/elcardinal.com\/?p=5548"]}]},{"@type":"ImageObject","inLanguage":"es","@id":"https:\/\/elcardinal.com\/?p=5548#primaryimage","url":"https:\/\/elcardinal.com\/wp-content\/uploads\/2026\/02\/IMG-20260228-WA0012-scaled.jpg","contentUrl":"https:\/\/elcardinal.com\/wp-content\/uploads\/2026\/02\/IMG-20260228-WA0012-scaled.jpg","width":2560,"height":1706},{"@type":"BreadcrumbList","@id":"https:\/\/elcardinal.com\/?p=5548#breadcrumb","itemListElement":[{"@type":"ListItem","position":1,"name":"Inicio","item":"https:\/\/elcardinal.com\/"},{"@type":"ListItem","position":2,"name":"Cebaderos del Altiplano hidalguense cierran filas con el Gobierno de Julio Menchaca\u00a0"}]},{"@type":"WebSite","@id":"https:\/\/elcardinal.com\/#website","url":"https:\/\/elcardinal.com\/","name":"El Cardinal","description":"Periodismo honesto, con valor, sentido humano, a veces sarc\u00e1stico y divertido.","publisher":{"@id":"https:\/\/elcardinal.com\/#organization"},"alternateName":"El Cardinal Noticias","potentialAction":[{"@type":"SearchAction","target":{"@type":"EntryPoint","urlTemplate":"https:\/\/elcardinal.com\/?s={search_term_string}"},"query-input":{"@type":"PropertyValueSpecification","valueRequired":true,"valueName":"search_term_string"}}],"inLanguage":"es"},{"@type":"Organization","@id":"https:\/\/elcardinal.com\/#organization","name":"El Cardinal","url":"https:\/\/elcardinal.com\/","logo":{"@type":"ImageObject","inLanguage":"es","@id":"https:\/\/elcardinal.com\/#\/schema\/logo\/image\/","url":"https:\/\/elcardinal.com\/wp-content\/uploads\/2025\/04\/LOGO-EL-CARDINAL-Periodismo-con-valor.png","contentUrl":"https:\/\/elcardinal.com\/wp-content\/uploads\/2025\/04\/LOGO-EL-CARDINAL-Periodismo-con-valor.png","width":755,"height":636,"caption":"El Cardinal"},"image":{"@id":"https:\/\/elcardinal.com\/#\/schema\/logo\/image\/"},"sameAs":["https:\/\/www.facebook.com\/profile.php?id=100063093107011","https:\/\/x.com\/ElCardinal_Mx"]},{"@type":"Person","@id":"https:\/\/elcardinal.com\/#\/schema\/person\/3c352ec0a33987fe275c0e8a2ea69f8b","name":"Antonio Alcaraz","image":{"@type":"ImageObject","inLanguage":"es","@id":"https:\/\/elcardinal.com\/#\/schema\/person\/image\/","url":"https:\/\/elcardinal.com\/wp-content\/uploads\/2025\/05\/cropped-TONO-96x96.jpg","contentUrl":"https:\/\/elcardinal.com\/wp-content\/uploads\/2025\/05\/cropped-TONO-96x96.jpg","caption":"Antonio Alcaraz"},"url":"https:\/\/elcardinal.com\/?author=2"}]}},"_links":{"self":[{"href":"https:\/\/elcardinal.com\/index.php?rest_route=\/wp\/v2\/posts\/5548","targetHints":{"allow":["GET"]}}],"collection":[{"href":"https:\/\/elcardinal.com\/index.php?rest_route=\/wp\/v2\/posts"}],"about":[{"href":"https:\/\/elcardinal.com\/index.php?rest_route=\/wp\/v2\/types\/post"}],"author":[{"embeddable":true,"href":"https:\/\/elcardinal.com\/index.php?rest_route=\/wp\/v2\/users\/2"}],"replies":[{"embeddable":true,"href":"https:\/\/elcardinal.com\/index.php?rest_route=%2Fwp%2Fv2%2Fcomments&post=5548"}],"version-history":[{"count":1,"href":"https:\/\/elcardinal.com\/index.php?rest_route=\/wp\/v2\/posts\/5548\/revisions"}],"predecessor-version":[{"id":5550,"href":"https:\/\/elcardinal.com\/index.php?rest_route=\/wp\/v2\/posts\/5548\/revisions\/5550"}],"wp:featuredmedia":[{"embeddable":true,"href":"https:\/\/elcardinal.com\/index.php?rest_route=\/wp\/v2\/media\/5549"}],"wp:attachment":[{"href":"https:\/\/elcardinal.com\/index.php?rest_route=%2Fwp%2Fv2%2Fmedia&parent=5548"}],"wp:term":[{"taxonomy":"category","embeddable":true,"href":"https:\/\/elcardinal.com\/index.php?rest_route=%2Fwp%2Fv2%2Fcategories&post=5548"},{"taxonomy":"post_tag","embeddable":true,"href":"https:\/\/elcardinal.com\/index.php?rest_route=%2Fwp%2Fv2%2Ftags&post=5548"}],"curies":[{"name":"wp","href":"https:\/\/api.w.org\/{rel}","templated":true}]}}