{"id":5552,"date":"2026-03-02T21:36:51","date_gmt":"2026-03-03T03:36:51","guid":{"rendered":"https:\/\/elcardinal.com\/?p=5552"},"modified":"2026-03-02T21:36:51","modified_gmt":"2026-03-03T03:36:51","slug":"congreso-de-hidalgo-impulsa-el-liderazgo-juvenil-con-la-toma-de-protesta-de-reflejo-lider","status":"publish","type":"post","link":"https:\/\/elcardinal.com\/?p=5552","title":{"rendered":"Congreso de Hidalgo impulsa el liderazgo juvenil con la toma de protesta de \u201cReflejo L\u00edder\u201d"},"content":{"rendered":"<p>&nbsp;<\/p>\n<p>Redacci\u00f3n<\/p>\n<p>El Congreso del Estado de Hidalgo alberg\u00f3 la toma de protesta de la asociaci\u00f3n civil \u201cReflejo L\u00edder\u201d, grupo que impulsar\u00e1 iniciativas, programas o movimientos para empoderar a la juventud, quienes transformar\u00e1n sus aspiraciones personales en proyectos con impacto social y liderazgo efectivo.<\/p>\n<p>El presidente de la Junta de Gobierno, diputado Andr\u00e9s Vel\u00e1zquez V\u00e1zquez solicit\u00f3 que \u201cReflejo L\u00edder\u201d sea un semillero de proyectos, vocaciones p\u00fablicas, empresarios sociales, \u201cmujeres y hombres comprometidos con su comunidad. Lev\u00e1ntense d\u00eda a d\u00eda con la convicci\u00f3n de que pueden hacer la diferencia, de que la alegr\u00eda, el optimismo, el entusiasmo, el generar sus propios esquemas, el promoverse a s\u00ed mismos, son temas fundamentales en la vida. Hacerse cada vez m\u00e1s fuertes emocionalmente es una parte fundamental\u201d.<\/p>\n<p>El legislador Aldo Meza Hern\u00e1ndez, presidente de la directiva de marzo, consider\u00f3 que Hidalgo necesita j\u00f3venes \u201cque no esperen el momento perfecto, sino que lo construyan, que participen en asociaciones civiles, comit\u00e9s estudiantiles, proyectos comunitarios y cabildos abiertos, que levanten la voz cuando sea necesario, pero tambi\u00e9n que sepan dialogar y construir acuerdos\u201d.<\/p>\n<p>Luis Buitr\u00f3n Pedraza, l\u00edder estatal de \u201cReflejo L\u00edder\u201d A.C., explic\u00f3 que la visi\u00f3n de la asociaci\u00f3n \u201cno es individualista, no formamos l\u00edderes para que acumulen \u00e9xito personal, formamos j\u00f3venes capaces de generar abundancia para su comunidad, abundancia que se traduzca en proyectos productivos, abundancia que tambi\u00e9n colabore con la participaci\u00f3n social desde las familias, en aprovechamiento inteligente de los programas sociales, gubernamentales y privados. Queremos j\u00f3venes que entiendan que prosperar no implica salir de su comunidad, sino elevarla\u201d.<\/p>\n<p>Valeria Zamudio Hern\u00e1ndez, presidenta del Consejo Municipal, asumi\u00f3 esta responsabilidad \u201ccon plena conciencia de que no se trata solo de un cargo ni de una fotograf\u00eda, sino de servir, representar y trabajar con honestidad, preparaci\u00f3n, pero, sobre todo, compromiso social\u201d.<\/p>\n<p>Al evento tambi\u00e9n asistieron las diputadas Mar\u00eda del Rosario Guerrero Mart\u00ednez, Hilda Miranda Miranda y Johana Montcerrat Hern\u00e1ndez P\u00e9rez; as\u00ed como directores y personal del Congreso.<\/p>\n","protected":false},"excerpt":{"rendered":"<p>&nbsp; Redacci\u00f3n El Congreso del Estado de Hidalgo alberg\u00f3 la toma de protesta de la asociaci\u00f3n civil \u201cReflejo L\u00edder\u201d, grupo que impulsar\u00e1 iniciativas, programas o movimientos para empoderar a la juventud, quienes transformar\u00e1n sus aspiraciones personales en proyectos con impacto social y liderazgo efectivo. El presidente de la Junta de Gobierno, diputado Andr\u00e9s Vel\u00e1zquez V\u00e1zquez<\/p>\n","protected":false},"author":2,"featured_media":5553,"comment_status":"open","ping_status":"open","sticky":false,"template":"","format":"standard","meta":{"footnotes":""},"categories":[31,44,39],"tags":[70,62],"class_list":{"0":"post-5552","1":"post","2":"type-post","3":"status-publish","4":"format-standard","5":"has-post-thumbnail","7":"category-hidalgo","8":"category-minuto-a-minuto","9":"category-politica","10":"tag-andres-velazquez","11":"tag-congreso-de-hidalgo"},"yoast_head":"<!-- This site is optimized with the Yoast SEO plugin v26.1.1 - https:\/\/yoast.com\/wordpress\/plugins\/seo\/ -->\n<title>Congreso de Hidalgo impulsa el liderazgo juvenil con la toma de protesta de \u201cReflejo L\u00edder\u201d - El Cardinal<\/title>\n<meta name=\"robots\" content=\"index, follow, max-snippet:-1, max-image-preview:large, max-video-preview:-1\" \/>\n<link rel=\"canonical\" href=\"https:\/\/elcardinal.com\/?p=5552\" \/>\n<meta property=\"og:locale\" content=\"es_MX\" \/>\n<meta property=\"og:type\" content=\"article\" \/>\n<meta property=\"og:title\" content=\"Congreso de Hidalgo impulsa el liderazgo juvenil con la toma de protesta de \u201cReflejo L\u00edder\u201d - El Cardinal\" \/>\n<meta property=\"og:description\" content=\"&nbsp; Redacci\u00f3n El Congreso del Estado de Hidalgo alberg\u00f3 la toma de protesta de la asociaci\u00f3n civil \u201cReflejo L\u00edder\u201d, grupo que impulsar\u00e1 iniciativas, programas o movimientos para empoderar a la juventud, quienes transformar\u00e1n sus aspiraciones personales en proyectos con impacto social y liderazgo efectivo. El presidente de la Junta de Gobierno, diputado Andr\u00e9s Vel\u00e1zquez V\u00e1zquez\" \/>\n<meta property=\"og:url\" content=\"https:\/\/elcardinal.com\/?p=5552\" \/>\n<meta property=\"og:site_name\" content=\"El Cardinal\" \/>\n<meta property=\"article:publisher\" content=\"https:\/\/www.facebook.com\/profile.php?id=100063093107011\" \/>\n<meta property=\"article:published_time\" content=\"2026-03-03T03:36:51+00:00\" \/>\n<meta property=\"og:image\" content=\"https:\/\/elcardinal.com\/wp-content\/uploads\/2026\/03\/02.03.2026-Toma-de-protesta-REFLEJO-LIDER1.PNG.jpg\" \/>\n\t<meta property=\"og:image:width\" content=\"1290\" \/>\n\t<meta property=\"og:image:height\" content=\"808\" \/>\n\t<meta property=\"og:image:type\" content=\"image\/jpeg\" \/>\n<meta name=\"author\" content=\"Antonio Alcaraz\" \/>\n<meta name=\"twitter:card\" content=\"summary_large_image\" \/>\n<meta name=\"twitter:creator\" content=\"@ElCardinal_Mx\" \/>\n<meta name=\"twitter:site\" content=\"@ElCardinal_Mx\" \/>\n<meta name=\"twitter:label1\" content=\"Escrito por\" \/>\n\t<meta name=\"twitter:data1\" content=\"Antonio Alcaraz\" \/>\n\t<meta name=\"twitter:label2\" content=\"Tiempo de lectura\" \/>\n\t<meta name=\"twitter:data2\" content=\"2 minutos\" \/>\n<script type=\"application\/ld+json\" class=\"yoast-schema-graph\">{\"@context\":\"https:\/\/schema.org\",\"@graph\":[{\"@type\":\"Article\",\"@id\":\"https:\/\/elcardinal.com\/?p=5552#article\",\"isPartOf\":{\"@id\":\"https:\/\/elcardinal.com\/?p=5552\"},\"author\":{\"name\":\"Antonio Alcaraz\",\"@id\":\"https:\/\/elcardinal.com\/#\/schema\/person\/3c352ec0a33987fe275c0e8a2ea69f8b\"},\"headline\":\"Congreso de Hidalgo impulsa el liderazgo juvenil con la toma de protesta de \u201cReflejo L\u00edder\u201d\",\"datePublished\":\"2026-03-03T03:36:51+00:00\",\"mainEntityOfPage\":{\"@id\":\"https:\/\/elcardinal.com\/?p=5552\"},\"wordCount\":373,\"commentCount\":0,\"publisher\":{\"@id\":\"https:\/\/elcardinal.com\/#organization\"},\"image\":{\"@id\":\"https:\/\/elcardinal.com\/?p=5552#primaryimage\"},\"thumbnailUrl\":\"https:\/\/elcardinal.com\/wp-content\/uploads\/2026\/03\/02.03.2026-Toma-de-protesta-REFLEJO-LIDER1.PNG.jpg\",\"keywords\":[\"Andr\u00e9s Vel\u00e1zquez\",\"Congreso de Hidalgo\"],\"articleSection\":[\"Hidalgo\",\"Minuto a Minuto\",\"Pol\u00edtica\"],\"inLanguage\":\"es\",\"potentialAction\":[{\"@type\":\"CommentAction\",\"name\":\"Comment\",\"target\":[\"https:\/\/elcardinal.com\/?p=5552#respond\"]}]},{\"@type\":\"WebPage\",\"@id\":\"https:\/\/elcardinal.com\/?p=5552\",\"url\":\"https:\/\/elcardinal.com\/?p=5552\",\"name\":\"Congreso de Hidalgo impulsa el liderazgo juvenil con la toma de protesta de \u201cReflejo L\u00edder\u201d - El Cardinal\",\"isPartOf\":{\"@id\":\"https:\/\/elcardinal.com\/#website\"},\"primaryImageOfPage\":{\"@id\":\"https:\/\/elcardinal.com\/?p=5552#primaryimage\"},\"image\":{\"@id\":\"https:\/\/elcardinal.com\/?p=5552#primaryimage\"},\"thumbnailUrl\":\"https:\/\/elcardinal.com\/wp-content\/uploads\/2026\/03\/02.03.2026-Toma-de-protesta-REFLEJO-LIDER1.PNG.jpg\",\"datePublished\":\"2026-03-03T03:36:51+00:00\",\"breadcrumb\":{\"@id\":\"https:\/\/elcardinal.com\/?p=5552#breadcrumb\"},\"inLanguage\":\"es\",\"potentialAction\":[{\"@type\":\"ReadAction\",\"target\":[\"https:\/\/elcardinal.com\/?p=5552\"]}]},{\"@type\":\"ImageObject\",\"inLanguage\":\"es\",\"@id\":\"https:\/\/elcardinal.com\/?p=5552#primaryimage\",\"url\":\"https:\/\/elcardinal.com\/wp-content\/uploads\/2026\/03\/02.03.2026-Toma-de-protesta-REFLEJO-LIDER1.PNG.jpg\",\"contentUrl\":\"https:\/\/elcardinal.com\/wp-content\/uploads\/2026\/03\/02.03.2026-Toma-de-protesta-REFLEJO-LIDER1.PNG.jpg\",\"width\":1290,\"height\":808,\"caption\":\"Screenshot\"},{\"@type\":\"BreadcrumbList\",\"@id\":\"https:\/\/elcardinal.com\/?p=5552#breadcrumb\",\"itemListElement\":[{\"@type\":\"ListItem\",\"position\":1,\"name\":\"Inicio\",\"item\":\"https:\/\/elcardinal.com\/\"},{\"@type\":\"ListItem\",\"position\":2,\"name\":\"Congreso de Hidalgo impulsa el liderazgo juvenil con la toma de protesta de \u201cReflejo L\u00edder\u201d\"}]},{\"@type\":\"WebSite\",\"@id\":\"https:\/\/elcardinal.com\/#website\",\"url\":\"https:\/\/elcardinal.com\/\",\"name\":\"El Cardinal\",\"description\":\"Periodismo honesto, con valor, sentido humano, a veces sarc\u00e1stico y divertido.\",\"publisher\":{\"@id\":\"https:\/\/elcardinal.com\/#organization\"},\"alternateName\":\"El Cardinal Noticias\",\"potentialAction\":[{\"@type\":\"SearchAction\",\"target\":{\"@type\":\"EntryPoint\",\"urlTemplate\":\"https:\/\/elcardinal.com\/?s={search_term_string}\"},\"query-input\":{\"@type\":\"PropertyValueSpecification\",\"valueRequired\":true,\"valueName\":\"search_term_string\"}}],\"inLanguage\":\"es\"},{\"@type\":\"Organization\",\"@id\":\"https:\/\/elcardinal.com\/#organization\",\"name\":\"El Cardinal\",\"url\":\"https:\/\/elcardinal.com\/\",\"logo\":{\"@type\":\"ImageObject\",\"inLanguage\":\"es\",\"@id\":\"https:\/\/elcardinal.com\/#\/schema\/logo\/image\/\",\"url\":\"https:\/\/elcardinal.com\/wp-content\/uploads\/2025\/04\/LOGO-EL-CARDINAL-Periodismo-con-valor.png\",\"contentUrl\":\"https:\/\/elcardinal.com\/wp-content\/uploads\/2025\/04\/LOGO-EL-CARDINAL-Periodismo-con-valor.png\",\"width\":755,\"height\":636,\"caption\":\"El Cardinal\"},\"image\":{\"@id\":\"https:\/\/elcardinal.com\/#\/schema\/logo\/image\/\"},\"sameAs\":[\"https:\/\/www.facebook.com\/profile.php?id=100063093107011\",\"https:\/\/x.com\/ElCardinal_Mx\"]},{\"@type\":\"Person\",\"@id\":\"https:\/\/elcardinal.com\/#\/schema\/person\/3c352ec0a33987fe275c0e8a2ea69f8b\",\"name\":\"Antonio Alcaraz\",\"image\":{\"@type\":\"ImageObject\",\"inLanguage\":\"es\",\"@id\":\"https:\/\/elcardinal.com\/#\/schema\/person\/image\/\",\"url\":\"https:\/\/elcardinal.com\/wp-content\/uploads\/2025\/05\/cropped-TONO-96x96.jpg\",\"contentUrl\":\"https:\/\/elcardinal.com\/wp-content\/uploads\/2025\/05\/cropped-TONO-96x96.jpg\",\"caption\":\"Antonio Alcaraz\"},\"url\":\"https:\/\/elcardinal.com\/?author=2\"}]}<\/script>\n<!-- \/ Yoast SEO plugin. -->","yoast_head_json":{"title":"Congreso de Hidalgo impulsa el liderazgo juvenil con la toma de protesta de \u201cReflejo L\u00edder\u201d - El Cardinal","robots":{"index":"index","follow":"follow","max-snippet":"max-snippet:-1","max-image-preview":"max-image-preview:large","max-video-preview":"max-video-preview:-1"},"canonical":"https:\/\/elcardinal.com\/?p=5552","og_locale":"es_MX","og_type":"article","og_title":"Congreso de Hidalgo impulsa el liderazgo juvenil con la toma de protesta de \u201cReflejo L\u00edder\u201d - El Cardinal","og_description":"&nbsp; Redacci\u00f3n El Congreso del Estado de Hidalgo alberg\u00f3 la toma de protesta de la asociaci\u00f3n civil \u201cReflejo L\u00edder\u201d, grupo que impulsar\u00e1 iniciativas, programas o movimientos para empoderar a la juventud, quienes transformar\u00e1n sus aspiraciones personales en proyectos con impacto social y liderazgo efectivo. El presidente de la Junta de Gobierno, diputado Andr\u00e9s Vel\u00e1zquez V\u00e1zquez","og_url":"https:\/\/elcardinal.com\/?p=5552","og_site_name":"El Cardinal","article_publisher":"https:\/\/www.facebook.com\/profile.php?id=100063093107011","article_published_time":"2026-03-03T03:36:51+00:00","og_image":[{"width":1290,"height":808,"url":"https:\/\/elcardinal.com\/wp-content\/uploads\/2026\/03\/02.03.2026-Toma-de-protesta-REFLEJO-LIDER1.PNG.jpg","type":"image\/jpeg"}],"author":"Antonio Alcaraz","twitter_card":"summary_large_image","twitter_creator":"@ElCardinal_Mx","twitter_site":"@ElCardinal_Mx","twitter_misc":{"Escrito por":"Antonio Alcaraz","Tiempo de lectura":"2 minutos"},"schema":{"@context":"https:\/\/schema.org","@graph":[{"@type":"Article","@id":"https:\/\/elcardinal.com\/?p=5552#article","isPartOf":{"@id":"https:\/\/elcardinal.com\/?p=5552"},"author":{"name":"Antonio Alcaraz","@id":"https:\/\/elcardinal.com\/#\/schema\/person\/3c352ec0a33987fe275c0e8a2ea69f8b"},"headline":"Congreso de Hidalgo impulsa el liderazgo juvenil con la toma de protesta de \u201cReflejo L\u00edder\u201d","datePublished":"2026-03-03T03:36:51+00:00","mainEntityOfPage":{"@id":"https:\/\/elcardinal.com\/?p=5552"},"wordCount":373,"commentCount":0,"publisher":{"@id":"https:\/\/elcardinal.com\/#organization"},"image":{"@id":"https:\/\/elcardinal.com\/?p=5552#primaryimage"},"thumbnailUrl":"https:\/\/elcardinal.com\/wp-content\/uploads\/2026\/03\/02.03.2026-Toma-de-protesta-REFLEJO-LIDER1.PNG.jpg","keywords":["Andr\u00e9s Vel\u00e1zquez","Congreso de Hidalgo"],"articleSection":["Hidalgo","Minuto a Minuto","Pol\u00edtica"],"inLanguage":"es","potentialAction":[{"@type":"CommentAction","name":"Comment","target":["https:\/\/elcardinal.com\/?p=5552#respond"]}]},{"@type":"WebPage","@id":"https:\/\/elcardinal.com\/?p=5552","url":"https:\/\/elcardinal.com\/?p=5552","name":"Congreso de Hidalgo impulsa el liderazgo juvenil con la toma de protesta de \u201cReflejo L\u00edder\u201d - El Cardinal","isPartOf":{"@id":"https:\/\/elcardinal.com\/#website"},"primaryImageOfPage":{"@id":"https:\/\/elcardinal.com\/?p=5552#primaryimage"},"image":{"@id":"https:\/\/elcardinal.com\/?p=5552#primaryimage"},"thumbnailUrl":"https:\/\/elcardinal.com\/wp-content\/uploads\/2026\/03\/02.03.2026-Toma-de-protesta-REFLEJO-LIDER1.PNG.jpg","datePublished":"2026-03-03T03:36:51+00:00","breadcrumb":{"@id":"https:\/\/elcardinal.com\/?p=5552#breadcrumb"},"inLanguage":"es","potentialAction":[{"@type":"ReadAction","target":["https:\/\/elcardinal.com\/?p=5552"]}]},{"@type":"ImageObject","inLanguage":"es","@id":"https:\/\/elcardinal.com\/?p=5552#primaryimage","url":"https:\/\/elcardinal.com\/wp-content\/uploads\/2026\/03\/02.03.2026-Toma-de-protesta-REFLEJO-LIDER1.PNG.jpg","contentUrl":"https:\/\/elcardinal.com\/wp-content\/uploads\/2026\/03\/02.03.2026-Toma-de-protesta-REFLEJO-LIDER1.PNG.jpg","width":1290,"height":808,"caption":"Screenshot"},{"@type":"BreadcrumbList","@id":"https:\/\/elcardinal.com\/?p=5552#breadcrumb","itemListElement":[{"@type":"ListItem","position":1,"name":"Inicio","item":"https:\/\/elcardinal.com\/"},{"@type":"ListItem","position":2,"name":"Congreso de Hidalgo impulsa el liderazgo juvenil con la toma de protesta de \u201cReflejo L\u00edder\u201d"}]},{"@type":"WebSite","@id":"https:\/\/elcardinal.com\/#website","url":"https:\/\/elcardinal.com\/","name":"El Cardinal","description":"Periodismo honesto, con valor, sentido humano, a veces sarc\u00e1stico y divertido.","publisher":{"@id":"https:\/\/elcardinal.com\/#organization"},"alternateName":"El Cardinal Noticias","potentialAction":[{"@type":"SearchAction","target":{"@type":"EntryPoint","urlTemplate":"https:\/\/elcardinal.com\/?s={search_term_string}"},"query-input":{"@type":"PropertyValueSpecification","valueRequired":true,"valueName":"search_term_string"}}],"inLanguage":"es"},{"@type":"Organization","@id":"https:\/\/elcardinal.com\/#organization","name":"El Cardinal","url":"https:\/\/elcardinal.com\/","logo":{"@type":"ImageObject","inLanguage":"es","@id":"https:\/\/elcardinal.com\/#\/schema\/logo\/image\/","url":"https:\/\/elcardinal.com\/wp-content\/uploads\/2025\/04\/LOGO-EL-CARDINAL-Periodismo-con-valor.png","contentUrl":"https:\/\/elcardinal.com\/wp-content\/uploads\/2025\/04\/LOGO-EL-CARDINAL-Periodismo-con-valor.png","width":755,"height":636,"caption":"El Cardinal"},"image":{"@id":"https:\/\/elcardinal.com\/#\/schema\/logo\/image\/"},"sameAs":["https:\/\/www.facebook.com\/profile.php?id=100063093107011","https:\/\/x.com\/ElCardinal_Mx"]},{"@type":"Person","@id":"https:\/\/elcardinal.com\/#\/schema\/person\/3c352ec0a33987fe275c0e8a2ea69f8b","name":"Antonio Alcaraz","image":{"@type":"ImageObject","inLanguage":"es","@id":"https:\/\/elcardinal.com\/#\/schema\/person\/image\/","url":"https:\/\/elcardinal.com\/wp-content\/uploads\/2025\/05\/cropped-TONO-96x96.jpg","contentUrl":"https:\/\/elcardinal.com\/wp-content\/uploads\/2025\/05\/cropped-TONO-96x96.jpg","caption":"Antonio Alcaraz"},"url":"https:\/\/elcardinal.com\/?author=2"}]}},"_links":{"self":[{"href":"https:\/\/elcardinal.com\/index.php?rest_route=\/wp\/v2\/posts\/5552","targetHints":{"allow":["GET"]}}],"collection":[{"href":"https:\/\/elcardinal.com\/index.php?rest_route=\/wp\/v2\/posts"}],"about":[{"href":"https:\/\/elcardinal.com\/index.php?rest_route=\/wp\/v2\/types\/post"}],"author":[{"embeddable":true,"href":"https:\/\/elcardinal.com\/index.php?rest_route=\/wp\/v2\/users\/2"}],"replies":[{"embeddable":true,"href":"https:\/\/elcardinal.com\/index.php?rest_route=%2Fwp%2Fv2%2Fcomments&post=5552"}],"version-history":[{"count":1,"href":"https:\/\/elcardinal.com\/index.php?rest_route=\/wp\/v2\/posts\/5552\/revisions"}],"predecessor-version":[{"id":5554,"href":"https:\/\/elcardinal.com\/index.php?rest_route=\/wp\/v2\/posts\/5552\/revisions\/5554"}],"wp:featuredmedia":[{"embeddable":true,"href":"https:\/\/elcardinal.com\/index.php?rest_route=\/wp\/v2\/media\/5553"}],"wp:attachment":[{"href":"https:\/\/elcardinal.com\/index.php?rest_route=%2Fwp%2Fv2%2Fmedia&parent=5552"}],"wp:term":[{"taxonomy":"category","embeddable":true,"href":"https:\/\/elcardinal.com\/index.php?rest_route=%2Fwp%2Fv2%2Fcategories&post=5552"},{"taxonomy":"post_tag","embeddable":true,"href":"https:\/\/elcardinal.com\/index.php?rest_route=%2Fwp%2Fv2%2Ftags&post=5552"}],"curies":[{"name":"wp","href":"https:\/\/api.w.org\/{rel}","templated":true}]}}